{"id":586,"date":"2018-04-17T17:32:45","date_gmt":"2018-04-17T20:32:45","guid":{"rendered":"https:\/\/www.blogsoestado.com\/evandrojunior\/?p=586"},"modified":"2018-04-17T17:32:45","modified_gmt":"2018-04-17T20:32:45","slug":"allure-vai-agitar-a-sexta-feira-em-sl","status":"publish","type":"post","link":"https:\/\/www.blogsoestado.com\/evandrojunior\/2018\/04\/17\/allure-vai-agitar-a-sexta-feira-em-sl\/","title":{"rendered":"Allure vai agitar a sexta-feira em SL"},"content":{"rendered":"<figure id=\"attachment_587\" aria-describedby=\"caption-attachment-587\" style=\"width: 457px\" class=\"wp-caption alignnone\"><img fetchpriority=\"high\" decoding=\"async\" class=\" wp-image-587\" src=\"https:\/\/www.blogsoestado.com\/evandrojunior\/wp-content\/uploads\/sites\/3\/2018\/04\/FELIPAO-EVANDRO-1-300x252.jpg\" alt=\"\" width=\"457\" height=\"384\" srcset=\"https:\/\/www.blogsoestado.com\/evandrojunior\/wp-content\/uploads\/sites\/3\/2018\/04\/FELIPAO-EVANDRO-1-300x252.jpg 300w, https:\/\/www.blogsoestado.com\/evandrojunior\/wp-content\/uploads\/sites\/3\/2018\/04\/FELIPAO-EVANDRO-1.jpg 750w\" sizes=\"(max-width: 457px) 100vw, 457px\" \/><figcaption id=\"caption-attachment-587\" class=\"wp-caption-text\">Felip\u00e3o vai animar a sexta-feira na Allure<\/figcaption><\/figure>\n<p>&nbsp;<\/p>\n<p>Nesta sexta-feira (20), todos os caminhos levar\u00e3o a mais nova casa de shows de S\u00e3o Lu\u00eds: a Allure, na Lagoa da Jansen. A balada tem\u00e1tica do fim de semana reunir\u00e1\u00a0Felip\u00e3o, Thales Lessa e DJ Rog\u00e9rio Mix, que prometem uma noite bem dan\u00e7ante.<\/p>\n<p>&nbsp;<\/p>\n<figure id=\"attachment_588\" aria-describedby=\"caption-attachment-588\" style=\"width: 455px\" class=\"wp-caption alignnone\"><img decoding=\"async\" class=\" wp-image-588\" src=\"https:\/\/www.blogsoestado.com\/evandrojunior\/wp-content\/uploads\/sites\/3\/2018\/04\/thales-lessa-EVANDRO-1-300x190.jpg\" alt=\"\" width=\"455\" height=\"288\" srcset=\"https:\/\/www.blogsoestado.com\/evandrojunior\/wp-content\/uploads\/sites\/3\/2018\/04\/thales-lessa-EVANDRO-1-300x190.jpg 300w, https:\/\/www.blogsoestado.com\/evandrojunior\/wp-content\/uploads\/sites\/3\/2018\/04\/thales-lessa-EVANDRO-1.jpg 750w\" sizes=\"(max-width: 455px) 100vw, 455px\" \/><figcaption id=\"caption-attachment-588\" class=\"wp-caption-text\">Thales Lessa tamb\u00e9m est\u00e1 confirmado para a balada<\/figcaption><\/figure>\n<p>&nbsp;<\/p>\n<p>O empreendimento dos s\u00f3cios J\u00fanior Sales e Leandro Costa \u00e9 um espa\u00e7o diferenciado, com capacidade para mil pessoas e todo climatizado. A casa possui sistema ac\u00fastico, estrutura de palco, som e ilumina\u00e7\u00e3o.<\/p>\n","protected":false},"excerpt":{"rendered":"<p>&nbsp; Nesta sexta-feira (20), todos os caminhos levar\u00e3o a mais nova casa de shows de S\u00e3o Lu\u00eds: a Allure, na [&hellip;]<\/p>\n","protected":false},"author":4,"featured_media":0,"comment_status":"open","ping_status":"open","sticky":false,"template":"","format":"standard","meta":{"site-sidebar-layout":"default","site-content-layout":"","ast-site-content-layout":"default","site-content-style":"default","site-sidebar-style":"default","ast-global-header-display":"","ast-banner-title-visibility":"","ast-main-header-display":"","ast-hfb-above-header-display":"","ast-hfb-below-header-display":"","ast-hfb-mobile-header-display":"","site-post-title":"","ast-breadcrumbs-content":"","ast-featured-img":"","footer-sml-layout":"","ast-disable-related-posts":"","theme-transparent-header-meta":"","adv-header-id-meta":"","stick-header-meta":"","header-above-stick-meta":"","header-main-stick-meta":"","header-below-stick-meta":"","astra-migrate-meta-layouts":"default","ast-page-background-enabled":"default","ast-page-background-meta":{"desktop":{"background-color":"var(--ast-global-color-5)","background-image":"","background-repeat":"repeat","background-position":"center center","background-size":"auto","background-attachment":"scroll","background-type":"","background-media":"","overlay-type":"","overlay-color":"","overlay-opacity":"","overlay-gradient":""},"tablet":{"background-color":"","background-image":"","background-repeat":"repeat","background-position":"center center","background-size":"auto","background-attachment":"scroll","background-type":"","background-media":"","overlay-type":"","overlay-color":"","overlay-opacity":"","overlay-gradient":""},"mobile":{"background-color":"","background-image":"","background-repeat":"repeat","background-position":"center center","background-size":"auto","background-attachment":"scroll","background-type":"","background-media":"","overlay-type":"","overlay-color":"","overlay-opacity":"","overlay-gradient":""}},"ast-content-background-meta":{"desktop":{"background-color":"var(--ast-global-color-4)","background-image":"","background-repeat":"repeat","background-position":"center center","background-size":"auto","background-attachment":"scroll","background-type":"","background-media":"","overlay-type":"","overlay-color":"","overlay-opacity":"","overlay-gradient":""},"tablet":{"background-color":"var(--ast-global-color-4)","background-image":"","background-repeat":"repeat","background-position":"center center","background-size":"auto","background-attachment":"scroll","background-type":"","background-media":"","overlay-type":"","overlay-color":"","overlay-opacity":"","overlay-gradient":""},"mobile":{"background-color":"var(--ast-global-color-4)","background-image":"","background-repeat":"repeat","background-position":"center center","background-size":"auto","background-attachment":"scroll","background-type":"","background-media":"","overlay-type":"","overlay-color":"","overlay-opacity":"","overlay-gradient":""}},"footnotes":""},"categories":[1],"tags":[],"class_list":["post-586","post","type-post","status-publish","format-standard","hentry","category-sem-categoria"],"yoast_head":"<!-- This site is optimized with the Yoast SEO plugin v26.6 - https:\/\/yoast.com\/wordpress\/plugins\/seo\/ -->\n<title>Allure vai agitar a sexta-feira em SL - Evandro Junior<\/title>\n<meta name=\"robots\" content=\"index, follow, max-snippet:-1, max-image-preview:large, max-video-preview:-1\" \/>\n<link rel=\"canonical\" href=\"https:\/\/www.blogsoestado.com\/evandrojunior\/2018\/04\/17\/allure-vai-agitar-a-sexta-feira-em-sl\/\" \/>\n<meta property=\"og:locale\" content=\"pt_BR\" \/>\n<meta property=\"og:type\" content=\"article\" \/>\n<meta property=\"og:title\" content=\"Allure vai agitar a sexta-feira em SL - Evandro Junior\" \/>\n<meta property=\"og:description\" content=\"&nbsp; Nesta sexta-feira (20), todos os caminhos levar\u00e3o a mais nova casa de shows de S\u00e3o Lu\u00eds: a Allure, na [&hellip;]\" \/>\n<meta property=\"og:url\" content=\"https:\/\/www.blogsoestado.com\/evandrojunior\/2018\/04\/17\/allure-vai-agitar-a-sexta-feira-em-sl\/\" \/>\n<meta property=\"og:site_name\" content=\"Evandro Junior\" \/>\n<meta property=\"article:published_time\" content=\"2018-04-17T20:32:45+00:00\" \/>\n<meta property=\"og:image\" content=\"https:\/\/www.blogsoestado.com\/evandrojunior\/wp-content\/uploads\/sites\/3\/2018\/04\/FELIPAO-EVANDRO-1-300x252.jpg\" \/>\n<meta name=\"author\" content=\"Evandro Junior\" \/>\n<meta name=\"twitter:card\" content=\"summary_large_image\" \/>\n<meta name=\"twitter:label1\" content=\"Escrito por\" \/>\n\t<meta name=\"twitter:data1\" content=\"Evandro Junior\" \/>\n\t<meta name=\"twitter:label2\" content=\"Est. tempo de leitura\" \/>\n\t<meta name=\"twitter:data2\" content=\"1 minuto\" \/>\n<script type=\"application\/ld+json\" class=\"yoast-schema-graph\">{\"@context\":\"https:\/\/schema.org\",\"@graph\":[{\"@type\":\"WebPage\",\"@id\":\"https:\/\/www.blogsoestado.com\/evandrojunior\/2018\/04\/17\/allure-vai-agitar-a-sexta-feira-em-sl\/\",\"url\":\"https:\/\/www.blogsoestado.com\/evandrojunior\/2018\/04\/17\/allure-vai-agitar-a-sexta-feira-em-sl\/\",\"name\":\"Allure vai agitar a sexta-feira em SL - Evandro Junior\",\"isPartOf\":{\"@id\":\"https:\/\/www.blogsoestado.com\/evandrojunior\/#website\"},\"primaryImageOfPage\":{\"@id\":\"https:\/\/www.blogsoestado.com\/evandrojunior\/2018\/04\/17\/allure-vai-agitar-a-sexta-feira-em-sl\/#primaryimage\"},\"image\":{\"@id\":\"https:\/\/www.blogsoestado.com\/evandrojunior\/2018\/04\/17\/allure-vai-agitar-a-sexta-feira-em-sl\/#primaryimage\"},\"thumbnailUrl\":\"https:\/\/www.blogsoestado.com\/evandrojunior\/wp-content\/uploads\/sites\/3\/2018\/04\/FELIPAO-EVANDRO-1-300x252.jpg\",\"datePublished\":\"2018-04-17T20:32:45+00:00\",\"author\":{\"@id\":\"https:\/\/www.blogsoestado.com\/evandrojunior\/#\/schema\/person\/3e6c3d8dbb740d1c6878ebc935cfb3be\"},\"breadcrumb\":{\"@id\":\"https:\/\/www.blogsoestado.com\/evandrojunior\/2018\/04\/17\/allure-vai-agitar-a-sexta-feira-em-sl\/#breadcrumb\"},\"inLanguage\":\"pt-BR\",\"potentialAction\":[{\"@type\":\"ReadAction\",\"target\":[\"https:\/\/www.blogsoestado.com\/evandrojunior\/2018\/04\/17\/allure-vai-agitar-a-sexta-feira-em-sl\/\"]}]},{\"@type\":\"ImageObject\",\"inLanguage\":\"pt-BR\",\"@id\":\"https:\/\/www.blogsoestado.com\/evandrojunior\/2018\/04\/17\/allure-vai-agitar-a-sexta-feira-em-sl\/#primaryimage\",\"url\":\"https:\/\/www.blogsoestado.com\/evandrojunior\/wp-content\/uploads\/sites\/3\/2018\/04\/FELIPAO-EVANDRO-1.jpg\",\"contentUrl\":\"https:\/\/www.blogsoestado.com\/evandrojunior\/wp-content\/uploads\/sites\/3\/2018\/04\/FELIPAO-EVANDRO-1.jpg\",\"width\":750,\"height\":631,\"caption\":\"Felip\u00e3o vai animar a sexta-feira na Allure\"},{\"@type\":\"BreadcrumbList\",\"@id\":\"https:\/\/www.blogsoestado.com\/evandrojunior\/2018\/04\/17\/allure-vai-agitar-a-sexta-feira-em-sl\/#breadcrumb\",\"itemListElement\":[{\"@type\":\"ListItem\",\"position\":1,\"name\":\"In\u00edcio\",\"item\":\"https:\/\/www.blogsoestado.com\/evandrojunior\/\"},{\"@type\":\"ListItem\",\"position\":2,\"name\":\"Allure vai agitar a sexta-feira em SL\"}]},{\"@type\":\"WebSite\",\"@id\":\"https:\/\/www.blogsoestado.com\/evandrojunior\/#website\",\"url\":\"https:\/\/www.blogsoestado.com\/evandrojunior\/\",\"name\":\"Evandro Junior\",\"description\":\"\",\"potentialAction\":[{\"@type\":\"SearchAction\",\"target\":{\"@type\":\"EntryPoint\",\"urlTemplate\":\"https:\/\/www.blogsoestado.com\/evandrojunior\/?s={search_term_string}\"},\"query-input\":{\"@type\":\"PropertyValueSpecification\",\"valueRequired\":true,\"valueName\":\"search_term_string\"}}],\"inLanguage\":\"pt-BR\"},{\"@type\":\"Person\",\"@id\":\"https:\/\/www.blogsoestado.com\/evandrojunior\/#\/schema\/person\/3e6c3d8dbb740d1c6878ebc935cfb3be\",\"name\":\"Evandro Junior\",\"image\":{\"@type\":\"ImageObject\",\"inLanguage\":\"pt-BR\",\"@id\":\"https:\/\/www.blogsoestado.com\/evandrojunior\/#\/schema\/person\/image\/\",\"url\":\"https:\/\/secure.gravatar.com\/avatar\/f80a03a2294a580cd2318bfb459bf354cfa8be661ef3d95b542cf9a04af8d129?s=96&d=mm&r=g\",\"contentUrl\":\"https:\/\/secure.gravatar.com\/avatar\/f80a03a2294a580cd2318bfb459bf354cfa8be661ef3d95b542cf9a04af8d129?s=96&d=mm&r=g\",\"caption\":\"Evandro Junior\"},\"url\":\"https:\/\/www.blogsoestado.com\/evandrojunior\/author\/evandrojunior\/\"}]}<\/script>\n<!-- \/ Yoast SEO plugin. -->","yoast_head_json":{"title":"Allure vai agitar a sexta-feira em SL - Evandro Junior","robots":{"index":"index","follow":"follow","max-snippet":"max-snippet:-1","max-image-preview":"max-image-preview:large","max-video-preview":"max-video-preview:-1"},"canonical":"https:\/\/www.blogsoestado.com\/evandrojunior\/2018\/04\/17\/allure-vai-agitar-a-sexta-feira-em-sl\/","og_locale":"pt_BR","og_type":"article","og_title":"Allure vai agitar a sexta-feira em SL - Evandro Junior","og_description":"&nbsp; Nesta sexta-feira (20), todos os caminhos levar\u00e3o a mais nova casa de shows de S\u00e3o Lu\u00eds: a Allure, na [&hellip;]","og_url":"https:\/\/www.blogsoestado.com\/evandrojunior\/2018\/04\/17\/allure-vai-agitar-a-sexta-feira-em-sl\/","og_site_name":"Evandro Junior","article_published_time":"2018-04-17T20:32:45+00:00","og_image":[{"url":"https:\/\/www.blogsoestado.com\/evandrojunior\/wp-content\/uploads\/sites\/3\/2018\/04\/FELIPAO-EVANDRO-1-300x252.jpg","type":"","width":"","height":""}],"author":"Evandro Junior","twitter_card":"summary_large_image","twitter_misc":{"Escrito por":"Evandro Junior","Est. tempo de leitura":"1 minuto"},"schema":{"@context":"https:\/\/schema.org","@graph":[{"@type":"WebPage","@id":"https:\/\/www.blogsoestado.com\/evandrojunior\/2018\/04\/17\/allure-vai-agitar-a-sexta-feira-em-sl\/","url":"https:\/\/www.blogsoestado.com\/evandrojunior\/2018\/04\/17\/allure-vai-agitar-a-sexta-feira-em-sl\/","name":"Allure vai agitar a sexta-feira em SL - Evandro Junior","isPartOf":{"@id":"https:\/\/www.blogsoestado.com\/evandrojunior\/#website"},"primaryImageOfPage":{"@id":"https:\/\/www.blogsoestado.com\/evandrojunior\/2018\/04\/17\/allure-vai-agitar-a-sexta-feira-em-sl\/#primaryimage"},"image":{"@id":"https:\/\/www.blogsoestado.com\/evandrojunior\/2018\/04\/17\/allure-vai-agitar-a-sexta-feira-em-sl\/#primaryimage"},"thumbnailUrl":"https:\/\/www.blogsoestado.com\/evandrojunior\/wp-content\/uploads\/sites\/3\/2018\/04\/FELIPAO-EVANDRO-1-300x252.jpg","datePublished":"2018-04-17T20:32:45+00:00","author":{"@id":"https:\/\/www.blogsoestado.com\/evandrojunior\/#\/schema\/person\/3e6c3d8dbb740d1c6878ebc935cfb3be"},"breadcrumb":{"@id":"https:\/\/www.blogsoestado.com\/evandrojunior\/2018\/04\/17\/allure-vai-agitar-a-sexta-feira-em-sl\/#breadcrumb"},"inLanguage":"pt-BR","potentialAction":[{"@type":"ReadAction","target":["https:\/\/www.blogsoestado.com\/evandrojunior\/2018\/04\/17\/allure-vai-agitar-a-sexta-feira-em-sl\/"]}]},{"@type":"ImageObject","inLanguage":"pt-BR","@id":"https:\/\/www.blogsoestado.com\/evandrojunior\/2018\/04\/17\/allure-vai-agitar-a-sexta-feira-em-sl\/#primaryimage","url":"https:\/\/www.blogsoestado.com\/evandrojunior\/wp-content\/uploads\/sites\/3\/2018\/04\/FELIPAO-EVANDRO-1.jpg","contentUrl":"https:\/\/www.blogsoestado.com\/evandrojunior\/wp-content\/uploads\/sites\/3\/2018\/04\/FELIPAO-EVANDRO-1.jpg","width":750,"height":631,"caption":"Felip\u00e3o vai animar a sexta-feira na Allure"},{"@type":"BreadcrumbList","@id":"https:\/\/www.blogsoestado.com\/evandrojunior\/2018\/04\/17\/allure-vai-agitar-a-sexta-feira-em-sl\/#breadcrumb","itemListElement":[{"@type":"ListItem","position":1,"name":"In\u00edcio","item":"https:\/\/www.blogsoestado.com\/evandrojunior\/"},{"@type":"ListItem","position":2,"name":"Allure vai agitar a sexta-feira em SL"}]},{"@type":"WebSite","@id":"https:\/\/www.blogsoestado.com\/evandrojunior\/#website","url":"https:\/\/www.blogsoestado.com\/evandrojunior\/","name":"Evandro Junior","description":"","potentialAction":[{"@type":"SearchAction","target":{"@type":"EntryPoint","urlTemplate":"https:\/\/www.blogsoestado.com\/evandrojunior\/?s={search_term_string}"},"query-input":{"@type":"PropertyValueSpecification","valueRequired":true,"valueName":"search_term_string"}}],"inLanguage":"pt-BR"},{"@type":"Person","@id":"https:\/\/www.blogsoestado.com\/evandrojunior\/#\/schema\/person\/3e6c3d8dbb740d1c6878ebc935cfb3be","name":"Evandro Junior","image":{"@type":"ImageObject","inLanguage":"pt-BR","@id":"https:\/\/www.blogsoestado.com\/evandrojunior\/#\/schema\/person\/image\/","url":"https:\/\/secure.gravatar.com\/avatar\/f80a03a2294a580cd2318bfb459bf354cfa8be661ef3d95b542cf9a04af8d129?s=96&d=mm&r=g","contentUrl":"https:\/\/secure.gravatar.com\/avatar\/f80a03a2294a580cd2318bfb459bf354cfa8be661ef3d95b542cf9a04af8d129?s=96&d=mm&r=g","caption":"Evandro Junior"},"url":"https:\/\/www.blogsoestado.com\/evandrojunior\/author\/evandrojunior\/"}]}},"jetpack_featured_media_url":"","_links":{"self":[{"href":"https:\/\/www.blogsoestado.com\/evandrojunior\/wp-json\/wp\/v2\/posts\/586","targetHints":{"allow":["GET"]}}],"collection":[{"href":"https:\/\/www.blogsoestado.com\/evandrojunior\/wp-json\/wp\/v2\/posts"}],"about":[{"href":"https:\/\/www.blogsoestado.com\/evandrojunior\/wp-json\/wp\/v2\/types\/post"}],"author":[{"embeddable":true,"href":"https:\/\/www.blogsoestado.com\/evandrojunior\/wp-json\/wp\/v2\/users\/4"}],"replies":[{"embeddable":true,"href":"https:\/\/www.blogsoestado.com\/evandrojunior\/wp-json\/wp\/v2\/comments?post=586"}],"version-history":[{"count":0,"href":"https:\/\/www.blogsoestado.com\/evandrojunior\/wp-json\/wp\/v2\/posts\/586\/revisions"}],"wp:attachment":[{"href":"https:\/\/www.blogsoestado.com\/evandrojunior\/wp-json\/wp\/v2\/media?parent=586"}],"wp:term":[{"taxonomy":"category","embeddable":true,"href":"https:\/\/www.blogsoestado.com\/evandrojunior\/wp-json\/wp\/v2\/categories?post=586"},{"taxonomy":"post_tag","embeddable":true,"href":"https:\/\/www.blogsoestado.com\/evandrojunior\/wp-json\/wp\/v2\/tags?post=586"}],"curies":[{"name":"wp","href":"https:\/\/api.w.org\/{rel}","templated":true}]}}