{"id":6181,"date":"2022-05-09T12:15:26","date_gmt":"2022-05-09T15:15:26","guid":{"rendered":"https:\/\/www.blogsoestado.com\/evandrojunior\/?p=6181"},"modified":"2022-05-09T12:15:26","modified_gmt":"2022-05-09T15:15:26","slug":"exposicao-marcara-reabertura-da-casa-de-arte-barrica","status":"publish","type":"post","link":"https:\/\/www.blogsoestado.com\/evandrojunior\/2022\/05\/09\/exposicao-marcara-reabertura-da-casa-de-arte-barrica\/","title":{"rendered":"Exposi\u00e7\u00e3o marcar\u00e1 reabertura da Casa de Arte Barrica"},"content":{"rendered":"\n<div class=\"wp-block-image\"><figure class=\"aligncenter size-large is-resized\"><img fetchpriority=\"high\" decoding=\"async\" src=\"https:\/\/www.blogsoestado.com\/evandrojunior\/files\/2022\/05\/Companhia-Barrica-2-1024x649.jpeg\" alt=\"\" class=\"wp-image-6182\" width=\"598\" height=\"379\"\/><figcaption>Casa de Arte Barrica reabre as portas nesta sexta-feira com exposi\u00e7\u00e3o e espet\u00e1culo<\/figcaption><\/figure><\/div>\n\n\n\n<p><strong>S\u00e3o Lu\u00eds <\/strong>&#8211; Depois de dois anos de portas fechadas, a Casa de Arte Barrica, no cora\u00e7\u00e3o da Madre Deus,\u00a0reabrir\u00e1\u00a0nesta sexta-feira (13), \u00e0s 18h, com um presente especial para a temporada\u00a0junina 2022\u00a0em S\u00e3o Lu\u00eds. Para marcar o retorno de suas atividades art\u00edstico-culturais ap\u00f3s o longo per\u00edodo de pandemia, o espa\u00e7o apresentar\u00e1 a exposi\u00e7\u00e3o \u201cPonto de Luz\u201d, retratando a trajet\u00f3ria da Companhia Barrica de Teatro de Rua desde 1985, com a cria\u00e7\u00e3o do Boizinho Barrica, passando pela d\u00e9cada de 1990, \u00e9poca da concep\u00e7\u00e3o do Bicho Terra, at\u00e9 os anos 2000, com o surgimento da Natalina da Paix\u00e3o.<\/p>\n\n\n\n<p>Com patroc\u00ednio do Instituto Cultural Vale pela Lei Federal de Incentivo \u00e0 Cultura, realiza\u00e7\u00e3o da Secretaria Especial da Cultura \/ Minist\u00e9rio do Turismo \/ Governo Federal, a exposi\u00e7\u00e3o re\u00fane mais de 70 elementos, incluindo indument\u00e1rias, instrumentos de percuss\u00e3o tradicionais, CDs, DVDs, pain\u00e9is fotogr\u00e1ficos, banners com reportagens sobre espet\u00e1culos em diversos pa\u00edses e lembran\u00e7as (souvenirs) recebidas em viagens nacionais e internacionais.<\/p>\n\n\n\n<p>Os visitantes far\u00e3o uma viagem pela mem\u00f3ria de uma das mais emblem\u00e1ticas companhias art\u00edsticas do pa\u00eds a partir de seus tr\u00eas principais ciclos criativos, podendo conferir, ainda, por meio de um monitor de v\u00eddeo, algumas apresenta\u00e7\u00f5es realizadas em teatros, ruas e pra\u00e7as do Brasil e exterior.<\/p>\n\n\n\n<p>A abertura da exposi\u00e7\u00e3o ser\u00e1 marcada, tamb\u00e9m, pela apresenta\u00e7\u00e3o, \u00e0s 19h, na Arena da Casa Barrica, do espet\u00e1culo \u201cMaranh\u00e3o de Festejos\u201d, reunindo o elenco oficial formado por bailarinos, m\u00fasicos e cantores. O musical contemplar\u00e1 todas as linguagens retratadas na exposi\u00e7\u00e3o.<\/p>\n\n\n\n<p><strong>Celebra\u00e7\u00e3o&nbsp;<\/strong>&#8211; Segundo o fundador e diretor da Companhia Barrica de Teatro de Rua, Jos\u00e9 Pereira God\u00e3o, a reabertura da Casa de Arte Barrica com a exposi\u00e7\u00e3o \u201cPonto de Luz\u201d \u00e9 uma celebra\u00e7\u00e3o \u00e0 vida e \u00e0 cultura, depois de uma fase de dificuldades inaugurada pela pandemia do novo coronav\u00edrus, em que os artistas precisaram conviver com o sil\u00eancio, calar seus instrumentos e recolher suas indument\u00e1rias.<\/p>\n\n\n\n<p>\u201cA exposi\u00e7\u00e3o conta uma hist\u00f3ria de muito trabalho para manter viva a tradi\u00e7\u00e3o dos folguedos maranhenses e levar a nossa arte para os quatro cantos do globo. Ela marca a volta das nossas atividades e a reabertura do nosso terreiro \u00e0s v\u00e9speras do S\u00e3o Jo\u00e3o, que \u00e9 a nossa maior inspira\u00e7\u00e3o e por onde tudo come\u00e7ou, com o Boizinho Barrica. Depois, homenageamos o Carnaval, com o Bicho Terra, e, por fim, os festejos do Natal, com a Natalina da Paix\u00e3o\u201d, resumiu God\u00e3o.<\/p>\n\n\n\n<p>Jos\u00e9 Pereira informou que a exposi\u00e7\u00e3o integra as a\u00e7\u00f5es de comemora\u00e7\u00e3o do \u201c35 Anos-Luz de Estradas, Estrelas e Encantarias\u201d, que brindar\u00e1 o p\u00fablico com a \u201cSexta de Festejos\u201d e a exibi\u00e7\u00e3o do espet\u00e1culo \u201cMaranh\u00e3o de Festejos\u201d na Casa Barrica, direcionado ao p\u00fablico em geral, estudiosos da cultura maranhense, pesquisadores e trade tur\u00edstico. Haver\u00e1, ainda, as oficinas recreativas voltadas para o segmento escolar.<\/p>\n\n\n\n<p>A Companhia Barrica de Teatro de Rua tamb\u00e9m percorrer\u00e1 outras cidades do Maranh\u00e3o, come\u00e7ando por Itapecuru-Mirim e Pindar\u00e9-Mirim, levando as apresenta\u00e7\u00f5es da companhia e a exposi\u00e7\u00e3o itinerante. \u201cPor fim, estamos colhendo imagens de todo esse processo de retomada do nosso trabalho para a montagem de um document\u00e1rio, que ficar\u00e1 para as futuras gera\u00e7\u00f5es e como material de pesquisa para a continuidade do nosso legado\u201d, acrescentou God\u00e3o, fazendo um convite ao p\u00fablico e \u00e0 imprensa para que participem desse momento importante para a companhia.<\/p>\n\n\n\n<p><strong>Servi\u00e7o<\/strong><\/p>\n\n\n\n<p><strong>O qu\u00ea<\/strong><\/p>\n\n\n\n<p>Exposi\u00e7\u00e3o \u201cPonto de Luz\u201d, da Companhia Barrica de Teatro de Rua<\/p>\n\n\n\n<p><strong>Quando<\/strong><\/p>\n\n\n\n<p>Abertura para convidados nesta sexta-feira, 13, \u00e0s 18h, e apresenta\u00e7\u00e3o do espet\u00e1culo \u201cMaranh\u00e3o de<\/p>\n\n\n\n<p>Festejos\u201d, \u00e0s 19h<\/p>\n\n\n\n<p><strong>Onde<\/strong><\/p>\n\n\n\n<p>Casa de Arte Barrica, na Madre Deus<\/p>\n","protected":false},"excerpt":{"rendered":"<p>S\u00e3o Lu\u00eds &#8211; Depois de dois anos de portas fechadas, a Casa de Arte Barrica, no cora\u00e7\u00e3o da Madre Deus,\u00a0reabrir\u00e1\u00a0nesta [&hellip;]<\/p>\n","protected":false},"author":4,"featured_media":0,"comment_status":"open","ping_status":"open","sticky":false,"template":"","format":"standard","meta":{"site-sidebar-layout":"default","site-content-layout":"","ast-site-content-layout":"default","site-content-style":"default","site-sidebar-style":"default","ast-global-header-display":"","ast-banner-title-visibility":"","ast-main-header-display":"","ast-hfb-above-header-display":"","ast-hfb-below-header-display":"","ast-hfb-mobile-header-display":"","site-post-title":"","ast-breadcrumbs-content":"","ast-featured-img":"","footer-sml-layout":"","ast-disable-related-posts":"","theme-transparent-header-meta":"","adv-header-id-meta":"","stick-header-meta":"","header-above-stick-meta":"","header-main-stick-meta":"","header-below-stick-meta":"","astra-migrate-meta-layouts":"default","ast-page-background-enabled":"default","ast-page-background-meta":{"desktop":{"background-color":"var(--ast-global-color-5)","background-image":"","background-repeat":"repeat","background-position":"center center","background-size":"auto","background-attachment":"scroll","background-type":"","background-media":"","overlay-type":"","overlay-color":"","overlay-opacity":"","overlay-gradient":""},"tablet":{"background-color":"","background-image":"","background-repeat":"repeat","background-position":"center center","background-size":"auto","background-attachment":"scroll","background-type":"","background-media":"","overlay-type":"","overlay-color":"","overlay-opacity":"","overlay-gradient":""},"mobile":{"background-color":"","background-image":"","background-repeat":"repeat","background-position":"center center","background-size":"auto","background-attachment":"scroll","background-type":"","background-media":"","overlay-type":"","overlay-color":"","overlay-opacity":"","overlay-gradient":""}},"ast-content-background-meta":{"desktop":{"background-color":"var(--ast-global-color-4)","background-image":"","background-repeat":"repeat","background-position":"center center","background-size":"auto","background-attachment":"scroll","background-type":"","background-media":"","overlay-type":"","overlay-color":"","overlay-opacity":"","overlay-gradient":""},"tablet":{"background-color":"var(--ast-global-color-4)","background-image":"","background-repeat":"repeat","background-position":"center center","background-size":"auto","background-attachment":"scroll","background-type":"","background-media":"","overlay-type":"","overlay-color":"","overlay-opacity":"","overlay-gradient":""},"mobile":{"background-color":"var(--ast-global-color-4)","background-image":"","background-repeat":"repeat","background-position":"center center","background-size":"auto","background-attachment":"scroll","background-type":"","background-media":"","overlay-type":"","overlay-color":"","overlay-opacity":"","overlay-gradient":""}},"footnotes":""},"categories":[1],"tags":[],"class_list":["post-6181","post","type-post","status-publish","format-standard","hentry","category-sem-categoria"],"yoast_head":"<!-- This site is optimized with the Yoast SEO plugin v26.6 - https:\/\/yoast.com\/wordpress\/plugins\/seo\/ -->\n<title>Exposi\u00e7\u00e3o marcar\u00e1 reabertura da Casa de Arte Barrica - Evandro Junior<\/title>\n<meta name=\"robots\" content=\"index, follow, max-snippet:-1, max-image-preview:large, max-video-preview:-1\" \/>\n<link rel=\"canonical\" href=\"https:\/\/www.blogsoestado.com\/evandrojunior\/2022\/05\/09\/exposicao-marcara-reabertura-da-casa-de-arte-barrica\/\" \/>\n<meta property=\"og:locale\" content=\"pt_BR\" \/>\n<meta property=\"og:type\" content=\"article\" \/>\n<meta property=\"og:title\" content=\"Exposi\u00e7\u00e3o marcar\u00e1 reabertura da Casa de Arte Barrica - Evandro Junior\" \/>\n<meta property=\"og:description\" content=\"S\u00e3o Lu\u00eds &#8211; Depois de dois anos de portas fechadas, a Casa de Arte Barrica, no cora\u00e7\u00e3o da Madre Deus,\u00a0reabrir\u00e1\u00a0nesta [&hellip;]\" \/>\n<meta property=\"og:url\" content=\"https:\/\/www.blogsoestado.com\/evandrojunior\/2022\/05\/09\/exposicao-marcara-reabertura-da-casa-de-arte-barrica\/\" \/>\n<meta property=\"og:site_name\" content=\"Evandro Junior\" \/>\n<meta property=\"article:published_time\" content=\"2022-05-09T15:15:26+00:00\" \/>\n<meta property=\"og:image\" content=\"https:\/\/www.blogsoestado.com\/evandrojunior\/files\/2022\/05\/Companhia-Barrica-2-1024x649.jpeg\" \/>\n<meta name=\"author\" content=\"Evandro Junior\" \/>\n<meta name=\"twitter:card\" content=\"summary_large_image\" \/>\n<meta name=\"twitter:label1\" content=\"Escrito por\" \/>\n\t<meta name=\"twitter:data1\" content=\"Evandro Junior\" \/>\n\t<meta name=\"twitter:label2\" content=\"Est. tempo de leitura\" \/>\n\t<meta name=\"twitter:data2\" content=\"3 minutos\" \/>\n<script type=\"application\/ld+json\" class=\"yoast-schema-graph\">{\"@context\":\"https:\/\/schema.org\",\"@graph\":[{\"@type\":\"WebPage\",\"@id\":\"https:\/\/www.blogsoestado.com\/evandrojunior\/2022\/05\/09\/exposicao-marcara-reabertura-da-casa-de-arte-barrica\/\",\"url\":\"https:\/\/www.blogsoestado.com\/evandrojunior\/2022\/05\/09\/exposicao-marcara-reabertura-da-casa-de-arte-barrica\/\",\"name\":\"Exposi\u00e7\u00e3o marcar\u00e1 reabertura da Casa de Arte Barrica - Evandro Junior\",\"isPartOf\":{\"@id\":\"https:\/\/www.blogsoestado.com\/evandrojunior\/#website\"},\"primaryImageOfPage\":{\"@id\":\"https:\/\/www.blogsoestado.com\/evandrojunior\/2022\/05\/09\/exposicao-marcara-reabertura-da-casa-de-arte-barrica\/#primaryimage\"},\"image\":{\"@id\":\"https:\/\/www.blogsoestado.com\/evandrojunior\/2022\/05\/09\/exposicao-marcara-reabertura-da-casa-de-arte-barrica\/#primaryimage\"},\"thumbnailUrl\":\"https:\/\/www.blogsoestado.com\/evandrojunior\/files\/2022\/05\/Companhia-Barrica-2-1024x649.jpeg\",\"datePublished\":\"2022-05-09T15:15:26+00:00\",\"author\":{\"@id\":\"https:\/\/www.blogsoestado.com\/evandrojunior\/#\/schema\/person\/3e6c3d8dbb740d1c6878ebc935cfb3be\"},\"breadcrumb\":{\"@id\":\"https:\/\/www.blogsoestado.com\/evandrojunior\/2022\/05\/09\/exposicao-marcara-reabertura-da-casa-de-arte-barrica\/#breadcrumb\"},\"inLanguage\":\"pt-BR\",\"potentialAction\":[{\"@type\":\"ReadAction\",\"target\":[\"https:\/\/www.blogsoestado.com\/evandrojunior\/2022\/05\/09\/exposicao-marcara-reabertura-da-casa-de-arte-barrica\/\"]}]},{\"@type\":\"ImageObject\",\"inLanguage\":\"pt-BR\",\"@id\":\"https:\/\/www.blogsoestado.com\/evandrojunior\/2022\/05\/09\/exposicao-marcara-reabertura-da-casa-de-arte-barrica\/#primaryimage\",\"url\":\"https:\/\/www.blogsoestado.com\/evandrojunior\/files\/2022\/05\/Companhia-Barrica-2-1024x649.jpeg\",\"contentUrl\":\"https:\/\/www.blogsoestado.com\/evandrojunior\/files\/2022\/05\/Companhia-Barrica-2-1024x649.jpeg\"},{\"@type\":\"BreadcrumbList\",\"@id\":\"https:\/\/www.blogsoestado.com\/evandrojunior\/2022\/05\/09\/exposicao-marcara-reabertura-da-casa-de-arte-barrica\/#breadcrumb\",\"itemListElement\":[{\"@type\":\"ListItem\",\"position\":1,\"name\":\"In\u00edcio\",\"item\":\"https:\/\/www.blogsoestado.com\/evandrojunior\/\"},{\"@type\":\"ListItem\",\"position\":2,\"name\":\"Exposi\u00e7\u00e3o marcar\u00e1 reabertura da Casa de Arte Barrica\"}]},{\"@type\":\"WebSite\",\"@id\":\"https:\/\/www.blogsoestado.com\/evandrojunior\/#website\",\"url\":\"https:\/\/www.blogsoestado.com\/evandrojunior\/\",\"name\":\"Evandro Junior\",\"description\":\"\",\"potentialAction\":[{\"@type\":\"SearchAction\",\"target\":{\"@type\":\"EntryPoint\",\"urlTemplate\":\"https:\/\/www.blogsoestado.com\/evandrojunior\/?s={search_term_string}\"},\"query-input\":{\"@type\":\"PropertyValueSpecification\",\"valueRequired\":true,\"valueName\":\"search_term_string\"}}],\"inLanguage\":\"pt-BR\"},{\"@type\":\"Person\",\"@id\":\"https:\/\/www.blogsoestado.com\/evandrojunior\/#\/schema\/person\/3e6c3d8dbb740d1c6878ebc935cfb3be\",\"name\":\"Evandro Junior\",\"image\":{\"@type\":\"ImageObject\",\"inLanguage\":\"pt-BR\",\"@id\":\"https:\/\/www.blogsoestado.com\/evandrojunior\/#\/schema\/person\/image\/\",\"url\":\"https:\/\/secure.gravatar.com\/avatar\/f80a03a2294a580cd2318bfb459bf354cfa8be661ef3d95b542cf9a04af8d129?s=96&d=mm&r=g\",\"contentUrl\":\"https:\/\/secure.gravatar.com\/avatar\/f80a03a2294a580cd2318bfb459bf354cfa8be661ef3d95b542cf9a04af8d129?s=96&d=mm&r=g\",\"caption\":\"Evandro Junior\"},\"url\":\"https:\/\/www.blogsoestado.com\/evandrojunior\/author\/evandrojunior\/\"}]}<\/script>\n<!-- \/ Yoast SEO plugin. -->","yoast_head_json":{"title":"Exposi\u00e7\u00e3o marcar\u00e1 reabertura da Casa de Arte Barrica - Evandro Junior","robots":{"index":"index","follow":"follow","max-snippet":"max-snippet:-1","max-image-preview":"max-image-preview:large","max-video-preview":"max-video-preview:-1"},"canonical":"https:\/\/www.blogsoestado.com\/evandrojunior\/2022\/05\/09\/exposicao-marcara-reabertura-da-casa-de-arte-barrica\/","og_locale":"pt_BR","og_type":"article","og_title":"Exposi\u00e7\u00e3o marcar\u00e1 reabertura da Casa de Arte Barrica - Evandro Junior","og_description":"S\u00e3o Lu\u00eds &#8211; Depois de dois anos de portas fechadas, a Casa de Arte Barrica, no cora\u00e7\u00e3o da Madre Deus,\u00a0reabrir\u00e1\u00a0nesta [&hellip;]","og_url":"https:\/\/www.blogsoestado.com\/evandrojunior\/2022\/05\/09\/exposicao-marcara-reabertura-da-casa-de-arte-barrica\/","og_site_name":"Evandro Junior","article_published_time":"2022-05-09T15:15:26+00:00","og_image":[{"url":"https:\/\/www.blogsoestado.com\/evandrojunior\/files\/2022\/05\/Companhia-Barrica-2-1024x649.jpeg","type":"","width":"","height":""}],"author":"Evandro Junior","twitter_card":"summary_large_image","twitter_misc":{"Escrito por":"Evandro Junior","Est. tempo de leitura":"3 minutos"},"schema":{"@context":"https:\/\/schema.org","@graph":[{"@type":"WebPage","@id":"https:\/\/www.blogsoestado.com\/evandrojunior\/2022\/05\/09\/exposicao-marcara-reabertura-da-casa-de-arte-barrica\/","url":"https:\/\/www.blogsoestado.com\/evandrojunior\/2022\/05\/09\/exposicao-marcara-reabertura-da-casa-de-arte-barrica\/","name":"Exposi\u00e7\u00e3o marcar\u00e1 reabertura da Casa de Arte Barrica - Evandro Junior","isPartOf":{"@id":"https:\/\/www.blogsoestado.com\/evandrojunior\/#website"},"primaryImageOfPage":{"@id":"https:\/\/www.blogsoestado.com\/evandrojunior\/2022\/05\/09\/exposicao-marcara-reabertura-da-casa-de-arte-barrica\/#primaryimage"},"image":{"@id":"https:\/\/www.blogsoestado.com\/evandrojunior\/2022\/05\/09\/exposicao-marcara-reabertura-da-casa-de-arte-barrica\/#primaryimage"},"thumbnailUrl":"https:\/\/www.blogsoestado.com\/evandrojunior\/files\/2022\/05\/Companhia-Barrica-2-1024x649.jpeg","datePublished":"2022-05-09T15:15:26+00:00","author":{"@id":"https:\/\/www.blogsoestado.com\/evandrojunior\/#\/schema\/person\/3e6c3d8dbb740d1c6878ebc935cfb3be"},"breadcrumb":{"@id":"https:\/\/www.blogsoestado.com\/evandrojunior\/2022\/05\/09\/exposicao-marcara-reabertura-da-casa-de-arte-barrica\/#breadcrumb"},"inLanguage":"pt-BR","potentialAction":[{"@type":"ReadAction","target":["https:\/\/www.blogsoestado.com\/evandrojunior\/2022\/05\/09\/exposicao-marcara-reabertura-da-casa-de-arte-barrica\/"]}]},{"@type":"ImageObject","inLanguage":"pt-BR","@id":"https:\/\/www.blogsoestado.com\/evandrojunior\/2022\/05\/09\/exposicao-marcara-reabertura-da-casa-de-arte-barrica\/#primaryimage","url":"https:\/\/www.blogsoestado.com\/evandrojunior\/files\/2022\/05\/Companhia-Barrica-2-1024x649.jpeg","contentUrl":"https:\/\/www.blogsoestado.com\/evandrojunior\/files\/2022\/05\/Companhia-Barrica-2-1024x649.jpeg"},{"@type":"BreadcrumbList","@id":"https:\/\/www.blogsoestado.com\/evandrojunior\/2022\/05\/09\/exposicao-marcara-reabertura-da-casa-de-arte-barrica\/#breadcrumb","itemListElement":[{"@type":"ListItem","position":1,"name":"In\u00edcio","item":"https:\/\/www.blogsoestado.com\/evandrojunior\/"},{"@type":"ListItem","position":2,"name":"Exposi\u00e7\u00e3o marcar\u00e1 reabertura da Casa de Arte Barrica"}]},{"@type":"WebSite","@id":"https:\/\/www.blogsoestado.com\/evandrojunior\/#website","url":"https:\/\/www.blogsoestado.com\/evandrojunior\/","name":"Evandro Junior","description":"","potentialAction":[{"@type":"SearchAction","target":{"@type":"EntryPoint","urlTemplate":"https:\/\/www.blogsoestado.com\/evandrojunior\/?s={search_term_string}"},"query-input":{"@type":"PropertyValueSpecification","valueRequired":true,"valueName":"search_term_string"}}],"inLanguage":"pt-BR"},{"@type":"Person","@id":"https:\/\/www.blogsoestado.com\/evandrojunior\/#\/schema\/person\/3e6c3d8dbb740d1c6878ebc935cfb3be","name":"Evandro Junior","image":{"@type":"ImageObject","inLanguage":"pt-BR","@id":"https:\/\/www.blogsoestado.com\/evandrojunior\/#\/schema\/person\/image\/","url":"https:\/\/secure.gravatar.com\/avatar\/f80a03a2294a580cd2318bfb459bf354cfa8be661ef3d95b542cf9a04af8d129?s=96&d=mm&r=g","contentUrl":"https:\/\/secure.gravatar.com\/avatar\/f80a03a2294a580cd2318bfb459bf354cfa8be661ef3d95b542cf9a04af8d129?s=96&d=mm&r=g","caption":"Evandro Junior"},"url":"https:\/\/www.blogsoestado.com\/evandrojunior\/author\/evandrojunior\/"}]}},"jetpack_featured_media_url":"","_links":{"self":[{"href":"https:\/\/www.blogsoestado.com\/evandrojunior\/wp-json\/wp\/v2\/posts\/6181","targetHints":{"allow":["GET"]}}],"collection":[{"href":"https:\/\/www.blogsoestado.com\/evandrojunior\/wp-json\/wp\/v2\/posts"}],"about":[{"href":"https:\/\/www.blogsoestado.com\/evandrojunior\/wp-json\/wp\/v2\/types\/post"}],"author":[{"embeddable":true,"href":"https:\/\/www.blogsoestado.com\/evandrojunior\/wp-json\/wp\/v2\/users\/4"}],"replies":[{"embeddable":true,"href":"https:\/\/www.blogsoestado.com\/evandrojunior\/wp-json\/wp\/v2\/comments?post=6181"}],"version-history":[{"count":0,"href":"https:\/\/www.blogsoestado.com\/evandrojunior\/wp-json\/wp\/v2\/posts\/6181\/revisions"}],"wp:attachment":[{"href":"https:\/\/www.blogsoestado.com\/evandrojunior\/wp-json\/wp\/v2\/media?parent=6181"}],"wp:term":[{"taxonomy":"category","embeddable":true,"href":"https:\/\/www.blogsoestado.com\/evandrojunior\/wp-json\/wp\/v2\/categories?post=6181"},{"taxonomy":"post_tag","embeddable":true,"href":"https:\/\/www.blogsoestado.com\/evandrojunior\/wp-json\/wp\/v2\/tags?post=6181"}],"curies":[{"name":"wp","href":"https:\/\/api.w.org\/{rel}","templated":true}]}}