{"id":6195,"date":"2022-05-09T16:41:56","date_gmt":"2022-05-09T19:41:56","guid":{"rendered":"https:\/\/www.blogsoestado.com\/evandrojunior\/?p=6195"},"modified":"2022-05-09T16:41:56","modified_gmt":"2022-05-09T19:41:56","slug":"joellson-braga-comandara-passeio-nautico-ao-som-de-bumba-meu-boi-de-orquestra","status":"publish","type":"post","link":"https:\/\/www.blogsoestado.com\/evandrojunior\/2022\/05\/09\/joellson-braga-comandara-passeio-nautico-ao-som-de-bumba-meu-boi-de-orquestra\/","title":{"rendered":"Joellson Braga comandar\u00e1 passeio n\u00e1utico ao som de bumba meu boi de orquestra"},"content":{"rendered":"\n<div class=\"wp-block-image\"><figure class=\"aligncenter size-large is-resized\"><img fetchpriority=\"high\" decoding=\"async\" src=\"https:\/\/www.blogsoestado.com\/evandrojunior\/files\/2022\/05\/WhatsApp-Image-2022-05-09-at-12.15.20-1-813x1024.jpeg\" alt=\"\" class=\"wp-image-6196\" width=\"480\" height=\"604\"\/><\/figure><\/div>\n\n\n\n<p><strong>S\u00e3o Lu\u00eds <\/strong>&#8211; O cantor Joellson Braga, do Boi de Nina Rodrigues, sotaque de orquestra, levar\u00e1 a cad\u00eancia do boi de orquestra para um passeio n\u00e1utico a ser realizado dia 21 de maio.<\/p>\n\n\n\n<p>O catamar\u00e3 navegar\u00e1 a partir das 10h e o Bumba-Mar ter\u00e1 dura\u00e7\u00e3o de tr\u00eas horas, como pr\u00e9via dos festejos juninos.<\/p>\n\n\n\n<p>&#8220;Vamos interpretar cl\u00e1ssicos do bumba meu boi, al\u00e9m de m\u00fasicas t\u00edpicas do per\u00edodo junino, onde n\u00e3o poder\u00e3o faltar o forr\u00f3 e a quadrilha&#8221;, disse Joellson Braga.<\/p>\n\n\n\n<p>A bordo da embarca\u00e7\u00e3o, ser\u00e1 poss\u00edvel contemplar, de um outro \u00e2ngulo, o Pal\u00e1cio dos Le\u00f5es, o Espig\u00e3o Costeiro, a Praia Grande e o Cais da Sagra\u00e7\u00e3o., entre outras paisagens da capital maranhense.<\/p>\n\n\n\n<p>&#8220;Para garantir a seguran\u00e7a dos participantes, apenas 50 vagas ser\u00e3o disponibilizadas. Re\u00fana os amigos, a fam\u00edlia e venha desfrutar de momentos de alegria e contempla\u00e7\u00e3o embalados por belas toadas do bumba meu boi. \u00c9 a abertura dos festejos juninos em alto mar&#8221;, complementou o cantor.<\/p>\n\n\n\n<p><strong>O que<\/strong>: Bumba Mar com Joellson Braga<\/p>\n\n\n\n<p><strong>Quando<\/strong>: 21 de maio, \u00e0s 10h<\/p>\n\n\n\n<p><strong>Onde:<\/strong> Sa\u00edda na Ponta d\u2019Areia<\/p>\n\n\n\n<p><strong>Dura\u00e7\u00e3o:<\/strong> 3 horas<\/p>\n\n\n\n<p><strong>Valor<\/strong>: R$ 80,00<\/p>\n\n\n\n<p><strong>Contatos<\/strong>: (98) 8911-7754 e (98) 8826-9097<\/p>\n","protected":false},"excerpt":{"rendered":"<p>S\u00e3o Lu\u00eds &#8211; O cantor Joellson Braga, do Boi de Nina Rodrigues, sotaque de orquestra, levar\u00e1 a cad\u00eancia do boi [&hellip;]<\/p>\n","protected":false},"author":4,"featured_media":0,"comment_status":"open","ping_status":"open","sticky":false,"template":"","format":"standard","meta":{"site-sidebar-layout":"default","site-content-layout":"","ast-site-content-layout":"default","site-content-style":"default","site-sidebar-style":"default","ast-global-header-display":"","ast-banner-title-visibility":"","ast-main-header-display":"","ast-hfb-above-header-display":"","ast-hfb-below-header-display":"","ast-hfb-mobile-header-display":"","site-post-title":"","ast-breadcrumbs-content":"","ast-featured-img":"","footer-sml-layout":"","ast-disable-related-posts":"","theme-transparent-header-meta":"","adv-header-id-meta":"","stick-header-meta":"","header-above-stick-meta":"","header-main-stick-meta":"","header-below-stick-meta":"","astra-migrate-meta-layouts":"default","ast-page-background-enabled":"default","ast-page-background-meta":{"desktop":{"background-color":"var(--ast-global-color-5)","background-image":"","background-repeat":"repeat","background-position":"center center","background-size":"auto","background-attachment":"scroll","background-type":"","background-media":"","overlay-type":"","overlay-color":"","overlay-opacity":"","overlay-gradient":""},"tablet":{"background-color":"","background-image":"","background-repeat":"repeat","background-position":"center center","background-size":"auto","background-attachment":"scroll","background-type":"","background-media":"","overlay-type":"","overlay-color":"","overlay-opacity":"","overlay-gradient":""},"mobile":{"background-color":"","background-image":"","background-repeat":"repeat","background-position":"center center","background-size":"auto","background-attachment":"scroll","background-type":"","background-media":"","overlay-type":"","overlay-color":"","overlay-opacity":"","overlay-gradient":""}},"ast-content-background-meta":{"desktop":{"background-color":"var(--ast-global-color-4)","background-image":"","background-repeat":"repeat","background-position":"center center","background-size":"auto","background-attachment":"scroll","background-type":"","background-media":"","overlay-type":"","overlay-color":"","overlay-opacity":"","overlay-gradient":""},"tablet":{"background-color":"var(--ast-global-color-4)","background-image":"","background-repeat":"repeat","background-position":"center center","background-size":"auto","background-attachment":"scroll","background-type":"","background-media":"","overlay-type":"","overlay-color":"","overlay-opacity":"","overlay-gradient":""},"mobile":{"background-color":"var(--ast-global-color-4)","background-image":"","background-repeat":"repeat","background-position":"center center","background-size":"auto","background-attachment":"scroll","background-type":"","background-media":"","overlay-type":"","overlay-color":"","overlay-opacity":"","overlay-gradient":""}},"footnotes":""},"categories":[1],"tags":[],"class_list":["post-6195","post","type-post","status-publish","format-standard","hentry","category-sem-categoria"],"yoast_head":"<!-- This site is optimized with the Yoast SEO plugin v26.6 - https:\/\/yoast.com\/wordpress\/plugins\/seo\/ -->\n<title>Joellson Braga comandar\u00e1 passeio n\u00e1utico ao som de bumba meu boi de orquestra - Evandro Junior<\/title>\n<meta name=\"robots\" content=\"index, follow, max-snippet:-1, max-image-preview:large, max-video-preview:-1\" \/>\n<link rel=\"canonical\" href=\"https:\/\/www.blogsoestado.com\/evandrojunior\/2022\/05\/09\/joellson-braga-comandara-passeio-nautico-ao-som-de-bumba-meu-boi-de-orquestra\/\" \/>\n<meta property=\"og:locale\" content=\"pt_BR\" \/>\n<meta property=\"og:type\" content=\"article\" \/>\n<meta property=\"og:title\" content=\"Joellson Braga comandar\u00e1 passeio n\u00e1utico ao som de bumba meu boi de orquestra - Evandro Junior\" \/>\n<meta property=\"og:description\" content=\"S\u00e3o Lu\u00eds &#8211; O cantor Joellson Braga, do Boi de Nina Rodrigues, sotaque de orquestra, levar\u00e1 a cad\u00eancia do boi [&hellip;]\" \/>\n<meta property=\"og:url\" content=\"https:\/\/www.blogsoestado.com\/evandrojunior\/2022\/05\/09\/joellson-braga-comandara-passeio-nautico-ao-som-de-bumba-meu-boi-de-orquestra\/\" \/>\n<meta property=\"og:site_name\" content=\"Evandro Junior\" \/>\n<meta property=\"article:published_time\" content=\"2022-05-09T19:41:56+00:00\" \/>\n<meta property=\"og:image\" content=\"https:\/\/www.blogsoestado.com\/evandrojunior\/files\/2022\/05\/WhatsApp-Image-2022-05-09-at-12.15.20-1-813x1024.jpeg\" \/>\n<meta name=\"author\" content=\"Evandro Junior\" \/>\n<meta name=\"twitter:card\" content=\"summary_large_image\" \/>\n<meta name=\"twitter:label1\" content=\"Escrito por\" \/>\n\t<meta name=\"twitter:data1\" content=\"Evandro Junior\" \/>\n\t<meta name=\"twitter:label2\" content=\"Est. tempo de leitura\" \/>\n\t<meta name=\"twitter:data2\" content=\"2 minutos\" \/>\n<script type=\"application\/ld+json\" class=\"yoast-schema-graph\">{\"@context\":\"https:\/\/schema.org\",\"@graph\":[{\"@type\":\"WebPage\",\"@id\":\"https:\/\/www.blogsoestado.com\/evandrojunior\/2022\/05\/09\/joellson-braga-comandara-passeio-nautico-ao-som-de-bumba-meu-boi-de-orquestra\/\",\"url\":\"https:\/\/www.blogsoestado.com\/evandrojunior\/2022\/05\/09\/joellson-braga-comandara-passeio-nautico-ao-som-de-bumba-meu-boi-de-orquestra\/\",\"name\":\"Joellson Braga comandar\u00e1 passeio n\u00e1utico ao som de bumba meu boi de orquestra - Evandro Junior\",\"isPartOf\":{\"@id\":\"https:\/\/www.blogsoestado.com\/evandrojunior\/#website\"},\"primaryImageOfPage\":{\"@id\":\"https:\/\/www.blogsoestado.com\/evandrojunior\/2022\/05\/09\/joellson-braga-comandara-passeio-nautico-ao-som-de-bumba-meu-boi-de-orquestra\/#primaryimage\"},\"image\":{\"@id\":\"https:\/\/www.blogsoestado.com\/evandrojunior\/2022\/05\/09\/joellson-braga-comandara-passeio-nautico-ao-som-de-bumba-meu-boi-de-orquestra\/#primaryimage\"},\"thumbnailUrl\":\"https:\/\/www.blogsoestado.com\/evandrojunior\/files\/2022\/05\/WhatsApp-Image-2022-05-09-at-12.15.20-1-813x1024.jpeg\",\"datePublished\":\"2022-05-09T19:41:56+00:00\",\"author\":{\"@id\":\"https:\/\/www.blogsoestado.com\/evandrojunior\/#\/schema\/person\/3e6c3d8dbb740d1c6878ebc935cfb3be\"},\"breadcrumb\":{\"@id\":\"https:\/\/www.blogsoestado.com\/evandrojunior\/2022\/05\/09\/joellson-braga-comandara-passeio-nautico-ao-som-de-bumba-meu-boi-de-orquestra\/#breadcrumb\"},\"inLanguage\":\"pt-BR\",\"potentialAction\":[{\"@type\":\"ReadAction\",\"target\":[\"https:\/\/www.blogsoestado.com\/evandrojunior\/2022\/05\/09\/joellson-braga-comandara-passeio-nautico-ao-som-de-bumba-meu-boi-de-orquestra\/\"]}]},{\"@type\":\"ImageObject\",\"inLanguage\":\"pt-BR\",\"@id\":\"https:\/\/www.blogsoestado.com\/evandrojunior\/2022\/05\/09\/joellson-braga-comandara-passeio-nautico-ao-som-de-bumba-meu-boi-de-orquestra\/#primaryimage\",\"url\":\"https:\/\/www.blogsoestado.com\/evandrojunior\/files\/2022\/05\/WhatsApp-Image-2022-05-09-at-12.15.20-1-813x1024.jpeg\",\"contentUrl\":\"https:\/\/www.blogsoestado.com\/evandrojunior\/files\/2022\/05\/WhatsApp-Image-2022-05-09-at-12.15.20-1-813x1024.jpeg\"},{\"@type\":\"BreadcrumbList\",\"@id\":\"https:\/\/www.blogsoestado.com\/evandrojunior\/2022\/05\/09\/joellson-braga-comandara-passeio-nautico-ao-som-de-bumba-meu-boi-de-orquestra\/#breadcrumb\",\"itemListElement\":[{\"@type\":\"ListItem\",\"position\":1,\"name\":\"In\u00edcio\",\"item\":\"https:\/\/www.blogsoestado.com\/evandrojunior\/\"},{\"@type\":\"ListItem\",\"position\":2,\"name\":\"Joellson Braga comandar\u00e1 passeio n\u00e1utico ao som de bumba meu boi de orquestra\"}]},{\"@type\":\"WebSite\",\"@id\":\"https:\/\/www.blogsoestado.com\/evandrojunior\/#website\",\"url\":\"https:\/\/www.blogsoestado.com\/evandrojunior\/\",\"name\":\"Evandro Junior\",\"description\":\"\",\"potentialAction\":[{\"@type\":\"SearchAction\",\"target\":{\"@type\":\"EntryPoint\",\"urlTemplate\":\"https:\/\/www.blogsoestado.com\/evandrojunior\/?s={search_term_string}\"},\"query-input\":{\"@type\":\"PropertyValueSpecification\",\"valueRequired\":true,\"valueName\":\"search_term_string\"}}],\"inLanguage\":\"pt-BR\"},{\"@type\":\"Person\",\"@id\":\"https:\/\/www.blogsoestado.com\/evandrojunior\/#\/schema\/person\/3e6c3d8dbb740d1c6878ebc935cfb3be\",\"name\":\"Evandro Junior\",\"image\":{\"@type\":\"ImageObject\",\"inLanguage\":\"pt-BR\",\"@id\":\"https:\/\/www.blogsoestado.com\/evandrojunior\/#\/schema\/person\/image\/\",\"url\":\"https:\/\/secure.gravatar.com\/avatar\/f80a03a2294a580cd2318bfb459bf354cfa8be661ef3d95b542cf9a04af8d129?s=96&d=mm&r=g\",\"contentUrl\":\"https:\/\/secure.gravatar.com\/avatar\/f80a03a2294a580cd2318bfb459bf354cfa8be661ef3d95b542cf9a04af8d129?s=96&d=mm&r=g\",\"caption\":\"Evandro Junior\"},\"url\":\"https:\/\/www.blogsoestado.com\/evandrojunior\/author\/evandrojunior\/\"}]}<\/script>\n<!-- \/ Yoast SEO plugin. -->","yoast_head_json":{"title":"Joellson Braga comandar\u00e1 passeio n\u00e1utico ao som de bumba meu boi de orquestra - Evandro Junior","robots":{"index":"index","follow":"follow","max-snippet":"max-snippet:-1","max-image-preview":"max-image-preview:large","max-video-preview":"max-video-preview:-1"},"canonical":"https:\/\/www.blogsoestado.com\/evandrojunior\/2022\/05\/09\/joellson-braga-comandara-passeio-nautico-ao-som-de-bumba-meu-boi-de-orquestra\/","og_locale":"pt_BR","og_type":"article","og_title":"Joellson Braga comandar\u00e1 passeio n\u00e1utico ao som de bumba meu boi de orquestra - Evandro Junior","og_description":"S\u00e3o Lu\u00eds &#8211; O cantor Joellson Braga, do Boi de Nina Rodrigues, sotaque de orquestra, levar\u00e1 a cad\u00eancia do boi [&hellip;]","og_url":"https:\/\/www.blogsoestado.com\/evandrojunior\/2022\/05\/09\/joellson-braga-comandara-passeio-nautico-ao-som-de-bumba-meu-boi-de-orquestra\/","og_site_name":"Evandro Junior","article_published_time":"2022-05-09T19:41:56+00:00","og_image":[{"url":"https:\/\/www.blogsoestado.com\/evandrojunior\/files\/2022\/05\/WhatsApp-Image-2022-05-09-at-12.15.20-1-813x1024.jpeg","type":"","width":"","height":""}],"author":"Evandro Junior","twitter_card":"summary_large_image","twitter_misc":{"Escrito por":"Evandro Junior","Est. tempo de leitura":"2 minutos"},"schema":{"@context":"https:\/\/schema.org","@graph":[{"@type":"WebPage","@id":"https:\/\/www.blogsoestado.com\/evandrojunior\/2022\/05\/09\/joellson-braga-comandara-passeio-nautico-ao-som-de-bumba-meu-boi-de-orquestra\/","url":"https:\/\/www.blogsoestado.com\/evandrojunior\/2022\/05\/09\/joellson-braga-comandara-passeio-nautico-ao-som-de-bumba-meu-boi-de-orquestra\/","name":"Joellson Braga comandar\u00e1 passeio n\u00e1utico ao som de bumba meu boi de orquestra - Evandro Junior","isPartOf":{"@id":"https:\/\/www.blogsoestado.com\/evandrojunior\/#website"},"primaryImageOfPage":{"@id":"https:\/\/www.blogsoestado.com\/evandrojunior\/2022\/05\/09\/joellson-braga-comandara-passeio-nautico-ao-som-de-bumba-meu-boi-de-orquestra\/#primaryimage"},"image":{"@id":"https:\/\/www.blogsoestado.com\/evandrojunior\/2022\/05\/09\/joellson-braga-comandara-passeio-nautico-ao-som-de-bumba-meu-boi-de-orquestra\/#primaryimage"},"thumbnailUrl":"https:\/\/www.blogsoestado.com\/evandrojunior\/files\/2022\/05\/WhatsApp-Image-2022-05-09-at-12.15.20-1-813x1024.jpeg","datePublished":"2022-05-09T19:41:56+00:00","author":{"@id":"https:\/\/www.blogsoestado.com\/evandrojunior\/#\/schema\/person\/3e6c3d8dbb740d1c6878ebc935cfb3be"},"breadcrumb":{"@id":"https:\/\/www.blogsoestado.com\/evandrojunior\/2022\/05\/09\/joellson-braga-comandara-passeio-nautico-ao-som-de-bumba-meu-boi-de-orquestra\/#breadcrumb"},"inLanguage":"pt-BR","potentialAction":[{"@type":"ReadAction","target":["https:\/\/www.blogsoestado.com\/evandrojunior\/2022\/05\/09\/joellson-braga-comandara-passeio-nautico-ao-som-de-bumba-meu-boi-de-orquestra\/"]}]},{"@type":"ImageObject","inLanguage":"pt-BR","@id":"https:\/\/www.blogsoestado.com\/evandrojunior\/2022\/05\/09\/joellson-braga-comandara-passeio-nautico-ao-som-de-bumba-meu-boi-de-orquestra\/#primaryimage","url":"https:\/\/www.blogsoestado.com\/evandrojunior\/files\/2022\/05\/WhatsApp-Image-2022-05-09-at-12.15.20-1-813x1024.jpeg","contentUrl":"https:\/\/www.blogsoestado.com\/evandrojunior\/files\/2022\/05\/WhatsApp-Image-2022-05-09-at-12.15.20-1-813x1024.jpeg"},{"@type":"BreadcrumbList","@id":"https:\/\/www.blogsoestado.com\/evandrojunior\/2022\/05\/09\/joellson-braga-comandara-passeio-nautico-ao-som-de-bumba-meu-boi-de-orquestra\/#breadcrumb","itemListElement":[{"@type":"ListItem","position":1,"name":"In\u00edcio","item":"https:\/\/www.blogsoestado.com\/evandrojunior\/"},{"@type":"ListItem","position":2,"name":"Joellson Braga comandar\u00e1 passeio n\u00e1utico ao som de bumba meu boi de orquestra"}]},{"@type":"WebSite","@id":"https:\/\/www.blogsoestado.com\/evandrojunior\/#website","url":"https:\/\/www.blogsoestado.com\/evandrojunior\/","name":"Evandro Junior","description":"","potentialAction":[{"@type":"SearchAction","target":{"@type":"EntryPoint","urlTemplate":"https:\/\/www.blogsoestado.com\/evandrojunior\/?s={search_term_string}"},"query-input":{"@type":"PropertyValueSpecification","valueRequired":true,"valueName":"search_term_string"}}],"inLanguage":"pt-BR"},{"@type":"Person","@id":"https:\/\/www.blogsoestado.com\/evandrojunior\/#\/schema\/person\/3e6c3d8dbb740d1c6878ebc935cfb3be","name":"Evandro Junior","image":{"@type":"ImageObject","inLanguage":"pt-BR","@id":"https:\/\/www.blogsoestado.com\/evandrojunior\/#\/schema\/person\/image\/","url":"https:\/\/secure.gravatar.com\/avatar\/f80a03a2294a580cd2318bfb459bf354cfa8be661ef3d95b542cf9a04af8d129?s=96&d=mm&r=g","contentUrl":"https:\/\/secure.gravatar.com\/avatar\/f80a03a2294a580cd2318bfb459bf354cfa8be661ef3d95b542cf9a04af8d129?s=96&d=mm&r=g","caption":"Evandro Junior"},"url":"https:\/\/www.blogsoestado.com\/evandrojunior\/author\/evandrojunior\/"}]}},"jetpack_featured_media_url":"","_links":{"self":[{"href":"https:\/\/www.blogsoestado.com\/evandrojunior\/wp-json\/wp\/v2\/posts\/6195","targetHints":{"allow":["GET"]}}],"collection":[{"href":"https:\/\/www.blogsoestado.com\/evandrojunior\/wp-json\/wp\/v2\/posts"}],"about":[{"href":"https:\/\/www.blogsoestado.com\/evandrojunior\/wp-json\/wp\/v2\/types\/post"}],"author":[{"embeddable":true,"href":"https:\/\/www.blogsoestado.com\/evandrojunior\/wp-json\/wp\/v2\/users\/4"}],"replies":[{"embeddable":true,"href":"https:\/\/www.blogsoestado.com\/evandrojunior\/wp-json\/wp\/v2\/comments?post=6195"}],"version-history":[{"count":0,"href":"https:\/\/www.blogsoestado.com\/evandrojunior\/wp-json\/wp\/v2\/posts\/6195\/revisions"}],"wp:attachment":[{"href":"https:\/\/www.blogsoestado.com\/evandrojunior\/wp-json\/wp\/v2\/media?parent=6195"}],"wp:term":[{"taxonomy":"category","embeddable":true,"href":"https:\/\/www.blogsoestado.com\/evandrojunior\/wp-json\/wp\/v2\/categories?post=6195"},{"taxonomy":"post_tag","embeddable":true,"href":"https:\/\/www.blogsoestado.com\/evandrojunior\/wp-json\/wp\/v2\/tags?post=6195"}],"curies":[{"name":"wp","href":"https:\/\/api.w.org\/{rel}","templated":true}]}}