{"id":6435,"date":"2022-06-13T18:00:01","date_gmt":"2022-06-13T21:00:01","guid":{"rendered":"https:\/\/www.blogsoestado.com\/evandrojunior\/?p=6435"},"modified":"2022-06-13T18:00:01","modified_gmt":"2022-06-13T21:00:01","slug":"sao-joao-da-thay-embaixadora-do-unicef-reune-influenciadores-digitais-em-evento-intimista-no-casarao-acasa","status":"publish","type":"post","link":"https:\/\/www.blogsoestado.com\/evandrojunior\/2022\/06\/13\/sao-joao-da-thay-embaixadora-do-unicef-reune-influenciadores-digitais-em-evento-intimista-no-casarao-acasa\/","title":{"rendered":"S\u00e3o Jo\u00e3o da Thay: embaixadora do UNICEF re\u00fane influenciadores digitais em evento intimista no casar\u00e3o Acasa"},"content":{"rendered":"\n<div class=\"wp-block-image\"><figure class=\"aligncenter size-large is-resized\"><img fetchpriority=\"high\" decoding=\"async\" src=\"https:\/\/www.blogsoestado.com\/evandrojunior\/files\/2022\/06\/Foto-1-1024x685.jpg\" alt=\"\" class=\"wp-image-6436\" width=\"528\" height=\"352\"\/><figcaption>FOTOS \/ KAIO SOUSA <strong>Thaynara OG com grupo de influenciadores digitas e jornalistas convidados do evento <\/strong><\/figcaption><\/figure><\/div>\n\n\n\n<div class=\"wp-block-image\"><figure class=\"aligncenter size-large is-resized\"><img decoding=\"async\" src=\"https:\/\/www.blogsoestado.com\/evandrojunior\/files\/2022\/06\/Foto-14-683x1024.jpg\" alt=\"\" class=\"wp-image-6447\" width=\"429\" height=\"643\"\/><figcaption><strong>Thaynara OG promoveu encontro com influenciadores digitais para dar detalhes do S\u00e3o Jo\u00e3o da Thay 2022<\/strong><\/figcaption><\/figure><\/div>\n\n\n\n<p><strong>S\u00e3o Lu\u00eds <\/strong>&#8211; A embaixadora do UNICEF, Thaynara OG, reuniu, s\u00e1bado (11), no casar\u00e3o Acasa, na Beira-Mar, um seleto grupo de influenciadores digitais para contar, em primeira m\u00e3o, todos os detalhes de seu S\u00e3o Jo\u00e3o da Thay, megaevento junino de cunho social a ser realizado dia 28 deste m\u00eas, no Multicenter Sebrae (Cohafuma).<\/p>\n\n\n\n<p>A pr\u00e9via, que reuniu tamb\u00e9m outros convidados, incluindo jornalistas e artistas, foi uma esp\u00e9cie de confraterniza\u00e7\u00e3o com aqueles que, ao lado da estrela da festa, est\u00e3o divulgando a proposta em benef\u00edcio do Fundo das Na\u00e7\u00f5es Unidas para a Inf\u00e2ncia.<\/p>\n\n\n\n<div class=\"wp-block-image\"><figure class=\"aligncenter size-large is-resized\"><img decoding=\"async\" src=\"https:\/\/www.blogsoestado.com\/evandrojunior\/files\/2022\/06\/Foto-15-683x1024.jpg\" alt=\"\" class=\"wp-image-6437\" width=\"424\" height=\"636\"\/><figcaption><strong>A embaixadora do UNICEF com o empres\u00e1rio, publicit\u00e1rio Bruno Lima<\/strong><\/figcaption><\/figure><\/div>\n\n\n\n<div class=\"wp-block-image\"><figure class=\"aligncenter size-large is-resized\"><img loading=\"lazy\" decoding=\"async\" src=\"https:\/\/www.blogsoestado.com\/evandrojunior\/files\/2022\/06\/Foto-16-1024x683.jpg\" alt=\"\" class=\"wp-image-6438\" width=\"525\" height=\"350\"\/><figcaption>A assessora de Thaynara OG, jornalista Marcela Simpl\u00edcio (com a filha J\u00falia no colo) e Marly Abdalla <\/figcaption><\/figure><\/div>\n\n\n\n<p>Acompanhada de seu empres\u00e1rio, o publicit\u00e1rio Bruno Lima, e de sua assessora de imprensa, jornalista Marcela Simpl\u00edcio, Thaynara OG recebeu com muita simpatia e uma programa\u00e7\u00e3o especial coordenada pelo hostess do espa\u00e7o, empres\u00e1rio Alex Palhano. A tarde\/noite festiva foi embalada pelo repert\u00f3rio do DJ Pedro Sobrinho, da R\u00e1dio Mirante FM.<\/p>\n\n\n\n<p>\u201cN\u00e3o \u00e9 f\u00e1cil fazer um evento dessa magnitude. Mas n\u00f3s seguimos firmes e fortes depois da pandemia. Por isso, \u00e9 muito importante que o p\u00fablico nos prestigie, pois estamos de m\u00e3os dadas por uma causa social importante. Afinal, as crian\u00e7as s\u00e3o o futuro do nosso pa\u00eds\u201d, disse Thaynara OG.<\/p>\n\n\n\n<div class=\"wp-block-image\"><figure class=\"aligncenter size-large is-resized\"><img loading=\"lazy\" decoding=\"async\" src=\"https:\/\/www.blogsoestado.com\/evandrojunior\/files\/2022\/06\/Pink-.jpg\" alt=\"\" class=\"wp-image-6439\" width=\"537\" height=\"361\"\/><figcaption><strong>OG com as influenciadoras Mari e Thay (Bot\u00e3o Pink)<\/strong><\/figcaption><\/figure><\/div>\n\n\n\n<div class=\"wp-block-image\"><figure class=\"aligncenter size-large is-resized\"><img loading=\"lazy\" decoding=\"async\" src=\"https:\/\/www.blogsoestado.com\/evandrojunior\/files\/2022\/06\/Foto-7-683x1024.jpg\" alt=\"\" class=\"wp-image-6440\" width=\"432\" height=\"648\"\/><figcaption><strong>A anfitri\u00e3 com o influenciador digital Paulo Roberto (Um Tal de Paulo)<\/strong><\/figcaption><\/figure><\/div>\n\n\n\n<div class=\"wp-block-image\"><figure class=\"aligncenter size-large is-resized\"><img loading=\"lazy\" decoding=\"async\" src=\"https:\/\/www.blogsoestado.com\/evandrojunior\/files\/2022\/06\/Foto-9-683x1024.jpg\" alt=\"\" class=\"wp-image-6449\" width=\"415\" height=\"622\"\/><figcaption>Elayne Gomes com OG<\/figcaption><\/figure><\/div>\n\n\n\n<p>Os influenciadores digitais aproveitaram o momento para fotografar ao lado de OG e gravar v\u00eddeos para seus perfis nas redes sociais, convidando o p\u00fablico a adquirir os ingressos do evento, que reunir\u00e1 celebridades nacionais, artistas famosos e diversos grupos folcl\u00f3ricos.<\/p>\n\n\n\n<p>A maranhense Thaynara OG \u00e9 uma das mais carism\u00e1ticas influenciadoras digitais do Brasil. Com seu jeito aut\u00eantico de ser, ela conseguiu atrair as aten\u00e7\u00f5es de todo o Brasil. Agora, usa o seu poder midi\u00e1tico em prol da humanidade, abra\u00e7ando a causa das crian\u00e7as em parceria com o UNICEF.<\/p>\n\n\n\n<div class=\"wp-block-image\"><figure class=\"aligncenter size-large is-resized\"><img loading=\"lazy\" decoding=\"async\" src=\"https:\/\/www.blogsoestado.com\/evandrojunior\/files\/2022\/06\/Poderosas-.jpg\" alt=\"\" class=\"wp-image-6441\" width=\"413\" height=\"552\"\/><figcaption><strong>Thaynara entre as influenciadoras Elane e Jaiany (Podcast Poderosas)<\/strong><\/figcaption><\/figure><\/div>\n\n\n\n<div class=\"wp-block-image\"><figure class=\"aligncenter size-large is-resized\"><img loading=\"lazy\" decoding=\"async\" src=\"https:\/\/www.blogsoestado.com\/evandrojunior\/files\/2022\/06\/Foto-2-683x1024.jpg\" alt=\"\" class=\"wp-image-6442\" width=\"396\" height=\"594\"\/><figcaption><strong>Thay comigo (E.J)<\/strong><\/figcaption><\/figure><\/div>\n\n\n\n<div class=\"wp-block-image\"><figure class=\"aligncenter size-large is-resized\"><img loading=\"lazy\" decoding=\"async\" src=\"https:\/\/www.blogsoestado.com\/evandrojunior\/files\/2022\/06\/Foto-3-683x1024.jpg\" alt=\"\" class=\"wp-image-6443\" width=\"401\" height=\"601\"\/><figcaption><strong>Evento foi realizado no casar\u00e3o Acasa, de Alex Palhano, na foto com Thaynara OG<\/strong><\/figcaption><\/figure><\/div>\n\n\n\n<div class=\"wp-block-image\"><figure class=\"aligncenter size-large is-resized\"><img loading=\"lazy\" decoding=\"async\" src=\"https:\/\/www.blogsoestado.com\/evandrojunior\/files\/2022\/06\/Foto-12-683x1024.jpg\" alt=\"\" class=\"wp-image-6444\" width=\"407\" height=\"610\"\/><figcaption><strong>Thay com o jornalista Oton Lima<\/strong><\/figcaption><\/figure><\/div>\n\n\n\n<p>O S\u00e3o Jo\u00e3o da Thay est\u00e1 em sua quarta edi\u00e7\u00e3o e pretende superar as expectativas das tr\u00eas anteriores, todas com saldo positivo. V\u00e1rias celebridades desembarcar\u00e3o em S\u00e3o Lu\u00eds na semana do evento para participar da festa, que n\u00e3o est\u00e1 restrita apenas \u00e0 noite no Multicenter Sebrae, mas inclui uma programa\u00e7\u00e3o tur\u00edstica e cultural.<\/p>\n\n\n\n<div class=\"wp-block-image\"><figure class=\"aligncenter size-large is-resized\"><img loading=\"lazy\" decoding=\"async\" src=\"https:\/\/www.blogsoestado.com\/evandrojunior\/files\/2022\/06\/Foto-5-683x1024.jpg\" alt=\"\" class=\"wp-image-6445\" width=\"400\" height=\"600\"\/><figcaption><strong>Cantora Fl\u00e1via Bittencourt com a influenciadora <\/strong>digital<\/figcaption><\/figure><\/div>\n\n\n\n<div class=\"wp-block-image\"><figure class=\"aligncenter size-large is-resized\"><img loading=\"lazy\" decoding=\"async\" src=\"https:\/\/www.blogsoestado.com\/evandrojunior\/files\/2022\/06\/Carol-.jpg\" alt=\"\" class=\"wp-image-6446\" width=\"409\" height=\"570\"\/><figcaption>A jornalista Carol Carvalho com Thaynara OG<\/figcaption><\/figure><\/div>\n\n\n","protected":false},"excerpt":{"rendered":"<p>S\u00e3o Lu\u00eds &#8211; A embaixadora do UNICEF, Thaynara OG, reuniu, s\u00e1bado (11), no casar\u00e3o Acasa, na Beira-Mar, um seleto grupo [&hellip;]<\/p>\n","protected":false},"author":4,"featured_media":0,"comment_status":"open","ping_status":"open","sticky":false,"template":"","format":"standard","meta":{"site-sidebar-layout":"default","site-content-layout":"","ast-site-content-layout":"default","site-content-style":"default","site-sidebar-style":"default","ast-global-header-display":"","ast-banner-title-visibility":"","ast-main-header-display":"","ast-hfb-above-header-display":"","ast-hfb-below-header-display":"","ast-hfb-mobile-header-display":"","site-post-title":"","ast-breadcrumbs-content":"","ast-featured-img":"","footer-sml-layout":"","ast-disable-related-posts":"","theme-transparent-header-meta":"","adv-header-id-meta":"","stick-header-meta":"","header-above-stick-meta":"","header-main-stick-meta":"","header-below-stick-meta":"","astra-migrate-meta-layouts":"default","ast-page-background-enabled":"default","ast-page-background-meta":{"desktop":{"background-color":"var(--ast-global-color-5)","background-image":"","background-repeat":"repeat","background-position":"center center","background-size":"auto","background-attachment":"scroll","background-type":"","background-media":"","overlay-type":"","overlay-color":"","overlay-opacity":"","overlay-gradient":""},"tablet":{"background-color":"","background-image":"","background-repeat":"repeat","background-position":"center center","background-size":"auto","background-attachment":"scroll","background-type":"","background-media":"","overlay-type":"","overlay-color":"","overlay-opacity":"","overlay-gradient":""},"mobile":{"background-color":"","background-image":"","background-repeat":"repeat","background-position":"center center","background-size":"auto","background-attachment":"scroll","background-type":"","background-media":"","overlay-type":"","overlay-color":"","overlay-opacity":"","overlay-gradient":""}},"ast-content-background-meta":{"desktop":{"background-color":"var(--ast-global-color-4)","background-image":"","background-repeat":"repeat","background-position":"center center","background-size":"auto","background-attachment":"scroll","background-type":"","background-media":"","overlay-type":"","overlay-color":"","overlay-opacity":"","overlay-gradient":""},"tablet":{"background-color":"var(--ast-global-color-4)","background-image":"","background-repeat":"repeat","background-position":"center center","background-size":"auto","background-attachment":"scroll","background-type":"","background-media":"","overlay-type":"","overlay-color":"","overlay-opacity":"","overlay-gradient":""},"mobile":{"background-color":"var(--ast-global-color-4)","background-image":"","background-repeat":"repeat","background-position":"center center","background-size":"auto","background-attachment":"scroll","background-type":"","background-media":"","overlay-type":"","overlay-color":"","overlay-opacity":"","overlay-gradient":""}},"footnotes":""},"categories":[1],"tags":[],"class_list":["post-6435","post","type-post","status-publish","format-standard","hentry","category-sem-categoria"],"yoast_head":"<!-- This site is optimized with the Yoast SEO plugin v26.6 - https:\/\/yoast.com\/wordpress\/plugins\/seo\/ -->\n<title>S\u00e3o Jo\u00e3o da Thay: embaixadora do UNICEF re\u00fane influenciadores digitais em evento intimista no casar\u00e3o Acasa - Evandro Junior<\/title>\n<meta name=\"robots\" content=\"index, follow, max-snippet:-1, max-image-preview:large, max-video-preview:-1\" \/>\n<link rel=\"canonical\" href=\"https:\/\/www.blogsoestado.com\/evandrojunior\/2022\/06\/13\/sao-joao-da-thay-embaixadora-do-unicef-reune-influenciadores-digitais-em-evento-intimista-no-casarao-acasa\/\" \/>\n<meta property=\"og:locale\" content=\"pt_BR\" \/>\n<meta property=\"og:type\" content=\"article\" \/>\n<meta property=\"og:title\" content=\"S\u00e3o Jo\u00e3o da Thay: embaixadora do UNICEF re\u00fane influenciadores digitais em evento intimista no casar\u00e3o Acasa - Evandro Junior\" \/>\n<meta property=\"og:description\" content=\"S\u00e3o Lu\u00eds &#8211; A embaixadora do UNICEF, Thaynara OG, reuniu, s\u00e1bado (11), no casar\u00e3o Acasa, na Beira-Mar, um seleto grupo [&hellip;]\" \/>\n<meta property=\"og:url\" content=\"https:\/\/www.blogsoestado.com\/evandrojunior\/2022\/06\/13\/sao-joao-da-thay-embaixadora-do-unicef-reune-influenciadores-digitais-em-evento-intimista-no-casarao-acasa\/\" \/>\n<meta property=\"og:site_name\" content=\"Evandro Junior\" \/>\n<meta property=\"article:published_time\" content=\"2022-06-13T21:00:01+00:00\" \/>\n<meta property=\"og:image\" content=\"https:\/\/www.blogsoestado.com\/evandrojunior\/files\/2022\/06\/Foto-1-1024x685.jpg\" \/>\n<meta name=\"author\" content=\"Evandro Junior\" \/>\n<meta name=\"twitter:card\" content=\"summary_large_image\" \/>\n<meta name=\"twitter:label1\" content=\"Escrito por\" \/>\n\t<meta name=\"twitter:data1\" content=\"Evandro Junior\" \/>\n\t<meta name=\"twitter:label2\" content=\"Est. tempo de leitura\" \/>\n\t<meta name=\"twitter:data2\" content=\"5 minutos\" \/>\n<script type=\"application\/ld+json\" class=\"yoast-schema-graph\">{\"@context\":\"https:\/\/schema.org\",\"@graph\":[{\"@type\":\"WebPage\",\"@id\":\"https:\/\/www.blogsoestado.com\/evandrojunior\/2022\/06\/13\/sao-joao-da-thay-embaixadora-do-unicef-reune-influenciadores-digitais-em-evento-intimista-no-casarao-acasa\/\",\"url\":\"https:\/\/www.blogsoestado.com\/evandrojunior\/2022\/06\/13\/sao-joao-da-thay-embaixadora-do-unicef-reune-influenciadores-digitais-em-evento-intimista-no-casarao-acasa\/\",\"name\":\"S\u00e3o Jo\u00e3o da Thay: embaixadora do UNICEF re\u00fane influenciadores digitais em evento intimista no casar\u00e3o Acasa - Evandro Junior\",\"isPartOf\":{\"@id\":\"https:\/\/www.blogsoestado.com\/evandrojunior\/#website\"},\"primaryImageOfPage\":{\"@id\":\"https:\/\/www.blogsoestado.com\/evandrojunior\/2022\/06\/13\/sao-joao-da-thay-embaixadora-do-unicef-reune-influenciadores-digitais-em-evento-intimista-no-casarao-acasa\/#primaryimage\"},\"image\":{\"@id\":\"https:\/\/www.blogsoestado.com\/evandrojunior\/2022\/06\/13\/sao-joao-da-thay-embaixadora-do-unicef-reune-influenciadores-digitais-em-evento-intimista-no-casarao-acasa\/#primaryimage\"},\"thumbnailUrl\":\"https:\/\/www.blogsoestado.com\/evandrojunior\/files\/2022\/06\/Foto-1-1024x685.jpg\",\"datePublished\":\"2022-06-13T21:00:01+00:00\",\"author\":{\"@id\":\"https:\/\/www.blogsoestado.com\/evandrojunior\/#\/schema\/person\/3e6c3d8dbb740d1c6878ebc935cfb3be\"},\"breadcrumb\":{\"@id\":\"https:\/\/www.blogsoestado.com\/evandrojunior\/2022\/06\/13\/sao-joao-da-thay-embaixadora-do-unicef-reune-influenciadores-digitais-em-evento-intimista-no-casarao-acasa\/#breadcrumb\"},\"inLanguage\":\"pt-BR\",\"potentialAction\":[{\"@type\":\"ReadAction\",\"target\":[\"https:\/\/www.blogsoestado.com\/evandrojunior\/2022\/06\/13\/sao-joao-da-thay-embaixadora-do-unicef-reune-influenciadores-digitais-em-evento-intimista-no-casarao-acasa\/\"]}]},{\"@type\":\"ImageObject\",\"inLanguage\":\"pt-BR\",\"@id\":\"https:\/\/www.blogsoestado.com\/evandrojunior\/2022\/06\/13\/sao-joao-da-thay-embaixadora-do-unicef-reune-influenciadores-digitais-em-evento-intimista-no-casarao-acasa\/#primaryimage\",\"url\":\"https:\/\/www.blogsoestado.com\/evandrojunior\/files\/2022\/06\/Foto-1-1024x685.jpg\",\"contentUrl\":\"https:\/\/www.blogsoestado.com\/evandrojunior\/files\/2022\/06\/Foto-1-1024x685.jpg\"},{\"@type\":\"BreadcrumbList\",\"@id\":\"https:\/\/www.blogsoestado.com\/evandrojunior\/2022\/06\/13\/sao-joao-da-thay-embaixadora-do-unicef-reune-influenciadores-digitais-em-evento-intimista-no-casarao-acasa\/#breadcrumb\",\"itemListElement\":[{\"@type\":\"ListItem\",\"position\":1,\"name\":\"In\u00edcio\",\"item\":\"https:\/\/www.blogsoestado.com\/evandrojunior\/\"},{\"@type\":\"ListItem\",\"position\":2,\"name\":\"S\u00e3o Jo\u00e3o da Thay: embaixadora do UNICEF re\u00fane influenciadores digitais em evento intimista no casar\u00e3o Acasa\"}]},{\"@type\":\"WebSite\",\"@id\":\"https:\/\/www.blogsoestado.com\/evandrojunior\/#website\",\"url\":\"https:\/\/www.blogsoestado.com\/evandrojunior\/\",\"name\":\"Evandro Junior\",\"description\":\"\",\"potentialAction\":[{\"@type\":\"SearchAction\",\"target\":{\"@type\":\"EntryPoint\",\"urlTemplate\":\"https:\/\/www.blogsoestado.com\/evandrojunior\/?s={search_term_string}\"},\"query-input\":{\"@type\":\"PropertyValueSpecification\",\"valueRequired\":true,\"valueName\":\"search_term_string\"}}],\"inLanguage\":\"pt-BR\"},{\"@type\":\"Person\",\"@id\":\"https:\/\/www.blogsoestado.com\/evandrojunior\/#\/schema\/person\/3e6c3d8dbb740d1c6878ebc935cfb3be\",\"name\":\"Evandro Junior\",\"image\":{\"@type\":\"ImageObject\",\"inLanguage\":\"pt-BR\",\"@id\":\"https:\/\/www.blogsoestado.com\/evandrojunior\/#\/schema\/person\/image\/\",\"url\":\"https:\/\/secure.gravatar.com\/avatar\/f80a03a2294a580cd2318bfb459bf354cfa8be661ef3d95b542cf9a04af8d129?s=96&d=mm&r=g\",\"contentUrl\":\"https:\/\/secure.gravatar.com\/avatar\/f80a03a2294a580cd2318bfb459bf354cfa8be661ef3d95b542cf9a04af8d129?s=96&d=mm&r=g\",\"caption\":\"Evandro Junior\"},\"url\":\"https:\/\/www.blogsoestado.com\/evandrojunior\/author\/evandrojunior\/\"}]}<\/script>\n<!-- \/ Yoast SEO plugin. -->","yoast_head_json":{"title":"S\u00e3o Jo\u00e3o da Thay: embaixadora do UNICEF re\u00fane influenciadores digitais em evento intimista no casar\u00e3o Acasa - Evandro Junior","robots":{"index":"index","follow":"follow","max-snippet":"max-snippet:-1","max-image-preview":"max-image-preview:large","max-video-preview":"max-video-preview:-1"},"canonical":"https:\/\/www.blogsoestado.com\/evandrojunior\/2022\/06\/13\/sao-joao-da-thay-embaixadora-do-unicef-reune-influenciadores-digitais-em-evento-intimista-no-casarao-acasa\/","og_locale":"pt_BR","og_type":"article","og_title":"S\u00e3o Jo\u00e3o da Thay: embaixadora do UNICEF re\u00fane influenciadores digitais em evento intimista no casar\u00e3o Acasa - Evandro Junior","og_description":"S\u00e3o Lu\u00eds &#8211; A embaixadora do UNICEF, Thaynara OG, reuniu, s\u00e1bado (11), no casar\u00e3o Acasa, na Beira-Mar, um seleto grupo [&hellip;]","og_url":"https:\/\/www.blogsoestado.com\/evandrojunior\/2022\/06\/13\/sao-joao-da-thay-embaixadora-do-unicef-reune-influenciadores-digitais-em-evento-intimista-no-casarao-acasa\/","og_site_name":"Evandro Junior","article_published_time":"2022-06-13T21:00:01+00:00","og_image":[{"url":"https:\/\/www.blogsoestado.com\/evandrojunior\/files\/2022\/06\/Foto-1-1024x685.jpg","type":"","width":"","height":""}],"author":"Evandro Junior","twitter_card":"summary_large_image","twitter_misc":{"Escrito por":"Evandro Junior","Est. tempo de leitura":"5 minutos"},"schema":{"@context":"https:\/\/schema.org","@graph":[{"@type":"WebPage","@id":"https:\/\/www.blogsoestado.com\/evandrojunior\/2022\/06\/13\/sao-joao-da-thay-embaixadora-do-unicef-reune-influenciadores-digitais-em-evento-intimista-no-casarao-acasa\/","url":"https:\/\/www.blogsoestado.com\/evandrojunior\/2022\/06\/13\/sao-joao-da-thay-embaixadora-do-unicef-reune-influenciadores-digitais-em-evento-intimista-no-casarao-acasa\/","name":"S\u00e3o Jo\u00e3o da Thay: embaixadora do UNICEF re\u00fane influenciadores digitais em evento intimista no casar\u00e3o Acasa - Evandro Junior","isPartOf":{"@id":"https:\/\/www.blogsoestado.com\/evandrojunior\/#website"},"primaryImageOfPage":{"@id":"https:\/\/www.blogsoestado.com\/evandrojunior\/2022\/06\/13\/sao-joao-da-thay-embaixadora-do-unicef-reune-influenciadores-digitais-em-evento-intimista-no-casarao-acasa\/#primaryimage"},"image":{"@id":"https:\/\/www.blogsoestado.com\/evandrojunior\/2022\/06\/13\/sao-joao-da-thay-embaixadora-do-unicef-reune-influenciadores-digitais-em-evento-intimista-no-casarao-acasa\/#primaryimage"},"thumbnailUrl":"https:\/\/www.blogsoestado.com\/evandrojunior\/files\/2022\/06\/Foto-1-1024x685.jpg","datePublished":"2022-06-13T21:00:01+00:00","author":{"@id":"https:\/\/www.blogsoestado.com\/evandrojunior\/#\/schema\/person\/3e6c3d8dbb740d1c6878ebc935cfb3be"},"breadcrumb":{"@id":"https:\/\/www.blogsoestado.com\/evandrojunior\/2022\/06\/13\/sao-joao-da-thay-embaixadora-do-unicef-reune-influenciadores-digitais-em-evento-intimista-no-casarao-acasa\/#breadcrumb"},"inLanguage":"pt-BR","potentialAction":[{"@type":"ReadAction","target":["https:\/\/www.blogsoestado.com\/evandrojunior\/2022\/06\/13\/sao-joao-da-thay-embaixadora-do-unicef-reune-influenciadores-digitais-em-evento-intimista-no-casarao-acasa\/"]}]},{"@type":"ImageObject","inLanguage":"pt-BR","@id":"https:\/\/www.blogsoestado.com\/evandrojunior\/2022\/06\/13\/sao-joao-da-thay-embaixadora-do-unicef-reune-influenciadores-digitais-em-evento-intimista-no-casarao-acasa\/#primaryimage","url":"https:\/\/www.blogsoestado.com\/evandrojunior\/files\/2022\/06\/Foto-1-1024x685.jpg","contentUrl":"https:\/\/www.blogsoestado.com\/evandrojunior\/files\/2022\/06\/Foto-1-1024x685.jpg"},{"@type":"BreadcrumbList","@id":"https:\/\/www.blogsoestado.com\/evandrojunior\/2022\/06\/13\/sao-joao-da-thay-embaixadora-do-unicef-reune-influenciadores-digitais-em-evento-intimista-no-casarao-acasa\/#breadcrumb","itemListElement":[{"@type":"ListItem","position":1,"name":"In\u00edcio","item":"https:\/\/www.blogsoestado.com\/evandrojunior\/"},{"@type":"ListItem","position":2,"name":"S\u00e3o Jo\u00e3o da Thay: embaixadora do UNICEF re\u00fane influenciadores digitais em evento intimista no casar\u00e3o Acasa"}]},{"@type":"WebSite","@id":"https:\/\/www.blogsoestado.com\/evandrojunior\/#website","url":"https:\/\/www.blogsoestado.com\/evandrojunior\/","name":"Evandro Junior","description":"","potentialAction":[{"@type":"SearchAction","target":{"@type":"EntryPoint","urlTemplate":"https:\/\/www.blogsoestado.com\/evandrojunior\/?s={search_term_string}"},"query-input":{"@type":"PropertyValueSpecification","valueRequired":true,"valueName":"search_term_string"}}],"inLanguage":"pt-BR"},{"@type":"Person","@id":"https:\/\/www.blogsoestado.com\/evandrojunior\/#\/schema\/person\/3e6c3d8dbb740d1c6878ebc935cfb3be","name":"Evandro Junior","image":{"@type":"ImageObject","inLanguage":"pt-BR","@id":"https:\/\/www.blogsoestado.com\/evandrojunior\/#\/schema\/person\/image\/","url":"https:\/\/secure.gravatar.com\/avatar\/f80a03a2294a580cd2318bfb459bf354cfa8be661ef3d95b542cf9a04af8d129?s=96&d=mm&r=g","contentUrl":"https:\/\/secure.gravatar.com\/avatar\/f80a03a2294a580cd2318bfb459bf354cfa8be661ef3d95b542cf9a04af8d129?s=96&d=mm&r=g","caption":"Evandro Junior"},"url":"https:\/\/www.blogsoestado.com\/evandrojunior\/author\/evandrojunior\/"}]}},"jetpack_featured_media_url":"","_links":{"self":[{"href":"https:\/\/www.blogsoestado.com\/evandrojunior\/wp-json\/wp\/v2\/posts\/6435","targetHints":{"allow":["GET"]}}],"collection":[{"href":"https:\/\/www.blogsoestado.com\/evandrojunior\/wp-json\/wp\/v2\/posts"}],"about":[{"href":"https:\/\/www.blogsoestado.com\/evandrojunior\/wp-json\/wp\/v2\/types\/post"}],"author":[{"embeddable":true,"href":"https:\/\/www.blogsoestado.com\/evandrojunior\/wp-json\/wp\/v2\/users\/4"}],"replies":[{"embeddable":true,"href":"https:\/\/www.blogsoestado.com\/evandrojunior\/wp-json\/wp\/v2\/comments?post=6435"}],"version-history":[{"count":0,"href":"https:\/\/www.blogsoestado.com\/evandrojunior\/wp-json\/wp\/v2\/posts\/6435\/revisions"}],"wp:attachment":[{"href":"https:\/\/www.blogsoestado.com\/evandrojunior\/wp-json\/wp\/v2\/media?parent=6435"}],"wp:term":[{"taxonomy":"category","embeddable":true,"href":"https:\/\/www.blogsoestado.com\/evandrojunior\/wp-json\/wp\/v2\/categories?post=6435"},{"taxonomy":"post_tag","embeddable":true,"href":"https:\/\/www.blogsoestado.com\/evandrojunior\/wp-json\/wp\/v2\/tags?post=6435"}],"curies":[{"name":"wp","href":"https:\/\/api.w.org\/{rel}","templated":true}]}}