{"id":6473,"date":"2022-06-22T09:33:29","date_gmt":"2022-06-22T12:33:29","guid":{"rendered":"https:\/\/www.blogsoestado.com\/evandrojunior\/?p=6473"},"modified":"2022-06-22T09:33:29","modified_gmt":"2022-06-22T12:33:29","slug":"juiz-da-2a-vara-do-trabalho-de-sao-luis-ministrara-curso-de-extensao-na-faene","status":"publish","type":"post","link":"https:\/\/www.blogsoestado.com\/evandrojunior\/2022\/06\/22\/juiz-da-2a-vara-do-trabalho-de-sao-luis-ministrara-curso-de-extensao-na-faene\/","title":{"rendered":"Juiz da 2\u00aa Vara do Trabalho de S\u00e3o Lu\u00eds ministrar\u00e1 curso de extens\u00e3o na Faene"},"content":{"rendered":"\n<div class=\"wp-block-image\"><figure class=\"aligncenter size-large is-resized\"><img fetchpriority=\"high\" decoding=\"async\" src=\"https:\/\/www.blogsoestado.com\/evandrojunior\/files\/2022\/06\/Juiz-1024x768.jpg\" alt=\"\" class=\"wp-image-6474\" width=\"585\" height=\"439\"\/><figcaption>Saulo Tarc\u00edsio de Carvalho Fontes \u00e9 mestre em Direito pela Universidade Federal de Pernambuco e doutorando em Direito pelo Uniceub<\/figcaption><\/figure><\/div>\n\n\n\n<p><strong>S\u00e3o Lu\u00eds &#8211; <\/strong>O juiz Saulo Tarc\u00edsio de Carvalho Fontes, titular da 2\u00aa Vara do Trabalho de S\u00e3o Lu\u00eds e auxiliar da Presid\u00eancia do Tribunal Regional do Trabalho, \u00e9 quem ministrar\u00e1 o curso de extens\u00e3o em Direito e Processo do Trabalho, de 14 a 16 de julho, na Faculdade de Neg\u00f3cios Faene, no Residencial Pinheiros. O curso, presencial com transmiss\u00e3o online, ser\u00e1 direcionado a alunos da institui\u00e7\u00e3o e p\u00fablico externo, bem como de \u00e1reas afins e de outros campos de atua\u00e7\u00e3o.<\/p>\n\n\n\n<p>Nos dois primeiros dias, as aulas acontecer\u00e3o das 18h \u00e0s 22h e no s\u00e1bado, de 8h \u00e0s 12h. O conte\u00fado abordar\u00e1, entre outros assuntos, \u201cAcidente de Trabalho e Doen\u00e7as Ocupacionais\u201d, \u201cSistema Recursal Trabalhista\u201d, \u201cTutelas Provis\u00f3rias\u201d e \u201cProva no Processo do Trabalho\u201d, entre outros.<\/p>\n\n\n\n<p>De acordo com o juiz, o conte\u00fado abordar\u00e1 atualiza\u00e7\u00f5es incorporadas durante o per\u00edodo da pandemia do novo coronav\u00edrus, as quais refletiram no Direito e no processo de trabalho. <\/p>\n\n\n\n<p>\u201cCom a chegada do novo coronav\u00edrus no Brasil, o trabalho em formato homeoffice, por exemplo, se tornou tend\u00eancia. E essa mudan\u00e7a repentina fez com que as leis trabalhistas tamb\u00e9m mudassem, tendo que atender \u00e0 nova realidade. S\u00e3o mudan\u00e7as na jurisprud\u00eancia, decorrentes, inclusive, das inova\u00e7\u00f5es tecnol\u00f3gicas. Vamos detalhar as altera\u00e7\u00f5es mais relevantes\u201d, frisou.<\/p>\n\n\n\n<p>O curso \u00e9 direcionado a estudantes de Direito e de \u00e1reas correlacionadas, profissionais de Recursos Humanos, sindicalistas e at\u00e9 da medicina do trabalho, entre outras. Saulo Tarc\u00edsio de Carvalho Fontes \u00e9 mestre em Direito pela Universidade Federal de Pernambuco (UFPE) e doutorando em Direito pelo Uniceub, com tese j\u00e1 defendida.<\/p>\n","protected":false},"excerpt":{"rendered":"<p>S\u00e3o Lu\u00eds &#8211; O juiz Saulo Tarc\u00edsio de Carvalho Fontes, titular da 2\u00aa Vara do Trabalho de S\u00e3o Lu\u00eds e [&hellip;]<\/p>\n","protected":false},"author":4,"featured_media":0,"comment_status":"open","ping_status":"open","sticky":false,"template":"","format":"standard","meta":{"site-sidebar-layout":"default","site-content-layout":"","ast-site-content-layout":"default","site-content-style":"default","site-sidebar-style":"default","ast-global-header-display":"","ast-banner-title-visibility":"","ast-main-header-display":"","ast-hfb-above-header-display":"","ast-hfb-below-header-display":"","ast-hfb-mobile-header-display":"","site-post-title":"","ast-breadcrumbs-content":"","ast-featured-img":"","footer-sml-layout":"","ast-disable-related-posts":"","theme-transparent-header-meta":"","adv-header-id-meta":"","stick-header-meta":"","header-above-stick-meta":"","header-main-stick-meta":"","header-below-stick-meta":"","astra-migrate-meta-layouts":"default","ast-page-background-enabled":"default","ast-page-background-meta":{"desktop":{"background-color":"var(--ast-global-color-5)","background-image":"","background-repeat":"repeat","background-position":"center center","background-size":"auto","background-attachment":"scroll","background-type":"","background-media":"","overlay-type":"","overlay-color":"","overlay-opacity":"","overlay-gradient":""},"tablet":{"background-color":"","background-image":"","background-repeat":"repeat","background-position":"center center","background-size":"auto","background-attachment":"scroll","background-type":"","background-media":"","overlay-type":"","overlay-color":"","overlay-opacity":"","overlay-gradient":""},"mobile":{"background-color":"","background-image":"","background-repeat":"repeat","background-position":"center center","background-size":"auto","background-attachment":"scroll","background-type":"","background-media":"","overlay-type":"","overlay-color":"","overlay-opacity":"","overlay-gradient":""}},"ast-content-background-meta":{"desktop":{"background-color":"var(--ast-global-color-4)","background-image":"","background-repeat":"repeat","background-position":"center center","background-size":"auto","background-attachment":"scroll","background-type":"","background-media":"","overlay-type":"","overlay-color":"","overlay-opacity":"","overlay-gradient":""},"tablet":{"background-color":"var(--ast-global-color-4)","background-image":"","background-repeat":"repeat","background-position":"center center","background-size":"auto","background-attachment":"scroll","background-type":"","background-media":"","overlay-type":"","overlay-color":"","overlay-opacity":"","overlay-gradient":""},"mobile":{"background-color":"var(--ast-global-color-4)","background-image":"","background-repeat":"repeat","background-position":"center center","background-size":"auto","background-attachment":"scroll","background-type":"","background-media":"","overlay-type":"","overlay-color":"","overlay-opacity":"","overlay-gradient":""}},"footnotes":""},"categories":[1],"tags":[],"class_list":["post-6473","post","type-post","status-publish","format-standard","hentry","category-sem-categoria"],"yoast_head":"<!-- This site is optimized with the Yoast SEO plugin v26.6 - https:\/\/yoast.com\/wordpress\/plugins\/seo\/ -->\n<title>Juiz da 2\u00aa Vara do Trabalho de S\u00e3o Lu\u00eds ministrar\u00e1 curso de extens\u00e3o na Faene - Evandro Junior<\/title>\n<meta name=\"robots\" content=\"index, follow, max-snippet:-1, max-image-preview:large, max-video-preview:-1\" \/>\n<link rel=\"canonical\" href=\"https:\/\/www.blogsoestado.com\/evandrojunior\/2022\/06\/22\/juiz-da-2a-vara-do-trabalho-de-sao-luis-ministrara-curso-de-extensao-na-faene\/\" \/>\n<meta property=\"og:locale\" content=\"pt_BR\" \/>\n<meta property=\"og:type\" content=\"article\" \/>\n<meta property=\"og:title\" content=\"Juiz da 2\u00aa Vara do Trabalho de S\u00e3o Lu\u00eds ministrar\u00e1 curso de extens\u00e3o na Faene - Evandro Junior\" \/>\n<meta property=\"og:description\" content=\"S\u00e3o Lu\u00eds &#8211; O juiz Saulo Tarc\u00edsio de Carvalho Fontes, titular da 2\u00aa Vara do Trabalho de S\u00e3o Lu\u00eds e [&hellip;]\" \/>\n<meta property=\"og:url\" content=\"https:\/\/www.blogsoestado.com\/evandrojunior\/2022\/06\/22\/juiz-da-2a-vara-do-trabalho-de-sao-luis-ministrara-curso-de-extensao-na-faene\/\" \/>\n<meta property=\"og:site_name\" content=\"Evandro Junior\" \/>\n<meta property=\"article:published_time\" content=\"2022-06-22T12:33:29+00:00\" \/>\n<meta property=\"og:image\" content=\"https:\/\/www.blogsoestado.com\/evandrojunior\/files\/2022\/06\/Juiz-1024x768.jpg\" \/>\n<meta name=\"author\" content=\"Evandro Junior\" \/>\n<meta name=\"twitter:card\" content=\"summary_large_image\" \/>\n<meta name=\"twitter:label1\" content=\"Escrito por\" \/>\n\t<meta name=\"twitter:data1\" content=\"Evandro Junior\" \/>\n\t<meta name=\"twitter:label2\" content=\"Est. tempo de leitura\" \/>\n\t<meta name=\"twitter:data2\" content=\"2 minutos\" \/>\n<script type=\"application\/ld+json\" class=\"yoast-schema-graph\">{\"@context\":\"https:\/\/schema.org\",\"@graph\":[{\"@type\":\"WebPage\",\"@id\":\"https:\/\/www.blogsoestado.com\/evandrojunior\/2022\/06\/22\/juiz-da-2a-vara-do-trabalho-de-sao-luis-ministrara-curso-de-extensao-na-faene\/\",\"url\":\"https:\/\/www.blogsoestado.com\/evandrojunior\/2022\/06\/22\/juiz-da-2a-vara-do-trabalho-de-sao-luis-ministrara-curso-de-extensao-na-faene\/\",\"name\":\"Juiz da 2\u00aa Vara do Trabalho de S\u00e3o Lu\u00eds ministrar\u00e1 curso de extens\u00e3o na Faene - Evandro Junior\",\"isPartOf\":{\"@id\":\"https:\/\/www.blogsoestado.com\/evandrojunior\/#website\"},\"primaryImageOfPage\":{\"@id\":\"https:\/\/www.blogsoestado.com\/evandrojunior\/2022\/06\/22\/juiz-da-2a-vara-do-trabalho-de-sao-luis-ministrara-curso-de-extensao-na-faene\/#primaryimage\"},\"image\":{\"@id\":\"https:\/\/www.blogsoestado.com\/evandrojunior\/2022\/06\/22\/juiz-da-2a-vara-do-trabalho-de-sao-luis-ministrara-curso-de-extensao-na-faene\/#primaryimage\"},\"thumbnailUrl\":\"https:\/\/www.blogsoestado.com\/evandrojunior\/files\/2022\/06\/Juiz-1024x768.jpg\",\"datePublished\":\"2022-06-22T12:33:29+00:00\",\"author\":{\"@id\":\"https:\/\/www.blogsoestado.com\/evandrojunior\/#\/schema\/person\/3e6c3d8dbb740d1c6878ebc935cfb3be\"},\"breadcrumb\":{\"@id\":\"https:\/\/www.blogsoestado.com\/evandrojunior\/2022\/06\/22\/juiz-da-2a-vara-do-trabalho-de-sao-luis-ministrara-curso-de-extensao-na-faene\/#breadcrumb\"},\"inLanguage\":\"pt-BR\",\"potentialAction\":[{\"@type\":\"ReadAction\",\"target\":[\"https:\/\/www.blogsoestado.com\/evandrojunior\/2022\/06\/22\/juiz-da-2a-vara-do-trabalho-de-sao-luis-ministrara-curso-de-extensao-na-faene\/\"]}]},{\"@type\":\"ImageObject\",\"inLanguage\":\"pt-BR\",\"@id\":\"https:\/\/www.blogsoestado.com\/evandrojunior\/2022\/06\/22\/juiz-da-2a-vara-do-trabalho-de-sao-luis-ministrara-curso-de-extensao-na-faene\/#primaryimage\",\"url\":\"https:\/\/www.blogsoestado.com\/evandrojunior\/files\/2022\/06\/Juiz-1024x768.jpg\",\"contentUrl\":\"https:\/\/www.blogsoestado.com\/evandrojunior\/files\/2022\/06\/Juiz-1024x768.jpg\"},{\"@type\":\"BreadcrumbList\",\"@id\":\"https:\/\/www.blogsoestado.com\/evandrojunior\/2022\/06\/22\/juiz-da-2a-vara-do-trabalho-de-sao-luis-ministrara-curso-de-extensao-na-faene\/#breadcrumb\",\"itemListElement\":[{\"@type\":\"ListItem\",\"position\":1,\"name\":\"In\u00edcio\",\"item\":\"https:\/\/www.blogsoestado.com\/evandrojunior\/\"},{\"@type\":\"ListItem\",\"position\":2,\"name\":\"Juiz da 2\u00aa Vara do Trabalho de S\u00e3o Lu\u00eds ministrar\u00e1 curso de extens\u00e3o na Faene\"}]},{\"@type\":\"WebSite\",\"@id\":\"https:\/\/www.blogsoestado.com\/evandrojunior\/#website\",\"url\":\"https:\/\/www.blogsoestado.com\/evandrojunior\/\",\"name\":\"Evandro Junior\",\"description\":\"\",\"potentialAction\":[{\"@type\":\"SearchAction\",\"target\":{\"@type\":\"EntryPoint\",\"urlTemplate\":\"https:\/\/www.blogsoestado.com\/evandrojunior\/?s={search_term_string}\"},\"query-input\":{\"@type\":\"PropertyValueSpecification\",\"valueRequired\":true,\"valueName\":\"search_term_string\"}}],\"inLanguage\":\"pt-BR\"},{\"@type\":\"Person\",\"@id\":\"https:\/\/www.blogsoestado.com\/evandrojunior\/#\/schema\/person\/3e6c3d8dbb740d1c6878ebc935cfb3be\",\"name\":\"Evandro Junior\",\"image\":{\"@type\":\"ImageObject\",\"inLanguage\":\"pt-BR\",\"@id\":\"https:\/\/www.blogsoestado.com\/evandrojunior\/#\/schema\/person\/image\/\",\"url\":\"https:\/\/secure.gravatar.com\/avatar\/f80a03a2294a580cd2318bfb459bf354cfa8be661ef3d95b542cf9a04af8d129?s=96&d=mm&r=g\",\"contentUrl\":\"https:\/\/secure.gravatar.com\/avatar\/f80a03a2294a580cd2318bfb459bf354cfa8be661ef3d95b542cf9a04af8d129?s=96&d=mm&r=g\",\"caption\":\"Evandro Junior\"},\"url\":\"https:\/\/www.blogsoestado.com\/evandrojunior\/author\/evandrojunior\/\"}]}<\/script>\n<!-- \/ Yoast SEO plugin. -->","yoast_head_json":{"title":"Juiz da 2\u00aa Vara do Trabalho de S\u00e3o Lu\u00eds ministrar\u00e1 curso de extens\u00e3o na Faene - Evandro Junior","robots":{"index":"index","follow":"follow","max-snippet":"max-snippet:-1","max-image-preview":"max-image-preview:large","max-video-preview":"max-video-preview:-1"},"canonical":"https:\/\/www.blogsoestado.com\/evandrojunior\/2022\/06\/22\/juiz-da-2a-vara-do-trabalho-de-sao-luis-ministrara-curso-de-extensao-na-faene\/","og_locale":"pt_BR","og_type":"article","og_title":"Juiz da 2\u00aa Vara do Trabalho de S\u00e3o Lu\u00eds ministrar\u00e1 curso de extens\u00e3o na Faene - Evandro Junior","og_description":"S\u00e3o Lu\u00eds &#8211; O juiz Saulo Tarc\u00edsio de Carvalho Fontes, titular da 2\u00aa Vara do Trabalho de S\u00e3o Lu\u00eds e [&hellip;]","og_url":"https:\/\/www.blogsoestado.com\/evandrojunior\/2022\/06\/22\/juiz-da-2a-vara-do-trabalho-de-sao-luis-ministrara-curso-de-extensao-na-faene\/","og_site_name":"Evandro Junior","article_published_time":"2022-06-22T12:33:29+00:00","og_image":[{"url":"https:\/\/www.blogsoestado.com\/evandrojunior\/files\/2022\/06\/Juiz-1024x768.jpg","type":"","width":"","height":""}],"author":"Evandro Junior","twitter_card":"summary_large_image","twitter_misc":{"Escrito por":"Evandro Junior","Est. tempo de leitura":"2 minutos"},"schema":{"@context":"https:\/\/schema.org","@graph":[{"@type":"WebPage","@id":"https:\/\/www.blogsoestado.com\/evandrojunior\/2022\/06\/22\/juiz-da-2a-vara-do-trabalho-de-sao-luis-ministrara-curso-de-extensao-na-faene\/","url":"https:\/\/www.blogsoestado.com\/evandrojunior\/2022\/06\/22\/juiz-da-2a-vara-do-trabalho-de-sao-luis-ministrara-curso-de-extensao-na-faene\/","name":"Juiz da 2\u00aa Vara do Trabalho de S\u00e3o Lu\u00eds ministrar\u00e1 curso de extens\u00e3o na Faene - Evandro Junior","isPartOf":{"@id":"https:\/\/www.blogsoestado.com\/evandrojunior\/#website"},"primaryImageOfPage":{"@id":"https:\/\/www.blogsoestado.com\/evandrojunior\/2022\/06\/22\/juiz-da-2a-vara-do-trabalho-de-sao-luis-ministrara-curso-de-extensao-na-faene\/#primaryimage"},"image":{"@id":"https:\/\/www.blogsoestado.com\/evandrojunior\/2022\/06\/22\/juiz-da-2a-vara-do-trabalho-de-sao-luis-ministrara-curso-de-extensao-na-faene\/#primaryimage"},"thumbnailUrl":"https:\/\/www.blogsoestado.com\/evandrojunior\/files\/2022\/06\/Juiz-1024x768.jpg","datePublished":"2022-06-22T12:33:29+00:00","author":{"@id":"https:\/\/www.blogsoestado.com\/evandrojunior\/#\/schema\/person\/3e6c3d8dbb740d1c6878ebc935cfb3be"},"breadcrumb":{"@id":"https:\/\/www.blogsoestado.com\/evandrojunior\/2022\/06\/22\/juiz-da-2a-vara-do-trabalho-de-sao-luis-ministrara-curso-de-extensao-na-faene\/#breadcrumb"},"inLanguage":"pt-BR","potentialAction":[{"@type":"ReadAction","target":["https:\/\/www.blogsoestado.com\/evandrojunior\/2022\/06\/22\/juiz-da-2a-vara-do-trabalho-de-sao-luis-ministrara-curso-de-extensao-na-faene\/"]}]},{"@type":"ImageObject","inLanguage":"pt-BR","@id":"https:\/\/www.blogsoestado.com\/evandrojunior\/2022\/06\/22\/juiz-da-2a-vara-do-trabalho-de-sao-luis-ministrara-curso-de-extensao-na-faene\/#primaryimage","url":"https:\/\/www.blogsoestado.com\/evandrojunior\/files\/2022\/06\/Juiz-1024x768.jpg","contentUrl":"https:\/\/www.blogsoestado.com\/evandrojunior\/files\/2022\/06\/Juiz-1024x768.jpg"},{"@type":"BreadcrumbList","@id":"https:\/\/www.blogsoestado.com\/evandrojunior\/2022\/06\/22\/juiz-da-2a-vara-do-trabalho-de-sao-luis-ministrara-curso-de-extensao-na-faene\/#breadcrumb","itemListElement":[{"@type":"ListItem","position":1,"name":"In\u00edcio","item":"https:\/\/www.blogsoestado.com\/evandrojunior\/"},{"@type":"ListItem","position":2,"name":"Juiz da 2\u00aa Vara do Trabalho de S\u00e3o Lu\u00eds ministrar\u00e1 curso de extens\u00e3o na Faene"}]},{"@type":"WebSite","@id":"https:\/\/www.blogsoestado.com\/evandrojunior\/#website","url":"https:\/\/www.blogsoestado.com\/evandrojunior\/","name":"Evandro Junior","description":"","potentialAction":[{"@type":"SearchAction","target":{"@type":"EntryPoint","urlTemplate":"https:\/\/www.blogsoestado.com\/evandrojunior\/?s={search_term_string}"},"query-input":{"@type":"PropertyValueSpecification","valueRequired":true,"valueName":"search_term_string"}}],"inLanguage":"pt-BR"},{"@type":"Person","@id":"https:\/\/www.blogsoestado.com\/evandrojunior\/#\/schema\/person\/3e6c3d8dbb740d1c6878ebc935cfb3be","name":"Evandro Junior","image":{"@type":"ImageObject","inLanguage":"pt-BR","@id":"https:\/\/www.blogsoestado.com\/evandrojunior\/#\/schema\/person\/image\/","url":"https:\/\/secure.gravatar.com\/avatar\/f80a03a2294a580cd2318bfb459bf354cfa8be661ef3d95b542cf9a04af8d129?s=96&d=mm&r=g","contentUrl":"https:\/\/secure.gravatar.com\/avatar\/f80a03a2294a580cd2318bfb459bf354cfa8be661ef3d95b542cf9a04af8d129?s=96&d=mm&r=g","caption":"Evandro Junior"},"url":"https:\/\/www.blogsoestado.com\/evandrojunior\/author\/evandrojunior\/"}]}},"jetpack_featured_media_url":"","_links":{"self":[{"href":"https:\/\/www.blogsoestado.com\/evandrojunior\/wp-json\/wp\/v2\/posts\/6473","targetHints":{"allow":["GET"]}}],"collection":[{"href":"https:\/\/www.blogsoestado.com\/evandrojunior\/wp-json\/wp\/v2\/posts"}],"about":[{"href":"https:\/\/www.blogsoestado.com\/evandrojunior\/wp-json\/wp\/v2\/types\/post"}],"author":[{"embeddable":true,"href":"https:\/\/www.blogsoestado.com\/evandrojunior\/wp-json\/wp\/v2\/users\/4"}],"replies":[{"embeddable":true,"href":"https:\/\/www.blogsoestado.com\/evandrojunior\/wp-json\/wp\/v2\/comments?post=6473"}],"version-history":[{"count":0,"href":"https:\/\/www.blogsoestado.com\/evandrojunior\/wp-json\/wp\/v2\/posts\/6473\/revisions"}],"wp:attachment":[{"href":"https:\/\/www.blogsoestado.com\/evandrojunior\/wp-json\/wp\/v2\/media?parent=6473"}],"wp:term":[{"taxonomy":"category","embeddable":true,"href":"https:\/\/www.blogsoestado.com\/evandrojunior\/wp-json\/wp\/v2\/categories?post=6473"},{"taxonomy":"post_tag","embeddable":true,"href":"https:\/\/www.blogsoestado.com\/evandrojunior\/wp-json\/wp\/v2\/tags?post=6473"}],"curies":[{"name":"wp","href":"https:\/\/api.w.org\/{rel}","templated":true}]}}