{"id":6620,"date":"2022-07-14T10:23:48","date_gmt":"2022-07-14T13:23:48","guid":{"rendered":"https:\/\/www.blogsoestado.com\/evandrojunior\/?p=6620"},"modified":"2022-07-14T10:23:48","modified_gmt":"2022-07-14T13:23:48","slug":"feijoada-do-maranhao-sera-realizada-no-dia-27-de-agosto-em-belo-horizonte","status":"publish","type":"post","link":"https:\/\/www.blogsoestado.com\/evandrojunior\/2022\/07\/14\/feijoada-do-maranhao-sera-realizada-no-dia-27-de-agosto-em-belo-horizonte\/","title":{"rendered":"Feijoada do Maranh\u00e3o ser\u00e1 realizada no dia 27 de agosto em Belo Horizonte"},"content":{"rendered":"\n<div class=\"wp-block-image\"><figure class=\"aligncenter size-large is-resized\"><img fetchpriority=\"high\" decoding=\"async\" src=\"https:\/\/www.blogsoestado.com\/evandrojunior\/files\/2022\/07\/Valdez-Maranhao--1024x694.jpg\" alt=\"\" class=\"wp-image-6621\" width=\"554\" height=\"375\"\/><figcaption>Valdez Maranh\u00e3o vai celebrar os 31 anos da Feijoada do Maranh\u00e3o no dia 27 de agosto, no Hotel Dayrell, em BH, e no dia 22 de outubro, no Rio Poty Hotel, em S\u00e3o Lu\u00eds<\/figcaption><\/figure><\/div>\n\n\n\n<p>S\u00e3o Lu\u00eds &#8211; Um dos mais tradicionais eventos do calend\u00e1rio gastron\u00f4mico e cultural de Minas Gerais, a\u00a0Feijoada do Maranh\u00e3o j\u00e1 tem nova edi\u00e7\u00e3o marcada:\u00a027 de agosto, das\u00a013h \u00e0s 18h,\u00a0no badalado\u00a0Hotel Dayrell, em Belo Horizonte.<\/p>\n\n\n\n<p>A\u00a0Feijoada\u00a0do\u00a0Maranh\u00e3o\u00a0contar\u00e1\u00a0com\u00a0diversos\u00a0convidados\u00a0vips, al\u00e9m de\u00a0toda\u00a0a\u00a0imprensa\u00a0de\u00a0S\u00e3o\u00a0Lu\u00eds e\u00a0de\u00a0Belo\u00a0Horizonte,\u00a0\u00a0como\u00a0TVs,\u00a0revistas, jornais, blogs\u00a0e\u00a0sites.<\/p>\n\n\n\n<p>Entre as atra\u00e7\u00f5es musicais j\u00e1 est\u00e1 confirmada a presen\u00e7a da banda\u00a0Baianeiros, o melhor do sertanejo com Henrique &amp; Manoel e uma bateria de escola de samba para\u00a0relembrar\u00a0os\u00a0\u00a031\u00a0anos\u00a0da\u00a0Feijoada\u00a0do\u00a0Maranh\u00e3o.<\/p>\n\n\n\n<p>As\u00a0camisas\u00a0t\u00eam\u00a0assinatura\u00a0do\u00a0artista\u00a0Thiago\u00a0Ferreira,\u00a0\u00e0\u00a0venda\u00a0no\u00a0Buteco\u00a0do\u00a0Maranh\u00e3o.\u00a0\u00a0O evento\u00a0em\u00a0S\u00e3o Lu\u00eds\u00a0acontecer\u00e1 no\u00a0dia\u00a022\u00a0de\u00a0outubro,\u00a0no Rio Poty Hotel, com\u00a0uma\u00a0grande\u00a0presen\u00e7a\u00a0de mineiros\u00a0e\u00a0maranhenses.\u00a0<\/p>\n\n\n\n<p><strong>Hist\u00f3ria da Feijoada de Maranh\u00e3o<\/strong><\/p>\n\n\n\n<p>A Feijoada tem uma hist\u00f3ria curiosa.\u00a0A primeira vers\u00e3o aconteceu em 1991, quando Valdez Maranh\u00e3o, ent\u00e3o fot\u00f3grafo do antigo Jornal de Minas, perdeu sua m\u00e1quina fotogr\u00e1fica. Sem capital para adquirir outra c\u00e2mera, seu instrumento de trabalho, ele resolveu, por sugest\u00e3o dos amigos, fazer a Feijoada. O evento foi um sucesso, sendo realizado anualmente desde ent\u00e3o. <\/p>\n","protected":false},"excerpt":{"rendered":"<p>S\u00e3o Lu\u00eds &#8211; Um dos mais tradicionais eventos do calend\u00e1rio gastron\u00f4mico e cultural de Minas Gerais, a\u00a0Feijoada do Maranh\u00e3o j\u00e1 [&hellip;]<\/p>\n","protected":false},"author":4,"featured_media":0,"comment_status":"open","ping_status":"open","sticky":false,"template":"","format":"standard","meta":{"site-sidebar-layout":"default","site-content-layout":"","ast-site-content-layout":"default","site-content-style":"default","site-sidebar-style":"default","ast-global-header-display":"","ast-banner-title-visibility":"","ast-main-header-display":"","ast-hfb-above-header-display":"","ast-hfb-below-header-display":"","ast-hfb-mobile-header-display":"","site-post-title":"","ast-breadcrumbs-content":"","ast-featured-img":"","footer-sml-layout":"","ast-disable-related-posts":"","theme-transparent-header-meta":"","adv-header-id-meta":"","stick-header-meta":"","header-above-stick-meta":"","header-main-stick-meta":"","header-below-stick-meta":"","astra-migrate-meta-layouts":"default","ast-page-background-enabled":"default","ast-page-background-meta":{"desktop":{"background-color":"var(--ast-global-color-5)","background-image":"","background-repeat":"repeat","background-position":"center center","background-size":"auto","background-attachment":"scroll","background-type":"","background-media":"","overlay-type":"","overlay-color":"","overlay-opacity":"","overlay-gradient":""},"tablet":{"background-color":"","background-image":"","background-repeat":"repeat","background-position":"center center","background-size":"auto","background-attachment":"scroll","background-type":"","background-media":"","overlay-type":"","overlay-color":"","overlay-opacity":"","overlay-gradient":""},"mobile":{"background-color":"","background-image":"","background-repeat":"repeat","background-position":"center center","background-size":"auto","background-attachment":"scroll","background-type":"","background-media":"","overlay-type":"","overlay-color":"","overlay-opacity":"","overlay-gradient":""}},"ast-content-background-meta":{"desktop":{"background-color":"var(--ast-global-color-4)","background-image":"","background-repeat":"repeat","background-position":"center center","background-size":"auto","background-attachment":"scroll","background-type":"","background-media":"","overlay-type":"","overlay-color":"","overlay-opacity":"","overlay-gradient":""},"tablet":{"background-color":"var(--ast-global-color-4)","background-image":"","background-repeat":"repeat","background-position":"center center","background-size":"auto","background-attachment":"scroll","background-type":"","background-media":"","overlay-type":"","overlay-color":"","overlay-opacity":"","overlay-gradient":""},"mobile":{"background-color":"var(--ast-global-color-4)","background-image":"","background-repeat":"repeat","background-position":"center center","background-size":"auto","background-attachment":"scroll","background-type":"","background-media":"","overlay-type":"","overlay-color":"","overlay-opacity":"","overlay-gradient":""}},"footnotes":""},"categories":[1],"tags":[],"class_list":["post-6620","post","type-post","status-publish","format-standard","hentry","category-sem-categoria"],"yoast_head":"<!-- This site is optimized with the Yoast SEO plugin v26.6 - https:\/\/yoast.com\/wordpress\/plugins\/seo\/ -->\n<title>Feijoada do Maranh\u00e3o ser\u00e1 realizada no dia 27 de agosto em Belo Horizonte - Evandro Junior<\/title>\n<meta name=\"robots\" content=\"index, follow, max-snippet:-1, max-image-preview:large, max-video-preview:-1\" \/>\n<link rel=\"canonical\" href=\"https:\/\/www.blogsoestado.com\/evandrojunior\/2022\/07\/14\/feijoada-do-maranhao-sera-realizada-no-dia-27-de-agosto-em-belo-horizonte\/\" \/>\n<meta property=\"og:locale\" content=\"pt_BR\" \/>\n<meta property=\"og:type\" content=\"article\" \/>\n<meta property=\"og:title\" content=\"Feijoada do Maranh\u00e3o ser\u00e1 realizada no dia 27 de agosto em Belo Horizonte - Evandro Junior\" \/>\n<meta property=\"og:description\" content=\"S\u00e3o Lu\u00eds &#8211; Um dos mais tradicionais eventos do calend\u00e1rio gastron\u00f4mico e cultural de Minas Gerais, a\u00a0Feijoada do Maranh\u00e3o j\u00e1 [&hellip;]\" \/>\n<meta property=\"og:url\" content=\"https:\/\/www.blogsoestado.com\/evandrojunior\/2022\/07\/14\/feijoada-do-maranhao-sera-realizada-no-dia-27-de-agosto-em-belo-horizonte\/\" \/>\n<meta property=\"og:site_name\" content=\"Evandro Junior\" \/>\n<meta property=\"article:published_time\" content=\"2022-07-14T13:23:48+00:00\" \/>\n<meta property=\"og:image\" content=\"https:\/\/www.blogsoestado.com\/evandrojunior\/files\/2022\/07\/Valdez-Maranhao--1024x694.jpg\" \/>\n<meta name=\"author\" content=\"Evandro Junior\" \/>\n<meta name=\"twitter:card\" content=\"summary_large_image\" \/>\n<meta name=\"twitter:label1\" content=\"Escrito por\" \/>\n\t<meta name=\"twitter:data1\" content=\"Evandro Junior\" \/>\n\t<meta name=\"twitter:label2\" content=\"Est. tempo de leitura\" \/>\n\t<meta name=\"twitter:data2\" content=\"2 minutos\" \/>\n<script type=\"application\/ld+json\" class=\"yoast-schema-graph\">{\"@context\":\"https:\/\/schema.org\",\"@graph\":[{\"@type\":\"WebPage\",\"@id\":\"https:\/\/www.blogsoestado.com\/evandrojunior\/2022\/07\/14\/feijoada-do-maranhao-sera-realizada-no-dia-27-de-agosto-em-belo-horizonte\/\",\"url\":\"https:\/\/www.blogsoestado.com\/evandrojunior\/2022\/07\/14\/feijoada-do-maranhao-sera-realizada-no-dia-27-de-agosto-em-belo-horizonte\/\",\"name\":\"Feijoada do Maranh\u00e3o ser\u00e1 realizada no dia 27 de agosto em Belo Horizonte - Evandro Junior\",\"isPartOf\":{\"@id\":\"https:\/\/www.blogsoestado.com\/evandrojunior\/#website\"},\"primaryImageOfPage\":{\"@id\":\"https:\/\/www.blogsoestado.com\/evandrojunior\/2022\/07\/14\/feijoada-do-maranhao-sera-realizada-no-dia-27-de-agosto-em-belo-horizonte\/#primaryimage\"},\"image\":{\"@id\":\"https:\/\/www.blogsoestado.com\/evandrojunior\/2022\/07\/14\/feijoada-do-maranhao-sera-realizada-no-dia-27-de-agosto-em-belo-horizonte\/#primaryimage\"},\"thumbnailUrl\":\"https:\/\/www.blogsoestado.com\/evandrojunior\/files\/2022\/07\/Valdez-Maranhao--1024x694.jpg\",\"datePublished\":\"2022-07-14T13:23:48+00:00\",\"author\":{\"@id\":\"https:\/\/www.blogsoestado.com\/evandrojunior\/#\/schema\/person\/3e6c3d8dbb740d1c6878ebc935cfb3be\"},\"breadcrumb\":{\"@id\":\"https:\/\/www.blogsoestado.com\/evandrojunior\/2022\/07\/14\/feijoada-do-maranhao-sera-realizada-no-dia-27-de-agosto-em-belo-horizonte\/#breadcrumb\"},\"inLanguage\":\"pt-BR\",\"potentialAction\":[{\"@type\":\"ReadAction\",\"target\":[\"https:\/\/www.blogsoestado.com\/evandrojunior\/2022\/07\/14\/feijoada-do-maranhao-sera-realizada-no-dia-27-de-agosto-em-belo-horizonte\/\"]}]},{\"@type\":\"ImageObject\",\"inLanguage\":\"pt-BR\",\"@id\":\"https:\/\/www.blogsoestado.com\/evandrojunior\/2022\/07\/14\/feijoada-do-maranhao-sera-realizada-no-dia-27-de-agosto-em-belo-horizonte\/#primaryimage\",\"url\":\"https:\/\/www.blogsoestado.com\/evandrojunior\/files\/2022\/07\/Valdez-Maranhao--1024x694.jpg\",\"contentUrl\":\"https:\/\/www.blogsoestado.com\/evandrojunior\/files\/2022\/07\/Valdez-Maranhao--1024x694.jpg\"},{\"@type\":\"BreadcrumbList\",\"@id\":\"https:\/\/www.blogsoestado.com\/evandrojunior\/2022\/07\/14\/feijoada-do-maranhao-sera-realizada-no-dia-27-de-agosto-em-belo-horizonte\/#breadcrumb\",\"itemListElement\":[{\"@type\":\"ListItem\",\"position\":1,\"name\":\"In\u00edcio\",\"item\":\"https:\/\/www.blogsoestado.com\/evandrojunior\/\"},{\"@type\":\"ListItem\",\"position\":2,\"name\":\"Feijoada do Maranh\u00e3o ser\u00e1 realizada no dia 27 de agosto em Belo Horizonte\"}]},{\"@type\":\"WebSite\",\"@id\":\"https:\/\/www.blogsoestado.com\/evandrojunior\/#website\",\"url\":\"https:\/\/www.blogsoestado.com\/evandrojunior\/\",\"name\":\"Evandro Junior\",\"description\":\"\",\"potentialAction\":[{\"@type\":\"SearchAction\",\"target\":{\"@type\":\"EntryPoint\",\"urlTemplate\":\"https:\/\/www.blogsoestado.com\/evandrojunior\/?s={search_term_string}\"},\"query-input\":{\"@type\":\"PropertyValueSpecification\",\"valueRequired\":true,\"valueName\":\"search_term_string\"}}],\"inLanguage\":\"pt-BR\"},{\"@type\":\"Person\",\"@id\":\"https:\/\/www.blogsoestado.com\/evandrojunior\/#\/schema\/person\/3e6c3d8dbb740d1c6878ebc935cfb3be\",\"name\":\"Evandro Junior\",\"image\":{\"@type\":\"ImageObject\",\"inLanguage\":\"pt-BR\",\"@id\":\"https:\/\/www.blogsoestado.com\/evandrojunior\/#\/schema\/person\/image\/\",\"url\":\"https:\/\/secure.gravatar.com\/avatar\/f80a03a2294a580cd2318bfb459bf354cfa8be661ef3d95b542cf9a04af8d129?s=96&d=mm&r=g\",\"contentUrl\":\"https:\/\/secure.gravatar.com\/avatar\/f80a03a2294a580cd2318bfb459bf354cfa8be661ef3d95b542cf9a04af8d129?s=96&d=mm&r=g\",\"caption\":\"Evandro Junior\"},\"url\":\"https:\/\/www.blogsoestado.com\/evandrojunior\/author\/evandrojunior\/\"}]}<\/script>\n<!-- \/ Yoast SEO plugin. -->","yoast_head_json":{"title":"Feijoada do Maranh\u00e3o ser\u00e1 realizada no dia 27 de agosto em Belo Horizonte - Evandro Junior","robots":{"index":"index","follow":"follow","max-snippet":"max-snippet:-1","max-image-preview":"max-image-preview:large","max-video-preview":"max-video-preview:-1"},"canonical":"https:\/\/www.blogsoestado.com\/evandrojunior\/2022\/07\/14\/feijoada-do-maranhao-sera-realizada-no-dia-27-de-agosto-em-belo-horizonte\/","og_locale":"pt_BR","og_type":"article","og_title":"Feijoada do Maranh\u00e3o ser\u00e1 realizada no dia 27 de agosto em Belo Horizonte - Evandro Junior","og_description":"S\u00e3o Lu\u00eds &#8211; Um dos mais tradicionais eventos do calend\u00e1rio gastron\u00f4mico e cultural de Minas Gerais, a\u00a0Feijoada do Maranh\u00e3o j\u00e1 [&hellip;]","og_url":"https:\/\/www.blogsoestado.com\/evandrojunior\/2022\/07\/14\/feijoada-do-maranhao-sera-realizada-no-dia-27-de-agosto-em-belo-horizonte\/","og_site_name":"Evandro Junior","article_published_time":"2022-07-14T13:23:48+00:00","og_image":[{"url":"https:\/\/www.blogsoestado.com\/evandrojunior\/files\/2022\/07\/Valdez-Maranhao--1024x694.jpg","type":"","width":"","height":""}],"author":"Evandro Junior","twitter_card":"summary_large_image","twitter_misc":{"Escrito por":"Evandro Junior","Est. tempo de leitura":"2 minutos"},"schema":{"@context":"https:\/\/schema.org","@graph":[{"@type":"WebPage","@id":"https:\/\/www.blogsoestado.com\/evandrojunior\/2022\/07\/14\/feijoada-do-maranhao-sera-realizada-no-dia-27-de-agosto-em-belo-horizonte\/","url":"https:\/\/www.blogsoestado.com\/evandrojunior\/2022\/07\/14\/feijoada-do-maranhao-sera-realizada-no-dia-27-de-agosto-em-belo-horizonte\/","name":"Feijoada do Maranh\u00e3o ser\u00e1 realizada no dia 27 de agosto em Belo Horizonte - Evandro Junior","isPartOf":{"@id":"https:\/\/www.blogsoestado.com\/evandrojunior\/#website"},"primaryImageOfPage":{"@id":"https:\/\/www.blogsoestado.com\/evandrojunior\/2022\/07\/14\/feijoada-do-maranhao-sera-realizada-no-dia-27-de-agosto-em-belo-horizonte\/#primaryimage"},"image":{"@id":"https:\/\/www.blogsoestado.com\/evandrojunior\/2022\/07\/14\/feijoada-do-maranhao-sera-realizada-no-dia-27-de-agosto-em-belo-horizonte\/#primaryimage"},"thumbnailUrl":"https:\/\/www.blogsoestado.com\/evandrojunior\/files\/2022\/07\/Valdez-Maranhao--1024x694.jpg","datePublished":"2022-07-14T13:23:48+00:00","author":{"@id":"https:\/\/www.blogsoestado.com\/evandrojunior\/#\/schema\/person\/3e6c3d8dbb740d1c6878ebc935cfb3be"},"breadcrumb":{"@id":"https:\/\/www.blogsoestado.com\/evandrojunior\/2022\/07\/14\/feijoada-do-maranhao-sera-realizada-no-dia-27-de-agosto-em-belo-horizonte\/#breadcrumb"},"inLanguage":"pt-BR","potentialAction":[{"@type":"ReadAction","target":["https:\/\/www.blogsoestado.com\/evandrojunior\/2022\/07\/14\/feijoada-do-maranhao-sera-realizada-no-dia-27-de-agosto-em-belo-horizonte\/"]}]},{"@type":"ImageObject","inLanguage":"pt-BR","@id":"https:\/\/www.blogsoestado.com\/evandrojunior\/2022\/07\/14\/feijoada-do-maranhao-sera-realizada-no-dia-27-de-agosto-em-belo-horizonte\/#primaryimage","url":"https:\/\/www.blogsoestado.com\/evandrojunior\/files\/2022\/07\/Valdez-Maranhao--1024x694.jpg","contentUrl":"https:\/\/www.blogsoestado.com\/evandrojunior\/files\/2022\/07\/Valdez-Maranhao--1024x694.jpg"},{"@type":"BreadcrumbList","@id":"https:\/\/www.blogsoestado.com\/evandrojunior\/2022\/07\/14\/feijoada-do-maranhao-sera-realizada-no-dia-27-de-agosto-em-belo-horizonte\/#breadcrumb","itemListElement":[{"@type":"ListItem","position":1,"name":"In\u00edcio","item":"https:\/\/www.blogsoestado.com\/evandrojunior\/"},{"@type":"ListItem","position":2,"name":"Feijoada do Maranh\u00e3o ser\u00e1 realizada no dia 27 de agosto em Belo Horizonte"}]},{"@type":"WebSite","@id":"https:\/\/www.blogsoestado.com\/evandrojunior\/#website","url":"https:\/\/www.blogsoestado.com\/evandrojunior\/","name":"Evandro Junior","description":"","potentialAction":[{"@type":"SearchAction","target":{"@type":"EntryPoint","urlTemplate":"https:\/\/www.blogsoestado.com\/evandrojunior\/?s={search_term_string}"},"query-input":{"@type":"PropertyValueSpecification","valueRequired":true,"valueName":"search_term_string"}}],"inLanguage":"pt-BR"},{"@type":"Person","@id":"https:\/\/www.blogsoestado.com\/evandrojunior\/#\/schema\/person\/3e6c3d8dbb740d1c6878ebc935cfb3be","name":"Evandro Junior","image":{"@type":"ImageObject","inLanguage":"pt-BR","@id":"https:\/\/www.blogsoestado.com\/evandrojunior\/#\/schema\/person\/image\/","url":"https:\/\/secure.gravatar.com\/avatar\/f80a03a2294a580cd2318bfb459bf354cfa8be661ef3d95b542cf9a04af8d129?s=96&d=mm&r=g","contentUrl":"https:\/\/secure.gravatar.com\/avatar\/f80a03a2294a580cd2318bfb459bf354cfa8be661ef3d95b542cf9a04af8d129?s=96&d=mm&r=g","caption":"Evandro Junior"},"url":"https:\/\/www.blogsoestado.com\/evandrojunior\/author\/evandrojunior\/"}]}},"jetpack_featured_media_url":"","_links":{"self":[{"href":"https:\/\/www.blogsoestado.com\/evandrojunior\/wp-json\/wp\/v2\/posts\/6620","targetHints":{"allow":["GET"]}}],"collection":[{"href":"https:\/\/www.blogsoestado.com\/evandrojunior\/wp-json\/wp\/v2\/posts"}],"about":[{"href":"https:\/\/www.blogsoestado.com\/evandrojunior\/wp-json\/wp\/v2\/types\/post"}],"author":[{"embeddable":true,"href":"https:\/\/www.blogsoestado.com\/evandrojunior\/wp-json\/wp\/v2\/users\/4"}],"replies":[{"embeddable":true,"href":"https:\/\/www.blogsoestado.com\/evandrojunior\/wp-json\/wp\/v2\/comments?post=6620"}],"version-history":[{"count":0,"href":"https:\/\/www.blogsoestado.com\/evandrojunior\/wp-json\/wp\/v2\/posts\/6620\/revisions"}],"wp:attachment":[{"href":"https:\/\/www.blogsoestado.com\/evandrojunior\/wp-json\/wp\/v2\/media?parent=6620"}],"wp:term":[{"taxonomy":"category","embeddable":true,"href":"https:\/\/www.blogsoestado.com\/evandrojunior\/wp-json\/wp\/v2\/categories?post=6620"},{"taxonomy":"post_tag","embeddable":true,"href":"https:\/\/www.blogsoestado.com\/evandrojunior\/wp-json\/wp\/v2\/tags?post=6620"}],"curies":[{"name":"wp","href":"https:\/\/api.w.org\/{rel}","templated":true}]}}