{"id":6634,"date":"2022-07-14T15:17:56","date_gmt":"2022-07-14T18:17:56","guid":{"rendered":"https:\/\/www.blogsoestado.com\/evandrojunior\/?p=6634"},"modified":"2022-07-14T15:17:56","modified_gmt":"2022-07-14T18:17:56","slug":"diretor-executivo-do-set-paulo-pires-prestigia-nona-edicao-do-premio-melhoria-da-qualidade-do-ar","status":"publish","type":"post","link":"https:\/\/www.blogsoestado.com\/evandrojunior\/2022\/07\/14\/diretor-executivo-do-set-paulo-pires-prestigia-nona-edicao-do-premio-melhoria-da-qualidade-do-ar\/","title":{"rendered":"Diretor executivo do SET, Paulo Pires prestigia nona edi\u00e7\u00e3o do \u2018Pr\u00eamio Melhoria da Qualidade do Ar\u2019"},"content":{"rendered":"\n<div class=\"wp-block-image\"><figure class=\"aligncenter size-large is-resized\"><img fetchpriority=\"high\" decoding=\"async\" src=\"https:\/\/www.blogsoestado.com\/evandrojunior\/files\/2022\/07\/WhatsApp-Image-2022-07-14-at-11.32.16-1024x768.jpeg\" alt=\"\" class=\"wp-image-6635\" width=\"571\" height=\"429\"\/><figcaption>Paulo Pires, diretor executivo do SET, participa da entrega da premia\u00e7\u00e3o<\/figcaption><\/figure><\/div>\n\n\n\n<p><strong>S\u00e3o Lu\u00eds<\/strong> &#8211; O diretor executivo do Sindicato das Empresas de Transportes de Passageiros de S\u00e3o Lu\u00eds (SET), Paulo Pires, participou, na quarta-feira (13), no Sest Senat S\u00e3o Lu\u00eds, da entrega da d\u00e9cima nona edi\u00e7\u00e3o do \u2018Pr\u00eamio Melhoria da Qualidade do Ar\u2019, uma iniciativa da Federa\u00e7\u00e3o das Empresas de Transportes de Passageiros do Cear\u00e1, Piau\u00ed e Maranh\u00e3o (FETRANS) em reconhecimento \u00e0s melhores pr\u00e1ticas socioambientais realizadas no setor de transporte.<\/p>\n\n\n\n<p>\u201cEm um cen\u00e1rio com grandes dificuldades, essas empresas transformaram suas rotinas, implementando a\u00e7\u00f5es para o consumo consciente dos combust\u00edveis e redu\u00e7\u00e3o das emiss\u00f5es. Por isso, elas merecem nosso aplauso. O pr\u00eamio \u00e9 muito importante para destacar as melhores pr\u00e1ticas para o meio ambiente e para a nossa sociedade\u201d, frisou Paulo Pires, diretor executivo do SET.<\/p>\n\n\n\n<p>O Pr\u00eamio Melhoria da Qualidade do Ar presta um reconhecimento a projetos e iniciativas das empresas de transporte de passageiros e de cargas em prol do meio ambiente. Com edi\u00e7\u00f5es anuais, \u00e9 uma a\u00e7\u00e3o realizada pela Federa\u00e7\u00e3o dos Transportes (Fetrans) desde 2002 por meio do Despoluir \u2013 Programa Ambiental do Transporte &#8211; maior programa ambiental do transporte brasileiro. <\/p>\n\n\n\n<p>O objetivo \u00e9 incentivar e promover o reconhecimento das empresas do setor de transportes dos estados do Cear\u00e1, Piau\u00ed e Maranh\u00e3o comprometidas com a redu\u00e7\u00e3o das taxas de emiss\u00e3o de gases poluentes e com a preserva\u00e7\u00e3o dos recursos naturais, executando solu\u00e7\u00f5es vi\u00e1veis para harmonizar ganhos econ\u00f4micos com benef\u00edcios ambientais.<\/p>\n\n\n\n<p>A tradi\u00e7\u00e3o e a credibilidade conquistadas ao longo desses 19 anos de realiza\u00e7\u00e3o do pr\u00eamio est\u00e3o aliadas a novas vis\u00f5es sobre sustentabilidade, consumo consciente e efici\u00eancia energ\u00e9tica. Com um olhar cada vez mais voltado para o futuro, o PMQA mudou e busca contribuir de forma ainda mais significativa e inovadora para o desenvolvimento sustent\u00e1vel do setor de transportes.<\/p>\n","protected":false},"excerpt":{"rendered":"<p>S\u00e3o Lu\u00eds &#8211; O diretor executivo do Sindicato das Empresas de Transportes de Passageiros de S\u00e3o Lu\u00eds (SET), Paulo Pires, [&hellip;]<\/p>\n","protected":false},"author":4,"featured_media":0,"comment_status":"open","ping_status":"open","sticky":false,"template":"","format":"standard","meta":{"site-sidebar-layout":"default","site-content-layout":"","ast-site-content-layout":"default","site-content-style":"default","site-sidebar-style":"default","ast-global-header-display":"","ast-banner-title-visibility":"","ast-main-header-display":"","ast-hfb-above-header-display":"","ast-hfb-below-header-display":"","ast-hfb-mobile-header-display":"","site-post-title":"","ast-breadcrumbs-content":"","ast-featured-img":"","footer-sml-layout":"","ast-disable-related-posts":"","theme-transparent-header-meta":"","adv-header-id-meta":"","stick-header-meta":"","header-above-stick-meta":"","header-main-stick-meta":"","header-below-stick-meta":"","astra-migrate-meta-layouts":"default","ast-page-background-enabled":"default","ast-page-background-meta":{"desktop":{"background-color":"var(--ast-global-color-5)","background-image":"","background-repeat":"repeat","background-position":"center center","background-size":"auto","background-attachment":"scroll","background-type":"","background-media":"","overlay-type":"","overlay-color":"","overlay-opacity":"","overlay-gradient":""},"tablet":{"background-color":"","background-image":"","background-repeat":"repeat","background-position":"center center","background-size":"auto","background-attachment":"scroll","background-type":"","background-media":"","overlay-type":"","overlay-color":"","overlay-opacity":"","overlay-gradient":""},"mobile":{"background-color":"","background-image":"","background-repeat":"repeat","background-position":"center center","background-size":"auto","background-attachment":"scroll","background-type":"","background-media":"","overlay-type":"","overlay-color":"","overlay-opacity":"","overlay-gradient":""}},"ast-content-background-meta":{"desktop":{"background-color":"var(--ast-global-color-4)","background-image":"","background-repeat":"repeat","background-position":"center center","background-size":"auto","background-attachment":"scroll","background-type":"","background-media":"","overlay-type":"","overlay-color":"","overlay-opacity":"","overlay-gradient":""},"tablet":{"background-color":"var(--ast-global-color-4)","background-image":"","background-repeat":"repeat","background-position":"center center","background-size":"auto","background-attachment":"scroll","background-type":"","background-media":"","overlay-type":"","overlay-color":"","overlay-opacity":"","overlay-gradient":""},"mobile":{"background-color":"var(--ast-global-color-4)","background-image":"","background-repeat":"repeat","background-position":"center center","background-size":"auto","background-attachment":"scroll","background-type":"","background-media":"","overlay-type":"","overlay-color":"","overlay-opacity":"","overlay-gradient":""}},"footnotes":""},"categories":[1],"tags":[],"class_list":["post-6634","post","type-post","status-publish","format-standard","hentry","category-sem-categoria"],"yoast_head":"<!-- This site is optimized with the Yoast SEO plugin v26.6 - https:\/\/yoast.com\/wordpress\/plugins\/seo\/ -->\n<title>Diretor executivo do SET, Paulo Pires prestigia nona edi\u00e7\u00e3o do \u2018Pr\u00eamio Melhoria da Qualidade do Ar\u2019 - Evandro Junior<\/title>\n<meta name=\"robots\" content=\"index, follow, max-snippet:-1, max-image-preview:large, max-video-preview:-1\" \/>\n<link rel=\"canonical\" href=\"https:\/\/www.blogsoestado.com\/evandrojunior\/2022\/07\/14\/diretor-executivo-do-set-paulo-pires-prestigia-nona-edicao-do-premio-melhoria-da-qualidade-do-ar\/\" \/>\n<meta property=\"og:locale\" content=\"pt_BR\" \/>\n<meta property=\"og:type\" content=\"article\" \/>\n<meta property=\"og:title\" content=\"Diretor executivo do SET, Paulo Pires prestigia nona edi\u00e7\u00e3o do \u2018Pr\u00eamio Melhoria da Qualidade do Ar\u2019 - Evandro Junior\" \/>\n<meta property=\"og:description\" content=\"S\u00e3o Lu\u00eds &#8211; O diretor executivo do Sindicato das Empresas de Transportes de Passageiros de S\u00e3o Lu\u00eds (SET), Paulo Pires, [&hellip;]\" \/>\n<meta property=\"og:url\" content=\"https:\/\/www.blogsoestado.com\/evandrojunior\/2022\/07\/14\/diretor-executivo-do-set-paulo-pires-prestigia-nona-edicao-do-premio-melhoria-da-qualidade-do-ar\/\" \/>\n<meta property=\"og:site_name\" content=\"Evandro Junior\" \/>\n<meta property=\"article:published_time\" content=\"2022-07-14T18:17:56+00:00\" \/>\n<meta property=\"og:image\" content=\"https:\/\/www.blogsoestado.com\/evandrojunior\/files\/2022\/07\/WhatsApp-Image-2022-07-14-at-11.32.16-1024x768.jpeg\" \/>\n<meta name=\"author\" content=\"Evandro Junior\" \/>\n<meta name=\"twitter:card\" content=\"summary_large_image\" \/>\n<meta name=\"twitter:label1\" content=\"Escrito por\" \/>\n\t<meta name=\"twitter:data1\" content=\"Evandro Junior\" \/>\n\t<meta name=\"twitter:label2\" content=\"Est. tempo de leitura\" \/>\n\t<meta name=\"twitter:data2\" content=\"2 minutos\" \/>\n<script type=\"application\/ld+json\" class=\"yoast-schema-graph\">{\"@context\":\"https:\/\/schema.org\",\"@graph\":[{\"@type\":\"WebPage\",\"@id\":\"https:\/\/www.blogsoestado.com\/evandrojunior\/2022\/07\/14\/diretor-executivo-do-set-paulo-pires-prestigia-nona-edicao-do-premio-melhoria-da-qualidade-do-ar\/\",\"url\":\"https:\/\/www.blogsoestado.com\/evandrojunior\/2022\/07\/14\/diretor-executivo-do-set-paulo-pires-prestigia-nona-edicao-do-premio-melhoria-da-qualidade-do-ar\/\",\"name\":\"Diretor executivo do SET, Paulo Pires prestigia nona edi\u00e7\u00e3o do \u2018Pr\u00eamio Melhoria da Qualidade do Ar\u2019 - Evandro Junior\",\"isPartOf\":{\"@id\":\"https:\/\/www.blogsoestado.com\/evandrojunior\/#website\"},\"primaryImageOfPage\":{\"@id\":\"https:\/\/www.blogsoestado.com\/evandrojunior\/2022\/07\/14\/diretor-executivo-do-set-paulo-pires-prestigia-nona-edicao-do-premio-melhoria-da-qualidade-do-ar\/#primaryimage\"},\"image\":{\"@id\":\"https:\/\/www.blogsoestado.com\/evandrojunior\/2022\/07\/14\/diretor-executivo-do-set-paulo-pires-prestigia-nona-edicao-do-premio-melhoria-da-qualidade-do-ar\/#primaryimage\"},\"thumbnailUrl\":\"https:\/\/www.blogsoestado.com\/evandrojunior\/files\/2022\/07\/WhatsApp-Image-2022-07-14-at-11.32.16-1024x768.jpeg\",\"datePublished\":\"2022-07-14T18:17:56+00:00\",\"author\":{\"@id\":\"https:\/\/www.blogsoestado.com\/evandrojunior\/#\/schema\/person\/3e6c3d8dbb740d1c6878ebc935cfb3be\"},\"breadcrumb\":{\"@id\":\"https:\/\/www.blogsoestado.com\/evandrojunior\/2022\/07\/14\/diretor-executivo-do-set-paulo-pires-prestigia-nona-edicao-do-premio-melhoria-da-qualidade-do-ar\/#breadcrumb\"},\"inLanguage\":\"pt-BR\",\"potentialAction\":[{\"@type\":\"ReadAction\",\"target\":[\"https:\/\/www.blogsoestado.com\/evandrojunior\/2022\/07\/14\/diretor-executivo-do-set-paulo-pires-prestigia-nona-edicao-do-premio-melhoria-da-qualidade-do-ar\/\"]}]},{\"@type\":\"ImageObject\",\"inLanguage\":\"pt-BR\",\"@id\":\"https:\/\/www.blogsoestado.com\/evandrojunior\/2022\/07\/14\/diretor-executivo-do-set-paulo-pires-prestigia-nona-edicao-do-premio-melhoria-da-qualidade-do-ar\/#primaryimage\",\"url\":\"https:\/\/www.blogsoestado.com\/evandrojunior\/files\/2022\/07\/WhatsApp-Image-2022-07-14-at-11.32.16-1024x768.jpeg\",\"contentUrl\":\"https:\/\/www.blogsoestado.com\/evandrojunior\/files\/2022\/07\/WhatsApp-Image-2022-07-14-at-11.32.16-1024x768.jpeg\"},{\"@type\":\"BreadcrumbList\",\"@id\":\"https:\/\/www.blogsoestado.com\/evandrojunior\/2022\/07\/14\/diretor-executivo-do-set-paulo-pires-prestigia-nona-edicao-do-premio-melhoria-da-qualidade-do-ar\/#breadcrumb\",\"itemListElement\":[{\"@type\":\"ListItem\",\"position\":1,\"name\":\"In\u00edcio\",\"item\":\"https:\/\/www.blogsoestado.com\/evandrojunior\/\"},{\"@type\":\"ListItem\",\"position\":2,\"name\":\"Diretor executivo do SET, Paulo Pires prestigia nona edi\u00e7\u00e3o do \u2018Pr\u00eamio Melhoria da Qualidade do Ar\u2019\"}]},{\"@type\":\"WebSite\",\"@id\":\"https:\/\/www.blogsoestado.com\/evandrojunior\/#website\",\"url\":\"https:\/\/www.blogsoestado.com\/evandrojunior\/\",\"name\":\"Evandro Junior\",\"description\":\"\",\"potentialAction\":[{\"@type\":\"SearchAction\",\"target\":{\"@type\":\"EntryPoint\",\"urlTemplate\":\"https:\/\/www.blogsoestado.com\/evandrojunior\/?s={search_term_string}\"},\"query-input\":{\"@type\":\"PropertyValueSpecification\",\"valueRequired\":true,\"valueName\":\"search_term_string\"}}],\"inLanguage\":\"pt-BR\"},{\"@type\":\"Person\",\"@id\":\"https:\/\/www.blogsoestado.com\/evandrojunior\/#\/schema\/person\/3e6c3d8dbb740d1c6878ebc935cfb3be\",\"name\":\"Evandro Junior\",\"image\":{\"@type\":\"ImageObject\",\"inLanguage\":\"pt-BR\",\"@id\":\"https:\/\/www.blogsoestado.com\/evandrojunior\/#\/schema\/person\/image\/\",\"url\":\"https:\/\/secure.gravatar.com\/avatar\/f80a03a2294a580cd2318bfb459bf354cfa8be661ef3d95b542cf9a04af8d129?s=96&d=mm&r=g\",\"contentUrl\":\"https:\/\/secure.gravatar.com\/avatar\/f80a03a2294a580cd2318bfb459bf354cfa8be661ef3d95b542cf9a04af8d129?s=96&d=mm&r=g\",\"caption\":\"Evandro Junior\"},\"url\":\"https:\/\/www.blogsoestado.com\/evandrojunior\/author\/evandrojunior\/\"}]}<\/script>\n<!-- \/ Yoast SEO plugin. -->","yoast_head_json":{"title":"Diretor executivo do SET, Paulo Pires prestigia nona edi\u00e7\u00e3o do \u2018Pr\u00eamio Melhoria da Qualidade do Ar\u2019 - Evandro Junior","robots":{"index":"index","follow":"follow","max-snippet":"max-snippet:-1","max-image-preview":"max-image-preview:large","max-video-preview":"max-video-preview:-1"},"canonical":"https:\/\/www.blogsoestado.com\/evandrojunior\/2022\/07\/14\/diretor-executivo-do-set-paulo-pires-prestigia-nona-edicao-do-premio-melhoria-da-qualidade-do-ar\/","og_locale":"pt_BR","og_type":"article","og_title":"Diretor executivo do SET, Paulo Pires prestigia nona edi\u00e7\u00e3o do \u2018Pr\u00eamio Melhoria da Qualidade do Ar\u2019 - Evandro Junior","og_description":"S\u00e3o Lu\u00eds &#8211; O diretor executivo do Sindicato das Empresas de Transportes de Passageiros de S\u00e3o Lu\u00eds (SET), Paulo Pires, [&hellip;]","og_url":"https:\/\/www.blogsoestado.com\/evandrojunior\/2022\/07\/14\/diretor-executivo-do-set-paulo-pires-prestigia-nona-edicao-do-premio-melhoria-da-qualidade-do-ar\/","og_site_name":"Evandro Junior","article_published_time":"2022-07-14T18:17:56+00:00","og_image":[{"url":"https:\/\/www.blogsoestado.com\/evandrojunior\/files\/2022\/07\/WhatsApp-Image-2022-07-14-at-11.32.16-1024x768.jpeg","type":"","width":"","height":""}],"author":"Evandro Junior","twitter_card":"summary_large_image","twitter_misc":{"Escrito por":"Evandro Junior","Est. tempo de leitura":"2 minutos"},"schema":{"@context":"https:\/\/schema.org","@graph":[{"@type":"WebPage","@id":"https:\/\/www.blogsoestado.com\/evandrojunior\/2022\/07\/14\/diretor-executivo-do-set-paulo-pires-prestigia-nona-edicao-do-premio-melhoria-da-qualidade-do-ar\/","url":"https:\/\/www.blogsoestado.com\/evandrojunior\/2022\/07\/14\/diretor-executivo-do-set-paulo-pires-prestigia-nona-edicao-do-premio-melhoria-da-qualidade-do-ar\/","name":"Diretor executivo do SET, Paulo Pires prestigia nona edi\u00e7\u00e3o do \u2018Pr\u00eamio Melhoria da Qualidade do Ar\u2019 - Evandro Junior","isPartOf":{"@id":"https:\/\/www.blogsoestado.com\/evandrojunior\/#website"},"primaryImageOfPage":{"@id":"https:\/\/www.blogsoestado.com\/evandrojunior\/2022\/07\/14\/diretor-executivo-do-set-paulo-pires-prestigia-nona-edicao-do-premio-melhoria-da-qualidade-do-ar\/#primaryimage"},"image":{"@id":"https:\/\/www.blogsoestado.com\/evandrojunior\/2022\/07\/14\/diretor-executivo-do-set-paulo-pires-prestigia-nona-edicao-do-premio-melhoria-da-qualidade-do-ar\/#primaryimage"},"thumbnailUrl":"https:\/\/www.blogsoestado.com\/evandrojunior\/files\/2022\/07\/WhatsApp-Image-2022-07-14-at-11.32.16-1024x768.jpeg","datePublished":"2022-07-14T18:17:56+00:00","author":{"@id":"https:\/\/www.blogsoestado.com\/evandrojunior\/#\/schema\/person\/3e6c3d8dbb740d1c6878ebc935cfb3be"},"breadcrumb":{"@id":"https:\/\/www.blogsoestado.com\/evandrojunior\/2022\/07\/14\/diretor-executivo-do-set-paulo-pires-prestigia-nona-edicao-do-premio-melhoria-da-qualidade-do-ar\/#breadcrumb"},"inLanguage":"pt-BR","potentialAction":[{"@type":"ReadAction","target":["https:\/\/www.blogsoestado.com\/evandrojunior\/2022\/07\/14\/diretor-executivo-do-set-paulo-pires-prestigia-nona-edicao-do-premio-melhoria-da-qualidade-do-ar\/"]}]},{"@type":"ImageObject","inLanguage":"pt-BR","@id":"https:\/\/www.blogsoestado.com\/evandrojunior\/2022\/07\/14\/diretor-executivo-do-set-paulo-pires-prestigia-nona-edicao-do-premio-melhoria-da-qualidade-do-ar\/#primaryimage","url":"https:\/\/www.blogsoestado.com\/evandrojunior\/files\/2022\/07\/WhatsApp-Image-2022-07-14-at-11.32.16-1024x768.jpeg","contentUrl":"https:\/\/www.blogsoestado.com\/evandrojunior\/files\/2022\/07\/WhatsApp-Image-2022-07-14-at-11.32.16-1024x768.jpeg"},{"@type":"BreadcrumbList","@id":"https:\/\/www.blogsoestado.com\/evandrojunior\/2022\/07\/14\/diretor-executivo-do-set-paulo-pires-prestigia-nona-edicao-do-premio-melhoria-da-qualidade-do-ar\/#breadcrumb","itemListElement":[{"@type":"ListItem","position":1,"name":"In\u00edcio","item":"https:\/\/www.blogsoestado.com\/evandrojunior\/"},{"@type":"ListItem","position":2,"name":"Diretor executivo do SET, Paulo Pires prestigia nona edi\u00e7\u00e3o do \u2018Pr\u00eamio Melhoria da Qualidade do Ar\u2019"}]},{"@type":"WebSite","@id":"https:\/\/www.blogsoestado.com\/evandrojunior\/#website","url":"https:\/\/www.blogsoestado.com\/evandrojunior\/","name":"Evandro Junior","description":"","potentialAction":[{"@type":"SearchAction","target":{"@type":"EntryPoint","urlTemplate":"https:\/\/www.blogsoestado.com\/evandrojunior\/?s={search_term_string}"},"query-input":{"@type":"PropertyValueSpecification","valueRequired":true,"valueName":"search_term_string"}}],"inLanguage":"pt-BR"},{"@type":"Person","@id":"https:\/\/www.blogsoestado.com\/evandrojunior\/#\/schema\/person\/3e6c3d8dbb740d1c6878ebc935cfb3be","name":"Evandro Junior","image":{"@type":"ImageObject","inLanguage":"pt-BR","@id":"https:\/\/www.blogsoestado.com\/evandrojunior\/#\/schema\/person\/image\/","url":"https:\/\/secure.gravatar.com\/avatar\/f80a03a2294a580cd2318bfb459bf354cfa8be661ef3d95b542cf9a04af8d129?s=96&d=mm&r=g","contentUrl":"https:\/\/secure.gravatar.com\/avatar\/f80a03a2294a580cd2318bfb459bf354cfa8be661ef3d95b542cf9a04af8d129?s=96&d=mm&r=g","caption":"Evandro Junior"},"url":"https:\/\/www.blogsoestado.com\/evandrojunior\/author\/evandrojunior\/"}]}},"jetpack_featured_media_url":"","_links":{"self":[{"href":"https:\/\/www.blogsoestado.com\/evandrojunior\/wp-json\/wp\/v2\/posts\/6634","targetHints":{"allow":["GET"]}}],"collection":[{"href":"https:\/\/www.blogsoestado.com\/evandrojunior\/wp-json\/wp\/v2\/posts"}],"about":[{"href":"https:\/\/www.blogsoestado.com\/evandrojunior\/wp-json\/wp\/v2\/types\/post"}],"author":[{"embeddable":true,"href":"https:\/\/www.blogsoestado.com\/evandrojunior\/wp-json\/wp\/v2\/users\/4"}],"replies":[{"embeddable":true,"href":"https:\/\/www.blogsoestado.com\/evandrojunior\/wp-json\/wp\/v2\/comments?post=6634"}],"version-history":[{"count":0,"href":"https:\/\/www.blogsoestado.com\/evandrojunior\/wp-json\/wp\/v2\/posts\/6634\/revisions"}],"wp:attachment":[{"href":"https:\/\/www.blogsoestado.com\/evandrojunior\/wp-json\/wp\/v2\/media?parent=6634"}],"wp:term":[{"taxonomy":"category","embeddable":true,"href":"https:\/\/www.blogsoestado.com\/evandrojunior\/wp-json\/wp\/v2\/categories?post=6634"},{"taxonomy":"post_tag","embeddable":true,"href":"https:\/\/www.blogsoestado.com\/evandrojunior\/wp-json\/wp\/v2\/tags?post=6634"}],"curies":[{"name":"wp","href":"https:\/\/api.w.org\/{rel}","templated":true}]}}