{"id":6639,"date":"2022-07-14T17:31:31","date_gmt":"2022-07-14T20:31:31","guid":{"rendered":"https:\/\/www.blogsoestado.com\/evandrojunior\/?p=6639"},"modified":"2022-07-14T17:31:31","modified_gmt":"2022-07-14T20:31:31","slug":"arquiteto-leo-shehtman-esta-em-sao-luis-para-o-premio-vanguarda-de-iniciativa-do-centro-eletrico","status":"publish","type":"post","link":"https:\/\/www.blogsoestado.com\/evandrojunior\/2022\/07\/14\/arquiteto-leo-shehtman-esta-em-sao-luis-para-o-premio-vanguarda-de-iniciativa-do-centro-eletrico\/","title":{"rendered":"Arquiteto L\u00e9o Shehtman est\u00e1 em S\u00e3o Lu\u00eds para o &#8216;Pr\u00eamio Vanguarda&#8217;, de iniciativa do Centro El\u00e9trico"},"content":{"rendered":"\n<div class=\"wp-block-image\"><figure class=\"aligncenter size-large is-resized\"><img fetchpriority=\"high\" decoding=\"async\" src=\"https:\/\/www.blogsoestado.com\/evandrojunior\/files\/2022\/07\/Leo-.jpg\" alt=\"\" class=\"wp-image-6641\" width=\"539\" height=\"511\"\/><figcaption>Eu (E.J) entre o arquiteto L\u00e9o Shehtman, o empres\u00e1rio Gon\u00e7alves J\u00fanior (Centro El\u00e9trico) e a advogada Lorena Bessani<\/figcaption><\/figure><\/div>\n\n\n\n<p><strong>S\u00e3o Lu\u00eds <\/strong>&#8211; Um dos mais renomados arquitetos brasileiros, com um trabalho primoroso a n\u00edvel nacional e internacional, L\u00e9o Shehtman est\u00e1 em S\u00e3o Lu\u00eds e permanece na cidade at\u00e9 s\u00e1bado (16). \u00c9 a primeira vez que ele pisa no Maranh\u00e3o. <\/p>\n\n\n\n<p>Veio a convite da dire\u00e7\u00e3o da empresa Centro El\u00e9trico para participar do &#8216;Pr\u00eamio Vanguarda&#8217;, a ser entregue na noite desta quinta-feira (14), no showroom da loja da Cohama,  <\/p>\n\n\n\n<p>O pr\u00eamio homenageia profissionais, compartilha conhecimentos e lan\u00e7a tend\u00eancias. A primeira edi\u00e7\u00e3o foi em 2019 e, ap\u00f3s a pandemia, est\u00e1 sendo retomado.<\/p>\n\n\n\n<div class=\"wp-block-image\"><figure class=\"aligncenter size-large is-resized\"><img decoding=\"async\" src=\"https:\/\/www.blogsoestado.com\/evandrojunior\/files\/2022\/07\/WhatsApp-Image-2022-07-14-at-17.15.47-1024x768.jpeg\" alt=\"\" class=\"wp-image-6642\" width=\"576\" height=\"432\"\/><figcaption>Eu (E.J.), Rafaela Albuquerque, L\u00e9o Shehtman, arquitetas Andr\u00e9ia Rodrigues e Luana Barcelos, Juliane Melo (gerente de Marketing do Centro El\u00e9trico), Lorena Bessani e Gon\u00e7alves J\u00fanior <\/figcaption><\/figure><\/div>\n\n\n\n<p><strong>Entrevista<\/strong> exclusiva<\/p>\n\n\n\n<p>Shehtman concedeu entrevista exclusiva ao Blog do Evandro J\u00fanior ap\u00f3s um almo\u00e7o no restaurante Armaz\u00e9m do Chef, no Calhau. Na ocasi\u00e3o, ele estava acompanhado do empres\u00e1rio Gon\u00e7alves J\u00fanior e de sua esposa, advogada Lorena Bessani, entre outros convidados da empresa.<\/p>\n\n\n\n<p>O arquiteto falou sobre as dificuldades para o setor durante a pandemia e da retomada dos projetos em 2022, bem como dos eventos. Frisou que, a partir de tudo o que o mundo viveu, as pessoas passaram a valorizar ainda mais suas casas e que a nova fase \u00e9 frut\u00edfera para os arquitetos, que voltam ao trabalho com um novo olhar. <\/p>\n\n\n\n<div class=\"wp-block-image\"><figure class=\"aligncenter size-large is-resized\"><img decoding=\"async\" src=\"https:\/\/www.blogsoestado.com\/evandrojunior\/files\/2022\/07\/Eu-.jpg\" alt=\"\" class=\"wp-image-6643\" width=\"509\" height=\"468\"\/><figcaption>Eu (E.J) com L\u00e9o Shehtman <\/figcaption><\/figure><\/div>\n\n\n\n<p>&#8220;Voltamos \u00e0 ativa e tenho participado de muitos eventos. Recentemente, estive na Feira de Mil\u00e3o, que voltou repaginada e ainda melhor. Participamos, tamb\u00e9m, da Casa Cor SP 2022. Observamos que o segmento cresceu bastante e est\u00e1 dando oportunidades aos mais jovens, pois, sem d\u00favida, h\u00e1 muitos arquitetos talentosos no Brasil, inclusive no Maranh\u00e3o. Da\u00ed a import\u00e2ncia do &#8216;Pr\u00eamio Vanguarda&#8217;, de iniciativa do Centro El\u00e9trico, para o qual fui convidado. Acho que temos de nos vangloriar da nossa criatividade. Nossa arquitetura e mobili\u00e1rio s\u00e3o bastante representativos no exterior. Ou seja, \u00e9 preciso unir a experi\u00eancia dos mais velhos com o talento dos mais novos&#8221;, disse.<\/p>\n\n\n\n<p>L\u00e9o Shehtman afirmou que n\u00e3o quer parar de trabalhar. Por isso, est\u00e1 sempre se reinventando, pesquisando e buscando novas inspira\u00e7\u00f5es para suas cria\u00e7\u00f5es. &#8220;Quando me perguntam de onde surgem as minhas inspira\u00e7\u00f5es, eu sempre digo: juro que n\u00e3o sei. Apenas que \u00e9 algo de Deus&#8221;, afirmou.<\/p>\n\n\n\n<p><strong>Regionalismo<\/strong><\/p>\n\n\n\n<p>Ele tamb\u00e9m falou sobre regionalismo como inspira\u00e7\u00e3o para a arquitetura contempor\u00e2nea. Afirmou que a pandemia fez com que todos dessem mais valor para os produtos nacionais. <\/p>\n\n\n\n<p>&#8220;Sem d\u00favida, o m\u00f3vel italiano, por exemplo, \u00e9 maravilhoso, em termos de qualidade, design, mas tudo ficou um pouco mais longe. Por isso, o regionalismo ganhou um lugar de destaque. Quando falamos em regionalismo, lembramos tamb\u00e9m do Nordeste, onde n\u00e3o podemos deixar de valorizar o artesanato. Eu sempre valorizei e uso nas minha obras artesanato nordestino de diferentes linguagens. Acho que a influ\u00eancia desta regi\u00e3o do Brasil na decora\u00e7\u00e3o tem sido muito construtiva&#8221;, frisou. <\/p>\n\n\n\n<p>Perguntado sobre qual \u00e9 a tend\u00eancia do momento, ele foi enf\u00e1tico. &#8220;Eu diria que tend\u00eancia \u00e9 uma palavra que ficou muito complicada. Ser\u00e1 que o que eu vi na Feira de Mil\u00e3o \u00e9 uma tend\u00eancia? Acho que hoje, muito mais do que tend\u00eancia, a gente v\u00ea estilo de vida&#8221;, finalizou. <\/p>\n\n\n\n<p><\/p>\n\n\n\n<p><\/p>\n\n\n\n<p><\/p>\n\n\n\n<p>&#8220;<\/p>\n\n\n\n<p> <\/p>\n","protected":false},"excerpt":{"rendered":"<p>S\u00e3o Lu\u00eds &#8211; Um dos mais renomados arquitetos brasileiros, com um trabalho primoroso a n\u00edvel nacional e internacional, L\u00e9o Shehtman [&hellip;]<\/p>\n","protected":false},"author":4,"featured_media":0,"comment_status":"open","ping_status":"open","sticky":false,"template":"","format":"standard","meta":{"site-sidebar-layout":"default","site-content-layout":"","ast-site-content-layout":"default","site-content-style":"default","site-sidebar-style":"default","ast-global-header-display":"","ast-banner-title-visibility":"","ast-main-header-display":"","ast-hfb-above-header-display":"","ast-hfb-below-header-display":"","ast-hfb-mobile-header-display":"","site-post-title":"","ast-breadcrumbs-content":"","ast-featured-img":"","footer-sml-layout":"","ast-disable-related-posts":"","theme-transparent-header-meta":"","adv-header-id-meta":"","stick-header-meta":"","header-above-stick-meta":"","header-main-stick-meta":"","header-below-stick-meta":"","astra-migrate-meta-layouts":"default","ast-page-background-enabled":"default","ast-page-background-meta":{"desktop":{"background-color":"var(--ast-global-color-5)","background-image":"","background-repeat":"repeat","background-position":"center center","background-size":"auto","background-attachment":"scroll","background-type":"","background-media":"","overlay-type":"","overlay-color":"","overlay-opacity":"","overlay-gradient":""},"tablet":{"background-color":"","background-image":"","background-repeat":"repeat","background-position":"center center","background-size":"auto","background-attachment":"scroll","background-type":"","background-media":"","overlay-type":"","overlay-color":"","overlay-opacity":"","overlay-gradient":""},"mobile":{"background-color":"","background-image":"","background-repeat":"repeat","background-position":"center center","background-size":"auto","background-attachment":"scroll","background-type":"","background-media":"","overlay-type":"","overlay-color":"","overlay-opacity":"","overlay-gradient":""}},"ast-content-background-meta":{"desktop":{"background-color":"var(--ast-global-color-4)","background-image":"","background-repeat":"repeat","background-position":"center center","background-size":"auto","background-attachment":"scroll","background-type":"","background-media":"","overlay-type":"","overlay-color":"","overlay-opacity":"","overlay-gradient":""},"tablet":{"background-color":"var(--ast-global-color-4)","background-image":"","background-repeat":"repeat","background-position":"center center","background-size":"auto","background-attachment":"scroll","background-type":"","background-media":"","overlay-type":"","overlay-color":"","overlay-opacity":"","overlay-gradient":""},"mobile":{"background-color":"var(--ast-global-color-4)","background-image":"","background-repeat":"repeat","background-position":"center center","background-size":"auto","background-attachment":"scroll","background-type":"","background-media":"","overlay-type":"","overlay-color":"","overlay-opacity":"","overlay-gradient":""}},"footnotes":""},"categories":[1],"tags":[],"class_list":["post-6639","post","type-post","status-publish","format-standard","hentry","category-sem-categoria"],"yoast_head":"<!-- This site is optimized with the Yoast SEO plugin v26.6 - https:\/\/yoast.com\/wordpress\/plugins\/seo\/ -->\n<title>Arquiteto L\u00e9o Shehtman est\u00e1 em S\u00e3o Lu\u00eds para o &#039;Pr\u00eamio Vanguarda&#039;, de iniciativa do Centro El\u00e9trico - Evandro Junior<\/title>\n<meta name=\"robots\" content=\"index, follow, max-snippet:-1, max-image-preview:large, max-video-preview:-1\" \/>\n<link rel=\"canonical\" href=\"https:\/\/www.blogsoestado.com\/evandrojunior\/2022\/07\/14\/arquiteto-leo-shehtman-esta-em-sao-luis-para-o-premio-vanguarda-de-iniciativa-do-centro-eletrico\/\" \/>\n<meta property=\"og:locale\" content=\"pt_BR\" \/>\n<meta property=\"og:type\" content=\"article\" \/>\n<meta property=\"og:title\" content=\"Arquiteto L\u00e9o Shehtman est\u00e1 em S\u00e3o Lu\u00eds para o &#039;Pr\u00eamio Vanguarda&#039;, de iniciativa do Centro El\u00e9trico - Evandro Junior\" \/>\n<meta property=\"og:description\" content=\"S\u00e3o Lu\u00eds &#8211; Um dos mais renomados arquitetos brasileiros, com um trabalho primoroso a n\u00edvel nacional e internacional, L\u00e9o Shehtman [&hellip;]\" \/>\n<meta property=\"og:url\" content=\"https:\/\/www.blogsoestado.com\/evandrojunior\/2022\/07\/14\/arquiteto-leo-shehtman-esta-em-sao-luis-para-o-premio-vanguarda-de-iniciativa-do-centro-eletrico\/\" \/>\n<meta property=\"og:site_name\" content=\"Evandro Junior\" \/>\n<meta property=\"article:published_time\" content=\"2022-07-14T20:31:31+00:00\" \/>\n<meta property=\"og:image\" content=\"https:\/\/www.blogsoestado.com\/evandrojunior\/files\/2022\/07\/Leo-.jpg\" \/>\n<meta name=\"author\" content=\"Evandro Junior\" \/>\n<meta name=\"twitter:card\" content=\"summary_large_image\" \/>\n<meta name=\"twitter:label1\" content=\"Escrito por\" \/>\n\t<meta name=\"twitter:data1\" content=\"Evandro Junior\" \/>\n\t<meta name=\"twitter:label2\" content=\"Est. tempo de leitura\" \/>\n\t<meta name=\"twitter:data2\" content=\"3 minutos\" \/>\n<script type=\"application\/ld+json\" class=\"yoast-schema-graph\">{\"@context\":\"https:\/\/schema.org\",\"@graph\":[{\"@type\":\"WebPage\",\"@id\":\"https:\/\/www.blogsoestado.com\/evandrojunior\/2022\/07\/14\/arquiteto-leo-shehtman-esta-em-sao-luis-para-o-premio-vanguarda-de-iniciativa-do-centro-eletrico\/\",\"url\":\"https:\/\/www.blogsoestado.com\/evandrojunior\/2022\/07\/14\/arquiteto-leo-shehtman-esta-em-sao-luis-para-o-premio-vanguarda-de-iniciativa-do-centro-eletrico\/\",\"name\":\"Arquiteto L\u00e9o Shehtman est\u00e1 em S\u00e3o Lu\u00eds para o 'Pr\u00eamio Vanguarda', de iniciativa do Centro El\u00e9trico - Evandro Junior\",\"isPartOf\":{\"@id\":\"https:\/\/www.blogsoestado.com\/evandrojunior\/#website\"},\"primaryImageOfPage\":{\"@id\":\"https:\/\/www.blogsoestado.com\/evandrojunior\/2022\/07\/14\/arquiteto-leo-shehtman-esta-em-sao-luis-para-o-premio-vanguarda-de-iniciativa-do-centro-eletrico\/#primaryimage\"},\"image\":{\"@id\":\"https:\/\/www.blogsoestado.com\/evandrojunior\/2022\/07\/14\/arquiteto-leo-shehtman-esta-em-sao-luis-para-o-premio-vanguarda-de-iniciativa-do-centro-eletrico\/#primaryimage\"},\"thumbnailUrl\":\"https:\/\/www.blogsoestado.com\/evandrojunior\/files\/2022\/07\/Leo-.jpg\",\"datePublished\":\"2022-07-14T20:31:31+00:00\",\"author\":{\"@id\":\"https:\/\/www.blogsoestado.com\/evandrojunior\/#\/schema\/person\/3e6c3d8dbb740d1c6878ebc935cfb3be\"},\"breadcrumb\":{\"@id\":\"https:\/\/www.blogsoestado.com\/evandrojunior\/2022\/07\/14\/arquiteto-leo-shehtman-esta-em-sao-luis-para-o-premio-vanguarda-de-iniciativa-do-centro-eletrico\/#breadcrumb\"},\"inLanguage\":\"pt-BR\",\"potentialAction\":[{\"@type\":\"ReadAction\",\"target\":[\"https:\/\/www.blogsoestado.com\/evandrojunior\/2022\/07\/14\/arquiteto-leo-shehtman-esta-em-sao-luis-para-o-premio-vanguarda-de-iniciativa-do-centro-eletrico\/\"]}]},{\"@type\":\"ImageObject\",\"inLanguage\":\"pt-BR\",\"@id\":\"https:\/\/www.blogsoestado.com\/evandrojunior\/2022\/07\/14\/arquiteto-leo-shehtman-esta-em-sao-luis-para-o-premio-vanguarda-de-iniciativa-do-centro-eletrico\/#primaryimage\",\"url\":\"https:\/\/www.blogsoestado.com\/evandrojunior\/files\/2022\/07\/Leo-.jpg\",\"contentUrl\":\"https:\/\/www.blogsoestado.com\/evandrojunior\/files\/2022\/07\/Leo-.jpg\"},{\"@type\":\"BreadcrumbList\",\"@id\":\"https:\/\/www.blogsoestado.com\/evandrojunior\/2022\/07\/14\/arquiteto-leo-shehtman-esta-em-sao-luis-para-o-premio-vanguarda-de-iniciativa-do-centro-eletrico\/#breadcrumb\",\"itemListElement\":[{\"@type\":\"ListItem\",\"position\":1,\"name\":\"In\u00edcio\",\"item\":\"https:\/\/www.blogsoestado.com\/evandrojunior\/\"},{\"@type\":\"ListItem\",\"position\":2,\"name\":\"Arquiteto L\u00e9o Shehtman est\u00e1 em S\u00e3o Lu\u00eds para o &#8216;Pr\u00eamio Vanguarda&#8217;, de iniciativa do Centro El\u00e9trico\"}]},{\"@type\":\"WebSite\",\"@id\":\"https:\/\/www.blogsoestado.com\/evandrojunior\/#website\",\"url\":\"https:\/\/www.blogsoestado.com\/evandrojunior\/\",\"name\":\"Evandro Junior\",\"description\":\"\",\"potentialAction\":[{\"@type\":\"SearchAction\",\"target\":{\"@type\":\"EntryPoint\",\"urlTemplate\":\"https:\/\/www.blogsoestado.com\/evandrojunior\/?s={search_term_string}\"},\"query-input\":{\"@type\":\"PropertyValueSpecification\",\"valueRequired\":true,\"valueName\":\"search_term_string\"}}],\"inLanguage\":\"pt-BR\"},{\"@type\":\"Person\",\"@id\":\"https:\/\/www.blogsoestado.com\/evandrojunior\/#\/schema\/person\/3e6c3d8dbb740d1c6878ebc935cfb3be\",\"name\":\"Evandro Junior\",\"image\":{\"@type\":\"ImageObject\",\"inLanguage\":\"pt-BR\",\"@id\":\"https:\/\/www.blogsoestado.com\/evandrojunior\/#\/schema\/person\/image\/\",\"url\":\"https:\/\/secure.gravatar.com\/avatar\/f80a03a2294a580cd2318bfb459bf354cfa8be661ef3d95b542cf9a04af8d129?s=96&d=mm&r=g\",\"contentUrl\":\"https:\/\/secure.gravatar.com\/avatar\/f80a03a2294a580cd2318bfb459bf354cfa8be661ef3d95b542cf9a04af8d129?s=96&d=mm&r=g\",\"caption\":\"Evandro Junior\"},\"url\":\"https:\/\/www.blogsoestado.com\/evandrojunior\/author\/evandrojunior\/\"}]}<\/script>\n<!-- \/ Yoast SEO plugin. -->","yoast_head_json":{"title":"Arquiteto L\u00e9o Shehtman est\u00e1 em S\u00e3o Lu\u00eds para o 'Pr\u00eamio Vanguarda', de iniciativa do Centro El\u00e9trico - Evandro Junior","robots":{"index":"index","follow":"follow","max-snippet":"max-snippet:-1","max-image-preview":"max-image-preview:large","max-video-preview":"max-video-preview:-1"},"canonical":"https:\/\/www.blogsoestado.com\/evandrojunior\/2022\/07\/14\/arquiteto-leo-shehtman-esta-em-sao-luis-para-o-premio-vanguarda-de-iniciativa-do-centro-eletrico\/","og_locale":"pt_BR","og_type":"article","og_title":"Arquiteto L\u00e9o Shehtman est\u00e1 em S\u00e3o Lu\u00eds para o 'Pr\u00eamio Vanguarda', de iniciativa do Centro El\u00e9trico - Evandro Junior","og_description":"S\u00e3o Lu\u00eds &#8211; Um dos mais renomados arquitetos brasileiros, com um trabalho primoroso a n\u00edvel nacional e internacional, L\u00e9o Shehtman [&hellip;]","og_url":"https:\/\/www.blogsoestado.com\/evandrojunior\/2022\/07\/14\/arquiteto-leo-shehtman-esta-em-sao-luis-para-o-premio-vanguarda-de-iniciativa-do-centro-eletrico\/","og_site_name":"Evandro Junior","article_published_time":"2022-07-14T20:31:31+00:00","og_image":[{"url":"https:\/\/www.blogsoestado.com\/evandrojunior\/files\/2022\/07\/Leo-.jpg","type":"","width":"","height":""}],"author":"Evandro Junior","twitter_card":"summary_large_image","twitter_misc":{"Escrito por":"Evandro Junior","Est. tempo de leitura":"3 minutos"},"schema":{"@context":"https:\/\/schema.org","@graph":[{"@type":"WebPage","@id":"https:\/\/www.blogsoestado.com\/evandrojunior\/2022\/07\/14\/arquiteto-leo-shehtman-esta-em-sao-luis-para-o-premio-vanguarda-de-iniciativa-do-centro-eletrico\/","url":"https:\/\/www.blogsoestado.com\/evandrojunior\/2022\/07\/14\/arquiteto-leo-shehtman-esta-em-sao-luis-para-o-premio-vanguarda-de-iniciativa-do-centro-eletrico\/","name":"Arquiteto L\u00e9o Shehtman est\u00e1 em S\u00e3o Lu\u00eds para o 'Pr\u00eamio Vanguarda', de iniciativa do Centro El\u00e9trico - Evandro Junior","isPartOf":{"@id":"https:\/\/www.blogsoestado.com\/evandrojunior\/#website"},"primaryImageOfPage":{"@id":"https:\/\/www.blogsoestado.com\/evandrojunior\/2022\/07\/14\/arquiteto-leo-shehtman-esta-em-sao-luis-para-o-premio-vanguarda-de-iniciativa-do-centro-eletrico\/#primaryimage"},"image":{"@id":"https:\/\/www.blogsoestado.com\/evandrojunior\/2022\/07\/14\/arquiteto-leo-shehtman-esta-em-sao-luis-para-o-premio-vanguarda-de-iniciativa-do-centro-eletrico\/#primaryimage"},"thumbnailUrl":"https:\/\/www.blogsoestado.com\/evandrojunior\/files\/2022\/07\/Leo-.jpg","datePublished":"2022-07-14T20:31:31+00:00","author":{"@id":"https:\/\/www.blogsoestado.com\/evandrojunior\/#\/schema\/person\/3e6c3d8dbb740d1c6878ebc935cfb3be"},"breadcrumb":{"@id":"https:\/\/www.blogsoestado.com\/evandrojunior\/2022\/07\/14\/arquiteto-leo-shehtman-esta-em-sao-luis-para-o-premio-vanguarda-de-iniciativa-do-centro-eletrico\/#breadcrumb"},"inLanguage":"pt-BR","potentialAction":[{"@type":"ReadAction","target":["https:\/\/www.blogsoestado.com\/evandrojunior\/2022\/07\/14\/arquiteto-leo-shehtman-esta-em-sao-luis-para-o-premio-vanguarda-de-iniciativa-do-centro-eletrico\/"]}]},{"@type":"ImageObject","inLanguage":"pt-BR","@id":"https:\/\/www.blogsoestado.com\/evandrojunior\/2022\/07\/14\/arquiteto-leo-shehtman-esta-em-sao-luis-para-o-premio-vanguarda-de-iniciativa-do-centro-eletrico\/#primaryimage","url":"https:\/\/www.blogsoestado.com\/evandrojunior\/files\/2022\/07\/Leo-.jpg","contentUrl":"https:\/\/www.blogsoestado.com\/evandrojunior\/files\/2022\/07\/Leo-.jpg"},{"@type":"BreadcrumbList","@id":"https:\/\/www.blogsoestado.com\/evandrojunior\/2022\/07\/14\/arquiteto-leo-shehtman-esta-em-sao-luis-para-o-premio-vanguarda-de-iniciativa-do-centro-eletrico\/#breadcrumb","itemListElement":[{"@type":"ListItem","position":1,"name":"In\u00edcio","item":"https:\/\/www.blogsoestado.com\/evandrojunior\/"},{"@type":"ListItem","position":2,"name":"Arquiteto L\u00e9o Shehtman est\u00e1 em S\u00e3o Lu\u00eds para o &#8216;Pr\u00eamio Vanguarda&#8217;, de iniciativa do Centro El\u00e9trico"}]},{"@type":"WebSite","@id":"https:\/\/www.blogsoestado.com\/evandrojunior\/#website","url":"https:\/\/www.blogsoestado.com\/evandrojunior\/","name":"Evandro Junior","description":"","potentialAction":[{"@type":"SearchAction","target":{"@type":"EntryPoint","urlTemplate":"https:\/\/www.blogsoestado.com\/evandrojunior\/?s={search_term_string}"},"query-input":{"@type":"PropertyValueSpecification","valueRequired":true,"valueName":"search_term_string"}}],"inLanguage":"pt-BR"},{"@type":"Person","@id":"https:\/\/www.blogsoestado.com\/evandrojunior\/#\/schema\/person\/3e6c3d8dbb740d1c6878ebc935cfb3be","name":"Evandro Junior","image":{"@type":"ImageObject","inLanguage":"pt-BR","@id":"https:\/\/www.blogsoestado.com\/evandrojunior\/#\/schema\/person\/image\/","url":"https:\/\/secure.gravatar.com\/avatar\/f80a03a2294a580cd2318bfb459bf354cfa8be661ef3d95b542cf9a04af8d129?s=96&d=mm&r=g","contentUrl":"https:\/\/secure.gravatar.com\/avatar\/f80a03a2294a580cd2318bfb459bf354cfa8be661ef3d95b542cf9a04af8d129?s=96&d=mm&r=g","caption":"Evandro Junior"},"url":"https:\/\/www.blogsoestado.com\/evandrojunior\/author\/evandrojunior\/"}]}},"jetpack_featured_media_url":"","_links":{"self":[{"href":"https:\/\/www.blogsoestado.com\/evandrojunior\/wp-json\/wp\/v2\/posts\/6639","targetHints":{"allow":["GET"]}}],"collection":[{"href":"https:\/\/www.blogsoestado.com\/evandrojunior\/wp-json\/wp\/v2\/posts"}],"about":[{"href":"https:\/\/www.blogsoestado.com\/evandrojunior\/wp-json\/wp\/v2\/types\/post"}],"author":[{"embeddable":true,"href":"https:\/\/www.blogsoestado.com\/evandrojunior\/wp-json\/wp\/v2\/users\/4"}],"replies":[{"embeddable":true,"href":"https:\/\/www.blogsoestado.com\/evandrojunior\/wp-json\/wp\/v2\/comments?post=6639"}],"version-history":[{"count":0,"href":"https:\/\/www.blogsoestado.com\/evandrojunior\/wp-json\/wp\/v2\/posts\/6639\/revisions"}],"wp:attachment":[{"href":"https:\/\/www.blogsoestado.com\/evandrojunior\/wp-json\/wp\/v2\/media?parent=6639"}],"wp:term":[{"taxonomy":"category","embeddable":true,"href":"https:\/\/www.blogsoestado.com\/evandrojunior\/wp-json\/wp\/v2\/categories?post=6639"},{"taxonomy":"post_tag","embeddable":true,"href":"https:\/\/www.blogsoestado.com\/evandrojunior\/wp-json\/wp\/v2\/tags?post=6639"}],"curies":[{"name":"wp","href":"https:\/\/api.w.org\/{rel}","templated":true}]}}