{"id":6646,"date":"2022-07-14T17:57:20","date_gmt":"2022-07-14T20:57:20","guid":{"rendered":"https:\/\/www.blogsoestado.com\/evandrojunior\/?p=6646"},"modified":"2022-07-14T17:57:20","modified_gmt":"2022-07-14T20:57:20","slug":"4maos-realiza-a-maior-micareta-do-mes-de-julho-neste-sabado","status":"publish","type":"post","link":"https:\/\/www.blogsoestado.com\/evandrojunior\/2022\/07\/14\/4maos-realiza-a-maior-micareta-do-mes-de-julho-neste-sabado\/","title":{"rendered":"4M\u00e3os realiza a maior micareta do m\u00eas de julho neste s\u00e1bado"},"content":{"rendered":"\n<div class=\"wp-block-image\"><figure class=\"aligncenter size-large is-resized\"><img fetchpriority=\"high\" decoding=\"async\" src=\"https:\/\/www.blogsoestado.com\/evandrojunior\/files\/2022\/07\/Banda-Timbalada.jpeg\" alt=\"\" class=\"wp-image-6647\" width=\"508\" height=\"486\"\/><figcaption>Banda Timbalada est\u00e1 na programa\u00e7\u00e3o do evento<\/figcaption><\/figure><\/div>\n\n\n\n<p>S\u00e3o Lu\u00eds &#8211; Com o anfitri\u00e3o Durval Lelys, que comandou durante 20 anos a banda Asa de \u00c1guia, a 4M\u00e3os Entretenimento recebe, neste s\u00e1bado (16), a Timbalada, que arrasta multid\u00f5es, o grupo EVA, comandado pelo cantor Felipe Pezzoni, a Banda Mix in Brazil e o DJ Rog\u00e9rio Mix, no estacionamento do S\u00e3o Lu\u00eds Shopping, a partir das 17h.<\/p>\n\n\n\n<p>O corredor da folia j\u00e1 est\u00e1 pronto. Os abad\u00e1s j\u00e1 est\u00e3o em m\u00e3os e o clima na cidade \u00e9 de folia bem no estilo do Marafolia, para relembrar os bons tempos na Avenida Litor\u00e2nea. <\/p>\n\n\n\n<p>\u201cVamos fazer uma linda micareta exatamente no per\u00edodo que as micaretas retornam. Tivemos o sucesso do Bloquinho do Bell e agora \u00e9 a vez de outro rei, o Durval Lelys, com o Bloquinho Coco Bambu\u201d, diz Marcelo Arag\u00e3o, s\u00f3cio da 4M\u00e3os Entretenimento.<\/p>\n\n\n\n<p>Com a classifica\u00e7\u00e3o de 16 anos, o evento tem apoio e patroc\u00ednio da 100% Malte, S\u00e3o Lu\u00eds Shopping, Wiki. Telecom e Latam Cargo.<\/p>\n\n\n\n<div class=\"wp-block-image\"><figure class=\"aligncenter size-large is-resized\"><img decoding=\"async\" src=\"https:\/\/www.blogsoestado.com\/evandrojunior\/files\/2022\/07\/Durval-Lelys-02.jpg\" alt=\"\" class=\"wp-image-6648\" width=\"522\" height=\"499\"\/><figcaption>Durval L\u00e9lys afirma que retornar a S\u00e3o Lu\u00eds \u00e9 sempre m\u00e1gico<\/figcaption><\/figure><\/div>\n\n\n\n<p><strong>Durval Lelys<\/strong><\/p>\n\n\n\n<p>Para Durval Lelys, o retorno a S\u00e3o Lu\u00eds \u00e9 sempre m\u00e1gico. \u201c\u00c9 uma galera por quem eu sou apaixonado. Uma turma que eu me divirto sempre. Tenho muitas hist\u00f3rias com a Ilha. Tenho encontro com a Trivela, a Trinave, o Bloquinho do Bell que foi o mais recente. S\u00e3o muitos encontros e vamos matar a saudade e fazer uma nova hist\u00f3ria com o Bloquinho Coco Bambu\u201d, diz o cantor que comandou o grupo Asa de \u00c1guia.<\/p>\n\n\n\n<p>Asa de \u00c1guia, para se ter ideia, foi criada em junho de 1987. Mesclava diversos ritmos, como rock, ax\u00e9, funk, reggae e country. Formada por Durval Lelys (vocal e guitarra), Levi Pereira (baixo), Radi (bateria), Ricardo Ferraro (teclados) e Bajara (percuss\u00e3o), foi uma das bandas mais premiadas do Carnaval soteropolitano, conquistando diversos trof\u00e9us, entre eles o \u201cTrof\u00e9u Dod\u00f4 &amp; Osmar\u201d, em 1992, 1997 e 1999. <\/p>\n\n\n\n<p>Durante seus 27 anos de sucesso, vendeu 3 milh\u00f5es de discos e conquistou seis CDs de ouro e dois de platina. Em 13 discos lan\u00e7ados, emplacou v\u00e1rios hits, como \u201cBota Pra Ferver\u201d, \u201cCom Amor\u201d, \u201cN\u00e3o Tem Lua\u201d, \u201cPra L\u00e1 de Bragad\u00e1\u201d, \u201cDan\u00e7a da Tartaruga\u201d, \u201cCocobambu\u201d, entre outros. Participou ainda de cerca de 28 micaretas por ano, em mais de 12 cidades do pa\u00eds.<\/p>\n\n\n\n<div class=\"wp-block-image\"><figure class=\"aligncenter size-large is-resized\"><img decoding=\"async\" src=\"https:\/\/www.blogsoestado.com\/evandrojunior\/files\/2022\/07\/Felipe-Pezzoni-da-Banda-Eva-1024x576.jpg\" alt=\"\" class=\"wp-image-6649\" width=\"624\" height=\"350\"\/><figcaption>Banda Eva, com Felipe Pezzoni, \u00e9 outra apresenta\u00e7\u00e3o esperada no evento  <\/figcaption><\/figure><\/div>\n\n\n\n<p><strong>Timbalada<\/strong><\/p>\n\n\n\n<p>Uma das bandas mais ic\u00f4nicas da hist\u00f3ria da m\u00fasica do Brasil \u00e9 a Timbalada. Hoje com Denny Denan no vocal, o grupo baiano comemora 31 anos de hist\u00f3ria, sempre orientado por Carlinhos Brown. J\u00e1 s\u00e3o 25 carnavais e 14 discos lan\u00e7ados. A banda que nasceu no bairro do Candeal, em Salvador, criou um estilo pr\u00f3prio de percuss\u00e3o que dominou o mundo. Os baianos j\u00e1 se apresentaram em pa\u00edses da Europa, \u00c1sia, Am\u00e9rica do Norte e \u00c1frica. O grupo \u00e9 comandado pelos cantores Denny Denan e Buja Ferreira.<\/p>\n\n\n\n<p>Para o cantor Denny, retornar a S\u00e3o Lu\u00eds \u00e9 uma grande felicidade. O grupo gravou um DVD em S\u00e3o Lu\u00eds e foi um grande sucesso. \u201cO ano era 2007 e lembro que foi na Est\u00e2ncia Urbana. Um lugar incr\u00edvel e l\u00e1 gravamos o nosso primeiro DVD, com dire\u00e7\u00e3o do nosso pai, Carlinhos Brown. Vamos relembrar grandes sucessos daquela \u00e9poca e pipocar tudo no Maranh\u00e3o com muito mais novidade\u201d, comenta o cantor Denny Denan.<\/p>\n\n\n\n<p><strong>Banda EVA<\/strong><\/p>\n\n\n\n<p>A Banda EVA usa da sua capacidade de se reinventar para ser cada vez mais atual. Considerado um dos principais grupos musicais do Pa\u00eds, hoje faz releituras de grandes m\u00fasicas nacionais e ousa nos arranjos, refor\u00e7ando seu DNA pop e mesclando diversos ritmos em suas apresenta\u00e7\u00f5es. Com mais de 40 anos de hist\u00f3ria, o grupo \u00e9 considerado uma incubadora de talentos e ajudou a revelar importantes nomes da m\u00fasica, como Daniela Mercury, Durval Lelys, Ivete Sangalo e Saulo Fernandes, al\u00e9m do atual Felipe Pezzoni, que desde 2013 leva a Banda Eva para todo o Brasil.<\/p>\n\n\n\n<p> \u201cMe sinto muito honrado em poder representar a Banda Eva, uma banda que sempre admirei muito e tem um legado incr\u00edvel. Gostamos de levar a nossa energia para diferentes lugares e gostamos ainda mais de tocar as m\u00fasicas que nos tocam e que animam o p\u00fablico.\u201d conta Felipe.<\/p>\n\n\n\n<p><strong>Economia<\/strong><\/p>\n\n\n\n<p>O evento emprega milhares de pessoas diretas e indiretamente. Aquece toda a rede produtiva da cidade. \u201cTodos os eventos que realizamos, temos a felicidade de movimentar o mercado. Movimentamos a cadeia hoteleira. S\u00f3 para bandas estamos utilizando quatro hot\u00e9is da cidade. Fora isso, os pr\u00f3prios hot\u00e9is criam pacotes e promo\u00e7\u00f5es para receber os foli\u00f5es. Temos tamb\u00e9m o com\u00e9rcio informal, que de toda forma aproveita tamb\u00e9m para gerar renda e muitas outras categorias. Uma gera\u00e7\u00e3o de emprego para todo mundo na cidade\u201d, afirma Marcelo Arag\u00e3o.<\/p>\n\n\n\n<p><strong>Venda<\/strong><\/p>\n\n\n\n<p>Os abad\u00e1s est\u00e3o \u00e0 venda na Loja 4M\u00e3os Store (S\u00e3o Lu\u00eds Shopping), Loja Miusique (Champs Mall) e na Bilheteria Digital (Rio Anil Shopping, Shopping da Ilha e Site). Os valores variam entre R$ 135 e R$ 360, com parcelamento em at\u00e9 3 vezes sem juros. \u00c9 poss\u00edvel ter altera\u00e7\u00e3o de valor a qualquer momento.<\/p>\n","protected":false},"excerpt":{"rendered":"<p>S\u00e3o Lu\u00eds &#8211; Com o anfitri\u00e3o Durval Lelys, que comandou durante 20 anos a banda Asa de \u00c1guia, a 4M\u00e3os [&hellip;]<\/p>\n","protected":false},"author":4,"featured_media":0,"comment_status":"open","ping_status":"open","sticky":false,"template":"","format":"standard","meta":{"site-sidebar-layout":"default","site-content-layout":"","ast-site-content-layout":"default","site-content-style":"default","site-sidebar-style":"default","ast-global-header-display":"","ast-banner-title-visibility":"","ast-main-header-display":"","ast-hfb-above-header-display":"","ast-hfb-below-header-display":"","ast-hfb-mobile-header-display":"","site-post-title":"","ast-breadcrumbs-content":"","ast-featured-img":"","footer-sml-layout":"","ast-disable-related-posts":"","theme-transparent-header-meta":"","adv-header-id-meta":"","stick-header-meta":"","header-above-stick-meta":"","header-main-stick-meta":"","header-below-stick-meta":"","astra-migrate-meta-layouts":"default","ast-page-background-enabled":"default","ast-page-background-meta":{"desktop":{"background-color":"var(--ast-global-color-5)","background-image":"","background-repeat":"repeat","background-position":"center center","background-size":"auto","background-attachment":"scroll","background-type":"","background-media":"","overlay-type":"","overlay-color":"","overlay-opacity":"","overlay-gradient":""},"tablet":{"background-color":"","background-image":"","background-repeat":"repeat","background-position":"center center","background-size":"auto","background-attachment":"scroll","background-type":"","background-media":"","overlay-type":"","overlay-color":"","overlay-opacity":"","overlay-gradient":""},"mobile":{"background-color":"","background-image":"","background-repeat":"repeat","background-position":"center center","background-size":"auto","background-attachment":"scroll","background-type":"","background-media":"","overlay-type":"","overlay-color":"","overlay-opacity":"","overlay-gradient":""}},"ast-content-background-meta":{"desktop":{"background-color":"var(--ast-global-color-4)","background-image":"","background-repeat":"repeat","background-position":"center center","background-size":"auto","background-attachment":"scroll","background-type":"","background-media":"","overlay-type":"","overlay-color":"","overlay-opacity":"","overlay-gradient":""},"tablet":{"background-color":"var(--ast-global-color-4)","background-image":"","background-repeat":"repeat","background-position":"center center","background-size":"auto","background-attachment":"scroll","background-type":"","background-media":"","overlay-type":"","overlay-color":"","overlay-opacity":"","overlay-gradient":""},"mobile":{"background-color":"var(--ast-global-color-4)","background-image":"","background-repeat":"repeat","background-position":"center center","background-size":"auto","background-attachment":"scroll","background-type":"","background-media":"","overlay-type":"","overlay-color":"","overlay-opacity":"","overlay-gradient":""}},"footnotes":""},"categories":[1],"tags":[],"class_list":["post-6646","post","type-post","status-publish","format-standard","hentry","category-sem-categoria"],"yoast_head":"<!-- This site is optimized with the Yoast SEO plugin v26.6 - https:\/\/yoast.com\/wordpress\/plugins\/seo\/ -->\n<title>4M\u00e3os realiza a maior micareta do m\u00eas de julho neste s\u00e1bado - Evandro Junior<\/title>\n<meta name=\"robots\" content=\"index, follow, max-snippet:-1, max-image-preview:large, max-video-preview:-1\" \/>\n<link rel=\"canonical\" href=\"https:\/\/www.blogsoestado.com\/evandrojunior\/2022\/07\/14\/4maos-realiza-a-maior-micareta-do-mes-de-julho-neste-sabado\/\" \/>\n<meta property=\"og:locale\" content=\"pt_BR\" \/>\n<meta property=\"og:type\" content=\"article\" \/>\n<meta property=\"og:title\" content=\"4M\u00e3os realiza a maior micareta do m\u00eas de julho neste s\u00e1bado - Evandro Junior\" \/>\n<meta property=\"og:description\" content=\"S\u00e3o Lu\u00eds &#8211; Com o anfitri\u00e3o Durval Lelys, que comandou durante 20 anos a banda Asa de \u00c1guia, a 4M\u00e3os [&hellip;]\" \/>\n<meta property=\"og:url\" content=\"https:\/\/www.blogsoestado.com\/evandrojunior\/2022\/07\/14\/4maos-realiza-a-maior-micareta-do-mes-de-julho-neste-sabado\/\" \/>\n<meta property=\"og:site_name\" content=\"Evandro Junior\" \/>\n<meta property=\"article:published_time\" content=\"2022-07-14T20:57:20+00:00\" \/>\n<meta property=\"og:image\" content=\"https:\/\/www.blogsoestado.com\/evandrojunior\/files\/2022\/07\/Banda-Timbalada.jpeg\" \/>\n<meta name=\"author\" content=\"Evandro Junior\" \/>\n<meta name=\"twitter:card\" content=\"summary_large_image\" \/>\n<meta name=\"twitter:label1\" content=\"Escrito por\" \/>\n\t<meta name=\"twitter:data1\" content=\"Evandro Junior\" \/>\n\t<meta name=\"twitter:label2\" content=\"Est. tempo de leitura\" \/>\n\t<meta name=\"twitter:data2\" content=\"5 minutos\" \/>\n<script type=\"application\/ld+json\" class=\"yoast-schema-graph\">{\"@context\":\"https:\/\/schema.org\",\"@graph\":[{\"@type\":\"WebPage\",\"@id\":\"https:\/\/www.blogsoestado.com\/evandrojunior\/2022\/07\/14\/4maos-realiza-a-maior-micareta-do-mes-de-julho-neste-sabado\/\",\"url\":\"https:\/\/www.blogsoestado.com\/evandrojunior\/2022\/07\/14\/4maos-realiza-a-maior-micareta-do-mes-de-julho-neste-sabado\/\",\"name\":\"4M\u00e3os realiza a maior micareta do m\u00eas de julho neste s\u00e1bado - Evandro Junior\",\"isPartOf\":{\"@id\":\"https:\/\/www.blogsoestado.com\/evandrojunior\/#website\"},\"primaryImageOfPage\":{\"@id\":\"https:\/\/www.blogsoestado.com\/evandrojunior\/2022\/07\/14\/4maos-realiza-a-maior-micareta-do-mes-de-julho-neste-sabado\/#primaryimage\"},\"image\":{\"@id\":\"https:\/\/www.blogsoestado.com\/evandrojunior\/2022\/07\/14\/4maos-realiza-a-maior-micareta-do-mes-de-julho-neste-sabado\/#primaryimage\"},\"thumbnailUrl\":\"https:\/\/www.blogsoestado.com\/evandrojunior\/files\/2022\/07\/Banda-Timbalada.jpeg\",\"datePublished\":\"2022-07-14T20:57:20+00:00\",\"author\":{\"@id\":\"https:\/\/www.blogsoestado.com\/evandrojunior\/#\/schema\/person\/3e6c3d8dbb740d1c6878ebc935cfb3be\"},\"breadcrumb\":{\"@id\":\"https:\/\/www.blogsoestado.com\/evandrojunior\/2022\/07\/14\/4maos-realiza-a-maior-micareta-do-mes-de-julho-neste-sabado\/#breadcrumb\"},\"inLanguage\":\"pt-BR\",\"potentialAction\":[{\"@type\":\"ReadAction\",\"target\":[\"https:\/\/www.blogsoestado.com\/evandrojunior\/2022\/07\/14\/4maos-realiza-a-maior-micareta-do-mes-de-julho-neste-sabado\/\"]}]},{\"@type\":\"ImageObject\",\"inLanguage\":\"pt-BR\",\"@id\":\"https:\/\/www.blogsoestado.com\/evandrojunior\/2022\/07\/14\/4maos-realiza-a-maior-micareta-do-mes-de-julho-neste-sabado\/#primaryimage\",\"url\":\"https:\/\/www.blogsoestado.com\/evandrojunior\/files\/2022\/07\/Banda-Timbalada.jpeg\",\"contentUrl\":\"https:\/\/www.blogsoestado.com\/evandrojunior\/files\/2022\/07\/Banda-Timbalada.jpeg\"},{\"@type\":\"BreadcrumbList\",\"@id\":\"https:\/\/www.blogsoestado.com\/evandrojunior\/2022\/07\/14\/4maos-realiza-a-maior-micareta-do-mes-de-julho-neste-sabado\/#breadcrumb\",\"itemListElement\":[{\"@type\":\"ListItem\",\"position\":1,\"name\":\"In\u00edcio\",\"item\":\"https:\/\/www.blogsoestado.com\/evandrojunior\/\"},{\"@type\":\"ListItem\",\"position\":2,\"name\":\"4M\u00e3os realiza a maior micareta do m\u00eas de julho neste s\u00e1bado\"}]},{\"@type\":\"WebSite\",\"@id\":\"https:\/\/www.blogsoestado.com\/evandrojunior\/#website\",\"url\":\"https:\/\/www.blogsoestado.com\/evandrojunior\/\",\"name\":\"Evandro Junior\",\"description\":\"\",\"potentialAction\":[{\"@type\":\"SearchAction\",\"target\":{\"@type\":\"EntryPoint\",\"urlTemplate\":\"https:\/\/www.blogsoestado.com\/evandrojunior\/?s={search_term_string}\"},\"query-input\":{\"@type\":\"PropertyValueSpecification\",\"valueRequired\":true,\"valueName\":\"search_term_string\"}}],\"inLanguage\":\"pt-BR\"},{\"@type\":\"Person\",\"@id\":\"https:\/\/www.blogsoestado.com\/evandrojunior\/#\/schema\/person\/3e6c3d8dbb740d1c6878ebc935cfb3be\",\"name\":\"Evandro Junior\",\"image\":{\"@type\":\"ImageObject\",\"inLanguage\":\"pt-BR\",\"@id\":\"https:\/\/www.blogsoestado.com\/evandrojunior\/#\/schema\/person\/image\/\",\"url\":\"https:\/\/secure.gravatar.com\/avatar\/f80a03a2294a580cd2318bfb459bf354cfa8be661ef3d95b542cf9a04af8d129?s=96&d=mm&r=g\",\"contentUrl\":\"https:\/\/secure.gravatar.com\/avatar\/f80a03a2294a580cd2318bfb459bf354cfa8be661ef3d95b542cf9a04af8d129?s=96&d=mm&r=g\",\"caption\":\"Evandro Junior\"},\"url\":\"https:\/\/www.blogsoestado.com\/evandrojunior\/author\/evandrojunior\/\"}]}<\/script>\n<!-- \/ Yoast SEO plugin. -->","yoast_head_json":{"title":"4M\u00e3os realiza a maior micareta do m\u00eas de julho neste s\u00e1bado - Evandro Junior","robots":{"index":"index","follow":"follow","max-snippet":"max-snippet:-1","max-image-preview":"max-image-preview:large","max-video-preview":"max-video-preview:-1"},"canonical":"https:\/\/www.blogsoestado.com\/evandrojunior\/2022\/07\/14\/4maos-realiza-a-maior-micareta-do-mes-de-julho-neste-sabado\/","og_locale":"pt_BR","og_type":"article","og_title":"4M\u00e3os realiza a maior micareta do m\u00eas de julho neste s\u00e1bado - Evandro Junior","og_description":"S\u00e3o Lu\u00eds &#8211; Com o anfitri\u00e3o Durval Lelys, que comandou durante 20 anos a banda Asa de \u00c1guia, a 4M\u00e3os [&hellip;]","og_url":"https:\/\/www.blogsoestado.com\/evandrojunior\/2022\/07\/14\/4maos-realiza-a-maior-micareta-do-mes-de-julho-neste-sabado\/","og_site_name":"Evandro Junior","article_published_time":"2022-07-14T20:57:20+00:00","og_image":[{"url":"https:\/\/www.blogsoestado.com\/evandrojunior\/files\/2022\/07\/Banda-Timbalada.jpeg","type":"","width":"","height":""}],"author":"Evandro Junior","twitter_card":"summary_large_image","twitter_misc":{"Escrito por":"Evandro Junior","Est. tempo de leitura":"5 minutos"},"schema":{"@context":"https:\/\/schema.org","@graph":[{"@type":"WebPage","@id":"https:\/\/www.blogsoestado.com\/evandrojunior\/2022\/07\/14\/4maos-realiza-a-maior-micareta-do-mes-de-julho-neste-sabado\/","url":"https:\/\/www.blogsoestado.com\/evandrojunior\/2022\/07\/14\/4maos-realiza-a-maior-micareta-do-mes-de-julho-neste-sabado\/","name":"4M\u00e3os realiza a maior micareta do m\u00eas de julho neste s\u00e1bado - Evandro Junior","isPartOf":{"@id":"https:\/\/www.blogsoestado.com\/evandrojunior\/#website"},"primaryImageOfPage":{"@id":"https:\/\/www.blogsoestado.com\/evandrojunior\/2022\/07\/14\/4maos-realiza-a-maior-micareta-do-mes-de-julho-neste-sabado\/#primaryimage"},"image":{"@id":"https:\/\/www.blogsoestado.com\/evandrojunior\/2022\/07\/14\/4maos-realiza-a-maior-micareta-do-mes-de-julho-neste-sabado\/#primaryimage"},"thumbnailUrl":"https:\/\/www.blogsoestado.com\/evandrojunior\/files\/2022\/07\/Banda-Timbalada.jpeg","datePublished":"2022-07-14T20:57:20+00:00","author":{"@id":"https:\/\/www.blogsoestado.com\/evandrojunior\/#\/schema\/person\/3e6c3d8dbb740d1c6878ebc935cfb3be"},"breadcrumb":{"@id":"https:\/\/www.blogsoestado.com\/evandrojunior\/2022\/07\/14\/4maos-realiza-a-maior-micareta-do-mes-de-julho-neste-sabado\/#breadcrumb"},"inLanguage":"pt-BR","potentialAction":[{"@type":"ReadAction","target":["https:\/\/www.blogsoestado.com\/evandrojunior\/2022\/07\/14\/4maos-realiza-a-maior-micareta-do-mes-de-julho-neste-sabado\/"]}]},{"@type":"ImageObject","inLanguage":"pt-BR","@id":"https:\/\/www.blogsoestado.com\/evandrojunior\/2022\/07\/14\/4maos-realiza-a-maior-micareta-do-mes-de-julho-neste-sabado\/#primaryimage","url":"https:\/\/www.blogsoestado.com\/evandrojunior\/files\/2022\/07\/Banda-Timbalada.jpeg","contentUrl":"https:\/\/www.blogsoestado.com\/evandrojunior\/files\/2022\/07\/Banda-Timbalada.jpeg"},{"@type":"BreadcrumbList","@id":"https:\/\/www.blogsoestado.com\/evandrojunior\/2022\/07\/14\/4maos-realiza-a-maior-micareta-do-mes-de-julho-neste-sabado\/#breadcrumb","itemListElement":[{"@type":"ListItem","position":1,"name":"In\u00edcio","item":"https:\/\/www.blogsoestado.com\/evandrojunior\/"},{"@type":"ListItem","position":2,"name":"4M\u00e3os realiza a maior micareta do m\u00eas de julho neste s\u00e1bado"}]},{"@type":"WebSite","@id":"https:\/\/www.blogsoestado.com\/evandrojunior\/#website","url":"https:\/\/www.blogsoestado.com\/evandrojunior\/","name":"Evandro Junior","description":"","potentialAction":[{"@type":"SearchAction","target":{"@type":"EntryPoint","urlTemplate":"https:\/\/www.blogsoestado.com\/evandrojunior\/?s={search_term_string}"},"query-input":{"@type":"PropertyValueSpecification","valueRequired":true,"valueName":"search_term_string"}}],"inLanguage":"pt-BR"},{"@type":"Person","@id":"https:\/\/www.blogsoestado.com\/evandrojunior\/#\/schema\/person\/3e6c3d8dbb740d1c6878ebc935cfb3be","name":"Evandro Junior","image":{"@type":"ImageObject","inLanguage":"pt-BR","@id":"https:\/\/www.blogsoestado.com\/evandrojunior\/#\/schema\/person\/image\/","url":"https:\/\/secure.gravatar.com\/avatar\/f80a03a2294a580cd2318bfb459bf354cfa8be661ef3d95b542cf9a04af8d129?s=96&d=mm&r=g","contentUrl":"https:\/\/secure.gravatar.com\/avatar\/f80a03a2294a580cd2318bfb459bf354cfa8be661ef3d95b542cf9a04af8d129?s=96&d=mm&r=g","caption":"Evandro Junior"},"url":"https:\/\/www.blogsoestado.com\/evandrojunior\/author\/evandrojunior\/"}]}},"jetpack_featured_media_url":"","_links":{"self":[{"href":"https:\/\/www.blogsoestado.com\/evandrojunior\/wp-json\/wp\/v2\/posts\/6646","targetHints":{"allow":["GET"]}}],"collection":[{"href":"https:\/\/www.blogsoestado.com\/evandrojunior\/wp-json\/wp\/v2\/posts"}],"about":[{"href":"https:\/\/www.blogsoestado.com\/evandrojunior\/wp-json\/wp\/v2\/types\/post"}],"author":[{"embeddable":true,"href":"https:\/\/www.blogsoestado.com\/evandrojunior\/wp-json\/wp\/v2\/users\/4"}],"replies":[{"embeddable":true,"href":"https:\/\/www.blogsoestado.com\/evandrojunior\/wp-json\/wp\/v2\/comments?post=6646"}],"version-history":[{"count":0,"href":"https:\/\/www.blogsoestado.com\/evandrojunior\/wp-json\/wp\/v2\/posts\/6646\/revisions"}],"wp:attachment":[{"href":"https:\/\/www.blogsoestado.com\/evandrojunior\/wp-json\/wp\/v2\/media?parent=6646"}],"wp:term":[{"taxonomy":"category","embeddable":true,"href":"https:\/\/www.blogsoestado.com\/evandrojunior\/wp-json\/wp\/v2\/categories?post=6646"},{"taxonomy":"post_tag","embeddable":true,"href":"https:\/\/www.blogsoestado.com\/evandrojunior\/wp-json\/wp\/v2\/tags?post=6646"}],"curies":[{"name":"wp","href":"https:\/\/api.w.org\/{rel}","templated":true}]}}