{"id":6652,"date":"2022-07-15T11:07:18","date_gmt":"2022-07-15T14:07:18","guid":{"rendered":"https:\/\/www.blogsoestado.com\/evandrojunior\/?p=6652"},"modified":"2022-07-15T11:07:18","modified_gmt":"2022-07-15T14:07:18","slug":"sommeliere-paulista-gabi-frizon-assinara-carta-de-vinhos-do-wine-celebration-2022","status":"publish","type":"post","link":"https:\/\/www.blogsoestado.com\/evandrojunior\/2022\/07\/15\/sommeliere-paulista-gabi-frizon-assinara-carta-de-vinhos-do-wine-celebration-2022\/","title":{"rendered":"Sommeli\u00e8re paulista Gabi Frizon assinar\u00e1 carta de vinhos do Wine Celebration 2022"},"content":{"rendered":"\n<div class=\"wp-block-image\"><figure class=\"aligncenter size-large is-resized\"><img fetchpriority=\"high\" decoding=\"async\" src=\"https:\/\/www.blogsoestado.com\/evandrojunior\/files\/2022\/07\/Frizon.jpg\" alt=\"\" class=\"wp-image-6654\" width=\"554\" height=\"312\"\/><figcaption>Gabi Frizon \u00e9 habilitada pela ABS Brasil, com Advanced Certificate in Wines pela WSET, e foi eleita \u201cSommeli\u00e8re do Ano\u201d<\/figcaption><\/figure><\/div>\n\n\n\n<p><strong>S\u00e3o Lu\u00eds <\/strong>&#8211; Mais uma vez, a experiente sommeli\u00e8re paulista Gabi Frizon assinar\u00e1 a carta de vinhos da edi\u00e7\u00e3o 2022 do Wine Celebration, evento organizado pela equipe da AMZ Company, sob a coordena\u00e7\u00e3o de Emmanuel M\u00e1rcio Barbosa e Al\u00edpio Moraes. A data j\u00e1 foi anunciada: 7 de outubro, no badalado Palazzo Evento (Ara\u00e7agi), palco de grandes recep\u00e7\u00f5es da sociedade maranhense. <\/p>\n\n\n\n<p>Gabi Frizon \u00e9 habilitada pela ABS Brasil, com Advanced Certificate in Wines pela WSET, e foi eleita \u201cSommeli\u00e8re do Ano\u201d pela Revista Gosto.<\/p>\n\n\n\n<p>Ela atuou em empreendimentos luxuosos como os hot\u00e9is Tivoli Mofarrej e Pal\u00e1cio Tangar\u00e1, no conceituado restaurante La Tambouille, em S\u00e3o Paulo, e no Emiliano, do Rio de Janeiro.<\/p>\n\n\n\n<p>Emmanuel M\u00e1rcio Barbosa e Al\u00edpio Moraes est\u00e3o trabalhando intensamente nos bastidores para surpreender o p\u00fablico. Querem repetir o sucesso da primeira edi\u00e7\u00e3o, em 2019. Afinal, a f\u00f3rmula in\u00e9dita adotada em sua execu\u00e7\u00e3o foi bastante elogiada. <\/p>\n\n\n\n<p>&#8220;N\u00f3s aliamos bons r\u00f3tulos de sete nacionalidades e suas respectivas esta\u00e7\u00f5es gastron\u00f4micas \u00e0 m\u00fasica de qualidade e a um servi\u00e7o de excel\u00eancia. As esta\u00e7\u00f5es, diga-se de passagem, eram comandadas pelos mais prestigiados chefs locais&#8221;, destacou Emmanuel M\u00e1rcio Barbosa. <\/p>\n\n\n\n<p><\/p>\n\n\n\n<p><\/p>\n","protected":false},"excerpt":{"rendered":"<p>S\u00e3o Lu\u00eds &#8211; Mais uma vez, a experiente sommeli\u00e8re paulista Gabi Frizon assinar\u00e1 a carta de vinhos da edi\u00e7\u00e3o 2022 [&hellip;]<\/p>\n","protected":false},"author":4,"featured_media":0,"comment_status":"open","ping_status":"open","sticky":false,"template":"","format":"standard","meta":{"site-sidebar-layout":"default","site-content-layout":"","ast-site-content-layout":"default","site-content-style":"default","site-sidebar-style":"default","ast-global-header-display":"","ast-banner-title-visibility":"","ast-main-header-display":"","ast-hfb-above-header-display":"","ast-hfb-below-header-display":"","ast-hfb-mobile-header-display":"","site-post-title":"","ast-breadcrumbs-content":"","ast-featured-img":"","footer-sml-layout":"","ast-disable-related-posts":"","theme-transparent-header-meta":"","adv-header-id-meta":"","stick-header-meta":"","header-above-stick-meta":"","header-main-stick-meta":"","header-below-stick-meta":"","astra-migrate-meta-layouts":"default","ast-page-background-enabled":"default","ast-page-background-meta":{"desktop":{"background-color":"var(--ast-global-color-5)","background-image":"","background-repeat":"repeat","background-position":"center center","background-size":"auto","background-attachment":"scroll","background-type":"","background-media":"","overlay-type":"","overlay-color":"","overlay-opacity":"","overlay-gradient":""},"tablet":{"background-color":"","background-image":"","background-repeat":"repeat","background-position":"center center","background-size":"auto","background-attachment":"scroll","background-type":"","background-media":"","overlay-type":"","overlay-color":"","overlay-opacity":"","overlay-gradient":""},"mobile":{"background-color":"","background-image":"","background-repeat":"repeat","background-position":"center center","background-size":"auto","background-attachment":"scroll","background-type":"","background-media":"","overlay-type":"","overlay-color":"","overlay-opacity":"","overlay-gradient":""}},"ast-content-background-meta":{"desktop":{"background-color":"var(--ast-global-color-4)","background-image":"","background-repeat":"repeat","background-position":"center center","background-size":"auto","background-attachment":"scroll","background-type":"","background-media":"","overlay-type":"","overlay-color":"","overlay-opacity":"","overlay-gradient":""},"tablet":{"background-color":"var(--ast-global-color-4)","background-image":"","background-repeat":"repeat","background-position":"center center","background-size":"auto","background-attachment":"scroll","background-type":"","background-media":"","overlay-type":"","overlay-color":"","overlay-opacity":"","overlay-gradient":""},"mobile":{"background-color":"var(--ast-global-color-4)","background-image":"","background-repeat":"repeat","background-position":"center center","background-size":"auto","background-attachment":"scroll","background-type":"","background-media":"","overlay-type":"","overlay-color":"","overlay-opacity":"","overlay-gradient":""}},"footnotes":""},"categories":[1],"tags":[],"class_list":["post-6652","post","type-post","status-publish","format-standard","hentry","category-sem-categoria"],"yoast_head":"<!-- This site is optimized with the Yoast SEO plugin v26.6 - https:\/\/yoast.com\/wordpress\/plugins\/seo\/ -->\n<title>Sommeli\u00e8re paulista Gabi Frizon assinar\u00e1 carta de vinhos do Wine Celebration 2022 - Evandro Junior<\/title>\n<meta name=\"robots\" content=\"index, follow, max-snippet:-1, max-image-preview:large, max-video-preview:-1\" \/>\n<link rel=\"canonical\" href=\"https:\/\/www.blogsoestado.com\/evandrojunior\/2022\/07\/15\/sommeliere-paulista-gabi-frizon-assinara-carta-de-vinhos-do-wine-celebration-2022\/\" \/>\n<meta property=\"og:locale\" content=\"pt_BR\" \/>\n<meta property=\"og:type\" content=\"article\" \/>\n<meta property=\"og:title\" content=\"Sommeli\u00e8re paulista Gabi Frizon assinar\u00e1 carta de vinhos do Wine Celebration 2022 - Evandro Junior\" \/>\n<meta property=\"og:description\" content=\"S\u00e3o Lu\u00eds &#8211; Mais uma vez, a experiente sommeli\u00e8re paulista Gabi Frizon assinar\u00e1 a carta de vinhos da edi\u00e7\u00e3o 2022 [&hellip;]\" \/>\n<meta property=\"og:url\" content=\"https:\/\/www.blogsoestado.com\/evandrojunior\/2022\/07\/15\/sommeliere-paulista-gabi-frizon-assinara-carta-de-vinhos-do-wine-celebration-2022\/\" \/>\n<meta property=\"og:site_name\" content=\"Evandro Junior\" \/>\n<meta property=\"article:published_time\" content=\"2022-07-15T14:07:18+00:00\" \/>\n<meta property=\"og:image\" content=\"https:\/\/www.blogsoestado.com\/evandrojunior\/files\/2022\/07\/Frizon.jpg\" \/>\n<meta name=\"author\" content=\"Evandro Junior\" \/>\n<meta name=\"twitter:card\" content=\"summary_large_image\" \/>\n<meta name=\"twitter:label1\" content=\"Escrito por\" \/>\n\t<meta name=\"twitter:data1\" content=\"Evandro Junior\" \/>\n\t<meta name=\"twitter:label2\" content=\"Est. tempo de leitura\" \/>\n\t<meta name=\"twitter:data2\" content=\"2 minutos\" \/>\n<script type=\"application\/ld+json\" class=\"yoast-schema-graph\">{\"@context\":\"https:\/\/schema.org\",\"@graph\":[{\"@type\":\"WebPage\",\"@id\":\"https:\/\/www.blogsoestado.com\/evandrojunior\/2022\/07\/15\/sommeliere-paulista-gabi-frizon-assinara-carta-de-vinhos-do-wine-celebration-2022\/\",\"url\":\"https:\/\/www.blogsoestado.com\/evandrojunior\/2022\/07\/15\/sommeliere-paulista-gabi-frizon-assinara-carta-de-vinhos-do-wine-celebration-2022\/\",\"name\":\"Sommeli\u00e8re paulista Gabi Frizon assinar\u00e1 carta de vinhos do Wine Celebration 2022 - Evandro Junior\",\"isPartOf\":{\"@id\":\"https:\/\/www.blogsoestado.com\/evandrojunior\/#website\"},\"primaryImageOfPage\":{\"@id\":\"https:\/\/www.blogsoestado.com\/evandrojunior\/2022\/07\/15\/sommeliere-paulista-gabi-frizon-assinara-carta-de-vinhos-do-wine-celebration-2022\/#primaryimage\"},\"image\":{\"@id\":\"https:\/\/www.blogsoestado.com\/evandrojunior\/2022\/07\/15\/sommeliere-paulista-gabi-frizon-assinara-carta-de-vinhos-do-wine-celebration-2022\/#primaryimage\"},\"thumbnailUrl\":\"https:\/\/www.blogsoestado.com\/evandrojunior\/files\/2022\/07\/Frizon.jpg\",\"datePublished\":\"2022-07-15T14:07:18+00:00\",\"author\":{\"@id\":\"https:\/\/www.blogsoestado.com\/evandrojunior\/#\/schema\/person\/3e6c3d8dbb740d1c6878ebc935cfb3be\"},\"breadcrumb\":{\"@id\":\"https:\/\/www.blogsoestado.com\/evandrojunior\/2022\/07\/15\/sommeliere-paulista-gabi-frizon-assinara-carta-de-vinhos-do-wine-celebration-2022\/#breadcrumb\"},\"inLanguage\":\"pt-BR\",\"potentialAction\":[{\"@type\":\"ReadAction\",\"target\":[\"https:\/\/www.blogsoestado.com\/evandrojunior\/2022\/07\/15\/sommeliere-paulista-gabi-frizon-assinara-carta-de-vinhos-do-wine-celebration-2022\/\"]}]},{\"@type\":\"ImageObject\",\"inLanguage\":\"pt-BR\",\"@id\":\"https:\/\/www.blogsoestado.com\/evandrojunior\/2022\/07\/15\/sommeliere-paulista-gabi-frizon-assinara-carta-de-vinhos-do-wine-celebration-2022\/#primaryimage\",\"url\":\"https:\/\/www.blogsoestado.com\/evandrojunior\/files\/2022\/07\/Frizon.jpg\",\"contentUrl\":\"https:\/\/www.blogsoestado.com\/evandrojunior\/files\/2022\/07\/Frizon.jpg\"},{\"@type\":\"BreadcrumbList\",\"@id\":\"https:\/\/www.blogsoestado.com\/evandrojunior\/2022\/07\/15\/sommeliere-paulista-gabi-frizon-assinara-carta-de-vinhos-do-wine-celebration-2022\/#breadcrumb\",\"itemListElement\":[{\"@type\":\"ListItem\",\"position\":1,\"name\":\"In\u00edcio\",\"item\":\"https:\/\/www.blogsoestado.com\/evandrojunior\/\"},{\"@type\":\"ListItem\",\"position\":2,\"name\":\"Sommeli\u00e8re paulista Gabi Frizon assinar\u00e1 carta de vinhos do Wine Celebration 2022\"}]},{\"@type\":\"WebSite\",\"@id\":\"https:\/\/www.blogsoestado.com\/evandrojunior\/#website\",\"url\":\"https:\/\/www.blogsoestado.com\/evandrojunior\/\",\"name\":\"Evandro Junior\",\"description\":\"\",\"potentialAction\":[{\"@type\":\"SearchAction\",\"target\":{\"@type\":\"EntryPoint\",\"urlTemplate\":\"https:\/\/www.blogsoestado.com\/evandrojunior\/?s={search_term_string}\"},\"query-input\":{\"@type\":\"PropertyValueSpecification\",\"valueRequired\":true,\"valueName\":\"search_term_string\"}}],\"inLanguage\":\"pt-BR\"},{\"@type\":\"Person\",\"@id\":\"https:\/\/www.blogsoestado.com\/evandrojunior\/#\/schema\/person\/3e6c3d8dbb740d1c6878ebc935cfb3be\",\"name\":\"Evandro Junior\",\"image\":{\"@type\":\"ImageObject\",\"inLanguage\":\"pt-BR\",\"@id\":\"https:\/\/www.blogsoestado.com\/evandrojunior\/#\/schema\/person\/image\/\",\"url\":\"https:\/\/secure.gravatar.com\/avatar\/f80a03a2294a580cd2318bfb459bf354cfa8be661ef3d95b542cf9a04af8d129?s=96&d=mm&r=g\",\"contentUrl\":\"https:\/\/secure.gravatar.com\/avatar\/f80a03a2294a580cd2318bfb459bf354cfa8be661ef3d95b542cf9a04af8d129?s=96&d=mm&r=g\",\"caption\":\"Evandro Junior\"},\"url\":\"https:\/\/www.blogsoestado.com\/evandrojunior\/author\/evandrojunior\/\"}]}<\/script>\n<!-- \/ Yoast SEO plugin. -->","yoast_head_json":{"title":"Sommeli\u00e8re paulista Gabi Frizon assinar\u00e1 carta de vinhos do Wine Celebration 2022 - Evandro Junior","robots":{"index":"index","follow":"follow","max-snippet":"max-snippet:-1","max-image-preview":"max-image-preview:large","max-video-preview":"max-video-preview:-1"},"canonical":"https:\/\/www.blogsoestado.com\/evandrojunior\/2022\/07\/15\/sommeliere-paulista-gabi-frizon-assinara-carta-de-vinhos-do-wine-celebration-2022\/","og_locale":"pt_BR","og_type":"article","og_title":"Sommeli\u00e8re paulista Gabi Frizon assinar\u00e1 carta de vinhos do Wine Celebration 2022 - Evandro Junior","og_description":"S\u00e3o Lu\u00eds &#8211; Mais uma vez, a experiente sommeli\u00e8re paulista Gabi Frizon assinar\u00e1 a carta de vinhos da edi\u00e7\u00e3o 2022 [&hellip;]","og_url":"https:\/\/www.blogsoestado.com\/evandrojunior\/2022\/07\/15\/sommeliere-paulista-gabi-frizon-assinara-carta-de-vinhos-do-wine-celebration-2022\/","og_site_name":"Evandro Junior","article_published_time":"2022-07-15T14:07:18+00:00","og_image":[{"url":"https:\/\/www.blogsoestado.com\/evandrojunior\/files\/2022\/07\/Frizon.jpg","type":"","width":"","height":""}],"author":"Evandro Junior","twitter_card":"summary_large_image","twitter_misc":{"Escrito por":"Evandro Junior","Est. tempo de leitura":"2 minutos"},"schema":{"@context":"https:\/\/schema.org","@graph":[{"@type":"WebPage","@id":"https:\/\/www.blogsoestado.com\/evandrojunior\/2022\/07\/15\/sommeliere-paulista-gabi-frizon-assinara-carta-de-vinhos-do-wine-celebration-2022\/","url":"https:\/\/www.blogsoestado.com\/evandrojunior\/2022\/07\/15\/sommeliere-paulista-gabi-frizon-assinara-carta-de-vinhos-do-wine-celebration-2022\/","name":"Sommeli\u00e8re paulista Gabi Frizon assinar\u00e1 carta de vinhos do Wine Celebration 2022 - Evandro Junior","isPartOf":{"@id":"https:\/\/www.blogsoestado.com\/evandrojunior\/#website"},"primaryImageOfPage":{"@id":"https:\/\/www.blogsoestado.com\/evandrojunior\/2022\/07\/15\/sommeliere-paulista-gabi-frizon-assinara-carta-de-vinhos-do-wine-celebration-2022\/#primaryimage"},"image":{"@id":"https:\/\/www.blogsoestado.com\/evandrojunior\/2022\/07\/15\/sommeliere-paulista-gabi-frizon-assinara-carta-de-vinhos-do-wine-celebration-2022\/#primaryimage"},"thumbnailUrl":"https:\/\/www.blogsoestado.com\/evandrojunior\/files\/2022\/07\/Frizon.jpg","datePublished":"2022-07-15T14:07:18+00:00","author":{"@id":"https:\/\/www.blogsoestado.com\/evandrojunior\/#\/schema\/person\/3e6c3d8dbb740d1c6878ebc935cfb3be"},"breadcrumb":{"@id":"https:\/\/www.blogsoestado.com\/evandrojunior\/2022\/07\/15\/sommeliere-paulista-gabi-frizon-assinara-carta-de-vinhos-do-wine-celebration-2022\/#breadcrumb"},"inLanguage":"pt-BR","potentialAction":[{"@type":"ReadAction","target":["https:\/\/www.blogsoestado.com\/evandrojunior\/2022\/07\/15\/sommeliere-paulista-gabi-frizon-assinara-carta-de-vinhos-do-wine-celebration-2022\/"]}]},{"@type":"ImageObject","inLanguage":"pt-BR","@id":"https:\/\/www.blogsoestado.com\/evandrojunior\/2022\/07\/15\/sommeliere-paulista-gabi-frizon-assinara-carta-de-vinhos-do-wine-celebration-2022\/#primaryimage","url":"https:\/\/www.blogsoestado.com\/evandrojunior\/files\/2022\/07\/Frizon.jpg","contentUrl":"https:\/\/www.blogsoestado.com\/evandrojunior\/files\/2022\/07\/Frizon.jpg"},{"@type":"BreadcrumbList","@id":"https:\/\/www.blogsoestado.com\/evandrojunior\/2022\/07\/15\/sommeliere-paulista-gabi-frizon-assinara-carta-de-vinhos-do-wine-celebration-2022\/#breadcrumb","itemListElement":[{"@type":"ListItem","position":1,"name":"In\u00edcio","item":"https:\/\/www.blogsoestado.com\/evandrojunior\/"},{"@type":"ListItem","position":2,"name":"Sommeli\u00e8re paulista Gabi Frizon assinar\u00e1 carta de vinhos do Wine Celebration 2022"}]},{"@type":"WebSite","@id":"https:\/\/www.blogsoestado.com\/evandrojunior\/#website","url":"https:\/\/www.blogsoestado.com\/evandrojunior\/","name":"Evandro Junior","description":"","potentialAction":[{"@type":"SearchAction","target":{"@type":"EntryPoint","urlTemplate":"https:\/\/www.blogsoestado.com\/evandrojunior\/?s={search_term_string}"},"query-input":{"@type":"PropertyValueSpecification","valueRequired":true,"valueName":"search_term_string"}}],"inLanguage":"pt-BR"},{"@type":"Person","@id":"https:\/\/www.blogsoestado.com\/evandrojunior\/#\/schema\/person\/3e6c3d8dbb740d1c6878ebc935cfb3be","name":"Evandro Junior","image":{"@type":"ImageObject","inLanguage":"pt-BR","@id":"https:\/\/www.blogsoestado.com\/evandrojunior\/#\/schema\/person\/image\/","url":"https:\/\/secure.gravatar.com\/avatar\/f80a03a2294a580cd2318bfb459bf354cfa8be661ef3d95b542cf9a04af8d129?s=96&d=mm&r=g","contentUrl":"https:\/\/secure.gravatar.com\/avatar\/f80a03a2294a580cd2318bfb459bf354cfa8be661ef3d95b542cf9a04af8d129?s=96&d=mm&r=g","caption":"Evandro Junior"},"url":"https:\/\/www.blogsoestado.com\/evandrojunior\/author\/evandrojunior\/"}]}},"jetpack_featured_media_url":"","_links":{"self":[{"href":"https:\/\/www.blogsoestado.com\/evandrojunior\/wp-json\/wp\/v2\/posts\/6652","targetHints":{"allow":["GET"]}}],"collection":[{"href":"https:\/\/www.blogsoestado.com\/evandrojunior\/wp-json\/wp\/v2\/posts"}],"about":[{"href":"https:\/\/www.blogsoestado.com\/evandrojunior\/wp-json\/wp\/v2\/types\/post"}],"author":[{"embeddable":true,"href":"https:\/\/www.blogsoestado.com\/evandrojunior\/wp-json\/wp\/v2\/users\/4"}],"replies":[{"embeddable":true,"href":"https:\/\/www.blogsoestado.com\/evandrojunior\/wp-json\/wp\/v2\/comments?post=6652"}],"version-history":[{"count":0,"href":"https:\/\/www.blogsoestado.com\/evandrojunior\/wp-json\/wp\/v2\/posts\/6652\/revisions"}],"wp:attachment":[{"href":"https:\/\/www.blogsoestado.com\/evandrojunior\/wp-json\/wp\/v2\/media?parent=6652"}],"wp:term":[{"taxonomy":"category","embeddable":true,"href":"https:\/\/www.blogsoestado.com\/evandrojunior\/wp-json\/wp\/v2\/categories?post=6652"},{"taxonomy":"post_tag","embeddable":true,"href":"https:\/\/www.blogsoestado.com\/evandrojunior\/wp-json\/wp\/v2\/tags?post=6652"}],"curies":[{"name":"wp","href":"https:\/\/api.w.org\/{rel}","templated":true}]}}