{"id":6662,"date":"2022-07-15T14:22:59","date_gmt":"2022-07-15T17:22:59","guid":{"rendered":"https:\/\/www.blogsoestado.com\/evandrojunior\/?p=6662"},"modified":"2022-07-15T14:22:59","modified_gmt":"2022-07-15T17:22:59","slug":"espetaculo-do-mundo-bita-acontece-neste-sabado-em-sao-luis","status":"publish","type":"post","link":"https:\/\/www.blogsoestado.com\/evandrojunior\/2022\/07\/15\/espetaculo-do-mundo-bita-acontece-neste-sabado-em-sao-luis\/","title":{"rendered":"Espet\u00e1culo do &#8220;Mundo Bita&#8221; acontece neste s\u00e1bado em S\u00e3o Lu\u00eds"},"content":{"rendered":"\n<div class=\"wp-block-image\"><figure class=\"aligncenter size-large is-resized\"><img fetchpriority=\"high\" decoding=\"async\" src=\"https:\/\/www.blogsoestado.com\/evandrojunior\/files\/2022\/07\/Mundo-Bita-.jpg\" alt=\"\" class=\"wp-image-6663\" width=\"596\" height=\"396\"\/><figcaption>Personagens do &#8220;Mundo Bita&#8221; estar\u00e3o em S\u00e3o Lu\u00eds neste s\u00e1bado <\/figcaption><\/figure><\/div>\n\n\n\n<p>S\u00e3o Lu\u00eds &#8211; Eles s\u00e3o sucesso entre as crian\u00e7as. Dos clipes para os palcos, vem ai o Mundo Bita &#8211; Flora, Lila, Dan, Tito e o amig\u00e3o de bigode laranja. A apresenta\u00e7\u00e3o acontece neste s\u00e1bado, 16, \u00e0s 17h30, no Centro de Conven\u00e7\u00f5es, com o show \u201cDentro do Mundo L\u00e1 Fora\u201d.  O evento \u00e9 uma realiza\u00e7\u00e3o da Dux Produ\u00e7\u00f5es com Mr. Plot, empresa criadora do Mundo Bita.<\/p>\n\n\n\n<p>\u201cNeste show, falamos sobre como \u00e9 importante incentivar as brincadeiras ao ar livre e a amizade\u201d, destaca Chaps Melo, criador do Mundo Bita.<\/p>\n\n\n\n<p>Flora, que j\u00e1 conquistou o cora\u00e7\u00e3o da crian\u00e7ada nos outros shows e tem participa\u00e7\u00e3o constante nos clipes do Mundo Bita, segue como cantora nesta temporada. Ela \u00e9 uma das protagonistas ao lado da turminha e ter\u00e1 um importante papel de conscientiza\u00e7\u00e3o da nossa sa\u00fade. <\/p>\n\n\n\n<p>Diversos outros personagens ter\u00e3o participa\u00e7\u00e3o no show, a exemplo da Baratinha em \u201cInsetos\u201d, a Vaquinha em \u201cFazendinha\u201d e o Palha\u00e7o Quebra-Queixo em \u201cPalha\u00e7ada\u201d.<\/p>\n\n\n\n<p>\u201cDentro do Mundo L\u00e1 Fora\u201d tem um repert\u00f3rio com 19 can\u00e7\u00f5es, contemplando todos os \u00e1lbuns da anima\u00e7\u00e3o. A sele\u00e7\u00e3o contou com a intera\u00e7\u00e3o do p\u00fablico por meio das redes sociais, que escolheu as que n\u00e3o poderiam faltar no espet\u00e1culo.<\/p>\n\n\n\n<p><strong>PONTOS DE VENDA<\/strong><\/p>\n\n\n\n<p>&#8211; Site: <a href=\"https:\/\/linktr.ee\/duxproducoes\">https:\/\/linktr.ee\/duxproducoes<\/a><\/p>\n\n\n\n<p>&#8211; PDV f\u00edsico: Bilheteria Digital do Rio Anil Shopping<\/p>\n\n\n\n<p>Hor\u00e1rio de funcionamento: 10h \u00e0s 22h<\/p>\n\n\n\n<p><strong>Informa\u00e7\u00f5es:<\/strong> @Duxproducoes (instagram)<\/p>\n","protected":false},"excerpt":{"rendered":"<p>S\u00e3o Lu\u00eds &#8211; Eles s\u00e3o sucesso entre as crian\u00e7as. Dos clipes para os palcos, vem ai o Mundo Bita &#8211; [&hellip;]<\/p>\n","protected":false},"author":4,"featured_media":0,"comment_status":"open","ping_status":"open","sticky":false,"template":"","format":"standard","meta":{"site-sidebar-layout":"default","site-content-layout":"","ast-site-content-layout":"default","site-content-style":"default","site-sidebar-style":"default","ast-global-header-display":"","ast-banner-title-visibility":"","ast-main-header-display":"","ast-hfb-above-header-display":"","ast-hfb-below-header-display":"","ast-hfb-mobile-header-display":"","site-post-title":"","ast-breadcrumbs-content":"","ast-featured-img":"","footer-sml-layout":"","ast-disable-related-posts":"","theme-transparent-header-meta":"","adv-header-id-meta":"","stick-header-meta":"","header-above-stick-meta":"","header-main-stick-meta":"","header-below-stick-meta":"","astra-migrate-meta-layouts":"default","ast-page-background-enabled":"default","ast-page-background-meta":{"desktop":{"background-color":"var(--ast-global-color-5)","background-image":"","background-repeat":"repeat","background-position":"center center","background-size":"auto","background-attachment":"scroll","background-type":"","background-media":"","overlay-type":"","overlay-color":"","overlay-opacity":"","overlay-gradient":""},"tablet":{"background-color":"","background-image":"","background-repeat":"repeat","background-position":"center center","background-size":"auto","background-attachment":"scroll","background-type":"","background-media":"","overlay-type":"","overlay-color":"","overlay-opacity":"","overlay-gradient":""},"mobile":{"background-color":"","background-image":"","background-repeat":"repeat","background-position":"center center","background-size":"auto","background-attachment":"scroll","background-type":"","background-media":"","overlay-type":"","overlay-color":"","overlay-opacity":"","overlay-gradient":""}},"ast-content-background-meta":{"desktop":{"background-color":"var(--ast-global-color-4)","background-image":"","background-repeat":"repeat","background-position":"center center","background-size":"auto","background-attachment":"scroll","background-type":"","background-media":"","overlay-type":"","overlay-color":"","overlay-opacity":"","overlay-gradient":""},"tablet":{"background-color":"var(--ast-global-color-4)","background-image":"","background-repeat":"repeat","background-position":"center center","background-size":"auto","background-attachment":"scroll","background-type":"","background-media":"","overlay-type":"","overlay-color":"","overlay-opacity":"","overlay-gradient":""},"mobile":{"background-color":"var(--ast-global-color-4)","background-image":"","background-repeat":"repeat","background-position":"center center","background-size":"auto","background-attachment":"scroll","background-type":"","background-media":"","overlay-type":"","overlay-color":"","overlay-opacity":"","overlay-gradient":""}},"footnotes":""},"categories":[1],"tags":[],"class_list":["post-6662","post","type-post","status-publish","format-standard","hentry","category-sem-categoria"],"yoast_head":"<!-- This site is optimized with the Yoast SEO plugin v26.6 - https:\/\/yoast.com\/wordpress\/plugins\/seo\/ -->\n<title>Espet\u00e1culo do &quot;Mundo Bita&quot; acontece neste s\u00e1bado em S\u00e3o Lu\u00eds - Evandro Junior<\/title>\n<meta name=\"robots\" content=\"index, follow, max-snippet:-1, max-image-preview:large, max-video-preview:-1\" \/>\n<link rel=\"canonical\" href=\"https:\/\/www.blogsoestado.com\/evandrojunior\/2022\/07\/15\/espetaculo-do-mundo-bita-acontece-neste-sabado-em-sao-luis\/\" \/>\n<meta property=\"og:locale\" content=\"pt_BR\" \/>\n<meta property=\"og:type\" content=\"article\" \/>\n<meta property=\"og:title\" content=\"Espet\u00e1culo do &quot;Mundo Bita&quot; acontece neste s\u00e1bado em S\u00e3o Lu\u00eds - Evandro Junior\" \/>\n<meta property=\"og:description\" content=\"S\u00e3o Lu\u00eds &#8211; Eles s\u00e3o sucesso entre as crian\u00e7as. Dos clipes para os palcos, vem ai o Mundo Bita &#8211; [&hellip;]\" \/>\n<meta property=\"og:url\" content=\"https:\/\/www.blogsoestado.com\/evandrojunior\/2022\/07\/15\/espetaculo-do-mundo-bita-acontece-neste-sabado-em-sao-luis\/\" \/>\n<meta property=\"og:site_name\" content=\"Evandro Junior\" \/>\n<meta property=\"article:published_time\" content=\"2022-07-15T17:22:59+00:00\" \/>\n<meta property=\"og:image\" content=\"https:\/\/www.blogsoestado.com\/evandrojunior\/files\/2022\/07\/Mundo-Bita-.jpg\" \/>\n<meta name=\"author\" content=\"Evandro Junior\" \/>\n<meta name=\"twitter:card\" content=\"summary_large_image\" \/>\n<meta name=\"twitter:label1\" content=\"Escrito por\" \/>\n\t<meta name=\"twitter:data1\" content=\"Evandro Junior\" \/>\n\t<meta name=\"twitter:label2\" content=\"Est. tempo de leitura\" \/>\n\t<meta name=\"twitter:data2\" content=\"2 minutos\" \/>\n<script type=\"application\/ld+json\" class=\"yoast-schema-graph\">{\"@context\":\"https:\/\/schema.org\",\"@graph\":[{\"@type\":\"WebPage\",\"@id\":\"https:\/\/www.blogsoestado.com\/evandrojunior\/2022\/07\/15\/espetaculo-do-mundo-bita-acontece-neste-sabado-em-sao-luis\/\",\"url\":\"https:\/\/www.blogsoestado.com\/evandrojunior\/2022\/07\/15\/espetaculo-do-mundo-bita-acontece-neste-sabado-em-sao-luis\/\",\"name\":\"Espet\u00e1culo do \\\"Mundo Bita\\\" acontece neste s\u00e1bado em S\u00e3o Lu\u00eds - Evandro Junior\",\"isPartOf\":{\"@id\":\"https:\/\/www.blogsoestado.com\/evandrojunior\/#website\"},\"primaryImageOfPage\":{\"@id\":\"https:\/\/www.blogsoestado.com\/evandrojunior\/2022\/07\/15\/espetaculo-do-mundo-bita-acontece-neste-sabado-em-sao-luis\/#primaryimage\"},\"image\":{\"@id\":\"https:\/\/www.blogsoestado.com\/evandrojunior\/2022\/07\/15\/espetaculo-do-mundo-bita-acontece-neste-sabado-em-sao-luis\/#primaryimage\"},\"thumbnailUrl\":\"https:\/\/www.blogsoestado.com\/evandrojunior\/files\/2022\/07\/Mundo-Bita-.jpg\",\"datePublished\":\"2022-07-15T17:22:59+00:00\",\"author\":{\"@id\":\"https:\/\/www.blogsoestado.com\/evandrojunior\/#\/schema\/person\/3e6c3d8dbb740d1c6878ebc935cfb3be\"},\"breadcrumb\":{\"@id\":\"https:\/\/www.blogsoestado.com\/evandrojunior\/2022\/07\/15\/espetaculo-do-mundo-bita-acontece-neste-sabado-em-sao-luis\/#breadcrumb\"},\"inLanguage\":\"pt-BR\",\"potentialAction\":[{\"@type\":\"ReadAction\",\"target\":[\"https:\/\/www.blogsoestado.com\/evandrojunior\/2022\/07\/15\/espetaculo-do-mundo-bita-acontece-neste-sabado-em-sao-luis\/\"]}]},{\"@type\":\"ImageObject\",\"inLanguage\":\"pt-BR\",\"@id\":\"https:\/\/www.blogsoestado.com\/evandrojunior\/2022\/07\/15\/espetaculo-do-mundo-bita-acontece-neste-sabado-em-sao-luis\/#primaryimage\",\"url\":\"https:\/\/www.blogsoestado.com\/evandrojunior\/files\/2022\/07\/Mundo-Bita-.jpg\",\"contentUrl\":\"https:\/\/www.blogsoestado.com\/evandrojunior\/files\/2022\/07\/Mundo-Bita-.jpg\"},{\"@type\":\"BreadcrumbList\",\"@id\":\"https:\/\/www.blogsoestado.com\/evandrojunior\/2022\/07\/15\/espetaculo-do-mundo-bita-acontece-neste-sabado-em-sao-luis\/#breadcrumb\",\"itemListElement\":[{\"@type\":\"ListItem\",\"position\":1,\"name\":\"In\u00edcio\",\"item\":\"https:\/\/www.blogsoestado.com\/evandrojunior\/\"},{\"@type\":\"ListItem\",\"position\":2,\"name\":\"Espet\u00e1culo do &#8220;Mundo Bita&#8221; acontece neste s\u00e1bado em S\u00e3o Lu\u00eds\"}]},{\"@type\":\"WebSite\",\"@id\":\"https:\/\/www.blogsoestado.com\/evandrojunior\/#website\",\"url\":\"https:\/\/www.blogsoestado.com\/evandrojunior\/\",\"name\":\"Evandro Junior\",\"description\":\"\",\"potentialAction\":[{\"@type\":\"SearchAction\",\"target\":{\"@type\":\"EntryPoint\",\"urlTemplate\":\"https:\/\/www.blogsoestado.com\/evandrojunior\/?s={search_term_string}\"},\"query-input\":{\"@type\":\"PropertyValueSpecification\",\"valueRequired\":true,\"valueName\":\"search_term_string\"}}],\"inLanguage\":\"pt-BR\"},{\"@type\":\"Person\",\"@id\":\"https:\/\/www.blogsoestado.com\/evandrojunior\/#\/schema\/person\/3e6c3d8dbb740d1c6878ebc935cfb3be\",\"name\":\"Evandro Junior\",\"image\":{\"@type\":\"ImageObject\",\"inLanguage\":\"pt-BR\",\"@id\":\"https:\/\/www.blogsoestado.com\/evandrojunior\/#\/schema\/person\/image\/\",\"url\":\"https:\/\/secure.gravatar.com\/avatar\/f80a03a2294a580cd2318bfb459bf354cfa8be661ef3d95b542cf9a04af8d129?s=96&d=mm&r=g\",\"contentUrl\":\"https:\/\/secure.gravatar.com\/avatar\/f80a03a2294a580cd2318bfb459bf354cfa8be661ef3d95b542cf9a04af8d129?s=96&d=mm&r=g\",\"caption\":\"Evandro Junior\"},\"url\":\"https:\/\/www.blogsoestado.com\/evandrojunior\/author\/evandrojunior\/\"}]}<\/script>\n<!-- \/ Yoast SEO plugin. -->","yoast_head_json":{"title":"Espet\u00e1culo do \"Mundo Bita\" acontece neste s\u00e1bado em S\u00e3o Lu\u00eds - Evandro Junior","robots":{"index":"index","follow":"follow","max-snippet":"max-snippet:-1","max-image-preview":"max-image-preview:large","max-video-preview":"max-video-preview:-1"},"canonical":"https:\/\/www.blogsoestado.com\/evandrojunior\/2022\/07\/15\/espetaculo-do-mundo-bita-acontece-neste-sabado-em-sao-luis\/","og_locale":"pt_BR","og_type":"article","og_title":"Espet\u00e1culo do \"Mundo Bita\" acontece neste s\u00e1bado em S\u00e3o Lu\u00eds - Evandro Junior","og_description":"S\u00e3o Lu\u00eds &#8211; Eles s\u00e3o sucesso entre as crian\u00e7as. Dos clipes para os palcos, vem ai o Mundo Bita &#8211; [&hellip;]","og_url":"https:\/\/www.blogsoestado.com\/evandrojunior\/2022\/07\/15\/espetaculo-do-mundo-bita-acontece-neste-sabado-em-sao-luis\/","og_site_name":"Evandro Junior","article_published_time":"2022-07-15T17:22:59+00:00","og_image":[{"url":"https:\/\/www.blogsoestado.com\/evandrojunior\/files\/2022\/07\/Mundo-Bita-.jpg","type":"","width":"","height":""}],"author":"Evandro Junior","twitter_card":"summary_large_image","twitter_misc":{"Escrito por":"Evandro Junior","Est. tempo de leitura":"2 minutos"},"schema":{"@context":"https:\/\/schema.org","@graph":[{"@type":"WebPage","@id":"https:\/\/www.blogsoestado.com\/evandrojunior\/2022\/07\/15\/espetaculo-do-mundo-bita-acontece-neste-sabado-em-sao-luis\/","url":"https:\/\/www.blogsoestado.com\/evandrojunior\/2022\/07\/15\/espetaculo-do-mundo-bita-acontece-neste-sabado-em-sao-luis\/","name":"Espet\u00e1culo do \"Mundo Bita\" acontece neste s\u00e1bado em S\u00e3o Lu\u00eds - Evandro Junior","isPartOf":{"@id":"https:\/\/www.blogsoestado.com\/evandrojunior\/#website"},"primaryImageOfPage":{"@id":"https:\/\/www.blogsoestado.com\/evandrojunior\/2022\/07\/15\/espetaculo-do-mundo-bita-acontece-neste-sabado-em-sao-luis\/#primaryimage"},"image":{"@id":"https:\/\/www.blogsoestado.com\/evandrojunior\/2022\/07\/15\/espetaculo-do-mundo-bita-acontece-neste-sabado-em-sao-luis\/#primaryimage"},"thumbnailUrl":"https:\/\/www.blogsoestado.com\/evandrojunior\/files\/2022\/07\/Mundo-Bita-.jpg","datePublished":"2022-07-15T17:22:59+00:00","author":{"@id":"https:\/\/www.blogsoestado.com\/evandrojunior\/#\/schema\/person\/3e6c3d8dbb740d1c6878ebc935cfb3be"},"breadcrumb":{"@id":"https:\/\/www.blogsoestado.com\/evandrojunior\/2022\/07\/15\/espetaculo-do-mundo-bita-acontece-neste-sabado-em-sao-luis\/#breadcrumb"},"inLanguage":"pt-BR","potentialAction":[{"@type":"ReadAction","target":["https:\/\/www.blogsoestado.com\/evandrojunior\/2022\/07\/15\/espetaculo-do-mundo-bita-acontece-neste-sabado-em-sao-luis\/"]}]},{"@type":"ImageObject","inLanguage":"pt-BR","@id":"https:\/\/www.blogsoestado.com\/evandrojunior\/2022\/07\/15\/espetaculo-do-mundo-bita-acontece-neste-sabado-em-sao-luis\/#primaryimage","url":"https:\/\/www.blogsoestado.com\/evandrojunior\/files\/2022\/07\/Mundo-Bita-.jpg","contentUrl":"https:\/\/www.blogsoestado.com\/evandrojunior\/files\/2022\/07\/Mundo-Bita-.jpg"},{"@type":"BreadcrumbList","@id":"https:\/\/www.blogsoestado.com\/evandrojunior\/2022\/07\/15\/espetaculo-do-mundo-bita-acontece-neste-sabado-em-sao-luis\/#breadcrumb","itemListElement":[{"@type":"ListItem","position":1,"name":"In\u00edcio","item":"https:\/\/www.blogsoestado.com\/evandrojunior\/"},{"@type":"ListItem","position":2,"name":"Espet\u00e1culo do &#8220;Mundo Bita&#8221; acontece neste s\u00e1bado em S\u00e3o Lu\u00eds"}]},{"@type":"WebSite","@id":"https:\/\/www.blogsoestado.com\/evandrojunior\/#website","url":"https:\/\/www.blogsoestado.com\/evandrojunior\/","name":"Evandro Junior","description":"","potentialAction":[{"@type":"SearchAction","target":{"@type":"EntryPoint","urlTemplate":"https:\/\/www.blogsoestado.com\/evandrojunior\/?s={search_term_string}"},"query-input":{"@type":"PropertyValueSpecification","valueRequired":true,"valueName":"search_term_string"}}],"inLanguage":"pt-BR"},{"@type":"Person","@id":"https:\/\/www.blogsoestado.com\/evandrojunior\/#\/schema\/person\/3e6c3d8dbb740d1c6878ebc935cfb3be","name":"Evandro Junior","image":{"@type":"ImageObject","inLanguage":"pt-BR","@id":"https:\/\/www.blogsoestado.com\/evandrojunior\/#\/schema\/person\/image\/","url":"https:\/\/secure.gravatar.com\/avatar\/f80a03a2294a580cd2318bfb459bf354cfa8be661ef3d95b542cf9a04af8d129?s=96&d=mm&r=g","contentUrl":"https:\/\/secure.gravatar.com\/avatar\/f80a03a2294a580cd2318bfb459bf354cfa8be661ef3d95b542cf9a04af8d129?s=96&d=mm&r=g","caption":"Evandro Junior"},"url":"https:\/\/www.blogsoestado.com\/evandrojunior\/author\/evandrojunior\/"}]}},"jetpack_featured_media_url":"","_links":{"self":[{"href":"https:\/\/www.blogsoestado.com\/evandrojunior\/wp-json\/wp\/v2\/posts\/6662","targetHints":{"allow":["GET"]}}],"collection":[{"href":"https:\/\/www.blogsoestado.com\/evandrojunior\/wp-json\/wp\/v2\/posts"}],"about":[{"href":"https:\/\/www.blogsoestado.com\/evandrojunior\/wp-json\/wp\/v2\/types\/post"}],"author":[{"embeddable":true,"href":"https:\/\/www.blogsoestado.com\/evandrojunior\/wp-json\/wp\/v2\/users\/4"}],"replies":[{"embeddable":true,"href":"https:\/\/www.blogsoestado.com\/evandrojunior\/wp-json\/wp\/v2\/comments?post=6662"}],"version-history":[{"count":0,"href":"https:\/\/www.blogsoestado.com\/evandrojunior\/wp-json\/wp\/v2\/posts\/6662\/revisions"}],"wp:attachment":[{"href":"https:\/\/www.blogsoestado.com\/evandrojunior\/wp-json\/wp\/v2\/media?parent=6662"}],"wp:term":[{"taxonomy":"category","embeddable":true,"href":"https:\/\/www.blogsoestado.com\/evandrojunior\/wp-json\/wp\/v2\/categories?post=6662"},{"taxonomy":"post_tag","embeddable":true,"href":"https:\/\/www.blogsoestado.com\/evandrojunior\/wp-json\/wp\/v2\/tags?post=6662"}],"curies":[{"name":"wp","href":"https:\/\/api.w.org\/{rel}","templated":true}]}}