{"id":6684,"date":"2022-07-19T09:22:06","date_gmt":"2022-07-19T12:22:06","guid":{"rendered":"https:\/\/www.blogsoestado.com\/evandrojunior\/?p=6684"},"modified":"2022-07-19T09:22:06","modified_gmt":"2022-07-19T12:22:06","slug":"pediatra-alerta-sobre-cuidados-com-criancas-nas-ferias-para-evitar-covid","status":"publish","type":"post","link":"https:\/\/www.blogsoestado.com\/evandrojunior\/2022\/07\/19\/pediatra-alerta-sobre-cuidados-com-criancas-nas-ferias-para-evitar-covid\/","title":{"rendered":"Pediatra alerta sobre cuidados com crian\u00e7as nas f\u00e9rias para evitar Covid"},"content":{"rendered":"\n<div class=\"wp-block-image\"><figure class=\"aligncenter size-large is-resized\"><img fetchpriority=\"high\" decoding=\"async\" src=\"https:\/\/www.blogsoestado.com\/evandrojunior\/files\/2022\/07\/NATUS-LUMINE-PEDIATRA-JULIANA-LACERDA-1024x682.jpeg\" alt=\"\" class=\"wp-image-6685\" width=\"549\" height=\"366\"\/><figcaption>Pediatra do Hospital e Maternidade Natus Lumine, a m\u00e9dica Juliana Lacerda alerta sobre a necessidade de evitar aglomera\u00e7\u00f5es mesmo nas f\u00e9rias e d manter cuidados de higiene e uso de m\u00e1scara para prevenir a Covid entre o p\u00fablico infantil<\/figcaption><\/figure><\/div>\n\n\n\n<p>S\u00e3o Lu\u00eds &#8211; Em todo o Brasil \u00e9 grande a incid\u00eancia de casos de Covid entre crian\u00e7as de todas as idades, principalmente infectadas com as novas cepas que s\u00e3o mais contagiosas e cujo casos v\u00eam aumentando em diversas regi\u00f5es, a exemplo do Nordeste.<\/p>\n\n\n\n<p>\u00c9 hora, portanto, dos pais redobrarem os cuidados de preven\u00e7\u00e3o. \u00c9 o que alerta a pediatra Juliana Lacerda, do Hospital e Maternidade Natus Lumine. <\/p>\n\n\n\n<p>Segundo ela, a maneira de se evitar a Covid continua sendo a mesma \u2013 uso de m\u00e1scara, lavagem de m\u00e3os ou asseio com uso de \u00e1lcool em gel. Mesmo de f\u00e9rias, evitar aglomera\u00e7\u00f5es se poss\u00edvel, e quando a crian\u00e7a tiver algu\u00e9m da fam\u00edlia com sintomas gripais em casa, evitar mandar a crian\u00e7a para a escola ou nas f\u00e9rias, e evitar sair para brincar, pois a crian\u00e7a pode ser um vetor de transmiss\u00e3o e contaminar outras pessoas, mesmo que esteja assintom\u00e1tica.<\/p>\n\n\n\n<p>A Dra. Juliana lembra que a Covid \u00e9 uma doen\u00e7a viral e n\u00f3s tratamos os sintomas que podem ser diferentes em cada crian\u00e7a. Entre os mais comuns est\u00e3o tosse, coriza, febre e diarreia.<\/p>\n\n\n\n<p>\u201cO tratamento consiste em acompanhar o quadro cl\u00ednico de cada crian\u00e7a. Tratar o que aparecer como sintoma, seja tosse, febre e coriza, que s\u00e3o os mais comuns, entre outros ind\u00edcios comuns em quadros de viroses. Mas se no decorrer do tratamento a crian\u00e7a apresentar algum sinal preocupante, como dificuldade respirat\u00f3ria, ent\u00e3o a indica\u00e7\u00e3o \u00e9 procurar o m\u00e9dico e um pronto atendimento o quanto antes, pois o quadro pode estar se agravando e n\u00e3o se deve perder tempo\u201d explica ela.<\/p>\n\n\n\n<p>Outras medidas indicadas durante o tratamento s\u00e3o o repouso e hidrata\u00e7\u00e3o, que ajudam a melhorar o quadro cl\u00ednico do paciente com Covid. Para consultas com pediatras e maiores orienta\u00e7\u00f5es os m\u00e9dicos da Natus Lumine Cl\u00ednica est\u00e3o \u00e0 disposi\u00e7\u00e3o para ajudar, aceitando os principais planos de sa\u00fade.<\/p>\n","protected":false},"excerpt":{"rendered":"<p>S\u00e3o Lu\u00eds &#8211; Em todo o Brasil \u00e9 grande a incid\u00eancia de casos de Covid entre crian\u00e7as de todas as [&hellip;]<\/p>\n","protected":false},"author":4,"featured_media":0,"comment_status":"open","ping_status":"open","sticky":false,"template":"","format":"standard","meta":{"site-sidebar-layout":"default","site-content-layout":"","ast-site-content-layout":"default","site-content-style":"default","site-sidebar-style":"default","ast-global-header-display":"","ast-banner-title-visibility":"","ast-main-header-display":"","ast-hfb-above-header-display":"","ast-hfb-below-header-display":"","ast-hfb-mobile-header-display":"","site-post-title":"","ast-breadcrumbs-content":"","ast-featured-img":"","footer-sml-layout":"","ast-disable-related-posts":"","theme-transparent-header-meta":"","adv-header-id-meta":"","stick-header-meta":"","header-above-stick-meta":"","header-main-stick-meta":"","header-below-stick-meta":"","astra-migrate-meta-layouts":"default","ast-page-background-enabled":"default","ast-page-background-meta":{"desktop":{"background-color":"var(--ast-global-color-5)","background-image":"","background-repeat":"repeat","background-position":"center center","background-size":"auto","background-attachment":"scroll","background-type":"","background-media":"","overlay-type":"","overlay-color":"","overlay-opacity":"","overlay-gradient":""},"tablet":{"background-color":"","background-image":"","background-repeat":"repeat","background-position":"center center","background-size":"auto","background-attachment":"scroll","background-type":"","background-media":"","overlay-type":"","overlay-color":"","overlay-opacity":"","overlay-gradient":""},"mobile":{"background-color":"","background-image":"","background-repeat":"repeat","background-position":"center center","background-size":"auto","background-attachment":"scroll","background-type":"","background-media":"","overlay-type":"","overlay-color":"","overlay-opacity":"","overlay-gradient":""}},"ast-content-background-meta":{"desktop":{"background-color":"var(--ast-global-color-4)","background-image":"","background-repeat":"repeat","background-position":"center center","background-size":"auto","background-attachment":"scroll","background-type":"","background-media":"","overlay-type":"","overlay-color":"","overlay-opacity":"","overlay-gradient":""},"tablet":{"background-color":"var(--ast-global-color-4)","background-image":"","background-repeat":"repeat","background-position":"center center","background-size":"auto","background-attachment":"scroll","background-type":"","background-media":"","overlay-type":"","overlay-color":"","overlay-opacity":"","overlay-gradient":""},"mobile":{"background-color":"var(--ast-global-color-4)","background-image":"","background-repeat":"repeat","background-position":"center center","background-size":"auto","background-attachment":"scroll","background-type":"","background-media":"","overlay-type":"","overlay-color":"","overlay-opacity":"","overlay-gradient":""}},"footnotes":""},"categories":[1],"tags":[],"class_list":["post-6684","post","type-post","status-publish","format-standard","hentry","category-sem-categoria"],"yoast_head":"<!-- This site is optimized with the Yoast SEO plugin v26.6 - https:\/\/yoast.com\/wordpress\/plugins\/seo\/ -->\n<title>Pediatra alerta sobre cuidados com crian\u00e7as nas f\u00e9rias para evitar Covid - Evandro Junior<\/title>\n<meta name=\"robots\" content=\"index, follow, max-snippet:-1, max-image-preview:large, max-video-preview:-1\" \/>\n<link rel=\"canonical\" href=\"https:\/\/www.blogsoestado.com\/evandrojunior\/2022\/07\/19\/pediatra-alerta-sobre-cuidados-com-criancas-nas-ferias-para-evitar-covid\/\" \/>\n<meta property=\"og:locale\" content=\"pt_BR\" \/>\n<meta property=\"og:type\" content=\"article\" \/>\n<meta property=\"og:title\" content=\"Pediatra alerta sobre cuidados com crian\u00e7as nas f\u00e9rias para evitar Covid - Evandro Junior\" \/>\n<meta property=\"og:description\" content=\"S\u00e3o Lu\u00eds &#8211; Em todo o Brasil \u00e9 grande a incid\u00eancia de casos de Covid entre crian\u00e7as de todas as [&hellip;]\" \/>\n<meta property=\"og:url\" content=\"https:\/\/www.blogsoestado.com\/evandrojunior\/2022\/07\/19\/pediatra-alerta-sobre-cuidados-com-criancas-nas-ferias-para-evitar-covid\/\" \/>\n<meta property=\"og:site_name\" content=\"Evandro Junior\" \/>\n<meta property=\"article:published_time\" content=\"2022-07-19T12:22:06+00:00\" \/>\n<meta property=\"og:image\" content=\"https:\/\/www.blogsoestado.com\/evandrojunior\/files\/2022\/07\/NATUS-LUMINE-PEDIATRA-JULIANA-LACERDA-1024x682.jpeg\" \/>\n<meta name=\"author\" content=\"Evandro Junior\" \/>\n<meta name=\"twitter:card\" content=\"summary_large_image\" \/>\n<meta name=\"twitter:label1\" content=\"Escrito por\" \/>\n\t<meta name=\"twitter:data1\" content=\"Evandro Junior\" \/>\n\t<meta name=\"twitter:label2\" content=\"Est. tempo de leitura\" \/>\n\t<meta name=\"twitter:data2\" content=\"2 minutos\" \/>\n<script type=\"application\/ld+json\" class=\"yoast-schema-graph\">{\"@context\":\"https:\/\/schema.org\",\"@graph\":[{\"@type\":\"WebPage\",\"@id\":\"https:\/\/www.blogsoestado.com\/evandrojunior\/2022\/07\/19\/pediatra-alerta-sobre-cuidados-com-criancas-nas-ferias-para-evitar-covid\/\",\"url\":\"https:\/\/www.blogsoestado.com\/evandrojunior\/2022\/07\/19\/pediatra-alerta-sobre-cuidados-com-criancas-nas-ferias-para-evitar-covid\/\",\"name\":\"Pediatra alerta sobre cuidados com crian\u00e7as nas f\u00e9rias para evitar Covid - Evandro Junior\",\"isPartOf\":{\"@id\":\"https:\/\/www.blogsoestado.com\/evandrojunior\/#website\"},\"primaryImageOfPage\":{\"@id\":\"https:\/\/www.blogsoestado.com\/evandrojunior\/2022\/07\/19\/pediatra-alerta-sobre-cuidados-com-criancas-nas-ferias-para-evitar-covid\/#primaryimage\"},\"image\":{\"@id\":\"https:\/\/www.blogsoestado.com\/evandrojunior\/2022\/07\/19\/pediatra-alerta-sobre-cuidados-com-criancas-nas-ferias-para-evitar-covid\/#primaryimage\"},\"thumbnailUrl\":\"https:\/\/www.blogsoestado.com\/evandrojunior\/files\/2022\/07\/NATUS-LUMINE-PEDIATRA-JULIANA-LACERDA-1024x682.jpeg\",\"datePublished\":\"2022-07-19T12:22:06+00:00\",\"author\":{\"@id\":\"https:\/\/www.blogsoestado.com\/evandrojunior\/#\/schema\/person\/3e6c3d8dbb740d1c6878ebc935cfb3be\"},\"breadcrumb\":{\"@id\":\"https:\/\/www.blogsoestado.com\/evandrojunior\/2022\/07\/19\/pediatra-alerta-sobre-cuidados-com-criancas-nas-ferias-para-evitar-covid\/#breadcrumb\"},\"inLanguage\":\"pt-BR\",\"potentialAction\":[{\"@type\":\"ReadAction\",\"target\":[\"https:\/\/www.blogsoestado.com\/evandrojunior\/2022\/07\/19\/pediatra-alerta-sobre-cuidados-com-criancas-nas-ferias-para-evitar-covid\/\"]}]},{\"@type\":\"ImageObject\",\"inLanguage\":\"pt-BR\",\"@id\":\"https:\/\/www.blogsoestado.com\/evandrojunior\/2022\/07\/19\/pediatra-alerta-sobre-cuidados-com-criancas-nas-ferias-para-evitar-covid\/#primaryimage\",\"url\":\"https:\/\/www.blogsoestado.com\/evandrojunior\/files\/2022\/07\/NATUS-LUMINE-PEDIATRA-JULIANA-LACERDA-1024x682.jpeg\",\"contentUrl\":\"https:\/\/www.blogsoestado.com\/evandrojunior\/files\/2022\/07\/NATUS-LUMINE-PEDIATRA-JULIANA-LACERDA-1024x682.jpeg\"},{\"@type\":\"BreadcrumbList\",\"@id\":\"https:\/\/www.blogsoestado.com\/evandrojunior\/2022\/07\/19\/pediatra-alerta-sobre-cuidados-com-criancas-nas-ferias-para-evitar-covid\/#breadcrumb\",\"itemListElement\":[{\"@type\":\"ListItem\",\"position\":1,\"name\":\"In\u00edcio\",\"item\":\"https:\/\/www.blogsoestado.com\/evandrojunior\/\"},{\"@type\":\"ListItem\",\"position\":2,\"name\":\"Pediatra alerta sobre cuidados com crian\u00e7as nas f\u00e9rias para evitar Covid\"}]},{\"@type\":\"WebSite\",\"@id\":\"https:\/\/www.blogsoestado.com\/evandrojunior\/#website\",\"url\":\"https:\/\/www.blogsoestado.com\/evandrojunior\/\",\"name\":\"Evandro Junior\",\"description\":\"\",\"potentialAction\":[{\"@type\":\"SearchAction\",\"target\":{\"@type\":\"EntryPoint\",\"urlTemplate\":\"https:\/\/www.blogsoestado.com\/evandrojunior\/?s={search_term_string}\"},\"query-input\":{\"@type\":\"PropertyValueSpecification\",\"valueRequired\":true,\"valueName\":\"search_term_string\"}}],\"inLanguage\":\"pt-BR\"},{\"@type\":\"Person\",\"@id\":\"https:\/\/www.blogsoestado.com\/evandrojunior\/#\/schema\/person\/3e6c3d8dbb740d1c6878ebc935cfb3be\",\"name\":\"Evandro Junior\",\"image\":{\"@type\":\"ImageObject\",\"inLanguage\":\"pt-BR\",\"@id\":\"https:\/\/www.blogsoestado.com\/evandrojunior\/#\/schema\/person\/image\/\",\"url\":\"https:\/\/secure.gravatar.com\/avatar\/f80a03a2294a580cd2318bfb459bf354cfa8be661ef3d95b542cf9a04af8d129?s=96&d=mm&r=g\",\"contentUrl\":\"https:\/\/secure.gravatar.com\/avatar\/f80a03a2294a580cd2318bfb459bf354cfa8be661ef3d95b542cf9a04af8d129?s=96&d=mm&r=g\",\"caption\":\"Evandro Junior\"},\"url\":\"https:\/\/www.blogsoestado.com\/evandrojunior\/author\/evandrojunior\/\"}]}<\/script>\n<!-- \/ Yoast SEO plugin. -->","yoast_head_json":{"title":"Pediatra alerta sobre cuidados com crian\u00e7as nas f\u00e9rias para evitar Covid - Evandro Junior","robots":{"index":"index","follow":"follow","max-snippet":"max-snippet:-1","max-image-preview":"max-image-preview:large","max-video-preview":"max-video-preview:-1"},"canonical":"https:\/\/www.blogsoestado.com\/evandrojunior\/2022\/07\/19\/pediatra-alerta-sobre-cuidados-com-criancas-nas-ferias-para-evitar-covid\/","og_locale":"pt_BR","og_type":"article","og_title":"Pediatra alerta sobre cuidados com crian\u00e7as nas f\u00e9rias para evitar Covid - Evandro Junior","og_description":"S\u00e3o Lu\u00eds &#8211; Em todo o Brasil \u00e9 grande a incid\u00eancia de casos de Covid entre crian\u00e7as de todas as [&hellip;]","og_url":"https:\/\/www.blogsoestado.com\/evandrojunior\/2022\/07\/19\/pediatra-alerta-sobre-cuidados-com-criancas-nas-ferias-para-evitar-covid\/","og_site_name":"Evandro Junior","article_published_time":"2022-07-19T12:22:06+00:00","og_image":[{"url":"https:\/\/www.blogsoestado.com\/evandrojunior\/files\/2022\/07\/NATUS-LUMINE-PEDIATRA-JULIANA-LACERDA-1024x682.jpeg","type":"","width":"","height":""}],"author":"Evandro Junior","twitter_card":"summary_large_image","twitter_misc":{"Escrito por":"Evandro Junior","Est. tempo de leitura":"2 minutos"},"schema":{"@context":"https:\/\/schema.org","@graph":[{"@type":"WebPage","@id":"https:\/\/www.blogsoestado.com\/evandrojunior\/2022\/07\/19\/pediatra-alerta-sobre-cuidados-com-criancas-nas-ferias-para-evitar-covid\/","url":"https:\/\/www.blogsoestado.com\/evandrojunior\/2022\/07\/19\/pediatra-alerta-sobre-cuidados-com-criancas-nas-ferias-para-evitar-covid\/","name":"Pediatra alerta sobre cuidados com crian\u00e7as nas f\u00e9rias para evitar Covid - Evandro Junior","isPartOf":{"@id":"https:\/\/www.blogsoestado.com\/evandrojunior\/#website"},"primaryImageOfPage":{"@id":"https:\/\/www.blogsoestado.com\/evandrojunior\/2022\/07\/19\/pediatra-alerta-sobre-cuidados-com-criancas-nas-ferias-para-evitar-covid\/#primaryimage"},"image":{"@id":"https:\/\/www.blogsoestado.com\/evandrojunior\/2022\/07\/19\/pediatra-alerta-sobre-cuidados-com-criancas-nas-ferias-para-evitar-covid\/#primaryimage"},"thumbnailUrl":"https:\/\/www.blogsoestado.com\/evandrojunior\/files\/2022\/07\/NATUS-LUMINE-PEDIATRA-JULIANA-LACERDA-1024x682.jpeg","datePublished":"2022-07-19T12:22:06+00:00","author":{"@id":"https:\/\/www.blogsoestado.com\/evandrojunior\/#\/schema\/person\/3e6c3d8dbb740d1c6878ebc935cfb3be"},"breadcrumb":{"@id":"https:\/\/www.blogsoestado.com\/evandrojunior\/2022\/07\/19\/pediatra-alerta-sobre-cuidados-com-criancas-nas-ferias-para-evitar-covid\/#breadcrumb"},"inLanguage":"pt-BR","potentialAction":[{"@type":"ReadAction","target":["https:\/\/www.blogsoestado.com\/evandrojunior\/2022\/07\/19\/pediatra-alerta-sobre-cuidados-com-criancas-nas-ferias-para-evitar-covid\/"]}]},{"@type":"ImageObject","inLanguage":"pt-BR","@id":"https:\/\/www.blogsoestado.com\/evandrojunior\/2022\/07\/19\/pediatra-alerta-sobre-cuidados-com-criancas-nas-ferias-para-evitar-covid\/#primaryimage","url":"https:\/\/www.blogsoestado.com\/evandrojunior\/files\/2022\/07\/NATUS-LUMINE-PEDIATRA-JULIANA-LACERDA-1024x682.jpeg","contentUrl":"https:\/\/www.blogsoestado.com\/evandrojunior\/files\/2022\/07\/NATUS-LUMINE-PEDIATRA-JULIANA-LACERDA-1024x682.jpeg"},{"@type":"BreadcrumbList","@id":"https:\/\/www.blogsoestado.com\/evandrojunior\/2022\/07\/19\/pediatra-alerta-sobre-cuidados-com-criancas-nas-ferias-para-evitar-covid\/#breadcrumb","itemListElement":[{"@type":"ListItem","position":1,"name":"In\u00edcio","item":"https:\/\/www.blogsoestado.com\/evandrojunior\/"},{"@type":"ListItem","position":2,"name":"Pediatra alerta sobre cuidados com crian\u00e7as nas f\u00e9rias para evitar Covid"}]},{"@type":"WebSite","@id":"https:\/\/www.blogsoestado.com\/evandrojunior\/#website","url":"https:\/\/www.blogsoestado.com\/evandrojunior\/","name":"Evandro Junior","description":"","potentialAction":[{"@type":"SearchAction","target":{"@type":"EntryPoint","urlTemplate":"https:\/\/www.blogsoestado.com\/evandrojunior\/?s={search_term_string}"},"query-input":{"@type":"PropertyValueSpecification","valueRequired":true,"valueName":"search_term_string"}}],"inLanguage":"pt-BR"},{"@type":"Person","@id":"https:\/\/www.blogsoestado.com\/evandrojunior\/#\/schema\/person\/3e6c3d8dbb740d1c6878ebc935cfb3be","name":"Evandro Junior","image":{"@type":"ImageObject","inLanguage":"pt-BR","@id":"https:\/\/www.blogsoestado.com\/evandrojunior\/#\/schema\/person\/image\/","url":"https:\/\/secure.gravatar.com\/avatar\/f80a03a2294a580cd2318bfb459bf354cfa8be661ef3d95b542cf9a04af8d129?s=96&d=mm&r=g","contentUrl":"https:\/\/secure.gravatar.com\/avatar\/f80a03a2294a580cd2318bfb459bf354cfa8be661ef3d95b542cf9a04af8d129?s=96&d=mm&r=g","caption":"Evandro Junior"},"url":"https:\/\/www.blogsoestado.com\/evandrojunior\/author\/evandrojunior\/"}]}},"jetpack_featured_media_url":"","_links":{"self":[{"href":"https:\/\/www.blogsoestado.com\/evandrojunior\/wp-json\/wp\/v2\/posts\/6684","targetHints":{"allow":["GET"]}}],"collection":[{"href":"https:\/\/www.blogsoestado.com\/evandrojunior\/wp-json\/wp\/v2\/posts"}],"about":[{"href":"https:\/\/www.blogsoestado.com\/evandrojunior\/wp-json\/wp\/v2\/types\/post"}],"author":[{"embeddable":true,"href":"https:\/\/www.blogsoestado.com\/evandrojunior\/wp-json\/wp\/v2\/users\/4"}],"replies":[{"embeddable":true,"href":"https:\/\/www.blogsoestado.com\/evandrojunior\/wp-json\/wp\/v2\/comments?post=6684"}],"version-history":[{"count":0,"href":"https:\/\/www.blogsoestado.com\/evandrojunior\/wp-json\/wp\/v2\/posts\/6684\/revisions"}],"wp:attachment":[{"href":"https:\/\/www.blogsoestado.com\/evandrojunior\/wp-json\/wp\/v2\/media?parent=6684"}],"wp:term":[{"taxonomy":"category","embeddable":true,"href":"https:\/\/www.blogsoestado.com\/evandrojunior\/wp-json\/wp\/v2\/categories?post=6684"},{"taxonomy":"post_tag","embeddable":true,"href":"https:\/\/www.blogsoestado.com\/evandrojunior\/wp-json\/wp\/v2\/tags?post=6684"}],"curies":[{"name":"wp","href":"https:\/\/api.w.org\/{rel}","templated":true}]}}