{"id":6695,"date":"2022-07-19T11:10:13","date_gmt":"2022-07-19T14:10:13","guid":{"rendered":"https:\/\/www.blogsoestado.com\/evandrojunior\/?p=6695"},"modified":"2022-07-19T11:10:13","modified_gmt":"2022-07-19T14:10:13","slug":"casarao-colonial-barao-e-baronesa-de-formosa-recepcionam-publico-nas-ferias","status":"publish","type":"post","link":"https:\/\/www.blogsoestado.com\/evandrojunior\/2022\/07\/19\/casarao-colonial-barao-e-baronesa-de-formosa-recepcionam-publico-nas-ferias\/","title":{"rendered":"Casar\u00e3o Colonial: Bar\u00e3o e Baronesa de Formosa recepcionam p\u00fablico nas f\u00e9rias"},"content":{"rendered":"\n<div class=\"wp-block-image\"><figure class=\"aligncenter size-large is-resized\"><img fetchpriority=\"high\" decoding=\"async\" src=\"https:\/\/www.blogsoestado.com\/evandrojunior\/files\/2022\/07\/Barao.jpg\" alt=\"\" class=\"wp-image-6697\" width=\"576\" height=\"427\"\/><figcaption>Atores George Carvalho e Helena Travassos d\u00e3o vida aos personagens Bar\u00e3o e Baronesa de Formosa, uma alus\u00e3o ao antigo nome da Rua Afonso Pena, onde est\u00e1 localizado o Casar\u00e3o Colonial<\/figcaption><\/figure><\/div>\n\n\n\n<p><strong>S\u00e3o Lu\u00eds<\/strong> &#8211; A reabertura do Casar\u00e3o Colonial, que sedia um vitorioso projeto musical aos domingos no Centro Hist\u00f3rico de S\u00e3o Lu\u00eds, carimbou a vitalidade da iniciativa idealizada pela Pororoca Produ\u00e7\u00f5es, do produtor cultural Ricardo Fernandes em parceria com as produtoras Mirella Castelo Branco e Ana Sousa Motta.<\/p>\n\n\n\n<p>Os dois domingos seguidos de retomada da programa\u00e7\u00e3o renderam casa lotada, muita gente jovem, bonita e figuras conhecidas da sociedade, inclusive do meio pol\u00edtico. O espa\u00e7o abre sempre \u00e0s 16h e a programa\u00e7\u00e3o segue at\u00e9 meia-noite, com atra\u00e7\u00f5es que privilegiam o samba e outras vertentes musicais. <\/p>\n\n\n\n<p>Nesta temporada das f\u00e9rias de julho, o p\u00fablico que adentra o apraz\u00edvel casar\u00e3o de 1858 \u00e9 recebido pelo Bar\u00e3o e pela Baronesa de Formosa, personagens que homenageiam a Rua Afonso Pena (onde o espa\u00e7o est\u00e1 localizado), tamb\u00e9m conhecida como Rua Formosa no s\u00e9culo passado. Trata-se da \u00fanica via que liga os rios Bacanga e Anil.<\/p>\n\n\n\n<p>O Bar\u00e3o e a Baronesa de Formosa s\u00e3o vividos pelos atores Helena Travassos e George Carvalho, da Tramando Teatro &amp; Fantasia, que abrem as longas cortinas pendentes do teto no primeiro grande sal\u00e3o do im\u00f3vel e direcionam o p\u00fablico para avan\u00e7ar \u00e0s outras \u00e1reas em dire\u00e7\u00e3o, principalmente, ao jardim principal, onde est\u00e1 posicionado o palco que recebe as atra\u00e7\u00f5es da tarde\/noite de festa.<\/p>\n\n\n\n<p>A sacada l\u00fadica chama a aten\u00e7\u00e3o de maranhenses e turistas. Todo mundo quer fotografar ao lado dos personagens, que, al\u00e9m de recepcionar o p\u00fablico, circulam pelas depend\u00eancias do Casar\u00e3o durante toda a programa\u00e7\u00e3o. \u00c9 como um passeio pela hist\u00f3ria de S\u00e3o Lu\u00eds ao som do ritmo mais popular e contagiante do Brasil. <\/p>\n","protected":false},"excerpt":{"rendered":"<p>S\u00e3o Lu\u00eds &#8211; A reabertura do Casar\u00e3o Colonial, que sedia um vitorioso projeto musical aos domingos no Centro Hist\u00f3rico de [&hellip;]<\/p>\n","protected":false},"author":4,"featured_media":0,"comment_status":"open","ping_status":"open","sticky":false,"template":"","format":"standard","meta":{"site-sidebar-layout":"default","site-content-layout":"","ast-site-content-layout":"default","site-content-style":"default","site-sidebar-style":"default","ast-global-header-display":"","ast-banner-title-visibility":"","ast-main-header-display":"","ast-hfb-above-header-display":"","ast-hfb-below-header-display":"","ast-hfb-mobile-header-display":"","site-post-title":"","ast-breadcrumbs-content":"","ast-featured-img":"","footer-sml-layout":"","ast-disable-related-posts":"","theme-transparent-header-meta":"","adv-header-id-meta":"","stick-header-meta":"","header-above-stick-meta":"","header-main-stick-meta":"","header-below-stick-meta":"","astra-migrate-meta-layouts":"default","ast-page-background-enabled":"default","ast-page-background-meta":{"desktop":{"background-color":"var(--ast-global-color-5)","background-image":"","background-repeat":"repeat","background-position":"center center","background-size":"auto","background-attachment":"scroll","background-type":"","background-media":"","overlay-type":"","overlay-color":"","overlay-opacity":"","overlay-gradient":""},"tablet":{"background-color":"","background-image":"","background-repeat":"repeat","background-position":"center center","background-size":"auto","background-attachment":"scroll","background-type":"","background-media":"","overlay-type":"","overlay-color":"","overlay-opacity":"","overlay-gradient":""},"mobile":{"background-color":"","background-image":"","background-repeat":"repeat","background-position":"center center","background-size":"auto","background-attachment":"scroll","background-type":"","background-media":"","overlay-type":"","overlay-color":"","overlay-opacity":"","overlay-gradient":""}},"ast-content-background-meta":{"desktop":{"background-color":"var(--ast-global-color-4)","background-image":"","background-repeat":"repeat","background-position":"center center","background-size":"auto","background-attachment":"scroll","background-type":"","background-media":"","overlay-type":"","overlay-color":"","overlay-opacity":"","overlay-gradient":""},"tablet":{"background-color":"var(--ast-global-color-4)","background-image":"","background-repeat":"repeat","background-position":"center center","background-size":"auto","background-attachment":"scroll","background-type":"","background-media":"","overlay-type":"","overlay-color":"","overlay-opacity":"","overlay-gradient":""},"mobile":{"background-color":"var(--ast-global-color-4)","background-image":"","background-repeat":"repeat","background-position":"center center","background-size":"auto","background-attachment":"scroll","background-type":"","background-media":"","overlay-type":"","overlay-color":"","overlay-opacity":"","overlay-gradient":""}},"footnotes":""},"categories":[1],"tags":[],"class_list":["post-6695","post","type-post","status-publish","format-standard","hentry","category-sem-categoria"],"yoast_head":"<!-- This site is optimized with the Yoast SEO plugin v26.6 - https:\/\/yoast.com\/wordpress\/plugins\/seo\/ -->\n<title>Casar\u00e3o Colonial: Bar\u00e3o e Baronesa de Formosa recepcionam p\u00fablico nas f\u00e9rias - Evandro Junior<\/title>\n<meta name=\"robots\" content=\"index, follow, max-snippet:-1, max-image-preview:large, max-video-preview:-1\" \/>\n<link rel=\"canonical\" href=\"https:\/\/www.blogsoestado.com\/evandrojunior\/2022\/07\/19\/casarao-colonial-barao-e-baronesa-de-formosa-recepcionam-publico-nas-ferias\/\" \/>\n<meta property=\"og:locale\" content=\"pt_BR\" \/>\n<meta property=\"og:type\" content=\"article\" \/>\n<meta property=\"og:title\" content=\"Casar\u00e3o Colonial: Bar\u00e3o e Baronesa de Formosa recepcionam p\u00fablico nas f\u00e9rias - Evandro Junior\" \/>\n<meta property=\"og:description\" content=\"S\u00e3o Lu\u00eds &#8211; A reabertura do Casar\u00e3o Colonial, que sedia um vitorioso projeto musical aos domingos no Centro Hist\u00f3rico de [&hellip;]\" \/>\n<meta property=\"og:url\" content=\"https:\/\/www.blogsoestado.com\/evandrojunior\/2022\/07\/19\/casarao-colonial-barao-e-baronesa-de-formosa-recepcionam-publico-nas-ferias\/\" \/>\n<meta property=\"og:site_name\" content=\"Evandro Junior\" \/>\n<meta property=\"article:published_time\" content=\"2022-07-19T14:10:13+00:00\" \/>\n<meta property=\"og:image\" content=\"https:\/\/www.blogsoestado.com\/evandrojunior\/files\/2022\/07\/Barao.jpg\" \/>\n<meta name=\"author\" content=\"Evandro Junior\" \/>\n<meta name=\"twitter:card\" content=\"summary_large_image\" \/>\n<meta name=\"twitter:label1\" content=\"Escrito por\" \/>\n\t<meta name=\"twitter:data1\" content=\"Evandro Junior\" \/>\n\t<meta name=\"twitter:label2\" content=\"Est. tempo de leitura\" \/>\n\t<meta name=\"twitter:data2\" content=\"2 minutos\" \/>\n<script type=\"application\/ld+json\" class=\"yoast-schema-graph\">{\"@context\":\"https:\/\/schema.org\",\"@graph\":[{\"@type\":\"WebPage\",\"@id\":\"https:\/\/www.blogsoestado.com\/evandrojunior\/2022\/07\/19\/casarao-colonial-barao-e-baronesa-de-formosa-recepcionam-publico-nas-ferias\/\",\"url\":\"https:\/\/www.blogsoestado.com\/evandrojunior\/2022\/07\/19\/casarao-colonial-barao-e-baronesa-de-formosa-recepcionam-publico-nas-ferias\/\",\"name\":\"Casar\u00e3o Colonial: Bar\u00e3o e Baronesa de Formosa recepcionam p\u00fablico nas f\u00e9rias - Evandro Junior\",\"isPartOf\":{\"@id\":\"https:\/\/www.blogsoestado.com\/evandrojunior\/#website\"},\"primaryImageOfPage\":{\"@id\":\"https:\/\/www.blogsoestado.com\/evandrojunior\/2022\/07\/19\/casarao-colonial-barao-e-baronesa-de-formosa-recepcionam-publico-nas-ferias\/#primaryimage\"},\"image\":{\"@id\":\"https:\/\/www.blogsoestado.com\/evandrojunior\/2022\/07\/19\/casarao-colonial-barao-e-baronesa-de-formosa-recepcionam-publico-nas-ferias\/#primaryimage\"},\"thumbnailUrl\":\"https:\/\/www.blogsoestado.com\/evandrojunior\/files\/2022\/07\/Barao.jpg\",\"datePublished\":\"2022-07-19T14:10:13+00:00\",\"author\":{\"@id\":\"https:\/\/www.blogsoestado.com\/evandrojunior\/#\/schema\/person\/3e6c3d8dbb740d1c6878ebc935cfb3be\"},\"breadcrumb\":{\"@id\":\"https:\/\/www.blogsoestado.com\/evandrojunior\/2022\/07\/19\/casarao-colonial-barao-e-baronesa-de-formosa-recepcionam-publico-nas-ferias\/#breadcrumb\"},\"inLanguage\":\"pt-BR\",\"potentialAction\":[{\"@type\":\"ReadAction\",\"target\":[\"https:\/\/www.blogsoestado.com\/evandrojunior\/2022\/07\/19\/casarao-colonial-barao-e-baronesa-de-formosa-recepcionam-publico-nas-ferias\/\"]}]},{\"@type\":\"ImageObject\",\"inLanguage\":\"pt-BR\",\"@id\":\"https:\/\/www.blogsoestado.com\/evandrojunior\/2022\/07\/19\/casarao-colonial-barao-e-baronesa-de-formosa-recepcionam-publico-nas-ferias\/#primaryimage\",\"url\":\"https:\/\/www.blogsoestado.com\/evandrojunior\/files\/2022\/07\/Barao.jpg\",\"contentUrl\":\"https:\/\/www.blogsoestado.com\/evandrojunior\/files\/2022\/07\/Barao.jpg\"},{\"@type\":\"BreadcrumbList\",\"@id\":\"https:\/\/www.blogsoestado.com\/evandrojunior\/2022\/07\/19\/casarao-colonial-barao-e-baronesa-de-formosa-recepcionam-publico-nas-ferias\/#breadcrumb\",\"itemListElement\":[{\"@type\":\"ListItem\",\"position\":1,\"name\":\"In\u00edcio\",\"item\":\"https:\/\/www.blogsoestado.com\/evandrojunior\/\"},{\"@type\":\"ListItem\",\"position\":2,\"name\":\"Casar\u00e3o Colonial: Bar\u00e3o e Baronesa de Formosa recepcionam p\u00fablico nas f\u00e9rias\"}]},{\"@type\":\"WebSite\",\"@id\":\"https:\/\/www.blogsoestado.com\/evandrojunior\/#website\",\"url\":\"https:\/\/www.blogsoestado.com\/evandrojunior\/\",\"name\":\"Evandro Junior\",\"description\":\"\",\"potentialAction\":[{\"@type\":\"SearchAction\",\"target\":{\"@type\":\"EntryPoint\",\"urlTemplate\":\"https:\/\/www.blogsoestado.com\/evandrojunior\/?s={search_term_string}\"},\"query-input\":{\"@type\":\"PropertyValueSpecification\",\"valueRequired\":true,\"valueName\":\"search_term_string\"}}],\"inLanguage\":\"pt-BR\"},{\"@type\":\"Person\",\"@id\":\"https:\/\/www.blogsoestado.com\/evandrojunior\/#\/schema\/person\/3e6c3d8dbb740d1c6878ebc935cfb3be\",\"name\":\"Evandro Junior\",\"image\":{\"@type\":\"ImageObject\",\"inLanguage\":\"pt-BR\",\"@id\":\"https:\/\/www.blogsoestado.com\/evandrojunior\/#\/schema\/person\/image\/\",\"url\":\"https:\/\/secure.gravatar.com\/avatar\/f80a03a2294a580cd2318bfb459bf354cfa8be661ef3d95b542cf9a04af8d129?s=96&d=mm&r=g\",\"contentUrl\":\"https:\/\/secure.gravatar.com\/avatar\/f80a03a2294a580cd2318bfb459bf354cfa8be661ef3d95b542cf9a04af8d129?s=96&d=mm&r=g\",\"caption\":\"Evandro Junior\"},\"url\":\"https:\/\/www.blogsoestado.com\/evandrojunior\/author\/evandrojunior\/\"}]}<\/script>\n<!-- \/ Yoast SEO plugin. -->","yoast_head_json":{"title":"Casar\u00e3o Colonial: Bar\u00e3o e Baronesa de Formosa recepcionam p\u00fablico nas f\u00e9rias - Evandro Junior","robots":{"index":"index","follow":"follow","max-snippet":"max-snippet:-1","max-image-preview":"max-image-preview:large","max-video-preview":"max-video-preview:-1"},"canonical":"https:\/\/www.blogsoestado.com\/evandrojunior\/2022\/07\/19\/casarao-colonial-barao-e-baronesa-de-formosa-recepcionam-publico-nas-ferias\/","og_locale":"pt_BR","og_type":"article","og_title":"Casar\u00e3o Colonial: Bar\u00e3o e Baronesa de Formosa recepcionam p\u00fablico nas f\u00e9rias - Evandro Junior","og_description":"S\u00e3o Lu\u00eds &#8211; A reabertura do Casar\u00e3o Colonial, que sedia um vitorioso projeto musical aos domingos no Centro Hist\u00f3rico de [&hellip;]","og_url":"https:\/\/www.blogsoestado.com\/evandrojunior\/2022\/07\/19\/casarao-colonial-barao-e-baronesa-de-formosa-recepcionam-publico-nas-ferias\/","og_site_name":"Evandro Junior","article_published_time":"2022-07-19T14:10:13+00:00","og_image":[{"url":"https:\/\/www.blogsoestado.com\/evandrojunior\/files\/2022\/07\/Barao.jpg","type":"","width":"","height":""}],"author":"Evandro Junior","twitter_card":"summary_large_image","twitter_misc":{"Escrito por":"Evandro Junior","Est. tempo de leitura":"2 minutos"},"schema":{"@context":"https:\/\/schema.org","@graph":[{"@type":"WebPage","@id":"https:\/\/www.blogsoestado.com\/evandrojunior\/2022\/07\/19\/casarao-colonial-barao-e-baronesa-de-formosa-recepcionam-publico-nas-ferias\/","url":"https:\/\/www.blogsoestado.com\/evandrojunior\/2022\/07\/19\/casarao-colonial-barao-e-baronesa-de-formosa-recepcionam-publico-nas-ferias\/","name":"Casar\u00e3o Colonial: Bar\u00e3o e Baronesa de Formosa recepcionam p\u00fablico nas f\u00e9rias - Evandro Junior","isPartOf":{"@id":"https:\/\/www.blogsoestado.com\/evandrojunior\/#website"},"primaryImageOfPage":{"@id":"https:\/\/www.blogsoestado.com\/evandrojunior\/2022\/07\/19\/casarao-colonial-barao-e-baronesa-de-formosa-recepcionam-publico-nas-ferias\/#primaryimage"},"image":{"@id":"https:\/\/www.blogsoestado.com\/evandrojunior\/2022\/07\/19\/casarao-colonial-barao-e-baronesa-de-formosa-recepcionam-publico-nas-ferias\/#primaryimage"},"thumbnailUrl":"https:\/\/www.blogsoestado.com\/evandrojunior\/files\/2022\/07\/Barao.jpg","datePublished":"2022-07-19T14:10:13+00:00","author":{"@id":"https:\/\/www.blogsoestado.com\/evandrojunior\/#\/schema\/person\/3e6c3d8dbb740d1c6878ebc935cfb3be"},"breadcrumb":{"@id":"https:\/\/www.blogsoestado.com\/evandrojunior\/2022\/07\/19\/casarao-colonial-barao-e-baronesa-de-formosa-recepcionam-publico-nas-ferias\/#breadcrumb"},"inLanguage":"pt-BR","potentialAction":[{"@type":"ReadAction","target":["https:\/\/www.blogsoestado.com\/evandrojunior\/2022\/07\/19\/casarao-colonial-barao-e-baronesa-de-formosa-recepcionam-publico-nas-ferias\/"]}]},{"@type":"ImageObject","inLanguage":"pt-BR","@id":"https:\/\/www.blogsoestado.com\/evandrojunior\/2022\/07\/19\/casarao-colonial-barao-e-baronesa-de-formosa-recepcionam-publico-nas-ferias\/#primaryimage","url":"https:\/\/www.blogsoestado.com\/evandrojunior\/files\/2022\/07\/Barao.jpg","contentUrl":"https:\/\/www.blogsoestado.com\/evandrojunior\/files\/2022\/07\/Barao.jpg"},{"@type":"BreadcrumbList","@id":"https:\/\/www.blogsoestado.com\/evandrojunior\/2022\/07\/19\/casarao-colonial-barao-e-baronesa-de-formosa-recepcionam-publico-nas-ferias\/#breadcrumb","itemListElement":[{"@type":"ListItem","position":1,"name":"In\u00edcio","item":"https:\/\/www.blogsoestado.com\/evandrojunior\/"},{"@type":"ListItem","position":2,"name":"Casar\u00e3o Colonial: Bar\u00e3o e Baronesa de Formosa recepcionam p\u00fablico nas f\u00e9rias"}]},{"@type":"WebSite","@id":"https:\/\/www.blogsoestado.com\/evandrojunior\/#website","url":"https:\/\/www.blogsoestado.com\/evandrojunior\/","name":"Evandro Junior","description":"","potentialAction":[{"@type":"SearchAction","target":{"@type":"EntryPoint","urlTemplate":"https:\/\/www.blogsoestado.com\/evandrojunior\/?s={search_term_string}"},"query-input":{"@type":"PropertyValueSpecification","valueRequired":true,"valueName":"search_term_string"}}],"inLanguage":"pt-BR"},{"@type":"Person","@id":"https:\/\/www.blogsoestado.com\/evandrojunior\/#\/schema\/person\/3e6c3d8dbb740d1c6878ebc935cfb3be","name":"Evandro Junior","image":{"@type":"ImageObject","inLanguage":"pt-BR","@id":"https:\/\/www.blogsoestado.com\/evandrojunior\/#\/schema\/person\/image\/","url":"https:\/\/secure.gravatar.com\/avatar\/f80a03a2294a580cd2318bfb459bf354cfa8be661ef3d95b542cf9a04af8d129?s=96&d=mm&r=g","contentUrl":"https:\/\/secure.gravatar.com\/avatar\/f80a03a2294a580cd2318bfb459bf354cfa8be661ef3d95b542cf9a04af8d129?s=96&d=mm&r=g","caption":"Evandro Junior"},"url":"https:\/\/www.blogsoestado.com\/evandrojunior\/author\/evandrojunior\/"}]}},"jetpack_featured_media_url":"","_links":{"self":[{"href":"https:\/\/www.blogsoestado.com\/evandrojunior\/wp-json\/wp\/v2\/posts\/6695","targetHints":{"allow":["GET"]}}],"collection":[{"href":"https:\/\/www.blogsoestado.com\/evandrojunior\/wp-json\/wp\/v2\/posts"}],"about":[{"href":"https:\/\/www.blogsoestado.com\/evandrojunior\/wp-json\/wp\/v2\/types\/post"}],"author":[{"embeddable":true,"href":"https:\/\/www.blogsoestado.com\/evandrojunior\/wp-json\/wp\/v2\/users\/4"}],"replies":[{"embeddable":true,"href":"https:\/\/www.blogsoestado.com\/evandrojunior\/wp-json\/wp\/v2\/comments?post=6695"}],"version-history":[{"count":0,"href":"https:\/\/www.blogsoestado.com\/evandrojunior\/wp-json\/wp\/v2\/posts\/6695\/revisions"}],"wp:attachment":[{"href":"https:\/\/www.blogsoestado.com\/evandrojunior\/wp-json\/wp\/v2\/media?parent=6695"}],"wp:term":[{"taxonomy":"category","embeddable":true,"href":"https:\/\/www.blogsoestado.com\/evandrojunior\/wp-json\/wp\/v2\/categories?post=6695"},{"taxonomy":"post_tag","embeddable":true,"href":"https:\/\/www.blogsoestado.com\/evandrojunior\/wp-json\/wp\/v2\/tags?post=6695"}],"curies":[{"name":"wp","href":"https:\/\/api.w.org\/{rel}","templated":true}]}}