{"id":6718,"date":"2022-07-22T09:57:45","date_gmt":"2022-07-22T12:57:45","guid":{"rendered":"https:\/\/www.blogsoestado.com\/evandrojunior\/?p=6718"},"modified":"2022-07-22T09:57:45","modified_gmt":"2022-07-22T12:57:45","slug":"madalena-nobre-e-marcos-davi-entregam-o-premio-nobre-na-noite-desta-sexta-feira","status":"publish","type":"post","link":"https:\/\/www.blogsoestado.com\/evandrojunior\/2022\/07\/22\/madalena-nobre-e-marcos-davi-entregam-o-premio-nobre-na-noite-desta-sexta-feira\/","title":{"rendered":"Madalena Nobre e Marcos Davi entregam o Pr\u00eamio Nobre na noite desta sexta-feira"},"content":{"rendered":"\n<div class=\"wp-block-image\"><figure class=\"aligncenter size-large is-resized\"><img fetchpriority=\"high\" decoding=\"async\" src=\"https:\/\/www.blogsoestado.com\/evandrojunior\/files\/2022\/07\/WhatsApp-Image-2022-07-22-at-09.21.10-682x1024.jpeg\" alt=\"\" class=\"wp-image-6719\" width=\"384\" height=\"576\"\/><figcaption>Madalena Nobre e Marcos Davi realizam mais uma edi\u00e7\u00e3o do Pr\u00eamio Nobre, hoje \u00e0 noite, no Espa\u00e7o Residencial<\/figcaption><\/figure><\/div>\n\n\n\n<p><strong>S\u00e3o Lu\u00eds<\/strong> &#8211; Os apresentadores de TV e empres\u00e1rios maranhenses Madalena Nobre e Marcos Davi realizam, na noite desta sexta-feira (22), a d\u00e9cima sexta edi\u00e7\u00e3o do Pr\u00eamio Nobre, que presta uma homenagem aos melhores do ano em diversas \u00e1reas. O programa apresentado por ela na Rede TV S\u00e3o Lu\u00eds \u00e9 assistido semanalmente por mais de 8 milh\u00f5es de telespectadores.<\/p>\n\n\n\n<p>O evento acontecer\u00e1 \u00e0s 21h, no Espa\u00e7o Residencial, na Avenida M\u00e1rio Andreazza, na Cohama, reunindo centenas de convidados, com destaque para os empreendedores homenageados, os quais se destacaram em suas \u00e1reas de atua\u00e7\u00e3o no primeiro semestre deste ano.<\/p>\n\n\n\n<div class=\"wp-block-image\"><figure class=\"aligncenter size-large is-resized\"><img decoding=\"async\" src=\"https:\/\/www.blogsoestado.com\/evandrojunior\/files\/2022\/07\/WhatsApp-Image-2022-07-22-at-09.20.13-1024x1024.jpeg\" alt=\"\" class=\"wp-image-6720\" width=\"420\" height=\"420\"\/><figcaption>Madalena exibe o Trof\u00e9u Nobre<\/figcaption><\/figure><\/div>\n\n\n\n<p>A solenidade, a ser apresentada pelos jornalistas Evandro J\u00fanior (Grupo Mirante) e Keith Almeida (Sistema Difusora), contar\u00e1 com algumas atra\u00e7\u00f5es, entre elas, o DJ Rog\u00e9rio Mix, o Bumba Boi Novilho dos Len\u00e7\u00f3is, espet\u00e1culo de dan\u00e7a com bailarinos do Centro de Movimento Soraya Lira e show com a cantora Thais Moreno.<\/p>\n\n\n\n<div class=\"wp-block-image\"><figure class=\"aligncenter size-large is-resized\"><img decoding=\"async\" src=\"https:\/\/www.blogsoestado.com\/evandrojunior\/files\/2022\/07\/WhatsApp-Image-2022-07-22-at-09.18.34-1024x682.jpeg\" alt=\"\" class=\"wp-image-6721\" width=\"506\" height=\"337\"\/><figcaption>Jornalistas Evandro J\u00fanior, do Grupo Mirante, e Keith Almeida, do Sistema Difusora, s\u00e3o os apresentadores oficiais do Pr\u00eamio Nobre<\/figcaption><\/figure><\/div>\n\n\n\n<p>Madalena Nobre e Marcos Davi aproveitar\u00e3o a noite para apresentar algumas novidades, entre elas, a terceira edi\u00e7\u00e3o da Revista Nobre, com a cobertura completa e todos os detalhes da edi\u00e7\u00e3o do evento realizado no ano passado. <\/p>\n\n\n\n<p><\/p>\n","protected":false},"excerpt":{"rendered":"<p>S\u00e3o Lu\u00eds &#8211; Os apresentadores de TV e empres\u00e1rios maranhenses Madalena Nobre e Marcos Davi realizam, na noite desta sexta-feira [&hellip;]<\/p>\n","protected":false},"author":4,"featured_media":0,"comment_status":"open","ping_status":"open","sticky":false,"template":"","format":"standard","meta":{"site-sidebar-layout":"default","site-content-layout":"","ast-site-content-layout":"default","site-content-style":"default","site-sidebar-style":"default","ast-global-header-display":"","ast-banner-title-visibility":"","ast-main-header-display":"","ast-hfb-above-header-display":"","ast-hfb-below-header-display":"","ast-hfb-mobile-header-display":"","site-post-title":"","ast-breadcrumbs-content":"","ast-featured-img":"","footer-sml-layout":"","ast-disable-related-posts":"","theme-transparent-header-meta":"","adv-header-id-meta":"","stick-header-meta":"","header-above-stick-meta":"","header-main-stick-meta":"","header-below-stick-meta":"","astra-migrate-meta-layouts":"default","ast-page-background-enabled":"default","ast-page-background-meta":{"desktop":{"background-color":"var(--ast-global-color-5)","background-image":"","background-repeat":"repeat","background-position":"center center","background-size":"auto","background-attachment":"scroll","background-type":"","background-media":"","overlay-type":"","overlay-color":"","overlay-opacity":"","overlay-gradient":""},"tablet":{"background-color":"","background-image":"","background-repeat":"repeat","background-position":"center center","background-size":"auto","background-attachment":"scroll","background-type":"","background-media":"","overlay-type":"","overlay-color":"","overlay-opacity":"","overlay-gradient":""},"mobile":{"background-color":"","background-image":"","background-repeat":"repeat","background-position":"center center","background-size":"auto","background-attachment":"scroll","background-type":"","background-media":"","overlay-type":"","overlay-color":"","overlay-opacity":"","overlay-gradient":""}},"ast-content-background-meta":{"desktop":{"background-color":"var(--ast-global-color-4)","background-image":"","background-repeat":"repeat","background-position":"center center","background-size":"auto","background-attachment":"scroll","background-type":"","background-media":"","overlay-type":"","overlay-color":"","overlay-opacity":"","overlay-gradient":""},"tablet":{"background-color":"var(--ast-global-color-4)","background-image":"","background-repeat":"repeat","background-position":"center center","background-size":"auto","background-attachment":"scroll","background-type":"","background-media":"","overlay-type":"","overlay-color":"","overlay-opacity":"","overlay-gradient":""},"mobile":{"background-color":"var(--ast-global-color-4)","background-image":"","background-repeat":"repeat","background-position":"center center","background-size":"auto","background-attachment":"scroll","background-type":"","background-media":"","overlay-type":"","overlay-color":"","overlay-opacity":"","overlay-gradient":""}},"footnotes":""},"categories":[1],"tags":[],"class_list":["post-6718","post","type-post","status-publish","format-standard","hentry","category-sem-categoria"],"yoast_head":"<!-- This site is optimized with the Yoast SEO plugin v26.6 - https:\/\/yoast.com\/wordpress\/plugins\/seo\/ -->\n<title>Madalena Nobre e Marcos Davi entregam o Pr\u00eamio Nobre na noite desta sexta-feira - Evandro Junior<\/title>\n<meta name=\"robots\" content=\"index, follow, max-snippet:-1, max-image-preview:large, max-video-preview:-1\" \/>\n<link rel=\"canonical\" href=\"https:\/\/www.blogsoestado.com\/evandrojunior\/2022\/07\/22\/madalena-nobre-e-marcos-davi-entregam-o-premio-nobre-na-noite-desta-sexta-feira\/\" \/>\n<meta property=\"og:locale\" content=\"pt_BR\" \/>\n<meta property=\"og:type\" content=\"article\" \/>\n<meta property=\"og:title\" content=\"Madalena Nobre e Marcos Davi entregam o Pr\u00eamio Nobre na noite desta sexta-feira - Evandro Junior\" \/>\n<meta property=\"og:description\" content=\"S\u00e3o Lu\u00eds &#8211; Os apresentadores de TV e empres\u00e1rios maranhenses Madalena Nobre e Marcos Davi realizam, na noite desta sexta-feira [&hellip;]\" \/>\n<meta property=\"og:url\" content=\"https:\/\/www.blogsoestado.com\/evandrojunior\/2022\/07\/22\/madalena-nobre-e-marcos-davi-entregam-o-premio-nobre-na-noite-desta-sexta-feira\/\" \/>\n<meta property=\"og:site_name\" content=\"Evandro Junior\" \/>\n<meta property=\"article:published_time\" content=\"2022-07-22T12:57:45+00:00\" \/>\n<meta property=\"og:image\" content=\"https:\/\/www.blogsoestado.com\/evandrojunior\/files\/2022\/07\/WhatsApp-Image-2022-07-22-at-09.21.10-682x1024.jpeg\" \/>\n<meta name=\"author\" content=\"Evandro Junior\" \/>\n<meta name=\"twitter:card\" content=\"summary_large_image\" \/>\n<meta name=\"twitter:label1\" content=\"Escrito por\" \/>\n\t<meta name=\"twitter:data1\" content=\"Evandro Junior\" \/>\n\t<meta name=\"twitter:label2\" content=\"Est. tempo de leitura\" \/>\n\t<meta name=\"twitter:data2\" content=\"2 minutos\" \/>\n<script type=\"application\/ld+json\" class=\"yoast-schema-graph\">{\"@context\":\"https:\/\/schema.org\",\"@graph\":[{\"@type\":\"WebPage\",\"@id\":\"https:\/\/www.blogsoestado.com\/evandrojunior\/2022\/07\/22\/madalena-nobre-e-marcos-davi-entregam-o-premio-nobre-na-noite-desta-sexta-feira\/\",\"url\":\"https:\/\/www.blogsoestado.com\/evandrojunior\/2022\/07\/22\/madalena-nobre-e-marcos-davi-entregam-o-premio-nobre-na-noite-desta-sexta-feira\/\",\"name\":\"Madalena Nobre e Marcos Davi entregam o Pr\u00eamio Nobre na noite desta sexta-feira - Evandro Junior\",\"isPartOf\":{\"@id\":\"https:\/\/www.blogsoestado.com\/evandrojunior\/#website\"},\"primaryImageOfPage\":{\"@id\":\"https:\/\/www.blogsoestado.com\/evandrojunior\/2022\/07\/22\/madalena-nobre-e-marcos-davi-entregam-o-premio-nobre-na-noite-desta-sexta-feira\/#primaryimage\"},\"image\":{\"@id\":\"https:\/\/www.blogsoestado.com\/evandrojunior\/2022\/07\/22\/madalena-nobre-e-marcos-davi-entregam-o-premio-nobre-na-noite-desta-sexta-feira\/#primaryimage\"},\"thumbnailUrl\":\"https:\/\/www.blogsoestado.com\/evandrojunior\/files\/2022\/07\/WhatsApp-Image-2022-07-22-at-09.21.10-682x1024.jpeg\",\"datePublished\":\"2022-07-22T12:57:45+00:00\",\"author\":{\"@id\":\"https:\/\/www.blogsoestado.com\/evandrojunior\/#\/schema\/person\/3e6c3d8dbb740d1c6878ebc935cfb3be\"},\"breadcrumb\":{\"@id\":\"https:\/\/www.blogsoestado.com\/evandrojunior\/2022\/07\/22\/madalena-nobre-e-marcos-davi-entregam-o-premio-nobre-na-noite-desta-sexta-feira\/#breadcrumb\"},\"inLanguage\":\"pt-BR\",\"potentialAction\":[{\"@type\":\"ReadAction\",\"target\":[\"https:\/\/www.blogsoestado.com\/evandrojunior\/2022\/07\/22\/madalena-nobre-e-marcos-davi-entregam-o-premio-nobre-na-noite-desta-sexta-feira\/\"]}]},{\"@type\":\"ImageObject\",\"inLanguage\":\"pt-BR\",\"@id\":\"https:\/\/www.blogsoestado.com\/evandrojunior\/2022\/07\/22\/madalena-nobre-e-marcos-davi-entregam-o-premio-nobre-na-noite-desta-sexta-feira\/#primaryimage\",\"url\":\"https:\/\/www.blogsoestado.com\/evandrojunior\/files\/2022\/07\/WhatsApp-Image-2022-07-22-at-09.21.10-682x1024.jpeg\",\"contentUrl\":\"https:\/\/www.blogsoestado.com\/evandrojunior\/files\/2022\/07\/WhatsApp-Image-2022-07-22-at-09.21.10-682x1024.jpeg\"},{\"@type\":\"BreadcrumbList\",\"@id\":\"https:\/\/www.blogsoestado.com\/evandrojunior\/2022\/07\/22\/madalena-nobre-e-marcos-davi-entregam-o-premio-nobre-na-noite-desta-sexta-feira\/#breadcrumb\",\"itemListElement\":[{\"@type\":\"ListItem\",\"position\":1,\"name\":\"In\u00edcio\",\"item\":\"https:\/\/www.blogsoestado.com\/evandrojunior\/\"},{\"@type\":\"ListItem\",\"position\":2,\"name\":\"Madalena Nobre e Marcos Davi entregam o Pr\u00eamio Nobre na noite desta sexta-feira\"}]},{\"@type\":\"WebSite\",\"@id\":\"https:\/\/www.blogsoestado.com\/evandrojunior\/#website\",\"url\":\"https:\/\/www.blogsoestado.com\/evandrojunior\/\",\"name\":\"Evandro Junior\",\"description\":\"\",\"potentialAction\":[{\"@type\":\"SearchAction\",\"target\":{\"@type\":\"EntryPoint\",\"urlTemplate\":\"https:\/\/www.blogsoestado.com\/evandrojunior\/?s={search_term_string}\"},\"query-input\":{\"@type\":\"PropertyValueSpecification\",\"valueRequired\":true,\"valueName\":\"search_term_string\"}}],\"inLanguage\":\"pt-BR\"},{\"@type\":\"Person\",\"@id\":\"https:\/\/www.blogsoestado.com\/evandrojunior\/#\/schema\/person\/3e6c3d8dbb740d1c6878ebc935cfb3be\",\"name\":\"Evandro Junior\",\"image\":{\"@type\":\"ImageObject\",\"inLanguage\":\"pt-BR\",\"@id\":\"https:\/\/www.blogsoestado.com\/evandrojunior\/#\/schema\/person\/image\/\",\"url\":\"https:\/\/secure.gravatar.com\/avatar\/f80a03a2294a580cd2318bfb459bf354cfa8be661ef3d95b542cf9a04af8d129?s=96&d=mm&r=g\",\"contentUrl\":\"https:\/\/secure.gravatar.com\/avatar\/f80a03a2294a580cd2318bfb459bf354cfa8be661ef3d95b542cf9a04af8d129?s=96&d=mm&r=g\",\"caption\":\"Evandro Junior\"},\"url\":\"https:\/\/www.blogsoestado.com\/evandrojunior\/author\/evandrojunior\/\"}]}<\/script>\n<!-- \/ Yoast SEO plugin. -->","yoast_head_json":{"title":"Madalena Nobre e Marcos Davi entregam o Pr\u00eamio Nobre na noite desta sexta-feira - Evandro Junior","robots":{"index":"index","follow":"follow","max-snippet":"max-snippet:-1","max-image-preview":"max-image-preview:large","max-video-preview":"max-video-preview:-1"},"canonical":"https:\/\/www.blogsoestado.com\/evandrojunior\/2022\/07\/22\/madalena-nobre-e-marcos-davi-entregam-o-premio-nobre-na-noite-desta-sexta-feira\/","og_locale":"pt_BR","og_type":"article","og_title":"Madalena Nobre e Marcos Davi entregam o Pr\u00eamio Nobre na noite desta sexta-feira - Evandro Junior","og_description":"S\u00e3o Lu\u00eds &#8211; Os apresentadores de TV e empres\u00e1rios maranhenses Madalena Nobre e Marcos Davi realizam, na noite desta sexta-feira [&hellip;]","og_url":"https:\/\/www.blogsoestado.com\/evandrojunior\/2022\/07\/22\/madalena-nobre-e-marcos-davi-entregam-o-premio-nobre-na-noite-desta-sexta-feira\/","og_site_name":"Evandro Junior","article_published_time":"2022-07-22T12:57:45+00:00","og_image":[{"url":"https:\/\/www.blogsoestado.com\/evandrojunior\/files\/2022\/07\/WhatsApp-Image-2022-07-22-at-09.21.10-682x1024.jpeg","type":"","width":"","height":""}],"author":"Evandro Junior","twitter_card":"summary_large_image","twitter_misc":{"Escrito por":"Evandro Junior","Est. tempo de leitura":"2 minutos"},"schema":{"@context":"https:\/\/schema.org","@graph":[{"@type":"WebPage","@id":"https:\/\/www.blogsoestado.com\/evandrojunior\/2022\/07\/22\/madalena-nobre-e-marcos-davi-entregam-o-premio-nobre-na-noite-desta-sexta-feira\/","url":"https:\/\/www.blogsoestado.com\/evandrojunior\/2022\/07\/22\/madalena-nobre-e-marcos-davi-entregam-o-premio-nobre-na-noite-desta-sexta-feira\/","name":"Madalena Nobre e Marcos Davi entregam o Pr\u00eamio Nobre na noite desta sexta-feira - Evandro Junior","isPartOf":{"@id":"https:\/\/www.blogsoestado.com\/evandrojunior\/#website"},"primaryImageOfPage":{"@id":"https:\/\/www.blogsoestado.com\/evandrojunior\/2022\/07\/22\/madalena-nobre-e-marcos-davi-entregam-o-premio-nobre-na-noite-desta-sexta-feira\/#primaryimage"},"image":{"@id":"https:\/\/www.blogsoestado.com\/evandrojunior\/2022\/07\/22\/madalena-nobre-e-marcos-davi-entregam-o-premio-nobre-na-noite-desta-sexta-feira\/#primaryimage"},"thumbnailUrl":"https:\/\/www.blogsoestado.com\/evandrojunior\/files\/2022\/07\/WhatsApp-Image-2022-07-22-at-09.21.10-682x1024.jpeg","datePublished":"2022-07-22T12:57:45+00:00","author":{"@id":"https:\/\/www.blogsoestado.com\/evandrojunior\/#\/schema\/person\/3e6c3d8dbb740d1c6878ebc935cfb3be"},"breadcrumb":{"@id":"https:\/\/www.blogsoestado.com\/evandrojunior\/2022\/07\/22\/madalena-nobre-e-marcos-davi-entregam-o-premio-nobre-na-noite-desta-sexta-feira\/#breadcrumb"},"inLanguage":"pt-BR","potentialAction":[{"@type":"ReadAction","target":["https:\/\/www.blogsoestado.com\/evandrojunior\/2022\/07\/22\/madalena-nobre-e-marcos-davi-entregam-o-premio-nobre-na-noite-desta-sexta-feira\/"]}]},{"@type":"ImageObject","inLanguage":"pt-BR","@id":"https:\/\/www.blogsoestado.com\/evandrojunior\/2022\/07\/22\/madalena-nobre-e-marcos-davi-entregam-o-premio-nobre-na-noite-desta-sexta-feira\/#primaryimage","url":"https:\/\/www.blogsoestado.com\/evandrojunior\/files\/2022\/07\/WhatsApp-Image-2022-07-22-at-09.21.10-682x1024.jpeg","contentUrl":"https:\/\/www.blogsoestado.com\/evandrojunior\/files\/2022\/07\/WhatsApp-Image-2022-07-22-at-09.21.10-682x1024.jpeg"},{"@type":"BreadcrumbList","@id":"https:\/\/www.blogsoestado.com\/evandrojunior\/2022\/07\/22\/madalena-nobre-e-marcos-davi-entregam-o-premio-nobre-na-noite-desta-sexta-feira\/#breadcrumb","itemListElement":[{"@type":"ListItem","position":1,"name":"In\u00edcio","item":"https:\/\/www.blogsoestado.com\/evandrojunior\/"},{"@type":"ListItem","position":2,"name":"Madalena Nobre e Marcos Davi entregam o Pr\u00eamio Nobre na noite desta sexta-feira"}]},{"@type":"WebSite","@id":"https:\/\/www.blogsoestado.com\/evandrojunior\/#website","url":"https:\/\/www.blogsoestado.com\/evandrojunior\/","name":"Evandro Junior","description":"","potentialAction":[{"@type":"SearchAction","target":{"@type":"EntryPoint","urlTemplate":"https:\/\/www.blogsoestado.com\/evandrojunior\/?s={search_term_string}"},"query-input":{"@type":"PropertyValueSpecification","valueRequired":true,"valueName":"search_term_string"}}],"inLanguage":"pt-BR"},{"@type":"Person","@id":"https:\/\/www.blogsoestado.com\/evandrojunior\/#\/schema\/person\/3e6c3d8dbb740d1c6878ebc935cfb3be","name":"Evandro Junior","image":{"@type":"ImageObject","inLanguage":"pt-BR","@id":"https:\/\/www.blogsoestado.com\/evandrojunior\/#\/schema\/person\/image\/","url":"https:\/\/secure.gravatar.com\/avatar\/f80a03a2294a580cd2318bfb459bf354cfa8be661ef3d95b542cf9a04af8d129?s=96&d=mm&r=g","contentUrl":"https:\/\/secure.gravatar.com\/avatar\/f80a03a2294a580cd2318bfb459bf354cfa8be661ef3d95b542cf9a04af8d129?s=96&d=mm&r=g","caption":"Evandro Junior"},"url":"https:\/\/www.blogsoestado.com\/evandrojunior\/author\/evandrojunior\/"}]}},"jetpack_featured_media_url":"","_links":{"self":[{"href":"https:\/\/www.blogsoestado.com\/evandrojunior\/wp-json\/wp\/v2\/posts\/6718","targetHints":{"allow":["GET"]}}],"collection":[{"href":"https:\/\/www.blogsoestado.com\/evandrojunior\/wp-json\/wp\/v2\/posts"}],"about":[{"href":"https:\/\/www.blogsoestado.com\/evandrojunior\/wp-json\/wp\/v2\/types\/post"}],"author":[{"embeddable":true,"href":"https:\/\/www.blogsoestado.com\/evandrojunior\/wp-json\/wp\/v2\/users\/4"}],"replies":[{"embeddable":true,"href":"https:\/\/www.blogsoestado.com\/evandrojunior\/wp-json\/wp\/v2\/comments?post=6718"}],"version-history":[{"count":0,"href":"https:\/\/www.blogsoestado.com\/evandrojunior\/wp-json\/wp\/v2\/posts\/6718\/revisions"}],"wp:attachment":[{"href":"https:\/\/www.blogsoestado.com\/evandrojunior\/wp-json\/wp\/v2\/media?parent=6718"}],"wp:term":[{"taxonomy":"category","embeddable":true,"href":"https:\/\/www.blogsoestado.com\/evandrojunior\/wp-json\/wp\/v2\/categories?post=6718"},{"taxonomy":"post_tag","embeddable":true,"href":"https:\/\/www.blogsoestado.com\/evandrojunior\/wp-json\/wp\/v2\/tags?post=6718"}],"curies":[{"name":"wp","href":"https:\/\/api.w.org\/{rel}","templated":true}]}}