{"id":6737,"date":"2022-07-22T17:03:40","date_gmt":"2022-07-22T20:03:40","guid":{"rendered":"https:\/\/www.blogsoestado.com\/evandrojunior\/?p=6737"},"modified":"2022-07-22T17:03:40","modified_gmt":"2022-07-22T20:03:40","slug":"pilotos-mirins-maranhenses-participam-da-23a-copa-brasil-de-kart","status":"publish","type":"post","link":"https:\/\/www.blogsoestado.com\/evandrojunior\/2022\/07\/22\/pilotos-mirins-maranhenses-participam-da-23a-copa-brasil-de-kart\/","title":{"rendered":"Pilotos mirins maranhenses participam da 23\u00aa Copa Brasil de Kart"},"content":{"rendered":"\n<div class=\"wp-block-image\"><figure class=\"aligncenter size-large is-resized\"><img fetchpriority=\"high\" decoding=\"async\" src=\"https:\/\/www.blogsoestado.com\/evandrojunior\/files\/2022\/07\/IMG_2831-768x1024.jpg\" alt=\"\" class=\"wp-image-6738\" width=\"404\" height=\"539\"\/><figcaption>Matias Dominguez e seu irm\u00e3o Murilo Dominguez est\u00e3o participando da 23\u00aa Copa Brasil de Kart<\/figcaption><\/figure><\/div>\n\n\n\n<p><strong>S\u00e3o Lu\u00eds<\/strong> &#8211; O l\u00edder do Campeonato Maranhense de Kart e vice-campe\u00e3o da Copa Nordeste, na categoria mirim, Matias Dominguez, 8 anos, e seu irm\u00e3o Murilo Dominguez, 6 anos, est\u00e3o participando da 23\u00aa Copa Brasil de Kart, que est\u00e1 acontecendo em Aracaju (SE) at\u00e9 o pr\u00f3ximo domingo (24).\u00a0 Os jovens pilotos maranhenses est\u00e3o se destacando na modalidade esportiva e prometem avan\u00e7ar nos grids brasileiros.<\/p>\n\n\n\n<p>Os irm\u00e3os estreiam na maior edi\u00e7\u00e3o da Copa Brasil de Kart j\u00e1 promovida na regi\u00e3o Nordeste, que conta com grandes nomes do kartismo nacional como os cariocas Andr\u00e9 Nicastro, nove vezes campe\u00e3o do evento, e Olin Galli, com quatro t\u00edtulos.&nbsp; Pedro Piquet \u2013 filho do tricampe\u00e3o de F\u00f3rmula 1, Nelson Piquet \u2013 e Rodrigo Piquet \u2013 sobrinho de Nelson, tamb\u00e9m est\u00e3o na disputa no Kart\u00f3dromo Emerson Fittipaldi, localizado na praia de Atalaia, na capital sergipana.<\/p>\n\n\n\n<p>No grid, Murilo Dominguez \u00e9 o mais jovem entre os mais de 225 inscritos, que disputam 22 t\u00edtulo neste que \u00e9 o segundo maior evento do kartismo nacional, organizado pela Confedera\u00e7\u00e3o Brasileira de Automobilismo (CBA). Assim como o irm\u00e3o, Murilo correu na Copa Nordeste de Kart, em abril, terminando em quarto lugar na disputa mirim, que tamb\u00e9m aconteceu em Aracaju. \u00a0<\/p>\n\n\n\n<p>\u201cMe preparei e estou bastante confiante aqui na Copa Brasil\u201d, declarou Murilo, que tem o irm\u00e3o Matias como refer\u00eancia, treina duas vezes por semana na pista de S\u00e3o Lu\u00eds e sempre assiste a v\u00eddeos de kart.<\/p>\n\n\n\n<p>Matias Dominguez tamb\u00e9m demonstrou confian\u00e7a e intensificou os treinos para a disputa nacional. \u201cO vice-campeonato da Copa Nordeste e a lideran\u00e7a do Campeonato Maranhense me motivaram ainda mais para esta disputa nacional\u201d, comentou o jovem piloto maranhense.<\/p>\n\n\n\n<p>Matias iniciou no kartismo com o irm\u00e3o ca\u00e7ula este ano. No retorno \u00e0 capital maranhense, ele e Murilo voltar\u00e3o a se preparar para a quarta etapa do Campeonato Maranhense de Kart, que acontece no dia 6 de agosto.<\/p>\n","protected":false},"excerpt":{"rendered":"<p>S\u00e3o Lu\u00eds &#8211; O l\u00edder do Campeonato Maranhense de Kart e vice-campe\u00e3o da Copa Nordeste, na categoria mirim, Matias Dominguez, [&hellip;]<\/p>\n","protected":false},"author":4,"featured_media":0,"comment_status":"open","ping_status":"open","sticky":false,"template":"","format":"standard","meta":{"site-sidebar-layout":"default","site-content-layout":"","ast-site-content-layout":"default","site-content-style":"default","site-sidebar-style":"default","ast-global-header-display":"","ast-banner-title-visibility":"","ast-main-header-display":"","ast-hfb-above-header-display":"","ast-hfb-below-header-display":"","ast-hfb-mobile-header-display":"","site-post-title":"","ast-breadcrumbs-content":"","ast-featured-img":"","footer-sml-layout":"","ast-disable-related-posts":"","theme-transparent-header-meta":"","adv-header-id-meta":"","stick-header-meta":"","header-above-stick-meta":"","header-main-stick-meta":"","header-below-stick-meta":"","astra-migrate-meta-layouts":"default","ast-page-background-enabled":"default","ast-page-background-meta":{"desktop":{"background-color":"var(--ast-global-color-5)","background-image":"","background-repeat":"repeat","background-position":"center center","background-size":"auto","background-attachment":"scroll","background-type":"","background-media":"","overlay-type":"","overlay-color":"","overlay-opacity":"","overlay-gradient":""},"tablet":{"background-color":"","background-image":"","background-repeat":"repeat","background-position":"center center","background-size":"auto","background-attachment":"scroll","background-type":"","background-media":"","overlay-type":"","overlay-color":"","overlay-opacity":"","overlay-gradient":""},"mobile":{"background-color":"","background-image":"","background-repeat":"repeat","background-position":"center center","background-size":"auto","background-attachment":"scroll","background-type":"","background-media":"","overlay-type":"","overlay-color":"","overlay-opacity":"","overlay-gradient":""}},"ast-content-background-meta":{"desktop":{"background-color":"var(--ast-global-color-4)","background-image":"","background-repeat":"repeat","background-position":"center center","background-size":"auto","background-attachment":"scroll","background-type":"","background-media":"","overlay-type":"","overlay-color":"","overlay-opacity":"","overlay-gradient":""},"tablet":{"background-color":"var(--ast-global-color-4)","background-image":"","background-repeat":"repeat","background-position":"center center","background-size":"auto","background-attachment":"scroll","background-type":"","background-media":"","overlay-type":"","overlay-color":"","overlay-opacity":"","overlay-gradient":""},"mobile":{"background-color":"var(--ast-global-color-4)","background-image":"","background-repeat":"repeat","background-position":"center center","background-size":"auto","background-attachment":"scroll","background-type":"","background-media":"","overlay-type":"","overlay-color":"","overlay-opacity":"","overlay-gradient":""}},"footnotes":""},"categories":[1],"tags":[],"class_list":["post-6737","post","type-post","status-publish","format-standard","hentry","category-sem-categoria"],"yoast_head":"<!-- This site is optimized with the Yoast SEO plugin v26.6 - https:\/\/yoast.com\/wordpress\/plugins\/seo\/ -->\n<title>Pilotos mirins maranhenses participam da 23\u00aa Copa Brasil de Kart - Evandro Junior<\/title>\n<meta name=\"robots\" content=\"index, follow, max-snippet:-1, max-image-preview:large, max-video-preview:-1\" \/>\n<link rel=\"canonical\" href=\"https:\/\/www.blogsoestado.com\/evandrojunior\/2022\/07\/22\/pilotos-mirins-maranhenses-participam-da-23a-copa-brasil-de-kart\/\" \/>\n<meta property=\"og:locale\" content=\"pt_BR\" \/>\n<meta property=\"og:type\" content=\"article\" \/>\n<meta property=\"og:title\" content=\"Pilotos mirins maranhenses participam da 23\u00aa Copa Brasil de Kart - Evandro Junior\" \/>\n<meta property=\"og:description\" content=\"S\u00e3o Lu\u00eds &#8211; O l\u00edder do Campeonato Maranhense de Kart e vice-campe\u00e3o da Copa Nordeste, na categoria mirim, Matias Dominguez, [&hellip;]\" \/>\n<meta property=\"og:url\" content=\"https:\/\/www.blogsoestado.com\/evandrojunior\/2022\/07\/22\/pilotos-mirins-maranhenses-participam-da-23a-copa-brasil-de-kart\/\" \/>\n<meta property=\"og:site_name\" content=\"Evandro Junior\" \/>\n<meta property=\"article:published_time\" content=\"2022-07-22T20:03:40+00:00\" \/>\n<meta property=\"og:image\" content=\"https:\/\/www.blogsoestado.com\/evandrojunior\/files\/2022\/07\/IMG_2831-768x1024.jpg\" \/>\n<meta name=\"author\" content=\"Evandro Junior\" \/>\n<meta name=\"twitter:card\" content=\"summary_large_image\" \/>\n<meta name=\"twitter:label1\" content=\"Escrito por\" \/>\n\t<meta name=\"twitter:data1\" content=\"Evandro Junior\" \/>\n\t<meta name=\"twitter:label2\" content=\"Est. tempo de leitura\" \/>\n\t<meta name=\"twitter:data2\" content=\"2 minutos\" \/>\n<script type=\"application\/ld+json\" class=\"yoast-schema-graph\">{\"@context\":\"https:\/\/schema.org\",\"@graph\":[{\"@type\":\"WebPage\",\"@id\":\"https:\/\/www.blogsoestado.com\/evandrojunior\/2022\/07\/22\/pilotos-mirins-maranhenses-participam-da-23a-copa-brasil-de-kart\/\",\"url\":\"https:\/\/www.blogsoestado.com\/evandrojunior\/2022\/07\/22\/pilotos-mirins-maranhenses-participam-da-23a-copa-brasil-de-kart\/\",\"name\":\"Pilotos mirins maranhenses participam da 23\u00aa Copa Brasil de Kart - Evandro Junior\",\"isPartOf\":{\"@id\":\"https:\/\/www.blogsoestado.com\/evandrojunior\/#website\"},\"primaryImageOfPage\":{\"@id\":\"https:\/\/www.blogsoestado.com\/evandrojunior\/2022\/07\/22\/pilotos-mirins-maranhenses-participam-da-23a-copa-brasil-de-kart\/#primaryimage\"},\"image\":{\"@id\":\"https:\/\/www.blogsoestado.com\/evandrojunior\/2022\/07\/22\/pilotos-mirins-maranhenses-participam-da-23a-copa-brasil-de-kart\/#primaryimage\"},\"thumbnailUrl\":\"https:\/\/www.blogsoestado.com\/evandrojunior\/files\/2022\/07\/IMG_2831-768x1024.jpg\",\"datePublished\":\"2022-07-22T20:03:40+00:00\",\"author\":{\"@id\":\"https:\/\/www.blogsoestado.com\/evandrojunior\/#\/schema\/person\/3e6c3d8dbb740d1c6878ebc935cfb3be\"},\"breadcrumb\":{\"@id\":\"https:\/\/www.blogsoestado.com\/evandrojunior\/2022\/07\/22\/pilotos-mirins-maranhenses-participam-da-23a-copa-brasil-de-kart\/#breadcrumb\"},\"inLanguage\":\"pt-BR\",\"potentialAction\":[{\"@type\":\"ReadAction\",\"target\":[\"https:\/\/www.blogsoestado.com\/evandrojunior\/2022\/07\/22\/pilotos-mirins-maranhenses-participam-da-23a-copa-brasil-de-kart\/\"]}]},{\"@type\":\"ImageObject\",\"inLanguage\":\"pt-BR\",\"@id\":\"https:\/\/www.blogsoestado.com\/evandrojunior\/2022\/07\/22\/pilotos-mirins-maranhenses-participam-da-23a-copa-brasil-de-kart\/#primaryimage\",\"url\":\"https:\/\/www.blogsoestado.com\/evandrojunior\/files\/2022\/07\/IMG_2831-768x1024.jpg\",\"contentUrl\":\"https:\/\/www.blogsoestado.com\/evandrojunior\/files\/2022\/07\/IMG_2831-768x1024.jpg\"},{\"@type\":\"BreadcrumbList\",\"@id\":\"https:\/\/www.blogsoestado.com\/evandrojunior\/2022\/07\/22\/pilotos-mirins-maranhenses-participam-da-23a-copa-brasil-de-kart\/#breadcrumb\",\"itemListElement\":[{\"@type\":\"ListItem\",\"position\":1,\"name\":\"In\u00edcio\",\"item\":\"https:\/\/www.blogsoestado.com\/evandrojunior\/\"},{\"@type\":\"ListItem\",\"position\":2,\"name\":\"Pilotos mirins maranhenses participam da 23\u00aa Copa Brasil de Kart\"}]},{\"@type\":\"WebSite\",\"@id\":\"https:\/\/www.blogsoestado.com\/evandrojunior\/#website\",\"url\":\"https:\/\/www.blogsoestado.com\/evandrojunior\/\",\"name\":\"Evandro Junior\",\"description\":\"\",\"potentialAction\":[{\"@type\":\"SearchAction\",\"target\":{\"@type\":\"EntryPoint\",\"urlTemplate\":\"https:\/\/www.blogsoestado.com\/evandrojunior\/?s={search_term_string}\"},\"query-input\":{\"@type\":\"PropertyValueSpecification\",\"valueRequired\":true,\"valueName\":\"search_term_string\"}}],\"inLanguage\":\"pt-BR\"},{\"@type\":\"Person\",\"@id\":\"https:\/\/www.blogsoestado.com\/evandrojunior\/#\/schema\/person\/3e6c3d8dbb740d1c6878ebc935cfb3be\",\"name\":\"Evandro Junior\",\"image\":{\"@type\":\"ImageObject\",\"inLanguage\":\"pt-BR\",\"@id\":\"https:\/\/www.blogsoestado.com\/evandrojunior\/#\/schema\/person\/image\/\",\"url\":\"https:\/\/secure.gravatar.com\/avatar\/f80a03a2294a580cd2318bfb459bf354cfa8be661ef3d95b542cf9a04af8d129?s=96&d=mm&r=g\",\"contentUrl\":\"https:\/\/secure.gravatar.com\/avatar\/f80a03a2294a580cd2318bfb459bf354cfa8be661ef3d95b542cf9a04af8d129?s=96&d=mm&r=g\",\"caption\":\"Evandro Junior\"},\"url\":\"https:\/\/www.blogsoestado.com\/evandrojunior\/author\/evandrojunior\/\"}]}<\/script>\n<!-- \/ Yoast SEO plugin. -->","yoast_head_json":{"title":"Pilotos mirins maranhenses participam da 23\u00aa Copa Brasil de Kart - Evandro Junior","robots":{"index":"index","follow":"follow","max-snippet":"max-snippet:-1","max-image-preview":"max-image-preview:large","max-video-preview":"max-video-preview:-1"},"canonical":"https:\/\/www.blogsoestado.com\/evandrojunior\/2022\/07\/22\/pilotos-mirins-maranhenses-participam-da-23a-copa-brasil-de-kart\/","og_locale":"pt_BR","og_type":"article","og_title":"Pilotos mirins maranhenses participam da 23\u00aa Copa Brasil de Kart - Evandro Junior","og_description":"S\u00e3o Lu\u00eds &#8211; O l\u00edder do Campeonato Maranhense de Kart e vice-campe\u00e3o da Copa Nordeste, na categoria mirim, Matias Dominguez, [&hellip;]","og_url":"https:\/\/www.blogsoestado.com\/evandrojunior\/2022\/07\/22\/pilotos-mirins-maranhenses-participam-da-23a-copa-brasil-de-kart\/","og_site_name":"Evandro Junior","article_published_time":"2022-07-22T20:03:40+00:00","og_image":[{"url":"https:\/\/www.blogsoestado.com\/evandrojunior\/files\/2022\/07\/IMG_2831-768x1024.jpg","type":"","width":"","height":""}],"author":"Evandro Junior","twitter_card":"summary_large_image","twitter_misc":{"Escrito por":"Evandro Junior","Est. tempo de leitura":"2 minutos"},"schema":{"@context":"https:\/\/schema.org","@graph":[{"@type":"WebPage","@id":"https:\/\/www.blogsoestado.com\/evandrojunior\/2022\/07\/22\/pilotos-mirins-maranhenses-participam-da-23a-copa-brasil-de-kart\/","url":"https:\/\/www.blogsoestado.com\/evandrojunior\/2022\/07\/22\/pilotos-mirins-maranhenses-participam-da-23a-copa-brasil-de-kart\/","name":"Pilotos mirins maranhenses participam da 23\u00aa Copa Brasil de Kart - Evandro Junior","isPartOf":{"@id":"https:\/\/www.blogsoestado.com\/evandrojunior\/#website"},"primaryImageOfPage":{"@id":"https:\/\/www.blogsoestado.com\/evandrojunior\/2022\/07\/22\/pilotos-mirins-maranhenses-participam-da-23a-copa-brasil-de-kart\/#primaryimage"},"image":{"@id":"https:\/\/www.blogsoestado.com\/evandrojunior\/2022\/07\/22\/pilotos-mirins-maranhenses-participam-da-23a-copa-brasil-de-kart\/#primaryimage"},"thumbnailUrl":"https:\/\/www.blogsoestado.com\/evandrojunior\/files\/2022\/07\/IMG_2831-768x1024.jpg","datePublished":"2022-07-22T20:03:40+00:00","author":{"@id":"https:\/\/www.blogsoestado.com\/evandrojunior\/#\/schema\/person\/3e6c3d8dbb740d1c6878ebc935cfb3be"},"breadcrumb":{"@id":"https:\/\/www.blogsoestado.com\/evandrojunior\/2022\/07\/22\/pilotos-mirins-maranhenses-participam-da-23a-copa-brasil-de-kart\/#breadcrumb"},"inLanguage":"pt-BR","potentialAction":[{"@type":"ReadAction","target":["https:\/\/www.blogsoestado.com\/evandrojunior\/2022\/07\/22\/pilotos-mirins-maranhenses-participam-da-23a-copa-brasil-de-kart\/"]}]},{"@type":"ImageObject","inLanguage":"pt-BR","@id":"https:\/\/www.blogsoestado.com\/evandrojunior\/2022\/07\/22\/pilotos-mirins-maranhenses-participam-da-23a-copa-brasil-de-kart\/#primaryimage","url":"https:\/\/www.blogsoestado.com\/evandrojunior\/files\/2022\/07\/IMG_2831-768x1024.jpg","contentUrl":"https:\/\/www.blogsoestado.com\/evandrojunior\/files\/2022\/07\/IMG_2831-768x1024.jpg"},{"@type":"BreadcrumbList","@id":"https:\/\/www.blogsoestado.com\/evandrojunior\/2022\/07\/22\/pilotos-mirins-maranhenses-participam-da-23a-copa-brasil-de-kart\/#breadcrumb","itemListElement":[{"@type":"ListItem","position":1,"name":"In\u00edcio","item":"https:\/\/www.blogsoestado.com\/evandrojunior\/"},{"@type":"ListItem","position":2,"name":"Pilotos mirins maranhenses participam da 23\u00aa Copa Brasil de Kart"}]},{"@type":"WebSite","@id":"https:\/\/www.blogsoestado.com\/evandrojunior\/#website","url":"https:\/\/www.blogsoestado.com\/evandrojunior\/","name":"Evandro Junior","description":"","potentialAction":[{"@type":"SearchAction","target":{"@type":"EntryPoint","urlTemplate":"https:\/\/www.blogsoestado.com\/evandrojunior\/?s={search_term_string}"},"query-input":{"@type":"PropertyValueSpecification","valueRequired":true,"valueName":"search_term_string"}}],"inLanguage":"pt-BR"},{"@type":"Person","@id":"https:\/\/www.blogsoestado.com\/evandrojunior\/#\/schema\/person\/3e6c3d8dbb740d1c6878ebc935cfb3be","name":"Evandro Junior","image":{"@type":"ImageObject","inLanguage":"pt-BR","@id":"https:\/\/www.blogsoestado.com\/evandrojunior\/#\/schema\/person\/image\/","url":"https:\/\/secure.gravatar.com\/avatar\/f80a03a2294a580cd2318bfb459bf354cfa8be661ef3d95b542cf9a04af8d129?s=96&d=mm&r=g","contentUrl":"https:\/\/secure.gravatar.com\/avatar\/f80a03a2294a580cd2318bfb459bf354cfa8be661ef3d95b542cf9a04af8d129?s=96&d=mm&r=g","caption":"Evandro Junior"},"url":"https:\/\/www.blogsoestado.com\/evandrojunior\/author\/evandrojunior\/"}]}},"jetpack_featured_media_url":"","_links":{"self":[{"href":"https:\/\/www.blogsoestado.com\/evandrojunior\/wp-json\/wp\/v2\/posts\/6737","targetHints":{"allow":["GET"]}}],"collection":[{"href":"https:\/\/www.blogsoestado.com\/evandrojunior\/wp-json\/wp\/v2\/posts"}],"about":[{"href":"https:\/\/www.blogsoestado.com\/evandrojunior\/wp-json\/wp\/v2\/types\/post"}],"author":[{"embeddable":true,"href":"https:\/\/www.blogsoestado.com\/evandrojunior\/wp-json\/wp\/v2\/users\/4"}],"replies":[{"embeddable":true,"href":"https:\/\/www.blogsoestado.com\/evandrojunior\/wp-json\/wp\/v2\/comments?post=6737"}],"version-history":[{"count":0,"href":"https:\/\/www.blogsoestado.com\/evandrojunior\/wp-json\/wp\/v2\/posts\/6737\/revisions"}],"wp:attachment":[{"href":"https:\/\/www.blogsoestado.com\/evandrojunior\/wp-json\/wp\/v2\/media?parent=6737"}],"wp:term":[{"taxonomy":"category","embeddable":true,"href":"https:\/\/www.blogsoestado.com\/evandrojunior\/wp-json\/wp\/v2\/categories?post=6737"},{"taxonomy":"post_tag","embeddable":true,"href":"https:\/\/www.blogsoestado.com\/evandrojunior\/wp-json\/wp\/v2\/tags?post=6737"}],"curies":[{"name":"wp","href":"https:\/\/api.w.org\/{rel}","templated":true}]}}