{"id":6747,"date":"2022-07-24T09:30:47","date_gmt":"2022-07-24T12:30:47","guid":{"rendered":"https:\/\/www.blogsoestado.com\/evandrojunior\/?p=6747"},"modified":"2022-07-24T09:30:47","modified_gmt":"2022-07-24T12:30:47","slug":"tecnicas-inovadoras-de-harmonizacao-facial-desenvolvidas-em-harvard-serao-apresentadas-em-sao-luis","status":"publish","type":"post","link":"https:\/\/www.blogsoestado.com\/evandrojunior\/2022\/07\/24\/tecnicas-inovadoras-de-harmonizacao-facial-desenvolvidas-em-harvard-serao-apresentadas-em-sao-luis\/","title":{"rendered":"T\u00e9cnicas inovadoras de harmoniza\u00e7\u00e3o facial desenvolvidas em Harvard ser\u00e3o apresentadas em S\u00e3o Lu\u00eds"},"content":{"rendered":"\n<div class=\"wp-block-image\"><figure class=\"aligncenter size-large is-resized\"><img fetchpriority=\"high\" decoding=\"async\" src=\"https:\/\/www.blogsoestado.com\/evandrojunior\/files\/2022\/07\/Laser.jpg\" alt=\"\" class=\"wp-image-6748\" width=\"360\" height=\"443\"\/><figcaption>Rodrigo Leal e as biom\u00e9dicas Katy Nascimento, Larissa Barros e Ingrid Bel\u00e9m estar\u00e3o \u00e0 frente da mentoria cl\u00ednica<\/figcaption><\/figure><\/div>\n\n\n\n<p><strong>S\u00e3o Lu\u00eds <\/strong>&#8211; O Dr. Rodrigo Leal, especialista em harmoniza\u00e7\u00e3o facial e que esteve recentemente na Universidade de Harvard, em Boston, comandar\u00e1, de 15 a 19 de agosto, na Laserway, no Tropical Shopping (Renascen\u00e7a II), uma mentoria cl\u00ednica para profissionais que atuam ou desejam se capacitar nessa \u00e1rea.<\/p>\n\n\n\n<p>\u201cNos Estados Unidos, tive a oportunidade de assistir palestras riqu\u00edssimas, ministradas por refer\u00eancias mundiais em harmoniza\u00e7\u00e3o facial, interagir com os melhores profissionais do mundo e imergir nas tend\u00eancias mais modernas do ramo\u201d, afirma Rodrigo Leal, que \u00e9 cirurgi\u00e3o-dentista com especializa\u00e7\u00e3o em Ortodontia e certificado internacional HOF B4 Miami.<\/p>\n\n\n\n<p>Ao lado de sua equipe, composta pelas biom\u00e9dicas Katy Nascimento, Larissa Barros e Ingrid Bel\u00e9m, ele apresentar\u00e1 novas t\u00e9cnicas de preenchimento facial com \u00e1cido hialur\u00f4nico, aplica\u00e7\u00e3o de toxina botul\u00ednica (botox), fios de PDO e bioestimuladores de col\u00e1geno. <\/p>\n\n\n\n<p>O objetivo \u00e9 aprimorar cada vez mais os procedimentos, com um olhar sens\u00edvel para alcan\u00e7ar a naturalidade e a harmonia de cada face, que possui tra\u00e7os \u00fanicos.<\/p>\n\n\n\n<p>As inscri\u00e7\u00f5es para os profissionais que querem se capacitar esgotaram rapidamente, mas ainda h\u00e1 vagas limitadas para quem quer ser paciente modelo, tendo a oportunidade de fazer harmoniza\u00e7\u00e3o facial com as t\u00e9cnicas mais modernas do mundo, investindo apenas o valor de custo do material que ser\u00e1 utilizado no procedimento.<\/p>\n\n\n\n<p>A harmoniza\u00e7\u00e3o facial \u00e9 uma tend\u00eancia mundial que ganha cada vez mais popularidade. Segundo relat\u00f3rio realizado pela empresa americana Grand View Research, em\u00a02021,\u00a0o segmento de procedimentos minimamente invasivos teve participa\u00e7\u00e3o superior a 50% no mercado global de medicina est\u00e9tica. <\/p>\n\n\n\n<p>Ainda no ano passado, a consultoria McKinsey divulgou pesquisa informando que a expectativa para os pr\u00f3ximos cinco anos \u00e9 que o mercado de injet\u00e1veis est\u00e9ticos cres\u00e7a de 12% a 14% ao ano.<\/p>\n\n\n\n<p><strong>S<\/strong>ervi\u00e7o<\/p>\n\n\n\n<p><strong>O qu\u00ea: <\/strong>5\u00aa Mentoria Cl\u00ednica Vip em Harmoniza\u00e7\u00e3o Facial<\/p>\n\n\n\n<p><strong>Quando:<\/strong>&nbsp;De 15 a 19 de agosto<\/p>\n\n\n\n<p><strong>Onde:&nbsp;<\/strong>Laserway, localizada no Tropical Shopping, Renascen\u00e7a<\/p>\n\n\n\n<p><strong>Inscri\u00e7\u00e3o Paciente Modelo:<\/strong>\u00a0Via WhatsApp: (98) 98151-6016, link na bio do Instagram @laserway ou presencialmente na Laserway (Tropical Shopping).<\/p>\n","protected":false},"excerpt":{"rendered":"<p>S\u00e3o Lu\u00eds &#8211; O Dr. Rodrigo Leal, especialista em harmoniza\u00e7\u00e3o facial e que esteve recentemente na Universidade de Harvard, em [&hellip;]<\/p>\n","protected":false},"author":4,"featured_media":0,"comment_status":"open","ping_status":"open","sticky":false,"template":"","format":"standard","meta":{"site-sidebar-layout":"default","site-content-layout":"","ast-site-content-layout":"default","site-content-style":"default","site-sidebar-style":"default","ast-global-header-display":"","ast-banner-title-visibility":"","ast-main-header-display":"","ast-hfb-above-header-display":"","ast-hfb-below-header-display":"","ast-hfb-mobile-header-display":"","site-post-title":"","ast-breadcrumbs-content":"","ast-featured-img":"","footer-sml-layout":"","ast-disable-related-posts":"","theme-transparent-header-meta":"","adv-header-id-meta":"","stick-header-meta":"","header-above-stick-meta":"","header-main-stick-meta":"","header-below-stick-meta":"","astra-migrate-meta-layouts":"default","ast-page-background-enabled":"default","ast-page-background-meta":{"desktop":{"background-color":"var(--ast-global-color-5)","background-image":"","background-repeat":"repeat","background-position":"center center","background-size":"auto","background-attachment":"scroll","background-type":"","background-media":"","overlay-type":"","overlay-color":"","overlay-opacity":"","overlay-gradient":""},"tablet":{"background-color":"","background-image":"","background-repeat":"repeat","background-position":"center center","background-size":"auto","background-attachment":"scroll","background-type":"","background-media":"","overlay-type":"","overlay-color":"","overlay-opacity":"","overlay-gradient":""},"mobile":{"background-color":"","background-image":"","background-repeat":"repeat","background-position":"center center","background-size":"auto","background-attachment":"scroll","background-type":"","background-media":"","overlay-type":"","overlay-color":"","overlay-opacity":"","overlay-gradient":""}},"ast-content-background-meta":{"desktop":{"background-color":"var(--ast-global-color-4)","background-image":"","background-repeat":"repeat","background-position":"center center","background-size":"auto","background-attachment":"scroll","background-type":"","background-media":"","overlay-type":"","overlay-color":"","overlay-opacity":"","overlay-gradient":""},"tablet":{"background-color":"var(--ast-global-color-4)","background-image":"","background-repeat":"repeat","background-position":"center center","background-size":"auto","background-attachment":"scroll","background-type":"","background-media":"","overlay-type":"","overlay-color":"","overlay-opacity":"","overlay-gradient":""},"mobile":{"background-color":"var(--ast-global-color-4)","background-image":"","background-repeat":"repeat","background-position":"center center","background-size":"auto","background-attachment":"scroll","background-type":"","background-media":"","overlay-type":"","overlay-color":"","overlay-opacity":"","overlay-gradient":""}},"footnotes":""},"categories":[1],"tags":[],"class_list":["post-6747","post","type-post","status-publish","format-standard","hentry","category-sem-categoria"],"yoast_head":"<!-- This site is optimized with the Yoast SEO plugin v26.6 - https:\/\/yoast.com\/wordpress\/plugins\/seo\/ -->\n<title>T\u00e9cnicas inovadoras de harmoniza\u00e7\u00e3o facial desenvolvidas em Harvard ser\u00e3o apresentadas em S\u00e3o Lu\u00eds - Evandro Junior<\/title>\n<meta name=\"robots\" content=\"index, follow, max-snippet:-1, max-image-preview:large, max-video-preview:-1\" \/>\n<link rel=\"canonical\" href=\"https:\/\/www.blogsoestado.com\/evandrojunior\/2022\/07\/24\/tecnicas-inovadoras-de-harmonizacao-facial-desenvolvidas-em-harvard-serao-apresentadas-em-sao-luis\/\" \/>\n<meta property=\"og:locale\" content=\"pt_BR\" \/>\n<meta property=\"og:type\" content=\"article\" \/>\n<meta property=\"og:title\" content=\"T\u00e9cnicas inovadoras de harmoniza\u00e7\u00e3o facial desenvolvidas em Harvard ser\u00e3o apresentadas em S\u00e3o Lu\u00eds - Evandro Junior\" \/>\n<meta property=\"og:description\" content=\"S\u00e3o Lu\u00eds &#8211; O Dr. Rodrigo Leal, especialista em harmoniza\u00e7\u00e3o facial e que esteve recentemente na Universidade de Harvard, em [&hellip;]\" \/>\n<meta property=\"og:url\" content=\"https:\/\/www.blogsoestado.com\/evandrojunior\/2022\/07\/24\/tecnicas-inovadoras-de-harmonizacao-facial-desenvolvidas-em-harvard-serao-apresentadas-em-sao-luis\/\" \/>\n<meta property=\"og:site_name\" content=\"Evandro Junior\" \/>\n<meta property=\"article:published_time\" content=\"2022-07-24T12:30:47+00:00\" \/>\n<meta property=\"og:image\" content=\"https:\/\/www.blogsoestado.com\/evandrojunior\/files\/2022\/07\/Laser.jpg\" \/>\n<meta name=\"author\" content=\"Evandro Junior\" \/>\n<meta name=\"twitter:card\" content=\"summary_large_image\" \/>\n<meta name=\"twitter:label1\" content=\"Escrito por\" \/>\n\t<meta name=\"twitter:data1\" content=\"Evandro Junior\" \/>\n\t<meta name=\"twitter:label2\" content=\"Est. tempo de leitura\" \/>\n\t<meta name=\"twitter:data2\" content=\"2 minutos\" \/>\n<script type=\"application\/ld+json\" class=\"yoast-schema-graph\">{\"@context\":\"https:\/\/schema.org\",\"@graph\":[{\"@type\":\"WebPage\",\"@id\":\"https:\/\/www.blogsoestado.com\/evandrojunior\/2022\/07\/24\/tecnicas-inovadoras-de-harmonizacao-facial-desenvolvidas-em-harvard-serao-apresentadas-em-sao-luis\/\",\"url\":\"https:\/\/www.blogsoestado.com\/evandrojunior\/2022\/07\/24\/tecnicas-inovadoras-de-harmonizacao-facial-desenvolvidas-em-harvard-serao-apresentadas-em-sao-luis\/\",\"name\":\"T\u00e9cnicas inovadoras de harmoniza\u00e7\u00e3o facial desenvolvidas em Harvard ser\u00e3o apresentadas em S\u00e3o Lu\u00eds - Evandro Junior\",\"isPartOf\":{\"@id\":\"https:\/\/www.blogsoestado.com\/evandrojunior\/#website\"},\"primaryImageOfPage\":{\"@id\":\"https:\/\/www.blogsoestado.com\/evandrojunior\/2022\/07\/24\/tecnicas-inovadoras-de-harmonizacao-facial-desenvolvidas-em-harvard-serao-apresentadas-em-sao-luis\/#primaryimage\"},\"image\":{\"@id\":\"https:\/\/www.blogsoestado.com\/evandrojunior\/2022\/07\/24\/tecnicas-inovadoras-de-harmonizacao-facial-desenvolvidas-em-harvard-serao-apresentadas-em-sao-luis\/#primaryimage\"},\"thumbnailUrl\":\"https:\/\/www.blogsoestado.com\/evandrojunior\/files\/2022\/07\/Laser.jpg\",\"datePublished\":\"2022-07-24T12:30:47+00:00\",\"author\":{\"@id\":\"https:\/\/www.blogsoestado.com\/evandrojunior\/#\/schema\/person\/3e6c3d8dbb740d1c6878ebc935cfb3be\"},\"breadcrumb\":{\"@id\":\"https:\/\/www.blogsoestado.com\/evandrojunior\/2022\/07\/24\/tecnicas-inovadoras-de-harmonizacao-facial-desenvolvidas-em-harvard-serao-apresentadas-em-sao-luis\/#breadcrumb\"},\"inLanguage\":\"pt-BR\",\"potentialAction\":[{\"@type\":\"ReadAction\",\"target\":[\"https:\/\/www.blogsoestado.com\/evandrojunior\/2022\/07\/24\/tecnicas-inovadoras-de-harmonizacao-facial-desenvolvidas-em-harvard-serao-apresentadas-em-sao-luis\/\"]}]},{\"@type\":\"ImageObject\",\"inLanguage\":\"pt-BR\",\"@id\":\"https:\/\/www.blogsoestado.com\/evandrojunior\/2022\/07\/24\/tecnicas-inovadoras-de-harmonizacao-facial-desenvolvidas-em-harvard-serao-apresentadas-em-sao-luis\/#primaryimage\",\"url\":\"https:\/\/www.blogsoestado.com\/evandrojunior\/files\/2022\/07\/Laser.jpg\",\"contentUrl\":\"https:\/\/www.blogsoestado.com\/evandrojunior\/files\/2022\/07\/Laser.jpg\"},{\"@type\":\"BreadcrumbList\",\"@id\":\"https:\/\/www.blogsoestado.com\/evandrojunior\/2022\/07\/24\/tecnicas-inovadoras-de-harmonizacao-facial-desenvolvidas-em-harvard-serao-apresentadas-em-sao-luis\/#breadcrumb\",\"itemListElement\":[{\"@type\":\"ListItem\",\"position\":1,\"name\":\"In\u00edcio\",\"item\":\"https:\/\/www.blogsoestado.com\/evandrojunior\/\"},{\"@type\":\"ListItem\",\"position\":2,\"name\":\"T\u00e9cnicas inovadoras de harmoniza\u00e7\u00e3o facial desenvolvidas em Harvard ser\u00e3o apresentadas em S\u00e3o Lu\u00eds\"}]},{\"@type\":\"WebSite\",\"@id\":\"https:\/\/www.blogsoestado.com\/evandrojunior\/#website\",\"url\":\"https:\/\/www.blogsoestado.com\/evandrojunior\/\",\"name\":\"Evandro Junior\",\"description\":\"\",\"potentialAction\":[{\"@type\":\"SearchAction\",\"target\":{\"@type\":\"EntryPoint\",\"urlTemplate\":\"https:\/\/www.blogsoestado.com\/evandrojunior\/?s={search_term_string}\"},\"query-input\":{\"@type\":\"PropertyValueSpecification\",\"valueRequired\":true,\"valueName\":\"search_term_string\"}}],\"inLanguage\":\"pt-BR\"},{\"@type\":\"Person\",\"@id\":\"https:\/\/www.blogsoestado.com\/evandrojunior\/#\/schema\/person\/3e6c3d8dbb740d1c6878ebc935cfb3be\",\"name\":\"Evandro Junior\",\"image\":{\"@type\":\"ImageObject\",\"inLanguage\":\"pt-BR\",\"@id\":\"https:\/\/www.blogsoestado.com\/evandrojunior\/#\/schema\/person\/image\/\",\"url\":\"https:\/\/secure.gravatar.com\/avatar\/f80a03a2294a580cd2318bfb459bf354cfa8be661ef3d95b542cf9a04af8d129?s=96&d=mm&r=g\",\"contentUrl\":\"https:\/\/secure.gravatar.com\/avatar\/f80a03a2294a580cd2318bfb459bf354cfa8be661ef3d95b542cf9a04af8d129?s=96&d=mm&r=g\",\"caption\":\"Evandro Junior\"},\"url\":\"https:\/\/www.blogsoestado.com\/evandrojunior\/author\/evandrojunior\/\"}]}<\/script>\n<!-- \/ Yoast SEO plugin. -->","yoast_head_json":{"title":"T\u00e9cnicas inovadoras de harmoniza\u00e7\u00e3o facial desenvolvidas em Harvard ser\u00e3o apresentadas em S\u00e3o Lu\u00eds - Evandro Junior","robots":{"index":"index","follow":"follow","max-snippet":"max-snippet:-1","max-image-preview":"max-image-preview:large","max-video-preview":"max-video-preview:-1"},"canonical":"https:\/\/www.blogsoestado.com\/evandrojunior\/2022\/07\/24\/tecnicas-inovadoras-de-harmonizacao-facial-desenvolvidas-em-harvard-serao-apresentadas-em-sao-luis\/","og_locale":"pt_BR","og_type":"article","og_title":"T\u00e9cnicas inovadoras de harmoniza\u00e7\u00e3o facial desenvolvidas em Harvard ser\u00e3o apresentadas em S\u00e3o Lu\u00eds - Evandro Junior","og_description":"S\u00e3o Lu\u00eds &#8211; O Dr. Rodrigo Leal, especialista em harmoniza\u00e7\u00e3o facial e que esteve recentemente na Universidade de Harvard, em [&hellip;]","og_url":"https:\/\/www.blogsoestado.com\/evandrojunior\/2022\/07\/24\/tecnicas-inovadoras-de-harmonizacao-facial-desenvolvidas-em-harvard-serao-apresentadas-em-sao-luis\/","og_site_name":"Evandro Junior","article_published_time":"2022-07-24T12:30:47+00:00","og_image":[{"url":"https:\/\/www.blogsoestado.com\/evandrojunior\/files\/2022\/07\/Laser.jpg","type":"","width":"","height":""}],"author":"Evandro Junior","twitter_card":"summary_large_image","twitter_misc":{"Escrito por":"Evandro Junior","Est. tempo de leitura":"2 minutos"},"schema":{"@context":"https:\/\/schema.org","@graph":[{"@type":"WebPage","@id":"https:\/\/www.blogsoestado.com\/evandrojunior\/2022\/07\/24\/tecnicas-inovadoras-de-harmonizacao-facial-desenvolvidas-em-harvard-serao-apresentadas-em-sao-luis\/","url":"https:\/\/www.blogsoestado.com\/evandrojunior\/2022\/07\/24\/tecnicas-inovadoras-de-harmonizacao-facial-desenvolvidas-em-harvard-serao-apresentadas-em-sao-luis\/","name":"T\u00e9cnicas inovadoras de harmoniza\u00e7\u00e3o facial desenvolvidas em Harvard ser\u00e3o apresentadas em S\u00e3o Lu\u00eds - Evandro Junior","isPartOf":{"@id":"https:\/\/www.blogsoestado.com\/evandrojunior\/#website"},"primaryImageOfPage":{"@id":"https:\/\/www.blogsoestado.com\/evandrojunior\/2022\/07\/24\/tecnicas-inovadoras-de-harmonizacao-facial-desenvolvidas-em-harvard-serao-apresentadas-em-sao-luis\/#primaryimage"},"image":{"@id":"https:\/\/www.blogsoestado.com\/evandrojunior\/2022\/07\/24\/tecnicas-inovadoras-de-harmonizacao-facial-desenvolvidas-em-harvard-serao-apresentadas-em-sao-luis\/#primaryimage"},"thumbnailUrl":"https:\/\/www.blogsoestado.com\/evandrojunior\/files\/2022\/07\/Laser.jpg","datePublished":"2022-07-24T12:30:47+00:00","author":{"@id":"https:\/\/www.blogsoestado.com\/evandrojunior\/#\/schema\/person\/3e6c3d8dbb740d1c6878ebc935cfb3be"},"breadcrumb":{"@id":"https:\/\/www.blogsoestado.com\/evandrojunior\/2022\/07\/24\/tecnicas-inovadoras-de-harmonizacao-facial-desenvolvidas-em-harvard-serao-apresentadas-em-sao-luis\/#breadcrumb"},"inLanguage":"pt-BR","potentialAction":[{"@type":"ReadAction","target":["https:\/\/www.blogsoestado.com\/evandrojunior\/2022\/07\/24\/tecnicas-inovadoras-de-harmonizacao-facial-desenvolvidas-em-harvard-serao-apresentadas-em-sao-luis\/"]}]},{"@type":"ImageObject","inLanguage":"pt-BR","@id":"https:\/\/www.blogsoestado.com\/evandrojunior\/2022\/07\/24\/tecnicas-inovadoras-de-harmonizacao-facial-desenvolvidas-em-harvard-serao-apresentadas-em-sao-luis\/#primaryimage","url":"https:\/\/www.blogsoestado.com\/evandrojunior\/files\/2022\/07\/Laser.jpg","contentUrl":"https:\/\/www.blogsoestado.com\/evandrojunior\/files\/2022\/07\/Laser.jpg"},{"@type":"BreadcrumbList","@id":"https:\/\/www.blogsoestado.com\/evandrojunior\/2022\/07\/24\/tecnicas-inovadoras-de-harmonizacao-facial-desenvolvidas-em-harvard-serao-apresentadas-em-sao-luis\/#breadcrumb","itemListElement":[{"@type":"ListItem","position":1,"name":"In\u00edcio","item":"https:\/\/www.blogsoestado.com\/evandrojunior\/"},{"@type":"ListItem","position":2,"name":"T\u00e9cnicas inovadoras de harmoniza\u00e7\u00e3o facial desenvolvidas em Harvard ser\u00e3o apresentadas em S\u00e3o Lu\u00eds"}]},{"@type":"WebSite","@id":"https:\/\/www.blogsoestado.com\/evandrojunior\/#website","url":"https:\/\/www.blogsoestado.com\/evandrojunior\/","name":"Evandro Junior","description":"","potentialAction":[{"@type":"SearchAction","target":{"@type":"EntryPoint","urlTemplate":"https:\/\/www.blogsoestado.com\/evandrojunior\/?s={search_term_string}"},"query-input":{"@type":"PropertyValueSpecification","valueRequired":true,"valueName":"search_term_string"}}],"inLanguage":"pt-BR"},{"@type":"Person","@id":"https:\/\/www.blogsoestado.com\/evandrojunior\/#\/schema\/person\/3e6c3d8dbb740d1c6878ebc935cfb3be","name":"Evandro Junior","image":{"@type":"ImageObject","inLanguage":"pt-BR","@id":"https:\/\/www.blogsoestado.com\/evandrojunior\/#\/schema\/person\/image\/","url":"https:\/\/secure.gravatar.com\/avatar\/f80a03a2294a580cd2318bfb459bf354cfa8be661ef3d95b542cf9a04af8d129?s=96&d=mm&r=g","contentUrl":"https:\/\/secure.gravatar.com\/avatar\/f80a03a2294a580cd2318bfb459bf354cfa8be661ef3d95b542cf9a04af8d129?s=96&d=mm&r=g","caption":"Evandro Junior"},"url":"https:\/\/www.blogsoestado.com\/evandrojunior\/author\/evandrojunior\/"}]}},"jetpack_featured_media_url":"","_links":{"self":[{"href":"https:\/\/www.blogsoestado.com\/evandrojunior\/wp-json\/wp\/v2\/posts\/6747","targetHints":{"allow":["GET"]}}],"collection":[{"href":"https:\/\/www.blogsoestado.com\/evandrojunior\/wp-json\/wp\/v2\/posts"}],"about":[{"href":"https:\/\/www.blogsoestado.com\/evandrojunior\/wp-json\/wp\/v2\/types\/post"}],"author":[{"embeddable":true,"href":"https:\/\/www.blogsoestado.com\/evandrojunior\/wp-json\/wp\/v2\/users\/4"}],"replies":[{"embeddable":true,"href":"https:\/\/www.blogsoestado.com\/evandrojunior\/wp-json\/wp\/v2\/comments?post=6747"}],"version-history":[{"count":0,"href":"https:\/\/www.blogsoestado.com\/evandrojunior\/wp-json\/wp\/v2\/posts\/6747\/revisions"}],"wp:attachment":[{"href":"https:\/\/www.blogsoestado.com\/evandrojunior\/wp-json\/wp\/v2\/media?parent=6747"}],"wp:term":[{"taxonomy":"category","embeddable":true,"href":"https:\/\/www.blogsoestado.com\/evandrojunior\/wp-json\/wp\/v2\/categories?post=6747"},{"taxonomy":"post_tag","embeddable":true,"href":"https:\/\/www.blogsoestado.com\/evandrojunior\/wp-json\/wp\/v2\/tags?post=6747"}],"curies":[{"name":"wp","href":"https:\/\/api.w.org\/{rel}","templated":true}]}}