{"id":6774,"date":"2022-07-26T08:50:46","date_gmt":"2022-07-26T11:50:46","guid":{"rendered":"https:\/\/www.blogsoestado.com\/evandrojunior\/?p=6774"},"modified":"2022-07-26T08:50:46","modified_gmt":"2022-07-26T11:50:46","slug":"pedro-neres-e-o-deputado-federal-edilazio-participam-de-cafe-da-manha-com-liderancas-em-timbiras","status":"publish","type":"post","link":"https:\/\/www.blogsoestado.com\/evandrojunior\/2022\/07\/26\/pedro-neres-e-o-deputado-federal-edilazio-participam-de-cafe-da-manha-com-liderancas-em-timbiras\/","title":{"rendered":"Pedro Neres e o deputado federal Edil\u00e1zio participam de caf\u00e9 da manh\u00e3 com lideran\u00e7as em Timbiras"},"content":{"rendered":"\n<div class=\"wp-block-image\"><figure class=\"aligncenter size-large is-resized\"><img fetchpriority=\"high\" decoding=\"async\" src=\"https:\/\/www.blogsoestado.com\/evandrojunior\/files\/2022\/07\/image-1.png\" alt=\"\" class=\"wp-image-6775\" width=\"563\" height=\"382\"\/><figcaption>Pedro Neres ao lado do deputado fedral Edil\u00e1zio, da vereadora Josemara e de outras lideran\u00e7as pol\u00edticas<\/figcaption><\/figure><\/div>\n\n\n\n<p><strong>S\u00e3o Lu\u00eds<\/strong> &#8211; Na manh\u00e3 do \u00faltimo domingo (24), a convite dos amigos Yran e do vereador Jun\u00e3o,\u00a0o pr\u00e9-candidato a deputado estadual Pedro Neres (PSD) participou de um caf\u00e9 da manh\u00e3 na cidade de Timbiras, acompanhado do deputado federal Edil\u00e1zio (PSD), da vereadora Josemara, de S\u00e3o Raimundo das Mangabeiras, e outras lideran\u00e7as pol\u00edticas. O evento foi organizado pelo vereador Jun\u00e3o. <\/p>\n\n\n\n<p>O encontro refor\u00e7ou o apoio ao grupo pol\u00edtico de Pedro Neres e Edilazio. Na oportunidade, foram firmadas outras  parcerias com v\u00e1rias lideran\u00e7as pol\u00edticas locais. Tamb\u00e9m se fez presente o prefeito de Cod\u00f3, Dr. Z\u00e9 Francisco, e a primeira-dama, D. Irene Neres. <\/p>\n\n\n\n<p>A prop\u00f3sito:\u00a0Dr. Z\u00e9 Francisco, uma das grandes lideran\u00e7as pol\u00edticas da Regi\u00e3o dos Cocais, tem uma rela\u00e7\u00e3o muito forte com o munic\u00edpio de Timbiras. Na elei\u00e7\u00e3o para deputado federal em 2018, ele teve quase 500 votos na cidade.\u00a0<\/p>\n\n\n\n<div class=\"wp-block-image\"><figure class=\"aligncenter size-large is-resized\"><img decoding=\"async\" src=\"https:\/\/www.blogsoestado.com\/evandrojunior\/files\/2022\/07\/image-1-1.png\" alt=\"\" class=\"wp-image-6776\" width=\"556\" height=\"381\"\/><figcaption><strong>Pedro Neres e Edilazio expondo suas ideias para lideran\u00e7as pol\u00edticas em Timbiras<\/strong><br><\/figcaption><\/figure><\/div>\n\n\n\n<p>\u00a0Na ocasi\u00e3o,\u00a0Edil\u00e1zio J\u00fanior ressaltou a energia e a for\u00e7a jovem do pr\u00e9-candidato a deputado estadual Pedro Neres.\u00a0\u201cFoi um grande caf\u00e9 da manh\u00e3, uma bela reuni\u00e3o, Pedro Neres ser\u00e1 o pr\u00f3ximo deputado estadual de Cod\u00f3 e do Maranh\u00e3o. Ele quer servir o estado dele e precisamos lhe dar essa oportunidade. Pedro, conte comigo, estou do teu lado, vamos para cima. Voc\u00ea \u00e9 um rapaz diferenciado e tem tudo para fazer um grande trabalho\u201d, disse Edil\u00e1zio.\u00a0<\/p>\n\n\n\n<p>O vereador Jun\u00e3o agradeceu a presen\u00e7a e o apoio das lideran\u00e7as e se colocou \u00e0 disposi\u00e7\u00e3o para lutar pela boa e nova pol\u00edtica. \u201cTenham certeza de que irei batalhar por recursos fundamentais para o nosso Maranh\u00e3o, para o nosso povo. E digo mais: acredito na for\u00e7a jovem de Pedro Neres, que far\u00e1 a diferen\u00e7a como deputado estadual\u201d.\u00a0<\/p>\n\n\n\n<p>\u201cTivemos aqui uma reuni\u00e3o com o nosso vereador Jun\u00e3o e todo o seu grupo pol\u00edtico, ao lado do nosso deputado federal\u00a0Edil\u00e1zio, que tanto tem feito por Cod\u00f3 e Timbiras. Juntos, faremos muito mais.\u00a0\u00c9 Pedro Neres e Edil\u00e1zio rumo \u00e0 vit\u00f3ria. At\u00e9 dois de outubro\u201d, disse, com firmeza, o pr\u00e9-candidato a deputado estadual Pedro Neres.<\/p>\n","protected":false},"excerpt":{"rendered":"<p>S\u00e3o Lu\u00eds &#8211; Na manh\u00e3 do \u00faltimo domingo (24), a convite dos amigos Yran e do vereador Jun\u00e3o,\u00a0o pr\u00e9-candidato a [&hellip;]<\/p>\n","protected":false},"author":4,"featured_media":0,"comment_status":"open","ping_status":"open","sticky":false,"template":"","format":"standard","meta":{"site-sidebar-layout":"default","site-content-layout":"","ast-site-content-layout":"default","site-content-style":"default","site-sidebar-style":"default","ast-global-header-display":"","ast-banner-title-visibility":"","ast-main-header-display":"","ast-hfb-above-header-display":"","ast-hfb-below-header-display":"","ast-hfb-mobile-header-display":"","site-post-title":"","ast-breadcrumbs-content":"","ast-featured-img":"","footer-sml-layout":"","ast-disable-related-posts":"","theme-transparent-header-meta":"","adv-header-id-meta":"","stick-header-meta":"","header-above-stick-meta":"","header-main-stick-meta":"","header-below-stick-meta":"","astra-migrate-meta-layouts":"default","ast-page-background-enabled":"default","ast-page-background-meta":{"desktop":{"background-color":"var(--ast-global-color-5)","background-image":"","background-repeat":"repeat","background-position":"center center","background-size":"auto","background-attachment":"scroll","background-type":"","background-media":"","overlay-type":"","overlay-color":"","overlay-opacity":"","overlay-gradient":""},"tablet":{"background-color":"","background-image":"","background-repeat":"repeat","background-position":"center center","background-size":"auto","background-attachment":"scroll","background-type":"","background-media":"","overlay-type":"","overlay-color":"","overlay-opacity":"","overlay-gradient":""},"mobile":{"background-color":"","background-image":"","background-repeat":"repeat","background-position":"center center","background-size":"auto","background-attachment":"scroll","background-type":"","background-media":"","overlay-type":"","overlay-color":"","overlay-opacity":"","overlay-gradient":""}},"ast-content-background-meta":{"desktop":{"background-color":"var(--ast-global-color-4)","background-image":"","background-repeat":"repeat","background-position":"center center","background-size":"auto","background-attachment":"scroll","background-type":"","background-media":"","overlay-type":"","overlay-color":"","overlay-opacity":"","overlay-gradient":""},"tablet":{"background-color":"var(--ast-global-color-4)","background-image":"","background-repeat":"repeat","background-position":"center center","background-size":"auto","background-attachment":"scroll","background-type":"","background-media":"","overlay-type":"","overlay-color":"","overlay-opacity":"","overlay-gradient":""},"mobile":{"background-color":"var(--ast-global-color-4)","background-image":"","background-repeat":"repeat","background-position":"center center","background-size":"auto","background-attachment":"scroll","background-type":"","background-media":"","overlay-type":"","overlay-color":"","overlay-opacity":"","overlay-gradient":""}},"footnotes":""},"categories":[1],"tags":[],"class_list":["post-6774","post","type-post","status-publish","format-standard","hentry","category-sem-categoria"],"yoast_head":"<!-- This site is optimized with the Yoast SEO plugin v26.6 - https:\/\/yoast.com\/wordpress\/plugins\/seo\/ -->\n<title>Pedro Neres e o deputado federal Edil\u00e1zio participam de caf\u00e9 da manh\u00e3 com lideran\u00e7as em Timbiras - Evandro Junior<\/title>\n<meta name=\"robots\" content=\"index, follow, max-snippet:-1, max-image-preview:large, max-video-preview:-1\" \/>\n<link rel=\"canonical\" href=\"https:\/\/www.blogsoestado.com\/evandrojunior\/2022\/07\/26\/pedro-neres-e-o-deputado-federal-edilazio-participam-de-cafe-da-manha-com-liderancas-em-timbiras\/\" \/>\n<meta property=\"og:locale\" content=\"pt_BR\" \/>\n<meta property=\"og:type\" content=\"article\" \/>\n<meta property=\"og:title\" content=\"Pedro Neres e o deputado federal Edil\u00e1zio participam de caf\u00e9 da manh\u00e3 com lideran\u00e7as em Timbiras - Evandro Junior\" \/>\n<meta property=\"og:description\" content=\"S\u00e3o Lu\u00eds &#8211; Na manh\u00e3 do \u00faltimo domingo (24), a convite dos amigos Yran e do vereador Jun\u00e3o,\u00a0o pr\u00e9-candidato a [&hellip;]\" \/>\n<meta property=\"og:url\" content=\"https:\/\/www.blogsoestado.com\/evandrojunior\/2022\/07\/26\/pedro-neres-e-o-deputado-federal-edilazio-participam-de-cafe-da-manha-com-liderancas-em-timbiras\/\" \/>\n<meta property=\"og:site_name\" content=\"Evandro Junior\" \/>\n<meta property=\"article:published_time\" content=\"2022-07-26T11:50:46+00:00\" \/>\n<meta property=\"og:image\" content=\"https:\/\/www.blogsoestado.com\/evandrojunior\/files\/2022\/07\/image-1.png\" \/>\n<meta name=\"author\" content=\"Evandro Junior\" \/>\n<meta name=\"twitter:card\" content=\"summary_large_image\" \/>\n<meta name=\"twitter:label1\" content=\"Escrito por\" \/>\n\t<meta name=\"twitter:data1\" content=\"Evandro Junior\" \/>\n\t<meta name=\"twitter:label2\" content=\"Est. tempo de leitura\" \/>\n\t<meta name=\"twitter:data2\" content=\"2 minutos\" \/>\n<script type=\"application\/ld+json\" class=\"yoast-schema-graph\">{\"@context\":\"https:\/\/schema.org\",\"@graph\":[{\"@type\":\"WebPage\",\"@id\":\"https:\/\/www.blogsoestado.com\/evandrojunior\/2022\/07\/26\/pedro-neres-e-o-deputado-federal-edilazio-participam-de-cafe-da-manha-com-liderancas-em-timbiras\/\",\"url\":\"https:\/\/www.blogsoestado.com\/evandrojunior\/2022\/07\/26\/pedro-neres-e-o-deputado-federal-edilazio-participam-de-cafe-da-manha-com-liderancas-em-timbiras\/\",\"name\":\"Pedro Neres e o deputado federal Edil\u00e1zio participam de caf\u00e9 da manh\u00e3 com lideran\u00e7as em Timbiras - Evandro Junior\",\"isPartOf\":{\"@id\":\"https:\/\/www.blogsoestado.com\/evandrojunior\/#website\"},\"primaryImageOfPage\":{\"@id\":\"https:\/\/www.blogsoestado.com\/evandrojunior\/2022\/07\/26\/pedro-neres-e-o-deputado-federal-edilazio-participam-de-cafe-da-manha-com-liderancas-em-timbiras\/#primaryimage\"},\"image\":{\"@id\":\"https:\/\/www.blogsoestado.com\/evandrojunior\/2022\/07\/26\/pedro-neres-e-o-deputado-federal-edilazio-participam-de-cafe-da-manha-com-liderancas-em-timbiras\/#primaryimage\"},\"thumbnailUrl\":\"https:\/\/www.blogsoestado.com\/evandrojunior\/files\/2022\/07\/image-1.png\",\"datePublished\":\"2022-07-26T11:50:46+00:00\",\"author\":{\"@id\":\"https:\/\/www.blogsoestado.com\/evandrojunior\/#\/schema\/person\/3e6c3d8dbb740d1c6878ebc935cfb3be\"},\"breadcrumb\":{\"@id\":\"https:\/\/www.blogsoestado.com\/evandrojunior\/2022\/07\/26\/pedro-neres-e-o-deputado-federal-edilazio-participam-de-cafe-da-manha-com-liderancas-em-timbiras\/#breadcrumb\"},\"inLanguage\":\"pt-BR\",\"potentialAction\":[{\"@type\":\"ReadAction\",\"target\":[\"https:\/\/www.blogsoestado.com\/evandrojunior\/2022\/07\/26\/pedro-neres-e-o-deputado-federal-edilazio-participam-de-cafe-da-manha-com-liderancas-em-timbiras\/\"]}]},{\"@type\":\"ImageObject\",\"inLanguage\":\"pt-BR\",\"@id\":\"https:\/\/www.blogsoestado.com\/evandrojunior\/2022\/07\/26\/pedro-neres-e-o-deputado-federal-edilazio-participam-de-cafe-da-manha-com-liderancas-em-timbiras\/#primaryimage\",\"url\":\"https:\/\/www.blogsoestado.com\/evandrojunior\/files\/2022\/07\/image-1.png\",\"contentUrl\":\"https:\/\/www.blogsoestado.com\/evandrojunior\/files\/2022\/07\/image-1.png\"},{\"@type\":\"BreadcrumbList\",\"@id\":\"https:\/\/www.blogsoestado.com\/evandrojunior\/2022\/07\/26\/pedro-neres-e-o-deputado-federal-edilazio-participam-de-cafe-da-manha-com-liderancas-em-timbiras\/#breadcrumb\",\"itemListElement\":[{\"@type\":\"ListItem\",\"position\":1,\"name\":\"In\u00edcio\",\"item\":\"https:\/\/www.blogsoestado.com\/evandrojunior\/\"},{\"@type\":\"ListItem\",\"position\":2,\"name\":\"Pedro Neres e o deputado federal Edil\u00e1zio participam de caf\u00e9 da manh\u00e3 com lideran\u00e7as em Timbiras\"}]},{\"@type\":\"WebSite\",\"@id\":\"https:\/\/www.blogsoestado.com\/evandrojunior\/#website\",\"url\":\"https:\/\/www.blogsoestado.com\/evandrojunior\/\",\"name\":\"Evandro Junior\",\"description\":\"\",\"potentialAction\":[{\"@type\":\"SearchAction\",\"target\":{\"@type\":\"EntryPoint\",\"urlTemplate\":\"https:\/\/www.blogsoestado.com\/evandrojunior\/?s={search_term_string}\"},\"query-input\":{\"@type\":\"PropertyValueSpecification\",\"valueRequired\":true,\"valueName\":\"search_term_string\"}}],\"inLanguage\":\"pt-BR\"},{\"@type\":\"Person\",\"@id\":\"https:\/\/www.blogsoestado.com\/evandrojunior\/#\/schema\/person\/3e6c3d8dbb740d1c6878ebc935cfb3be\",\"name\":\"Evandro Junior\",\"image\":{\"@type\":\"ImageObject\",\"inLanguage\":\"pt-BR\",\"@id\":\"https:\/\/www.blogsoestado.com\/evandrojunior\/#\/schema\/person\/image\/\",\"url\":\"https:\/\/secure.gravatar.com\/avatar\/f80a03a2294a580cd2318bfb459bf354cfa8be661ef3d95b542cf9a04af8d129?s=96&d=mm&r=g\",\"contentUrl\":\"https:\/\/secure.gravatar.com\/avatar\/f80a03a2294a580cd2318bfb459bf354cfa8be661ef3d95b542cf9a04af8d129?s=96&d=mm&r=g\",\"caption\":\"Evandro Junior\"},\"url\":\"https:\/\/www.blogsoestado.com\/evandrojunior\/author\/evandrojunior\/\"}]}<\/script>\n<!-- \/ Yoast SEO plugin. -->","yoast_head_json":{"title":"Pedro Neres e o deputado federal Edil\u00e1zio participam de caf\u00e9 da manh\u00e3 com lideran\u00e7as em Timbiras - Evandro Junior","robots":{"index":"index","follow":"follow","max-snippet":"max-snippet:-1","max-image-preview":"max-image-preview:large","max-video-preview":"max-video-preview:-1"},"canonical":"https:\/\/www.blogsoestado.com\/evandrojunior\/2022\/07\/26\/pedro-neres-e-o-deputado-federal-edilazio-participam-de-cafe-da-manha-com-liderancas-em-timbiras\/","og_locale":"pt_BR","og_type":"article","og_title":"Pedro Neres e o deputado federal Edil\u00e1zio participam de caf\u00e9 da manh\u00e3 com lideran\u00e7as em Timbiras - Evandro Junior","og_description":"S\u00e3o Lu\u00eds &#8211; Na manh\u00e3 do \u00faltimo domingo (24), a convite dos amigos Yran e do vereador Jun\u00e3o,\u00a0o pr\u00e9-candidato a [&hellip;]","og_url":"https:\/\/www.blogsoestado.com\/evandrojunior\/2022\/07\/26\/pedro-neres-e-o-deputado-federal-edilazio-participam-de-cafe-da-manha-com-liderancas-em-timbiras\/","og_site_name":"Evandro Junior","article_published_time":"2022-07-26T11:50:46+00:00","og_image":[{"url":"https:\/\/www.blogsoestado.com\/evandrojunior\/files\/2022\/07\/image-1.png","type":"","width":"","height":""}],"author":"Evandro Junior","twitter_card":"summary_large_image","twitter_misc":{"Escrito por":"Evandro Junior","Est. tempo de leitura":"2 minutos"},"schema":{"@context":"https:\/\/schema.org","@graph":[{"@type":"WebPage","@id":"https:\/\/www.blogsoestado.com\/evandrojunior\/2022\/07\/26\/pedro-neres-e-o-deputado-federal-edilazio-participam-de-cafe-da-manha-com-liderancas-em-timbiras\/","url":"https:\/\/www.blogsoestado.com\/evandrojunior\/2022\/07\/26\/pedro-neres-e-o-deputado-federal-edilazio-participam-de-cafe-da-manha-com-liderancas-em-timbiras\/","name":"Pedro Neres e o deputado federal Edil\u00e1zio participam de caf\u00e9 da manh\u00e3 com lideran\u00e7as em Timbiras - Evandro Junior","isPartOf":{"@id":"https:\/\/www.blogsoestado.com\/evandrojunior\/#website"},"primaryImageOfPage":{"@id":"https:\/\/www.blogsoestado.com\/evandrojunior\/2022\/07\/26\/pedro-neres-e-o-deputado-federal-edilazio-participam-de-cafe-da-manha-com-liderancas-em-timbiras\/#primaryimage"},"image":{"@id":"https:\/\/www.blogsoestado.com\/evandrojunior\/2022\/07\/26\/pedro-neres-e-o-deputado-federal-edilazio-participam-de-cafe-da-manha-com-liderancas-em-timbiras\/#primaryimage"},"thumbnailUrl":"https:\/\/www.blogsoestado.com\/evandrojunior\/files\/2022\/07\/image-1.png","datePublished":"2022-07-26T11:50:46+00:00","author":{"@id":"https:\/\/www.blogsoestado.com\/evandrojunior\/#\/schema\/person\/3e6c3d8dbb740d1c6878ebc935cfb3be"},"breadcrumb":{"@id":"https:\/\/www.blogsoestado.com\/evandrojunior\/2022\/07\/26\/pedro-neres-e-o-deputado-federal-edilazio-participam-de-cafe-da-manha-com-liderancas-em-timbiras\/#breadcrumb"},"inLanguage":"pt-BR","potentialAction":[{"@type":"ReadAction","target":["https:\/\/www.blogsoestado.com\/evandrojunior\/2022\/07\/26\/pedro-neres-e-o-deputado-federal-edilazio-participam-de-cafe-da-manha-com-liderancas-em-timbiras\/"]}]},{"@type":"ImageObject","inLanguage":"pt-BR","@id":"https:\/\/www.blogsoestado.com\/evandrojunior\/2022\/07\/26\/pedro-neres-e-o-deputado-federal-edilazio-participam-de-cafe-da-manha-com-liderancas-em-timbiras\/#primaryimage","url":"https:\/\/www.blogsoestado.com\/evandrojunior\/files\/2022\/07\/image-1.png","contentUrl":"https:\/\/www.blogsoestado.com\/evandrojunior\/files\/2022\/07\/image-1.png"},{"@type":"BreadcrumbList","@id":"https:\/\/www.blogsoestado.com\/evandrojunior\/2022\/07\/26\/pedro-neres-e-o-deputado-federal-edilazio-participam-de-cafe-da-manha-com-liderancas-em-timbiras\/#breadcrumb","itemListElement":[{"@type":"ListItem","position":1,"name":"In\u00edcio","item":"https:\/\/www.blogsoestado.com\/evandrojunior\/"},{"@type":"ListItem","position":2,"name":"Pedro Neres e o deputado federal Edil\u00e1zio participam de caf\u00e9 da manh\u00e3 com lideran\u00e7as em Timbiras"}]},{"@type":"WebSite","@id":"https:\/\/www.blogsoestado.com\/evandrojunior\/#website","url":"https:\/\/www.blogsoestado.com\/evandrojunior\/","name":"Evandro Junior","description":"","potentialAction":[{"@type":"SearchAction","target":{"@type":"EntryPoint","urlTemplate":"https:\/\/www.blogsoestado.com\/evandrojunior\/?s={search_term_string}"},"query-input":{"@type":"PropertyValueSpecification","valueRequired":true,"valueName":"search_term_string"}}],"inLanguage":"pt-BR"},{"@type":"Person","@id":"https:\/\/www.blogsoestado.com\/evandrojunior\/#\/schema\/person\/3e6c3d8dbb740d1c6878ebc935cfb3be","name":"Evandro Junior","image":{"@type":"ImageObject","inLanguage":"pt-BR","@id":"https:\/\/www.blogsoestado.com\/evandrojunior\/#\/schema\/person\/image\/","url":"https:\/\/secure.gravatar.com\/avatar\/f80a03a2294a580cd2318bfb459bf354cfa8be661ef3d95b542cf9a04af8d129?s=96&d=mm&r=g","contentUrl":"https:\/\/secure.gravatar.com\/avatar\/f80a03a2294a580cd2318bfb459bf354cfa8be661ef3d95b542cf9a04af8d129?s=96&d=mm&r=g","caption":"Evandro Junior"},"url":"https:\/\/www.blogsoestado.com\/evandrojunior\/author\/evandrojunior\/"}]}},"jetpack_featured_media_url":"","_links":{"self":[{"href":"https:\/\/www.blogsoestado.com\/evandrojunior\/wp-json\/wp\/v2\/posts\/6774","targetHints":{"allow":["GET"]}}],"collection":[{"href":"https:\/\/www.blogsoestado.com\/evandrojunior\/wp-json\/wp\/v2\/posts"}],"about":[{"href":"https:\/\/www.blogsoestado.com\/evandrojunior\/wp-json\/wp\/v2\/types\/post"}],"author":[{"embeddable":true,"href":"https:\/\/www.blogsoestado.com\/evandrojunior\/wp-json\/wp\/v2\/users\/4"}],"replies":[{"embeddable":true,"href":"https:\/\/www.blogsoestado.com\/evandrojunior\/wp-json\/wp\/v2\/comments?post=6774"}],"version-history":[{"count":0,"href":"https:\/\/www.blogsoestado.com\/evandrojunior\/wp-json\/wp\/v2\/posts\/6774\/revisions"}],"wp:attachment":[{"href":"https:\/\/www.blogsoestado.com\/evandrojunior\/wp-json\/wp\/v2\/media?parent=6774"}],"wp:term":[{"taxonomy":"category","embeddable":true,"href":"https:\/\/www.blogsoestado.com\/evandrojunior\/wp-json\/wp\/v2\/categories?post=6774"},{"taxonomy":"post_tag","embeddable":true,"href":"https:\/\/www.blogsoestado.com\/evandrojunior\/wp-json\/wp\/v2\/tags?post=6774"}],"curies":[{"name":"wp","href":"https:\/\/api.w.org\/{rel}","templated":true}]}}