{"id":7060,"date":"2022-08-16T17:10:06","date_gmt":"2022-08-16T20:10:06","guid":{"rendered":"https:\/\/www.blogsoestado.com\/evandrojunior\/?p=7060"},"modified":"2022-08-16T17:10:06","modified_gmt":"2022-08-16T20:10:06","slug":"cronica-de-jose-fernandes-tempos-de-chumbo","status":"publish","type":"post","link":"https:\/\/www.blogsoestado.com\/evandrojunior\/2022\/08\/16\/cronica-de-jose-fernandes-tempos-de-chumbo\/","title":{"rendered":"Cr\u00f4nica de Jos\u00e9 Fernandes: &#8220;Tempos de Chumbo&#8221;"},"content":{"rendered":"\n<div class=\"wp-block-image\"><figure class=\"aligncenter size-large is-resized\"><img fetchpriority=\"high\" decoding=\"async\" src=\"https:\/\/www.blogsoestado.com\/evandrojunior\/files\/2022\/08\/Ditadura.jpg\" alt=\"\" class=\"wp-image-7062\" width=\"545\" height=\"312\"\/><\/figure><\/div>\n\n\n\n<p>A express\u00e3o, em ep\u00edgrafe, \u00e9 o apelido dado \u00e0 fase mais insana do golpe militar de 1964, tamb\u00e9m chamado, por alguns incongruentes, de \u201crevolu\u00e7\u00e3o redentora\u201d, que desbancou Jo\u00e3o Goulart da Presid\u00eancia da Rep\u00fablica e implantou o poder dos militares durante mais de duas d\u00e9cadas. Do que dela sei contarei, aqui, apenas, ligeiras particularidades, que fazem parte da minha hist\u00f3ria.<\/p>\n\n\n\n<p>Como quase toda a\u00e7\u00e3o revolucion\u00e1ria imposta pela for\u00e7a das armas, nesta, para n\u00e3o fugir \u00e0 regra, muita gente foi injusti\u00e7ada: estudantes, artistas, intelectuais, professores, cientistas, jornalistas, poetas e pensadores; o <em>habeas corpus <\/em>foi abolido<em>, <\/em>estabeleceu-se a censura \u00e0 imprensa e \u00e0s artes e \u201camorda\u00e7ados\u201d os demais poderes da Rep\u00fablica. Quem, dos perseguidos, n\u00e3o morreu nos por\u00f5es da tortura, perdeu o emprego, foi preso, cassado e exilado, como comunista ou inimigo da revolu\u00e7\u00e3o, quase todos pelo ideal de pugnar pelas reformas de base \u2013 agr\u00e1ria, universit\u00e1ria e outras. Desse modo, as persegui\u00e7\u00f5es implac\u00e1veis e injustific\u00e1veis contra tantos benem\u00e9ritos da na\u00e7\u00e3o constituem atos abomin\u00e1veis.<\/p>\n\n\n\n<p>Muitos foram sacrificados, at\u00e9 eu, sem culpa nenhuma, sem ter ostentado nenhum r\u00f3tulo nem ser filiado a partido pol\u00edtico: apenas integrava a diretoria da Uni\u00e3o Maranhense dos Estudantes Secund\u00e1rios-Umes, da qual todos os membros eram suspeitos e perseguidos, e, por isso, tornei-me suspeito e perseguido. Al\u00e9m de estudante, eu lutava, honestamente, pelo meu sustento, como propriet\u00e1rio de um pequeno estabelecimento gr\u00e1fico.<\/p>\n\n\n\n<p>Algu\u00e9m, talvez desgostoso com a minha humilde prosperidade, denunciou que o meu micro estabelecimento estaria imprimindo material subversivo e, da\u00ed, uma patrulha do Ex\u00e9rcito o invadiu, causando alvoro\u00e7o na Praia Grande, sede do meu pequeno neg\u00f3cio. Nada encontraram que pudesse comprometer-me.<\/p>\n\n\n\n<p>\u00a0Inobstante, em decorr\u00eancia dessa invas\u00e3o, fui estigmatizado, por alguns considerado suspeito, e meus fornecedores de insumos, acovardados, deixaram de atender aos meus pedidos; os clientes desapareceram e obriguei-me a fechar a gr\u00e1fica, durante longo per\u00edodo, por falta de clientes e de material de impress\u00e3o. S\u00f3 n\u00e3o passei fome porque era tamb\u00e9m um profissional do ramo e voltei a ser oper\u00e1rio gr\u00e1fico, mantendo-me com dignidade, ainda que dormindo no ch\u00e3o, no escrit\u00f3rio de representa\u00e7\u00f5es do meu amigo Veras, no pr\u00e9dio atr\u00e1s do \u201cFerro de Engomar\u201d, primeira sede da r\u00e1dio e TV Difusora (alguns desses comerciantes, que se negaram a me vender insumos, anos depois, foram por mim tratados com respeito e dignidade, como juiz classista, quando me figuraram como r\u00e9us, em processos trabalhistas).<\/p>\n\n\n\n<p>N\u00e3o satisfeitos com a invas\u00e3o da minha gr\u00e1fica, outra patrulha assaltou o meu dormit\u00f3rio, na Umes, arrombou minha estante e levou pilhas de documentos e cartas remetidas pelos meus genitores, parentes e amigos, inclusive meus livros escolares e de assuntos gerais, nunca devolvidos.<\/p>\n\n\n\n<p>Em outra ocasi\u00e3o, uma patrulha, de arma em punho, dali me conduziu, alta noite, para prestar depoimento perante a Comiss\u00e3o Militar de Inqu\u00e9rito, no antigo 24 BC, e s\u00f3 n\u00e3o fui encarcerado gra\u00e7as \u00e0 sensatez do major Santana, presidente da Comiss\u00e3o, ao constatar que eu estava sendo v\u00edtima de acusa\u00e7\u00f5es maldosas.<\/p>\n\n\n\n<p>Um pacato cidad\u00e3o, que decidira estudar j\u00e1 com idade avan\u00e7ada, pobre, com mulher e seis filhos para sustentar, de nome Edmar Santos, tamb\u00e9m membro da Umes, s\u00f3 por suspeita, fora preso por mais de um m\u00eas; outros idealistas, defensores das reformas de base, tamb\u00e9m foram encarcerados: Gaspar, Jones, Em\u00edlio, Jo\u00e3o Batista Ericeira, Jalmir, Jos\u00e9 Carlos Salgueiro, Edson Vidigal, Ney Melo e outros.<\/p>\n\n\n\n<p>\u00a0Sim, parte da popula\u00e7\u00e3o brasileira muito perdeu com o golpe militar de 1964, que implantou a tal \u201crevolu\u00e7\u00e3o redentora\u201d, como a chamam e enaltecem os sequazes do tir\u00e2nico Ato Institucional n. 5, o AI-5, que alguns insensatos ainda hoje o exaltam &#8211; os que n\u00e3o perderam pais, filhos e netos, n\u00e3o sofreram torturas e suas sequelas. Reiterando o que dizem alguns patriotas, propugnadores da Justi\u00e7a e da Paz, tamb\u00e9m digo: \u201cTortura nunca mais\u201d.<\/p>\n\n\n\n<p>Um reparo. Este texto \u00e9 um testemunho que a Hist\u00f3ria n\u00e3o pode olvidar, em homenagem \u00e0 verdade. No entanto, as for\u00e7as armadas, na sua ess\u00eancia, legalmente designadas pela Carta Magna como defensoras da integridade nacional e da democracia brasileira, como institui\u00e7\u00e3o, n\u00e3o fazem parte das cr\u00edticas aqui expostas, de vez que tais cr\u00edticas se restringem aos elementos de m\u00e1 conduta moral e c\u00edvica que, no transcorrer do regime de exce\u00e7\u00e3o, extrapolaram suas fun\u00e7\u00f5es legais e, utilizando-se, equivocadamente, do Ato Institucional n\u00b0 5, praticaram a\u00e7\u00f5es arbitr\u00e1rias, contr\u00e1rias \u00e0 Ordem P\u00fablica, \u00e0 \u00c9tica e a Moral Crist\u00e3.<\/p>\n","protected":false},"excerpt":{"rendered":"<p>A express\u00e3o, em ep\u00edgrafe, \u00e9 o apelido dado \u00e0 fase mais insana do golpe militar de 1964, tamb\u00e9m chamado, por [&hellip;]<\/p>\n","protected":false},"author":4,"featured_media":0,"comment_status":"open","ping_status":"open","sticky":false,"template":"","format":"standard","meta":{"site-sidebar-layout":"default","site-content-layout":"","ast-site-content-layout":"default","site-content-style":"default","site-sidebar-style":"default","ast-global-header-display":"","ast-banner-title-visibility":"","ast-main-header-display":"","ast-hfb-above-header-display":"","ast-hfb-below-header-display":"","ast-hfb-mobile-header-display":"","site-post-title":"","ast-breadcrumbs-content":"","ast-featured-img":"","footer-sml-layout":"","ast-disable-related-posts":"","theme-transparent-header-meta":"","adv-header-id-meta":"","stick-header-meta":"","header-above-stick-meta":"","header-main-stick-meta":"","header-below-stick-meta":"","astra-migrate-meta-layouts":"default","ast-page-background-enabled":"default","ast-page-background-meta":{"desktop":{"background-color":"var(--ast-global-color-5)","background-image":"","background-repeat":"repeat","background-position":"center center","background-size":"auto","background-attachment":"scroll","background-type":"","background-media":"","overlay-type":"","overlay-color":"","overlay-opacity":"","overlay-gradient":""},"tablet":{"background-color":"","background-image":"","background-repeat":"repeat","background-position":"center center","background-size":"auto","background-attachment":"scroll","background-type":"","background-media":"","overlay-type":"","overlay-color":"","overlay-opacity":"","overlay-gradient":""},"mobile":{"background-color":"","background-image":"","background-repeat":"repeat","background-position":"center center","background-size":"auto","background-attachment":"scroll","background-type":"","background-media":"","overlay-type":"","overlay-color":"","overlay-opacity":"","overlay-gradient":""}},"ast-content-background-meta":{"desktop":{"background-color":"var(--ast-global-color-4)","background-image":"","background-repeat":"repeat","background-position":"center center","background-size":"auto","background-attachment":"scroll","background-type":"","background-media":"","overlay-type":"","overlay-color":"","overlay-opacity":"","overlay-gradient":""},"tablet":{"background-color":"var(--ast-global-color-4)","background-image":"","background-repeat":"repeat","background-position":"center center","background-size":"auto","background-attachment":"scroll","background-type":"","background-media":"","overlay-type":"","overlay-color":"","overlay-opacity":"","overlay-gradient":""},"mobile":{"background-color":"var(--ast-global-color-4)","background-image":"","background-repeat":"repeat","background-position":"center center","background-size":"auto","background-attachment":"scroll","background-type":"","background-media":"","overlay-type":"","overlay-color":"","overlay-opacity":"","overlay-gradient":""}},"footnotes":""},"categories":[1],"tags":[],"class_list":["post-7060","post","type-post","status-publish","format-standard","hentry","category-sem-categoria"],"yoast_head":"<!-- This site is optimized with the Yoast SEO plugin v26.6 - https:\/\/yoast.com\/wordpress\/plugins\/seo\/ -->\n<title>Cr\u00f4nica de Jos\u00e9 Fernandes: &quot;Tempos de Chumbo&quot; - Evandro Junior<\/title>\n<meta name=\"robots\" content=\"index, follow, max-snippet:-1, max-image-preview:large, max-video-preview:-1\" \/>\n<link rel=\"canonical\" href=\"https:\/\/www.blogsoestado.com\/evandrojunior\/2022\/08\/16\/cronica-de-jose-fernandes-tempos-de-chumbo\/\" \/>\n<meta property=\"og:locale\" content=\"pt_BR\" \/>\n<meta property=\"og:type\" content=\"article\" \/>\n<meta property=\"og:title\" content=\"Cr\u00f4nica de Jos\u00e9 Fernandes: &quot;Tempos de Chumbo&quot; - Evandro Junior\" \/>\n<meta property=\"og:description\" content=\"A express\u00e3o, em ep\u00edgrafe, \u00e9 o apelido dado \u00e0 fase mais insana do golpe militar de 1964, tamb\u00e9m chamado, por [&hellip;]\" \/>\n<meta property=\"og:url\" content=\"https:\/\/www.blogsoestado.com\/evandrojunior\/2022\/08\/16\/cronica-de-jose-fernandes-tempos-de-chumbo\/\" \/>\n<meta property=\"og:site_name\" content=\"Evandro Junior\" \/>\n<meta property=\"article:published_time\" content=\"2022-08-16T20:10:06+00:00\" \/>\n<meta property=\"og:image\" content=\"https:\/\/www.blogsoestado.com\/evandrojunior\/files\/2022\/08\/Ditadura.jpg\" \/>\n<meta name=\"author\" content=\"Evandro Junior\" \/>\n<meta name=\"twitter:card\" content=\"summary_large_image\" \/>\n<meta name=\"twitter:label1\" content=\"Escrito por\" \/>\n\t<meta name=\"twitter:data1\" content=\"Evandro Junior\" \/>\n\t<meta name=\"twitter:label2\" content=\"Est. tempo de leitura\" \/>\n\t<meta name=\"twitter:data2\" content=\"4 minutos\" \/>\n<script type=\"application\/ld+json\" class=\"yoast-schema-graph\">{\"@context\":\"https:\/\/schema.org\",\"@graph\":[{\"@type\":\"WebPage\",\"@id\":\"https:\/\/www.blogsoestado.com\/evandrojunior\/2022\/08\/16\/cronica-de-jose-fernandes-tempos-de-chumbo\/\",\"url\":\"https:\/\/www.blogsoestado.com\/evandrojunior\/2022\/08\/16\/cronica-de-jose-fernandes-tempos-de-chumbo\/\",\"name\":\"Cr\u00f4nica de Jos\u00e9 Fernandes: \\\"Tempos de Chumbo\\\" - Evandro Junior\",\"isPartOf\":{\"@id\":\"https:\/\/www.blogsoestado.com\/evandrojunior\/#website\"},\"primaryImageOfPage\":{\"@id\":\"https:\/\/www.blogsoestado.com\/evandrojunior\/2022\/08\/16\/cronica-de-jose-fernandes-tempos-de-chumbo\/#primaryimage\"},\"image\":{\"@id\":\"https:\/\/www.blogsoestado.com\/evandrojunior\/2022\/08\/16\/cronica-de-jose-fernandes-tempos-de-chumbo\/#primaryimage\"},\"thumbnailUrl\":\"https:\/\/www.blogsoestado.com\/evandrojunior\/files\/2022\/08\/Ditadura.jpg\",\"datePublished\":\"2022-08-16T20:10:06+00:00\",\"author\":{\"@id\":\"https:\/\/www.blogsoestado.com\/evandrojunior\/#\/schema\/person\/3e6c3d8dbb740d1c6878ebc935cfb3be\"},\"breadcrumb\":{\"@id\":\"https:\/\/www.blogsoestado.com\/evandrojunior\/2022\/08\/16\/cronica-de-jose-fernandes-tempos-de-chumbo\/#breadcrumb\"},\"inLanguage\":\"pt-BR\",\"potentialAction\":[{\"@type\":\"ReadAction\",\"target\":[\"https:\/\/www.blogsoestado.com\/evandrojunior\/2022\/08\/16\/cronica-de-jose-fernandes-tempos-de-chumbo\/\"]}]},{\"@type\":\"ImageObject\",\"inLanguage\":\"pt-BR\",\"@id\":\"https:\/\/www.blogsoestado.com\/evandrojunior\/2022\/08\/16\/cronica-de-jose-fernandes-tempos-de-chumbo\/#primaryimage\",\"url\":\"https:\/\/www.blogsoestado.com\/evandrojunior\/files\/2022\/08\/Ditadura.jpg\",\"contentUrl\":\"https:\/\/www.blogsoestado.com\/evandrojunior\/files\/2022\/08\/Ditadura.jpg\"},{\"@type\":\"BreadcrumbList\",\"@id\":\"https:\/\/www.blogsoestado.com\/evandrojunior\/2022\/08\/16\/cronica-de-jose-fernandes-tempos-de-chumbo\/#breadcrumb\",\"itemListElement\":[{\"@type\":\"ListItem\",\"position\":1,\"name\":\"In\u00edcio\",\"item\":\"https:\/\/www.blogsoestado.com\/evandrojunior\/\"},{\"@type\":\"ListItem\",\"position\":2,\"name\":\"Cr\u00f4nica de Jos\u00e9 Fernandes: &#8220;Tempos de Chumbo&#8221;\"}]},{\"@type\":\"WebSite\",\"@id\":\"https:\/\/www.blogsoestado.com\/evandrojunior\/#website\",\"url\":\"https:\/\/www.blogsoestado.com\/evandrojunior\/\",\"name\":\"Evandro Junior\",\"description\":\"\",\"potentialAction\":[{\"@type\":\"SearchAction\",\"target\":{\"@type\":\"EntryPoint\",\"urlTemplate\":\"https:\/\/www.blogsoestado.com\/evandrojunior\/?s={search_term_string}\"},\"query-input\":{\"@type\":\"PropertyValueSpecification\",\"valueRequired\":true,\"valueName\":\"search_term_string\"}}],\"inLanguage\":\"pt-BR\"},{\"@type\":\"Person\",\"@id\":\"https:\/\/www.blogsoestado.com\/evandrojunior\/#\/schema\/person\/3e6c3d8dbb740d1c6878ebc935cfb3be\",\"name\":\"Evandro Junior\",\"image\":{\"@type\":\"ImageObject\",\"inLanguage\":\"pt-BR\",\"@id\":\"https:\/\/www.blogsoestado.com\/evandrojunior\/#\/schema\/person\/image\/\",\"url\":\"https:\/\/secure.gravatar.com\/avatar\/f80a03a2294a580cd2318bfb459bf354cfa8be661ef3d95b542cf9a04af8d129?s=96&d=mm&r=g\",\"contentUrl\":\"https:\/\/secure.gravatar.com\/avatar\/f80a03a2294a580cd2318bfb459bf354cfa8be661ef3d95b542cf9a04af8d129?s=96&d=mm&r=g\",\"caption\":\"Evandro Junior\"},\"url\":\"https:\/\/www.blogsoestado.com\/evandrojunior\/author\/evandrojunior\/\"}]}<\/script>\n<!-- \/ Yoast SEO plugin. -->","yoast_head_json":{"title":"Cr\u00f4nica de Jos\u00e9 Fernandes: \"Tempos de Chumbo\" - Evandro Junior","robots":{"index":"index","follow":"follow","max-snippet":"max-snippet:-1","max-image-preview":"max-image-preview:large","max-video-preview":"max-video-preview:-1"},"canonical":"https:\/\/www.blogsoestado.com\/evandrojunior\/2022\/08\/16\/cronica-de-jose-fernandes-tempos-de-chumbo\/","og_locale":"pt_BR","og_type":"article","og_title":"Cr\u00f4nica de Jos\u00e9 Fernandes: \"Tempos de Chumbo\" - Evandro Junior","og_description":"A express\u00e3o, em ep\u00edgrafe, \u00e9 o apelido dado \u00e0 fase mais insana do golpe militar de 1964, tamb\u00e9m chamado, por [&hellip;]","og_url":"https:\/\/www.blogsoestado.com\/evandrojunior\/2022\/08\/16\/cronica-de-jose-fernandes-tempos-de-chumbo\/","og_site_name":"Evandro Junior","article_published_time":"2022-08-16T20:10:06+00:00","og_image":[{"url":"https:\/\/www.blogsoestado.com\/evandrojunior\/files\/2022\/08\/Ditadura.jpg","type":"","width":"","height":""}],"author":"Evandro Junior","twitter_card":"summary_large_image","twitter_misc":{"Escrito por":"Evandro Junior","Est. tempo de leitura":"4 minutos"},"schema":{"@context":"https:\/\/schema.org","@graph":[{"@type":"WebPage","@id":"https:\/\/www.blogsoestado.com\/evandrojunior\/2022\/08\/16\/cronica-de-jose-fernandes-tempos-de-chumbo\/","url":"https:\/\/www.blogsoestado.com\/evandrojunior\/2022\/08\/16\/cronica-de-jose-fernandes-tempos-de-chumbo\/","name":"Cr\u00f4nica de Jos\u00e9 Fernandes: \"Tempos de Chumbo\" - Evandro Junior","isPartOf":{"@id":"https:\/\/www.blogsoestado.com\/evandrojunior\/#website"},"primaryImageOfPage":{"@id":"https:\/\/www.blogsoestado.com\/evandrojunior\/2022\/08\/16\/cronica-de-jose-fernandes-tempos-de-chumbo\/#primaryimage"},"image":{"@id":"https:\/\/www.blogsoestado.com\/evandrojunior\/2022\/08\/16\/cronica-de-jose-fernandes-tempos-de-chumbo\/#primaryimage"},"thumbnailUrl":"https:\/\/www.blogsoestado.com\/evandrojunior\/files\/2022\/08\/Ditadura.jpg","datePublished":"2022-08-16T20:10:06+00:00","author":{"@id":"https:\/\/www.blogsoestado.com\/evandrojunior\/#\/schema\/person\/3e6c3d8dbb740d1c6878ebc935cfb3be"},"breadcrumb":{"@id":"https:\/\/www.blogsoestado.com\/evandrojunior\/2022\/08\/16\/cronica-de-jose-fernandes-tempos-de-chumbo\/#breadcrumb"},"inLanguage":"pt-BR","potentialAction":[{"@type":"ReadAction","target":["https:\/\/www.blogsoestado.com\/evandrojunior\/2022\/08\/16\/cronica-de-jose-fernandes-tempos-de-chumbo\/"]}]},{"@type":"ImageObject","inLanguage":"pt-BR","@id":"https:\/\/www.blogsoestado.com\/evandrojunior\/2022\/08\/16\/cronica-de-jose-fernandes-tempos-de-chumbo\/#primaryimage","url":"https:\/\/www.blogsoestado.com\/evandrojunior\/files\/2022\/08\/Ditadura.jpg","contentUrl":"https:\/\/www.blogsoestado.com\/evandrojunior\/files\/2022\/08\/Ditadura.jpg"},{"@type":"BreadcrumbList","@id":"https:\/\/www.blogsoestado.com\/evandrojunior\/2022\/08\/16\/cronica-de-jose-fernandes-tempos-de-chumbo\/#breadcrumb","itemListElement":[{"@type":"ListItem","position":1,"name":"In\u00edcio","item":"https:\/\/www.blogsoestado.com\/evandrojunior\/"},{"@type":"ListItem","position":2,"name":"Cr\u00f4nica de Jos\u00e9 Fernandes: &#8220;Tempos de Chumbo&#8221;"}]},{"@type":"WebSite","@id":"https:\/\/www.blogsoestado.com\/evandrojunior\/#website","url":"https:\/\/www.blogsoestado.com\/evandrojunior\/","name":"Evandro Junior","description":"","potentialAction":[{"@type":"SearchAction","target":{"@type":"EntryPoint","urlTemplate":"https:\/\/www.blogsoestado.com\/evandrojunior\/?s={search_term_string}"},"query-input":{"@type":"PropertyValueSpecification","valueRequired":true,"valueName":"search_term_string"}}],"inLanguage":"pt-BR"},{"@type":"Person","@id":"https:\/\/www.blogsoestado.com\/evandrojunior\/#\/schema\/person\/3e6c3d8dbb740d1c6878ebc935cfb3be","name":"Evandro Junior","image":{"@type":"ImageObject","inLanguage":"pt-BR","@id":"https:\/\/www.blogsoestado.com\/evandrojunior\/#\/schema\/person\/image\/","url":"https:\/\/secure.gravatar.com\/avatar\/f80a03a2294a580cd2318bfb459bf354cfa8be661ef3d95b542cf9a04af8d129?s=96&d=mm&r=g","contentUrl":"https:\/\/secure.gravatar.com\/avatar\/f80a03a2294a580cd2318bfb459bf354cfa8be661ef3d95b542cf9a04af8d129?s=96&d=mm&r=g","caption":"Evandro Junior"},"url":"https:\/\/www.blogsoestado.com\/evandrojunior\/author\/evandrojunior\/"}]}},"jetpack_featured_media_url":"","_links":{"self":[{"href":"https:\/\/www.blogsoestado.com\/evandrojunior\/wp-json\/wp\/v2\/posts\/7060","targetHints":{"allow":["GET"]}}],"collection":[{"href":"https:\/\/www.blogsoestado.com\/evandrojunior\/wp-json\/wp\/v2\/posts"}],"about":[{"href":"https:\/\/www.blogsoestado.com\/evandrojunior\/wp-json\/wp\/v2\/types\/post"}],"author":[{"embeddable":true,"href":"https:\/\/www.blogsoestado.com\/evandrojunior\/wp-json\/wp\/v2\/users\/4"}],"replies":[{"embeddable":true,"href":"https:\/\/www.blogsoestado.com\/evandrojunior\/wp-json\/wp\/v2\/comments?post=7060"}],"version-history":[{"count":0,"href":"https:\/\/www.blogsoestado.com\/evandrojunior\/wp-json\/wp\/v2\/posts\/7060\/revisions"}],"wp:attachment":[{"href":"https:\/\/www.blogsoestado.com\/evandrojunior\/wp-json\/wp\/v2\/media?parent=7060"}],"wp:term":[{"taxonomy":"category","embeddable":true,"href":"https:\/\/www.blogsoestado.com\/evandrojunior\/wp-json\/wp\/v2\/categories?post=7060"},{"taxonomy":"post_tag","embeddable":true,"href":"https:\/\/www.blogsoestado.com\/evandrojunior\/wp-json\/wp\/v2\/tags?post=7060"}],"curies":[{"name":"wp","href":"https:\/\/api.w.org\/{rel}","templated":true}]}}