{"id":7076,"date":"2022-08-17T11:38:10","date_gmt":"2022-08-17T14:38:10","guid":{"rendered":"https:\/\/www.blogsoestado.com\/evandrojunior\/?p=7076"},"modified":"2022-08-17T11:38:10","modified_gmt":"2022-08-17T14:38:10","slug":"prefeito-eduardo-braide-participa-de-entrega-de-cestas-do-programa-alimenta-brasil","status":"publish","type":"post","link":"https:\/\/www.blogsoestado.com\/evandrojunior\/2022\/08\/17\/prefeito-eduardo-braide-participa-de-entrega-de-cestas-do-programa-alimenta-brasil\/","title":{"rendered":"Prefeito Eduardo Braide participa de entrega de cestas do Programa Alimenta Brasil"},"content":{"rendered":"\n<div class=\"wp-block-image\"><figure class=\"aligncenter size-large is-resized\"><img fetchpriority=\"high\" decoding=\"async\" src=\"https:\/\/www.blogsoestado.com\/evandrojunior\/files\/2022\/08\/FOTO1-Prefeito-Eduardo-Braide-participa-de-entrega-de-cestas-do-Programa-Alimenta-Brasil-1024x683.jpeg\" alt=\"\" class=\"wp-image-7077\" width=\"644\" height=\"430\"\/><figcaption>Prefeito Eduardo Braide durante entrega de cestas de alimentos a fam\u00edlias do bairro Santa Cruz<\/figcaption><\/figure><\/div>\n\n\n\n<p><strong>S\u00e3o Lu\u00eds <\/strong>&#8211; Cerca de 300 fam\u00edlias que moram no bairro Santa Cruz e adjac\u00eancias receberam cestas de alimentos provenientes do programa Alimenta Brasil, do Governo Federal e executado pela Prefeitura de S\u00e3o Lu\u00eds por meio da Secretaria Municipal de Seguran\u00e7a Alimentar (Semsa), com apoio da Secretaria Municipal da Crian\u00e7a e Assist\u00eancia Social (Semcas). A entrega, com a presen\u00e7a do prefeito Eduardo Braide, ocorreu na tarde de ter\u00e7a-feira (16), no Campo do Santa Cruz.<\/p>\n\n\n\n<p>\u201cEste \u00e9 o primeiro passo da entrega de mais de 100 mil cestas que vamos fazer em S\u00e3o Lu\u00eds este ano. Todo este alimento foi produzido aqui, na nossa Zona Rural, o que \u00e9 muito importante. Assim, de um lado estimulamos a gera\u00e7\u00e3o de emprego e renda por meio da produ\u00e7\u00e3o de alimentos, com 800 agricultores familiares que est\u00e3o recebendo recursos do programa Alimenta Brasil para que esses alimentos possam chegar \u00e0 mesa de quem mais precisa. De outro, fam\u00edlias em situa\u00e7\u00e3o de vulnerabilidade ser\u00e3o beneficiadas com estes alimentos. Desta forma, podemos garantir a seguran\u00e7a alimentar da popula\u00e7\u00e3o de S\u00e3o Lu\u00eds\u201d, disse o prefeito Eduardo Braide que estava acompanhado da vereadora Karla Sarney (PSD), da secret\u00e1ria da Semsa, Nirvana Anchieta e da secret\u00e1ria em exerc\u00edcio da Semcas, Ana Carla Furtado.<\/p>\n\n\n\n<p>As cestas entregues foram compostas por frango, frutas, verduras, legumes, polpas, farinha, mel, ovos, entre outros alimentos. Ao todo, estas entregas alcan\u00e7ar\u00e3o mais de 100 mil fam\u00edlias em situa\u00e7\u00e3o de vulnerabilidade alimentar, inscritas no Cad\u00danico, sob a coordena\u00e7\u00e3o local da Semcas. Os alimentos s\u00e3o provenientes da agricultura familiar rural de S\u00e3o Lu\u00eds.<\/p>\n\n\n\n<p>Para a aposentada Antonia Ara\u00fajo, a cesta recebida vai melhorar a alimenta\u00e7\u00e3o da fam\u00edlia. \u201cVeio em boa hora, pois sou aposentada, mas pago um empr\u00e9stimo, tenho de comprar meus rem\u00e9dios e esta cesta \u00e9 muito importante. Chegando em casa, guardo tudo na geladeira e d\u00e1 para comer uns dias\u201d, destacou a idosa.<\/p>\n\n\n\n<p>A titular da Semsa, Nirvana Anchieta, observa que a Prefeitura de S\u00e3o Lu\u00eds tem papel primordial no combate \u00e0 fome. \u201cO prefeito Eduardo Braide tem colocado como uma de suas prioridades a manuten\u00e7\u00e3o da seguran\u00e7a alimentar e n\u00f3s da Semsa estamos trabalhando para levarmos a estas fam\u00edlias em situa\u00e7\u00e3o de vulnerabilidade o alimento para sua mesa. E hoje temos a alegria de dizer que inclu\u00edmos na cesta duas prote\u00ednas, o frango e o ovo\u201d, disse a secret\u00e1ria.<\/p>\n\n\n\n<p>\u201cEsta cesta ser\u00e1 muito bem-vinda, afinal, os alimentos est\u00e3o caros e somos privilegiados por poder receber esta cesta da Prefeitura de S\u00e3o Lu\u00eds\u201d, falou Raimunda Magalh\u00e3es, moradora da Vila Palmeira. O mesmo sentimento \u00e9 compartilhado por sua amiga, Raimunda Santos. \u201cS\u00e3o cinco pessoas na minha casa e, como as coisas est\u00e3o caras, estes alimentos ajudam muito a gente\u201d, disse.&nbsp;&nbsp;&nbsp;&nbsp;&nbsp;<\/p>\n\n\n\n<p>A secret\u00e1ria em exerc\u00edcio da Semcas, Ana Carla Furtado, explica que as fam\u00edlias contempladas s\u00e3o atendidas pelos Centros de Refer\u00eancia de Assist\u00eancia Social (Cras). \u201cPara n\u00f3s, este programa tem um grande significado porque alimento \u00e9 vida e o compromisso dos Cras \u00e9 tamb\u00e9m trabalhar pela seguran\u00e7a alimentar dos usu\u00e1rios, por isso hoje \u00e9 um grande dia\u201d, pontuou.<\/p>\n","protected":false},"excerpt":{"rendered":"<p>S\u00e3o Lu\u00eds &#8211; Cerca de 300 fam\u00edlias que moram no bairro Santa Cruz e adjac\u00eancias receberam cestas de alimentos provenientes [&hellip;]<\/p>\n","protected":false},"author":4,"featured_media":0,"comment_status":"open","ping_status":"open","sticky":false,"template":"","format":"standard","meta":{"site-sidebar-layout":"default","site-content-layout":"","ast-site-content-layout":"default","site-content-style":"default","site-sidebar-style":"default","ast-global-header-display":"","ast-banner-title-visibility":"","ast-main-header-display":"","ast-hfb-above-header-display":"","ast-hfb-below-header-display":"","ast-hfb-mobile-header-display":"","site-post-title":"","ast-breadcrumbs-content":"","ast-featured-img":"","footer-sml-layout":"","ast-disable-related-posts":"","theme-transparent-header-meta":"","adv-header-id-meta":"","stick-header-meta":"","header-above-stick-meta":"","header-main-stick-meta":"","header-below-stick-meta":"","astra-migrate-meta-layouts":"default","ast-page-background-enabled":"default","ast-page-background-meta":{"desktop":{"background-color":"var(--ast-global-color-5)","background-image":"","background-repeat":"repeat","background-position":"center center","background-size":"auto","background-attachment":"scroll","background-type":"","background-media":"","overlay-type":"","overlay-color":"","overlay-opacity":"","overlay-gradient":""},"tablet":{"background-color":"","background-image":"","background-repeat":"repeat","background-position":"center center","background-size":"auto","background-attachment":"scroll","background-type":"","background-media":"","overlay-type":"","overlay-color":"","overlay-opacity":"","overlay-gradient":""},"mobile":{"background-color":"","background-image":"","background-repeat":"repeat","background-position":"center center","background-size":"auto","background-attachment":"scroll","background-type":"","background-media":"","overlay-type":"","overlay-color":"","overlay-opacity":"","overlay-gradient":""}},"ast-content-background-meta":{"desktop":{"background-color":"var(--ast-global-color-4)","background-image":"","background-repeat":"repeat","background-position":"center center","background-size":"auto","background-attachment":"scroll","background-type":"","background-media":"","overlay-type":"","overlay-color":"","overlay-opacity":"","overlay-gradient":""},"tablet":{"background-color":"var(--ast-global-color-4)","background-image":"","background-repeat":"repeat","background-position":"center center","background-size":"auto","background-attachment":"scroll","background-type":"","background-media":"","overlay-type":"","overlay-color":"","overlay-opacity":"","overlay-gradient":""},"mobile":{"background-color":"var(--ast-global-color-4)","background-image":"","background-repeat":"repeat","background-position":"center center","background-size":"auto","background-attachment":"scroll","background-type":"","background-media":"","overlay-type":"","overlay-color":"","overlay-opacity":"","overlay-gradient":""}},"footnotes":""},"categories":[1],"tags":[],"class_list":["post-7076","post","type-post","status-publish","format-standard","hentry","category-sem-categoria"],"yoast_head":"<!-- This site is optimized with the Yoast SEO plugin v26.6 - https:\/\/yoast.com\/wordpress\/plugins\/seo\/ -->\n<title>Prefeito Eduardo Braide participa de entrega de cestas do Programa Alimenta Brasil - Evandro Junior<\/title>\n<meta name=\"robots\" content=\"index, follow, max-snippet:-1, max-image-preview:large, max-video-preview:-1\" \/>\n<link rel=\"canonical\" href=\"https:\/\/www.blogsoestado.com\/evandrojunior\/2022\/08\/17\/prefeito-eduardo-braide-participa-de-entrega-de-cestas-do-programa-alimenta-brasil\/\" \/>\n<meta property=\"og:locale\" content=\"pt_BR\" \/>\n<meta property=\"og:type\" content=\"article\" \/>\n<meta property=\"og:title\" content=\"Prefeito Eduardo Braide participa de entrega de cestas do Programa Alimenta Brasil - Evandro Junior\" \/>\n<meta property=\"og:description\" content=\"S\u00e3o Lu\u00eds &#8211; Cerca de 300 fam\u00edlias que moram no bairro Santa Cruz e adjac\u00eancias receberam cestas de alimentos provenientes [&hellip;]\" \/>\n<meta property=\"og:url\" content=\"https:\/\/www.blogsoestado.com\/evandrojunior\/2022\/08\/17\/prefeito-eduardo-braide-participa-de-entrega-de-cestas-do-programa-alimenta-brasil\/\" \/>\n<meta property=\"og:site_name\" content=\"Evandro Junior\" \/>\n<meta property=\"article:published_time\" content=\"2022-08-17T14:38:10+00:00\" \/>\n<meta property=\"og:image\" content=\"https:\/\/www.blogsoestado.com\/evandrojunior\/files\/2022\/08\/FOTO1-Prefeito-Eduardo-Braide-participa-de-entrega-de-cestas-do-Programa-Alimenta-Brasil-1024x683.jpeg\" \/>\n<meta name=\"author\" content=\"Evandro Junior\" \/>\n<meta name=\"twitter:card\" content=\"summary_large_image\" \/>\n<meta name=\"twitter:label1\" content=\"Escrito por\" \/>\n\t<meta name=\"twitter:data1\" content=\"Evandro Junior\" \/>\n\t<meta name=\"twitter:label2\" content=\"Est. tempo de leitura\" \/>\n\t<meta name=\"twitter:data2\" content=\"3 minutos\" \/>\n<script type=\"application\/ld+json\" class=\"yoast-schema-graph\">{\"@context\":\"https:\/\/schema.org\",\"@graph\":[{\"@type\":\"WebPage\",\"@id\":\"https:\/\/www.blogsoestado.com\/evandrojunior\/2022\/08\/17\/prefeito-eduardo-braide-participa-de-entrega-de-cestas-do-programa-alimenta-brasil\/\",\"url\":\"https:\/\/www.blogsoestado.com\/evandrojunior\/2022\/08\/17\/prefeito-eduardo-braide-participa-de-entrega-de-cestas-do-programa-alimenta-brasil\/\",\"name\":\"Prefeito Eduardo Braide participa de entrega de cestas do Programa Alimenta Brasil - Evandro Junior\",\"isPartOf\":{\"@id\":\"https:\/\/www.blogsoestado.com\/evandrojunior\/#website\"},\"primaryImageOfPage\":{\"@id\":\"https:\/\/www.blogsoestado.com\/evandrojunior\/2022\/08\/17\/prefeito-eduardo-braide-participa-de-entrega-de-cestas-do-programa-alimenta-brasil\/#primaryimage\"},\"image\":{\"@id\":\"https:\/\/www.blogsoestado.com\/evandrojunior\/2022\/08\/17\/prefeito-eduardo-braide-participa-de-entrega-de-cestas-do-programa-alimenta-brasil\/#primaryimage\"},\"thumbnailUrl\":\"https:\/\/www.blogsoestado.com\/evandrojunior\/files\/2022\/08\/FOTO1-Prefeito-Eduardo-Braide-participa-de-entrega-de-cestas-do-Programa-Alimenta-Brasil-1024x683.jpeg\",\"datePublished\":\"2022-08-17T14:38:10+00:00\",\"author\":{\"@id\":\"https:\/\/www.blogsoestado.com\/evandrojunior\/#\/schema\/person\/3e6c3d8dbb740d1c6878ebc935cfb3be\"},\"breadcrumb\":{\"@id\":\"https:\/\/www.blogsoestado.com\/evandrojunior\/2022\/08\/17\/prefeito-eduardo-braide-participa-de-entrega-de-cestas-do-programa-alimenta-brasil\/#breadcrumb\"},\"inLanguage\":\"pt-BR\",\"potentialAction\":[{\"@type\":\"ReadAction\",\"target\":[\"https:\/\/www.blogsoestado.com\/evandrojunior\/2022\/08\/17\/prefeito-eduardo-braide-participa-de-entrega-de-cestas-do-programa-alimenta-brasil\/\"]}]},{\"@type\":\"ImageObject\",\"inLanguage\":\"pt-BR\",\"@id\":\"https:\/\/www.blogsoestado.com\/evandrojunior\/2022\/08\/17\/prefeito-eduardo-braide-participa-de-entrega-de-cestas-do-programa-alimenta-brasil\/#primaryimage\",\"url\":\"https:\/\/www.blogsoestado.com\/evandrojunior\/files\/2022\/08\/FOTO1-Prefeito-Eduardo-Braide-participa-de-entrega-de-cestas-do-Programa-Alimenta-Brasil-1024x683.jpeg\",\"contentUrl\":\"https:\/\/www.blogsoestado.com\/evandrojunior\/files\/2022\/08\/FOTO1-Prefeito-Eduardo-Braide-participa-de-entrega-de-cestas-do-Programa-Alimenta-Brasil-1024x683.jpeg\"},{\"@type\":\"BreadcrumbList\",\"@id\":\"https:\/\/www.blogsoestado.com\/evandrojunior\/2022\/08\/17\/prefeito-eduardo-braide-participa-de-entrega-de-cestas-do-programa-alimenta-brasil\/#breadcrumb\",\"itemListElement\":[{\"@type\":\"ListItem\",\"position\":1,\"name\":\"In\u00edcio\",\"item\":\"https:\/\/www.blogsoestado.com\/evandrojunior\/\"},{\"@type\":\"ListItem\",\"position\":2,\"name\":\"Prefeito Eduardo Braide participa de entrega de cestas do Programa Alimenta Brasil\"}]},{\"@type\":\"WebSite\",\"@id\":\"https:\/\/www.blogsoestado.com\/evandrojunior\/#website\",\"url\":\"https:\/\/www.blogsoestado.com\/evandrojunior\/\",\"name\":\"Evandro Junior\",\"description\":\"\",\"potentialAction\":[{\"@type\":\"SearchAction\",\"target\":{\"@type\":\"EntryPoint\",\"urlTemplate\":\"https:\/\/www.blogsoestado.com\/evandrojunior\/?s={search_term_string}\"},\"query-input\":{\"@type\":\"PropertyValueSpecification\",\"valueRequired\":true,\"valueName\":\"search_term_string\"}}],\"inLanguage\":\"pt-BR\"},{\"@type\":\"Person\",\"@id\":\"https:\/\/www.blogsoestado.com\/evandrojunior\/#\/schema\/person\/3e6c3d8dbb740d1c6878ebc935cfb3be\",\"name\":\"Evandro Junior\",\"image\":{\"@type\":\"ImageObject\",\"inLanguage\":\"pt-BR\",\"@id\":\"https:\/\/www.blogsoestado.com\/evandrojunior\/#\/schema\/person\/image\/\",\"url\":\"https:\/\/secure.gravatar.com\/avatar\/f80a03a2294a580cd2318bfb459bf354cfa8be661ef3d95b542cf9a04af8d129?s=96&d=mm&r=g\",\"contentUrl\":\"https:\/\/secure.gravatar.com\/avatar\/f80a03a2294a580cd2318bfb459bf354cfa8be661ef3d95b542cf9a04af8d129?s=96&d=mm&r=g\",\"caption\":\"Evandro Junior\"},\"url\":\"https:\/\/www.blogsoestado.com\/evandrojunior\/author\/evandrojunior\/\"}]}<\/script>\n<!-- \/ Yoast SEO plugin. -->","yoast_head_json":{"title":"Prefeito Eduardo Braide participa de entrega de cestas do Programa Alimenta Brasil - Evandro Junior","robots":{"index":"index","follow":"follow","max-snippet":"max-snippet:-1","max-image-preview":"max-image-preview:large","max-video-preview":"max-video-preview:-1"},"canonical":"https:\/\/www.blogsoestado.com\/evandrojunior\/2022\/08\/17\/prefeito-eduardo-braide-participa-de-entrega-de-cestas-do-programa-alimenta-brasil\/","og_locale":"pt_BR","og_type":"article","og_title":"Prefeito Eduardo Braide participa de entrega de cestas do Programa Alimenta Brasil - Evandro Junior","og_description":"S\u00e3o Lu\u00eds &#8211; Cerca de 300 fam\u00edlias que moram no bairro Santa Cruz e adjac\u00eancias receberam cestas de alimentos provenientes [&hellip;]","og_url":"https:\/\/www.blogsoestado.com\/evandrojunior\/2022\/08\/17\/prefeito-eduardo-braide-participa-de-entrega-de-cestas-do-programa-alimenta-brasil\/","og_site_name":"Evandro Junior","article_published_time":"2022-08-17T14:38:10+00:00","og_image":[{"url":"https:\/\/www.blogsoestado.com\/evandrojunior\/files\/2022\/08\/FOTO1-Prefeito-Eduardo-Braide-participa-de-entrega-de-cestas-do-Programa-Alimenta-Brasil-1024x683.jpeg","type":"","width":"","height":""}],"author":"Evandro Junior","twitter_card":"summary_large_image","twitter_misc":{"Escrito por":"Evandro Junior","Est. tempo de leitura":"3 minutos"},"schema":{"@context":"https:\/\/schema.org","@graph":[{"@type":"WebPage","@id":"https:\/\/www.blogsoestado.com\/evandrojunior\/2022\/08\/17\/prefeito-eduardo-braide-participa-de-entrega-de-cestas-do-programa-alimenta-brasil\/","url":"https:\/\/www.blogsoestado.com\/evandrojunior\/2022\/08\/17\/prefeito-eduardo-braide-participa-de-entrega-de-cestas-do-programa-alimenta-brasil\/","name":"Prefeito Eduardo Braide participa de entrega de cestas do Programa Alimenta Brasil - Evandro Junior","isPartOf":{"@id":"https:\/\/www.blogsoestado.com\/evandrojunior\/#website"},"primaryImageOfPage":{"@id":"https:\/\/www.blogsoestado.com\/evandrojunior\/2022\/08\/17\/prefeito-eduardo-braide-participa-de-entrega-de-cestas-do-programa-alimenta-brasil\/#primaryimage"},"image":{"@id":"https:\/\/www.blogsoestado.com\/evandrojunior\/2022\/08\/17\/prefeito-eduardo-braide-participa-de-entrega-de-cestas-do-programa-alimenta-brasil\/#primaryimage"},"thumbnailUrl":"https:\/\/www.blogsoestado.com\/evandrojunior\/files\/2022\/08\/FOTO1-Prefeito-Eduardo-Braide-participa-de-entrega-de-cestas-do-Programa-Alimenta-Brasil-1024x683.jpeg","datePublished":"2022-08-17T14:38:10+00:00","author":{"@id":"https:\/\/www.blogsoestado.com\/evandrojunior\/#\/schema\/person\/3e6c3d8dbb740d1c6878ebc935cfb3be"},"breadcrumb":{"@id":"https:\/\/www.blogsoestado.com\/evandrojunior\/2022\/08\/17\/prefeito-eduardo-braide-participa-de-entrega-de-cestas-do-programa-alimenta-brasil\/#breadcrumb"},"inLanguage":"pt-BR","potentialAction":[{"@type":"ReadAction","target":["https:\/\/www.blogsoestado.com\/evandrojunior\/2022\/08\/17\/prefeito-eduardo-braide-participa-de-entrega-de-cestas-do-programa-alimenta-brasil\/"]}]},{"@type":"ImageObject","inLanguage":"pt-BR","@id":"https:\/\/www.blogsoestado.com\/evandrojunior\/2022\/08\/17\/prefeito-eduardo-braide-participa-de-entrega-de-cestas-do-programa-alimenta-brasil\/#primaryimage","url":"https:\/\/www.blogsoestado.com\/evandrojunior\/files\/2022\/08\/FOTO1-Prefeito-Eduardo-Braide-participa-de-entrega-de-cestas-do-Programa-Alimenta-Brasil-1024x683.jpeg","contentUrl":"https:\/\/www.blogsoestado.com\/evandrojunior\/files\/2022\/08\/FOTO1-Prefeito-Eduardo-Braide-participa-de-entrega-de-cestas-do-Programa-Alimenta-Brasil-1024x683.jpeg"},{"@type":"BreadcrumbList","@id":"https:\/\/www.blogsoestado.com\/evandrojunior\/2022\/08\/17\/prefeito-eduardo-braide-participa-de-entrega-de-cestas-do-programa-alimenta-brasil\/#breadcrumb","itemListElement":[{"@type":"ListItem","position":1,"name":"In\u00edcio","item":"https:\/\/www.blogsoestado.com\/evandrojunior\/"},{"@type":"ListItem","position":2,"name":"Prefeito Eduardo Braide participa de entrega de cestas do Programa Alimenta Brasil"}]},{"@type":"WebSite","@id":"https:\/\/www.blogsoestado.com\/evandrojunior\/#website","url":"https:\/\/www.blogsoestado.com\/evandrojunior\/","name":"Evandro Junior","description":"","potentialAction":[{"@type":"SearchAction","target":{"@type":"EntryPoint","urlTemplate":"https:\/\/www.blogsoestado.com\/evandrojunior\/?s={search_term_string}"},"query-input":{"@type":"PropertyValueSpecification","valueRequired":true,"valueName":"search_term_string"}}],"inLanguage":"pt-BR"},{"@type":"Person","@id":"https:\/\/www.blogsoestado.com\/evandrojunior\/#\/schema\/person\/3e6c3d8dbb740d1c6878ebc935cfb3be","name":"Evandro Junior","image":{"@type":"ImageObject","inLanguage":"pt-BR","@id":"https:\/\/www.blogsoestado.com\/evandrojunior\/#\/schema\/person\/image\/","url":"https:\/\/secure.gravatar.com\/avatar\/f80a03a2294a580cd2318bfb459bf354cfa8be661ef3d95b542cf9a04af8d129?s=96&d=mm&r=g","contentUrl":"https:\/\/secure.gravatar.com\/avatar\/f80a03a2294a580cd2318bfb459bf354cfa8be661ef3d95b542cf9a04af8d129?s=96&d=mm&r=g","caption":"Evandro Junior"},"url":"https:\/\/www.blogsoestado.com\/evandrojunior\/author\/evandrojunior\/"}]}},"jetpack_featured_media_url":"","_links":{"self":[{"href":"https:\/\/www.blogsoestado.com\/evandrojunior\/wp-json\/wp\/v2\/posts\/7076","targetHints":{"allow":["GET"]}}],"collection":[{"href":"https:\/\/www.blogsoestado.com\/evandrojunior\/wp-json\/wp\/v2\/posts"}],"about":[{"href":"https:\/\/www.blogsoestado.com\/evandrojunior\/wp-json\/wp\/v2\/types\/post"}],"author":[{"embeddable":true,"href":"https:\/\/www.blogsoestado.com\/evandrojunior\/wp-json\/wp\/v2\/users\/4"}],"replies":[{"embeddable":true,"href":"https:\/\/www.blogsoestado.com\/evandrojunior\/wp-json\/wp\/v2\/comments?post=7076"}],"version-history":[{"count":0,"href":"https:\/\/www.blogsoestado.com\/evandrojunior\/wp-json\/wp\/v2\/posts\/7076\/revisions"}],"wp:attachment":[{"href":"https:\/\/www.blogsoestado.com\/evandrojunior\/wp-json\/wp\/v2\/media?parent=7076"}],"wp:term":[{"taxonomy":"category","embeddable":true,"href":"https:\/\/www.blogsoestado.com\/evandrojunior\/wp-json\/wp\/v2\/categories?post=7076"},{"taxonomy":"post_tag","embeddable":true,"href":"https:\/\/www.blogsoestado.com\/evandrojunior\/wp-json\/wp\/v2\/tags?post=7076"}],"curies":[{"name":"wp","href":"https:\/\/api.w.org\/{rel}","templated":true}]}}