{"id":7174,"date":"2022-08-26T16:18:32","date_gmt":"2022-08-26T19:18:32","guid":{"rendered":"https:\/\/www.blogsoestado.com\/evandrojunior\/?p=7174"},"modified":"2022-08-26T16:18:32","modified_gmt":"2022-08-26T19:18:32","slug":"seminario-internacional-na-undb-discutira-temas-relevantes-da-area-do-direito","status":"publish","type":"post","link":"https:\/\/www.blogsoestado.com\/evandrojunior\/2022\/08\/26\/seminario-internacional-na-undb-discutira-temas-relevantes-da-area-do-direito\/","title":{"rendered":"Semin\u00e1rio internacional na UNDB discutir\u00e1 temas relevantes da \u00e1rea do Direito"},"content":{"rendered":"\n<div class=\"wp-block-image\"><figure class=\"aligncenter size-large is-resized\"><img fetchpriority=\"high\" decoding=\"async\" src=\"https:\/\/www.blogsoestado.com\/evandrojunior\/files\/2022\/08\/Dr-Marco-Olivetti.jpg\" alt=\"\" class=\"wp-image-7175\" width=\"532\" height=\"383\"\/><figcaption>Prof. Dr.\u00a0Marco Olivetti, da Universidade Lumsa de Roma, participar\u00e1 do evento<\/figcaption><\/figure><\/div>\n\n\n\n<p><strong>S\u00e3o Lu\u00eds <\/strong>&#8211; Destacados nomes do Direito Internacional estar\u00e3o reunidos em S\u00e3o Lu\u00eds. O Programa de Mestrado Interdisciplinar em Direito do Centro Universit\u00e1rio UNDB, em parceria com a PUC\/RS, promover\u00e1 o I Semin\u00e1rio Internacional de Direito, Inova\u00e7\u00e3o e Pol\u00edticas P\u00fablicas nos dias 1o e 2 de setembro (quinta e sexta-feira), das 14h \u00e0s 20h.<\/p>\n\n\n\n<p>O evento presencial acontecer\u00e1 no Audit\u00f3rio Dom Bosco Exponencial, na Avenida Colares Moreira, no Renascen\u00e7a II, voltado a estudantes de gradua\u00e7\u00e3o e p\u00f3s-gradua\u00e7\u00e3o, bem como profissionais e professores do Direito.<\/p>\n\n\n\n<div class=\"wp-block-image\"><figure class=\"aligncenter size-large is-resized\"><img decoding=\"async\" src=\"https:\/\/www.blogsoestado.com\/evandrojunior\/files\/2022\/08\/Dr-Jose-Antonio-Montilla.jpg\" alt=\"\" class=\"wp-image-7176\" width=\"573\" height=\"354\"\/><figcaption>Prof. Dr. Jos\u00e9 Antonio Montilla Martos, da Universidade de Granada \/ Espanha, tamb\u00e9m ministrar\u00e1 palestra<\/figcaption><\/figure><\/div>\n\n\n\n<p>Contando com renomados juristas e docentes do Direito do Brasil, Portugal, It\u00e1lia e Espanha, o Semin\u00e1rio ter\u00e1 como foco promover discuss\u00f5es e reflex\u00f5es sobre alguns dos temas mais importantes e impactantes da atualidade, entre eles, direitos fundamentais no contexto da pandemia, pol\u00edticas de privacidade e vigil\u00e2ncia no ambiente digital, liberdade de express\u00e3o na internet e discursos de \u00f3dio e fake news.<\/p>\n\n\n\n<div class=\"wp-block-image\"><figure class=\"aligncenter size-large is-resized\"><img decoding=\"async\" src=\"https:\/\/www.blogsoestado.com\/evandrojunior\/files\/2022\/08\/Dr-Ingo-Sarlet-1024x683.png\" alt=\"\" class=\"wp-image-7177\" width=\"605\" height=\"403\"\/><figcaption>Prof. Dr. Ingo Sarlet al\u00e9m de palestrante, tamb\u00e9m est\u00e1 na coordena\u00e7\u00e3o acad\u00eamica do evento<\/figcaption><\/figure><\/div>\n\n\n\n<p>Entre os palestrantes internacionais est\u00e3o nomes como Dr. Carlos Blanco de Morais, da Universidade de Lisboa; Dra. Vera L\u00facia Raposo e Dr. Paulo Mota Into, ambos da Universidade de Coimbra; Dr. Marco Olivetti, da Universidade Lumsa de Roma e Dr. Jos\u00e9 Antonio Montilla Martos, da Universidade de Granada \/ Espanha. <\/p>\n\n\n\n<div class=\"wp-block-image\"><figure class=\"aligncenter size-large is-resized\"><img loading=\"lazy\" decoding=\"async\" src=\"https:\/\/www.blogsoestado.com\/evandrojunior\/files\/2022\/08\/Dra-Vera-Lucia-Raposo.jpg\" alt=\"\" class=\"wp-image-7178\" width=\"369\" height=\"556\"\/><figcaption>Profa. Dra. Vera L\u00facia Raposo, da Universidade de Coimbra (Portugal), vai falar sobre privacidade e vigil\u00e2ncia no mundo digital<\/figcaption><\/figure><\/div>\n\n\n\n<p>Do Brasil participam o desembargador Ney Bello; Prof. Ingo Sarlet e Prof. Eug\u00eanio Facchini (PUC RS), al\u00e9m das professoras da UNDB Amanda Thom\u00e9 e Heloisa Medeiros.<\/p>\n\n\n\n<p>As inscri\u00e7\u00f5es podem ser feitas de forma digital pela plataforma\u00a0<a href=\"http:\/\/sympla.com.br\/undb\" target=\"_blank\" rel=\"noreferrer noopener\">sympla.com.br\/undb<\/a>. <\/p>\n","protected":false},"excerpt":{"rendered":"<p>S\u00e3o Lu\u00eds &#8211; Destacados nomes do Direito Internacional estar\u00e3o reunidos em S\u00e3o Lu\u00eds. O Programa de Mestrado Interdisciplinar em Direito [&hellip;]<\/p>\n","protected":false},"author":4,"featured_media":0,"comment_status":"open","ping_status":"open","sticky":false,"template":"","format":"standard","meta":{"site-sidebar-layout":"default","site-content-layout":"","ast-site-content-layout":"default","site-content-style":"default","site-sidebar-style":"default","ast-global-header-display":"","ast-banner-title-visibility":"","ast-main-header-display":"","ast-hfb-above-header-display":"","ast-hfb-below-header-display":"","ast-hfb-mobile-header-display":"","site-post-title":"","ast-breadcrumbs-content":"","ast-featured-img":"","footer-sml-layout":"","ast-disable-related-posts":"","theme-transparent-header-meta":"","adv-header-id-meta":"","stick-header-meta":"","header-above-stick-meta":"","header-main-stick-meta":"","header-below-stick-meta":"","astra-migrate-meta-layouts":"default","ast-page-background-enabled":"default","ast-page-background-meta":{"desktop":{"background-color":"var(--ast-global-color-5)","background-image":"","background-repeat":"repeat","background-position":"center center","background-size":"auto","background-attachment":"scroll","background-type":"","background-media":"","overlay-type":"","overlay-color":"","overlay-opacity":"","overlay-gradient":""},"tablet":{"background-color":"","background-image":"","background-repeat":"repeat","background-position":"center center","background-size":"auto","background-attachment":"scroll","background-type":"","background-media":"","overlay-type":"","overlay-color":"","overlay-opacity":"","overlay-gradient":""},"mobile":{"background-color":"","background-image":"","background-repeat":"repeat","background-position":"center center","background-size":"auto","background-attachment":"scroll","background-type":"","background-media":"","overlay-type":"","overlay-color":"","overlay-opacity":"","overlay-gradient":""}},"ast-content-background-meta":{"desktop":{"background-color":"var(--ast-global-color-4)","background-image":"","background-repeat":"repeat","background-position":"center center","background-size":"auto","background-attachment":"scroll","background-type":"","background-media":"","overlay-type":"","overlay-color":"","overlay-opacity":"","overlay-gradient":""},"tablet":{"background-color":"var(--ast-global-color-4)","background-image":"","background-repeat":"repeat","background-position":"center center","background-size":"auto","background-attachment":"scroll","background-type":"","background-media":"","overlay-type":"","overlay-color":"","overlay-opacity":"","overlay-gradient":""},"mobile":{"background-color":"var(--ast-global-color-4)","background-image":"","background-repeat":"repeat","background-position":"center center","background-size":"auto","background-attachment":"scroll","background-type":"","background-media":"","overlay-type":"","overlay-color":"","overlay-opacity":"","overlay-gradient":""}},"footnotes":""},"categories":[1],"tags":[],"class_list":["post-7174","post","type-post","status-publish","format-standard","hentry","category-sem-categoria"],"yoast_head":"<!-- This site is optimized with the Yoast SEO plugin v26.6 - https:\/\/yoast.com\/wordpress\/plugins\/seo\/ -->\n<title>Semin\u00e1rio internacional na UNDB discutir\u00e1 temas relevantes da \u00e1rea do Direito - Evandro Junior<\/title>\n<meta name=\"robots\" content=\"index, follow, max-snippet:-1, max-image-preview:large, max-video-preview:-1\" \/>\n<link rel=\"canonical\" href=\"https:\/\/www.blogsoestado.com\/evandrojunior\/2022\/08\/26\/seminario-internacional-na-undb-discutira-temas-relevantes-da-area-do-direito\/\" \/>\n<meta property=\"og:locale\" content=\"pt_BR\" \/>\n<meta property=\"og:type\" content=\"article\" \/>\n<meta property=\"og:title\" content=\"Semin\u00e1rio internacional na UNDB discutir\u00e1 temas relevantes da \u00e1rea do Direito - Evandro Junior\" \/>\n<meta property=\"og:description\" content=\"S\u00e3o Lu\u00eds &#8211; Destacados nomes do Direito Internacional estar\u00e3o reunidos em S\u00e3o Lu\u00eds. O Programa de Mestrado Interdisciplinar em Direito [&hellip;]\" \/>\n<meta property=\"og:url\" content=\"https:\/\/www.blogsoestado.com\/evandrojunior\/2022\/08\/26\/seminario-internacional-na-undb-discutira-temas-relevantes-da-area-do-direito\/\" \/>\n<meta property=\"og:site_name\" content=\"Evandro Junior\" \/>\n<meta property=\"article:published_time\" content=\"2022-08-26T19:18:32+00:00\" \/>\n<meta property=\"og:image\" content=\"https:\/\/www.blogsoestado.com\/evandrojunior\/files\/2022\/08\/Dr-Marco-Olivetti.jpg\" \/>\n<meta name=\"author\" content=\"Evandro Junior\" \/>\n<meta name=\"twitter:card\" content=\"summary_large_image\" \/>\n<meta name=\"twitter:label1\" content=\"Escrito por\" \/>\n\t<meta name=\"twitter:data1\" content=\"Evandro Junior\" \/>\n\t<meta name=\"twitter:label2\" content=\"Est. tempo de leitura\" \/>\n\t<meta name=\"twitter:data2\" content=\"3 minutos\" \/>\n<script type=\"application\/ld+json\" class=\"yoast-schema-graph\">{\"@context\":\"https:\/\/schema.org\",\"@graph\":[{\"@type\":\"WebPage\",\"@id\":\"https:\/\/www.blogsoestado.com\/evandrojunior\/2022\/08\/26\/seminario-internacional-na-undb-discutira-temas-relevantes-da-area-do-direito\/\",\"url\":\"https:\/\/www.blogsoestado.com\/evandrojunior\/2022\/08\/26\/seminario-internacional-na-undb-discutira-temas-relevantes-da-area-do-direito\/\",\"name\":\"Semin\u00e1rio internacional na UNDB discutir\u00e1 temas relevantes da \u00e1rea do Direito - Evandro Junior\",\"isPartOf\":{\"@id\":\"https:\/\/www.blogsoestado.com\/evandrojunior\/#website\"},\"primaryImageOfPage\":{\"@id\":\"https:\/\/www.blogsoestado.com\/evandrojunior\/2022\/08\/26\/seminario-internacional-na-undb-discutira-temas-relevantes-da-area-do-direito\/#primaryimage\"},\"image\":{\"@id\":\"https:\/\/www.blogsoestado.com\/evandrojunior\/2022\/08\/26\/seminario-internacional-na-undb-discutira-temas-relevantes-da-area-do-direito\/#primaryimage\"},\"thumbnailUrl\":\"https:\/\/www.blogsoestado.com\/evandrojunior\/files\/2022\/08\/Dr-Marco-Olivetti.jpg\",\"datePublished\":\"2022-08-26T19:18:32+00:00\",\"author\":{\"@id\":\"https:\/\/www.blogsoestado.com\/evandrojunior\/#\/schema\/person\/3e6c3d8dbb740d1c6878ebc935cfb3be\"},\"breadcrumb\":{\"@id\":\"https:\/\/www.blogsoestado.com\/evandrojunior\/2022\/08\/26\/seminario-internacional-na-undb-discutira-temas-relevantes-da-area-do-direito\/#breadcrumb\"},\"inLanguage\":\"pt-BR\",\"potentialAction\":[{\"@type\":\"ReadAction\",\"target\":[\"https:\/\/www.blogsoestado.com\/evandrojunior\/2022\/08\/26\/seminario-internacional-na-undb-discutira-temas-relevantes-da-area-do-direito\/\"]}]},{\"@type\":\"ImageObject\",\"inLanguage\":\"pt-BR\",\"@id\":\"https:\/\/www.blogsoestado.com\/evandrojunior\/2022\/08\/26\/seminario-internacional-na-undb-discutira-temas-relevantes-da-area-do-direito\/#primaryimage\",\"url\":\"https:\/\/www.blogsoestado.com\/evandrojunior\/files\/2022\/08\/Dr-Marco-Olivetti.jpg\",\"contentUrl\":\"https:\/\/www.blogsoestado.com\/evandrojunior\/files\/2022\/08\/Dr-Marco-Olivetti.jpg\"},{\"@type\":\"BreadcrumbList\",\"@id\":\"https:\/\/www.blogsoestado.com\/evandrojunior\/2022\/08\/26\/seminario-internacional-na-undb-discutira-temas-relevantes-da-area-do-direito\/#breadcrumb\",\"itemListElement\":[{\"@type\":\"ListItem\",\"position\":1,\"name\":\"In\u00edcio\",\"item\":\"https:\/\/www.blogsoestado.com\/evandrojunior\/\"},{\"@type\":\"ListItem\",\"position\":2,\"name\":\"Semin\u00e1rio internacional na UNDB discutir\u00e1 temas relevantes da \u00e1rea do Direito\"}]},{\"@type\":\"WebSite\",\"@id\":\"https:\/\/www.blogsoestado.com\/evandrojunior\/#website\",\"url\":\"https:\/\/www.blogsoestado.com\/evandrojunior\/\",\"name\":\"Evandro Junior\",\"description\":\"\",\"potentialAction\":[{\"@type\":\"SearchAction\",\"target\":{\"@type\":\"EntryPoint\",\"urlTemplate\":\"https:\/\/www.blogsoestado.com\/evandrojunior\/?s={search_term_string}\"},\"query-input\":{\"@type\":\"PropertyValueSpecification\",\"valueRequired\":true,\"valueName\":\"search_term_string\"}}],\"inLanguage\":\"pt-BR\"},{\"@type\":\"Person\",\"@id\":\"https:\/\/www.blogsoestado.com\/evandrojunior\/#\/schema\/person\/3e6c3d8dbb740d1c6878ebc935cfb3be\",\"name\":\"Evandro Junior\",\"image\":{\"@type\":\"ImageObject\",\"inLanguage\":\"pt-BR\",\"@id\":\"https:\/\/www.blogsoestado.com\/evandrojunior\/#\/schema\/person\/image\/\",\"url\":\"https:\/\/secure.gravatar.com\/avatar\/f80a03a2294a580cd2318bfb459bf354cfa8be661ef3d95b542cf9a04af8d129?s=96&d=mm&r=g\",\"contentUrl\":\"https:\/\/secure.gravatar.com\/avatar\/f80a03a2294a580cd2318bfb459bf354cfa8be661ef3d95b542cf9a04af8d129?s=96&d=mm&r=g\",\"caption\":\"Evandro Junior\"},\"url\":\"https:\/\/www.blogsoestado.com\/evandrojunior\/author\/evandrojunior\/\"}]}<\/script>\n<!-- \/ Yoast SEO plugin. -->","yoast_head_json":{"title":"Semin\u00e1rio internacional na UNDB discutir\u00e1 temas relevantes da \u00e1rea do Direito - Evandro Junior","robots":{"index":"index","follow":"follow","max-snippet":"max-snippet:-1","max-image-preview":"max-image-preview:large","max-video-preview":"max-video-preview:-1"},"canonical":"https:\/\/www.blogsoestado.com\/evandrojunior\/2022\/08\/26\/seminario-internacional-na-undb-discutira-temas-relevantes-da-area-do-direito\/","og_locale":"pt_BR","og_type":"article","og_title":"Semin\u00e1rio internacional na UNDB discutir\u00e1 temas relevantes da \u00e1rea do Direito - Evandro Junior","og_description":"S\u00e3o Lu\u00eds &#8211; Destacados nomes do Direito Internacional estar\u00e3o reunidos em S\u00e3o Lu\u00eds. O Programa de Mestrado Interdisciplinar em Direito [&hellip;]","og_url":"https:\/\/www.blogsoestado.com\/evandrojunior\/2022\/08\/26\/seminario-internacional-na-undb-discutira-temas-relevantes-da-area-do-direito\/","og_site_name":"Evandro Junior","article_published_time":"2022-08-26T19:18:32+00:00","og_image":[{"url":"https:\/\/www.blogsoestado.com\/evandrojunior\/files\/2022\/08\/Dr-Marco-Olivetti.jpg","type":"","width":"","height":""}],"author":"Evandro Junior","twitter_card":"summary_large_image","twitter_misc":{"Escrito por":"Evandro Junior","Est. tempo de leitura":"3 minutos"},"schema":{"@context":"https:\/\/schema.org","@graph":[{"@type":"WebPage","@id":"https:\/\/www.blogsoestado.com\/evandrojunior\/2022\/08\/26\/seminario-internacional-na-undb-discutira-temas-relevantes-da-area-do-direito\/","url":"https:\/\/www.blogsoestado.com\/evandrojunior\/2022\/08\/26\/seminario-internacional-na-undb-discutira-temas-relevantes-da-area-do-direito\/","name":"Semin\u00e1rio internacional na UNDB discutir\u00e1 temas relevantes da \u00e1rea do Direito - Evandro Junior","isPartOf":{"@id":"https:\/\/www.blogsoestado.com\/evandrojunior\/#website"},"primaryImageOfPage":{"@id":"https:\/\/www.blogsoestado.com\/evandrojunior\/2022\/08\/26\/seminario-internacional-na-undb-discutira-temas-relevantes-da-area-do-direito\/#primaryimage"},"image":{"@id":"https:\/\/www.blogsoestado.com\/evandrojunior\/2022\/08\/26\/seminario-internacional-na-undb-discutira-temas-relevantes-da-area-do-direito\/#primaryimage"},"thumbnailUrl":"https:\/\/www.blogsoestado.com\/evandrojunior\/files\/2022\/08\/Dr-Marco-Olivetti.jpg","datePublished":"2022-08-26T19:18:32+00:00","author":{"@id":"https:\/\/www.blogsoestado.com\/evandrojunior\/#\/schema\/person\/3e6c3d8dbb740d1c6878ebc935cfb3be"},"breadcrumb":{"@id":"https:\/\/www.blogsoestado.com\/evandrojunior\/2022\/08\/26\/seminario-internacional-na-undb-discutira-temas-relevantes-da-area-do-direito\/#breadcrumb"},"inLanguage":"pt-BR","potentialAction":[{"@type":"ReadAction","target":["https:\/\/www.blogsoestado.com\/evandrojunior\/2022\/08\/26\/seminario-internacional-na-undb-discutira-temas-relevantes-da-area-do-direito\/"]}]},{"@type":"ImageObject","inLanguage":"pt-BR","@id":"https:\/\/www.blogsoestado.com\/evandrojunior\/2022\/08\/26\/seminario-internacional-na-undb-discutira-temas-relevantes-da-area-do-direito\/#primaryimage","url":"https:\/\/www.blogsoestado.com\/evandrojunior\/files\/2022\/08\/Dr-Marco-Olivetti.jpg","contentUrl":"https:\/\/www.blogsoestado.com\/evandrojunior\/files\/2022\/08\/Dr-Marco-Olivetti.jpg"},{"@type":"BreadcrumbList","@id":"https:\/\/www.blogsoestado.com\/evandrojunior\/2022\/08\/26\/seminario-internacional-na-undb-discutira-temas-relevantes-da-area-do-direito\/#breadcrumb","itemListElement":[{"@type":"ListItem","position":1,"name":"In\u00edcio","item":"https:\/\/www.blogsoestado.com\/evandrojunior\/"},{"@type":"ListItem","position":2,"name":"Semin\u00e1rio internacional na UNDB discutir\u00e1 temas relevantes da \u00e1rea do Direito"}]},{"@type":"WebSite","@id":"https:\/\/www.blogsoestado.com\/evandrojunior\/#website","url":"https:\/\/www.blogsoestado.com\/evandrojunior\/","name":"Evandro Junior","description":"","potentialAction":[{"@type":"SearchAction","target":{"@type":"EntryPoint","urlTemplate":"https:\/\/www.blogsoestado.com\/evandrojunior\/?s={search_term_string}"},"query-input":{"@type":"PropertyValueSpecification","valueRequired":true,"valueName":"search_term_string"}}],"inLanguage":"pt-BR"},{"@type":"Person","@id":"https:\/\/www.blogsoestado.com\/evandrojunior\/#\/schema\/person\/3e6c3d8dbb740d1c6878ebc935cfb3be","name":"Evandro Junior","image":{"@type":"ImageObject","inLanguage":"pt-BR","@id":"https:\/\/www.blogsoestado.com\/evandrojunior\/#\/schema\/person\/image\/","url":"https:\/\/secure.gravatar.com\/avatar\/f80a03a2294a580cd2318bfb459bf354cfa8be661ef3d95b542cf9a04af8d129?s=96&d=mm&r=g","contentUrl":"https:\/\/secure.gravatar.com\/avatar\/f80a03a2294a580cd2318bfb459bf354cfa8be661ef3d95b542cf9a04af8d129?s=96&d=mm&r=g","caption":"Evandro Junior"},"url":"https:\/\/www.blogsoestado.com\/evandrojunior\/author\/evandrojunior\/"}]}},"jetpack_featured_media_url":"","_links":{"self":[{"href":"https:\/\/www.blogsoestado.com\/evandrojunior\/wp-json\/wp\/v2\/posts\/7174","targetHints":{"allow":["GET"]}}],"collection":[{"href":"https:\/\/www.blogsoestado.com\/evandrojunior\/wp-json\/wp\/v2\/posts"}],"about":[{"href":"https:\/\/www.blogsoestado.com\/evandrojunior\/wp-json\/wp\/v2\/types\/post"}],"author":[{"embeddable":true,"href":"https:\/\/www.blogsoestado.com\/evandrojunior\/wp-json\/wp\/v2\/users\/4"}],"replies":[{"embeddable":true,"href":"https:\/\/www.blogsoestado.com\/evandrojunior\/wp-json\/wp\/v2\/comments?post=7174"}],"version-history":[{"count":0,"href":"https:\/\/www.blogsoestado.com\/evandrojunior\/wp-json\/wp\/v2\/posts\/7174\/revisions"}],"wp:attachment":[{"href":"https:\/\/www.blogsoestado.com\/evandrojunior\/wp-json\/wp\/v2\/media?parent=7174"}],"wp:term":[{"taxonomy":"category","embeddable":true,"href":"https:\/\/www.blogsoestado.com\/evandrojunior\/wp-json\/wp\/v2\/categories?post=7174"},{"taxonomy":"post_tag","embeddable":true,"href":"https:\/\/www.blogsoestado.com\/evandrojunior\/wp-json\/wp\/v2\/tags?post=7174"}],"curies":[{"name":"wp","href":"https:\/\/api.w.org\/{rel}","templated":true}]}}