{"id":7186,"date":"2022-08-29T11:47:13","date_gmt":"2022-08-29T14:47:13","guid":{"rendered":"https:\/\/www.blogsoestado.com\/evandrojunior\/?p=7186"},"modified":"2022-08-29T11:47:13","modified_gmt":"2022-08-29T14:47:13","slug":"cronica-de-jose-fernandes-um-prisioneiro-predestinado","status":"publish","type":"post","link":"https:\/\/www.blogsoestado.com\/evandrojunior\/2022\/08\/29\/cronica-de-jose-fernandes-um-prisioneiro-predestinado\/","title":{"rendered":"Cr\u00f4nica de Jos\u00e9 Fernandes: &#8220;Um prisioneiro predestinado&#8221;"},"content":{"rendered":"\n<div class=\"wp-block-image\"><figure class=\"aligncenter size-large is-resized\"><img fetchpriority=\"high\" decoding=\"async\" src=\"https:\/\/www.blogsoestado.com\/evandrojunior\/files\/2022\/08\/Silverio-1024x576.jpg\" alt=\"\" class=\"wp-image-7187\" width=\"566\" height=\"318\"\/><figcaption>Quando ocorre um fato excepcional, Cam\u00f5es diria que \u201cum valor mais alto se alevanta\u201d<\/figcaption><\/figure><\/div>\n\n\n\n<p><strong>S\u00e3o Lu\u00eds<\/strong> &#8211; S\u00c3O LU\u00cdS do Maranh\u00e3o \u00e9 uma terra de muitas hist\u00f3rias, algumas incr\u00edveis, imprevis\u00edveis e surpreendentes; outras, de import\u00e2ncia menor, mas, muitas vezes, divulgadas com estardalha\u00e7o, como a que li, n\u00e3o faz muito, sobre o fato de o traidor da Inconfid\u00eancia Mineira, Silv\u00e9rio dos Reis, haver sido enterrado e desenterrado no interior de uma das nossas velhas igrejas \u2013 assunto que, acredito, nada acrescenta \u00e0 nossa historiografia, de vez que o dito cujo, abjurado pela mem\u00f3ria nacional, n\u00e3o manteve nenhum elo com a gleba maranhense.<\/p>\n\n\n\n<p>Entretanto, existem fatos que merecem mais repercuss\u00e3o, pela hilaridade, imprevisibilidade, ou at\u00e9 por irem de encontro \u00e0 razoabilidade, ao bom senso e \u00e0 l\u00f3gica, ou por causarem simples curiosidade; outros, mesmo relegados a um segundo plano, podem se tornar relevantes caso sejam divulgados satisfatoriamente.<\/p>\n\n\n\n<p>Nesse sentido, \u00e9 plaus\u00edvel contar-se alguns fatos quase desconhecidos, mas que s\u00e3o relevantes, porque fazem parte da nossa hist\u00f3ria, como este:<\/p>\n\n\n\n<p>Ainda no in\u00edcio do s\u00e9culo XX, Paz de Amorim, um sargento do Ex\u00e9rcito, imp\u00f5e-se como chefe militar da Revolu\u00e7\u00e3o de 1930, no Maranh\u00e3o. Destituiu o major Luso Torres do comando do 24\u00b0BC e o prendeu; deixou-o no c\u00e1rcere sob a guarda de dois sentinelas, arrombou uma farm\u00e1cia, no centro da cidade, e comprou duas aspirinas para aquele seu prisioneiro, porque este se queixara de um resfriado.<\/p>\n\n\n\n<p>Esse fato estranho teve esta sequ\u00eancia: poucos dias depois, o mesmo major deposto e preso como opositor da Revolu\u00e7\u00e3o, foi retirado do xadrez pelos que o prenderam, levado ao Pal\u00e1cio dos Le\u00f5es e empossado, pelos pr\u00f3prios algozes, com honras e pompas, como interventor do Maranh\u00e3o.<\/p>\n\n\n\n<p>Para resumir, na menor express\u00e3o poss\u00edvel, apenas esse lance, adianto que esse comandante do 24 BC, que foi preso, foi, tamb\u00e9m, deputado e prefeito de S\u00e3o Lu\u00eds \u2013 considerado o melhor prefeito de seu tempo, que comandou v\u00e1rias corpora\u00e7\u00f5es militares pelo Brasil inteiro e, nos intervalos dos seus per\u00edodos de deputado, prefeito e interventor federal, foi um adepto das doutrinas Positivista e Ma\u00e7\u00f4nica, benfeitor de uma entidade filantr\u00f3pica, membro da Academia Maranhense de Letras, e das Academias de Letras de S\u00e3o Paulo e do Rio Grande do Sul e de outras institui\u00e7\u00f5es de cultura liter\u00e1ria e cient\u00edfica, e, ainda, entre outros afazeres, foi um dos maiores jornalistas e poetas do Maranh\u00e3o, antes mesmo de ser, por merecimento, promovido a general de Brigada.<\/p>\n\n\n\n<p>Dito isso, este humilde cronista que vos \u201cfala\u201d, agora se transveste em publicit\u00e1rio, e pede licen\u00e7a para comunicar ao respeit\u00e1vel p\u00fablico que brevemente estar\u00e1 lan\u00e7ando uma obra biogr\u00e1fica que retrata a saga desse ilustre literato, honrado militar e homem p\u00fablico, parcialmente perfilado acima, desconhecido de quase todos os seus conterr\u00e2neos, principalmente das novas gera\u00e7\u00f5es.<\/p>\n\n\n\n<p>Esse meu personagem ser\u00e1 pormenorizadamente identificado no livro que se chamar\u00e1 <em>Luso Torres, General, Escritor e Estadista,<\/em> que rememora, com fidelidade, a vida e a obra desse modelar representante, no seu tempo, da \u00e9tica e da cultura maranhense, e deslinda os incr\u00edveis bastidores da mais pac\u00edfica revolu\u00e7\u00e3o vivida neste Estado.<\/p>\n\n\n\n<p>Cabe uma observa\u00e7\u00e3o: esse livro deve ser lido, preferencialmente, por gente identificada com as letras e com as artes, ou por pessoas que valorizam trabalhos altru\u00edstas, praticados, sem alarde, por pessoas simplesmente dignas.<\/p>\n","protected":false},"excerpt":{"rendered":"<p>S\u00e3o Lu\u00eds &#8211; S\u00c3O LU\u00cdS do Maranh\u00e3o \u00e9 uma terra de muitas hist\u00f3rias, algumas incr\u00edveis, imprevis\u00edveis e surpreendentes; outras, de [&hellip;]<\/p>\n","protected":false},"author":4,"featured_media":0,"comment_status":"open","ping_status":"open","sticky":false,"template":"","format":"standard","meta":{"site-sidebar-layout":"default","site-content-layout":"","ast-site-content-layout":"default","site-content-style":"default","site-sidebar-style":"default","ast-global-header-display":"","ast-banner-title-visibility":"","ast-main-header-display":"","ast-hfb-above-header-display":"","ast-hfb-below-header-display":"","ast-hfb-mobile-header-display":"","site-post-title":"","ast-breadcrumbs-content":"","ast-featured-img":"","footer-sml-layout":"","ast-disable-related-posts":"","theme-transparent-header-meta":"","adv-header-id-meta":"","stick-header-meta":"","header-above-stick-meta":"","header-main-stick-meta":"","header-below-stick-meta":"","astra-migrate-meta-layouts":"default","ast-page-background-enabled":"default","ast-page-background-meta":{"desktop":{"background-color":"var(--ast-global-color-5)","background-image":"","background-repeat":"repeat","background-position":"center center","background-size":"auto","background-attachment":"scroll","background-type":"","background-media":"","overlay-type":"","overlay-color":"","overlay-opacity":"","overlay-gradient":""},"tablet":{"background-color":"","background-image":"","background-repeat":"repeat","background-position":"center center","background-size":"auto","background-attachment":"scroll","background-type":"","background-media":"","overlay-type":"","overlay-color":"","overlay-opacity":"","overlay-gradient":""},"mobile":{"background-color":"","background-image":"","background-repeat":"repeat","background-position":"center center","background-size":"auto","background-attachment":"scroll","background-type":"","background-media":"","overlay-type":"","overlay-color":"","overlay-opacity":"","overlay-gradient":""}},"ast-content-background-meta":{"desktop":{"background-color":"var(--ast-global-color-4)","background-image":"","background-repeat":"repeat","background-position":"center center","background-size":"auto","background-attachment":"scroll","background-type":"","background-media":"","overlay-type":"","overlay-color":"","overlay-opacity":"","overlay-gradient":""},"tablet":{"background-color":"var(--ast-global-color-4)","background-image":"","background-repeat":"repeat","background-position":"center center","background-size":"auto","background-attachment":"scroll","background-type":"","background-media":"","overlay-type":"","overlay-color":"","overlay-opacity":"","overlay-gradient":""},"mobile":{"background-color":"var(--ast-global-color-4)","background-image":"","background-repeat":"repeat","background-position":"center center","background-size":"auto","background-attachment":"scroll","background-type":"","background-media":"","overlay-type":"","overlay-color":"","overlay-opacity":"","overlay-gradient":""}},"footnotes":""},"categories":[1],"tags":[],"class_list":["post-7186","post","type-post","status-publish","format-standard","hentry","category-sem-categoria"],"yoast_head":"<!-- This site is optimized with the Yoast SEO plugin v26.6 - https:\/\/yoast.com\/wordpress\/plugins\/seo\/ -->\n<title>Cr\u00f4nica de Jos\u00e9 Fernandes: &quot;Um prisioneiro predestinado&quot; - Evandro Junior<\/title>\n<meta name=\"robots\" content=\"index, follow, max-snippet:-1, max-image-preview:large, max-video-preview:-1\" \/>\n<link rel=\"canonical\" href=\"https:\/\/www.blogsoestado.com\/evandrojunior\/2022\/08\/29\/cronica-de-jose-fernandes-um-prisioneiro-predestinado\/\" \/>\n<meta property=\"og:locale\" content=\"pt_BR\" \/>\n<meta property=\"og:type\" content=\"article\" \/>\n<meta property=\"og:title\" content=\"Cr\u00f4nica de Jos\u00e9 Fernandes: &quot;Um prisioneiro predestinado&quot; - Evandro Junior\" \/>\n<meta property=\"og:description\" content=\"S\u00e3o Lu\u00eds &#8211; S\u00c3O LU\u00cdS do Maranh\u00e3o \u00e9 uma terra de muitas hist\u00f3rias, algumas incr\u00edveis, imprevis\u00edveis e surpreendentes; outras, de [&hellip;]\" \/>\n<meta property=\"og:url\" content=\"https:\/\/www.blogsoestado.com\/evandrojunior\/2022\/08\/29\/cronica-de-jose-fernandes-um-prisioneiro-predestinado\/\" \/>\n<meta property=\"og:site_name\" content=\"Evandro Junior\" \/>\n<meta property=\"article:published_time\" content=\"2022-08-29T14:47:13+00:00\" \/>\n<meta property=\"og:image\" content=\"https:\/\/www.blogsoestado.com\/evandrojunior\/files\/2022\/08\/Silverio-1024x576.jpg\" \/>\n<meta name=\"author\" content=\"Evandro Junior\" \/>\n<meta name=\"twitter:card\" content=\"summary_large_image\" \/>\n<meta name=\"twitter:label1\" content=\"Escrito por\" \/>\n\t<meta name=\"twitter:data1\" content=\"Evandro Junior\" \/>\n\t<meta name=\"twitter:label2\" content=\"Est. tempo de leitura\" \/>\n\t<meta name=\"twitter:data2\" content=\"3 minutos\" \/>\n<script type=\"application\/ld+json\" class=\"yoast-schema-graph\">{\"@context\":\"https:\/\/schema.org\",\"@graph\":[{\"@type\":\"WebPage\",\"@id\":\"https:\/\/www.blogsoestado.com\/evandrojunior\/2022\/08\/29\/cronica-de-jose-fernandes-um-prisioneiro-predestinado\/\",\"url\":\"https:\/\/www.blogsoestado.com\/evandrojunior\/2022\/08\/29\/cronica-de-jose-fernandes-um-prisioneiro-predestinado\/\",\"name\":\"Cr\u00f4nica de Jos\u00e9 Fernandes: \\\"Um prisioneiro predestinado\\\" - Evandro Junior\",\"isPartOf\":{\"@id\":\"https:\/\/www.blogsoestado.com\/evandrojunior\/#website\"},\"primaryImageOfPage\":{\"@id\":\"https:\/\/www.blogsoestado.com\/evandrojunior\/2022\/08\/29\/cronica-de-jose-fernandes-um-prisioneiro-predestinado\/#primaryimage\"},\"image\":{\"@id\":\"https:\/\/www.blogsoestado.com\/evandrojunior\/2022\/08\/29\/cronica-de-jose-fernandes-um-prisioneiro-predestinado\/#primaryimage\"},\"thumbnailUrl\":\"https:\/\/www.blogsoestado.com\/evandrojunior\/files\/2022\/08\/Silverio-1024x576.jpg\",\"datePublished\":\"2022-08-29T14:47:13+00:00\",\"author\":{\"@id\":\"https:\/\/www.blogsoestado.com\/evandrojunior\/#\/schema\/person\/3e6c3d8dbb740d1c6878ebc935cfb3be\"},\"breadcrumb\":{\"@id\":\"https:\/\/www.blogsoestado.com\/evandrojunior\/2022\/08\/29\/cronica-de-jose-fernandes-um-prisioneiro-predestinado\/#breadcrumb\"},\"inLanguage\":\"pt-BR\",\"potentialAction\":[{\"@type\":\"ReadAction\",\"target\":[\"https:\/\/www.blogsoestado.com\/evandrojunior\/2022\/08\/29\/cronica-de-jose-fernandes-um-prisioneiro-predestinado\/\"]}]},{\"@type\":\"ImageObject\",\"inLanguage\":\"pt-BR\",\"@id\":\"https:\/\/www.blogsoestado.com\/evandrojunior\/2022\/08\/29\/cronica-de-jose-fernandes-um-prisioneiro-predestinado\/#primaryimage\",\"url\":\"https:\/\/www.blogsoestado.com\/evandrojunior\/files\/2022\/08\/Silverio-1024x576.jpg\",\"contentUrl\":\"https:\/\/www.blogsoestado.com\/evandrojunior\/files\/2022\/08\/Silverio-1024x576.jpg\"},{\"@type\":\"BreadcrumbList\",\"@id\":\"https:\/\/www.blogsoestado.com\/evandrojunior\/2022\/08\/29\/cronica-de-jose-fernandes-um-prisioneiro-predestinado\/#breadcrumb\",\"itemListElement\":[{\"@type\":\"ListItem\",\"position\":1,\"name\":\"In\u00edcio\",\"item\":\"https:\/\/www.blogsoestado.com\/evandrojunior\/\"},{\"@type\":\"ListItem\",\"position\":2,\"name\":\"Cr\u00f4nica de Jos\u00e9 Fernandes: &#8220;Um prisioneiro predestinado&#8221;\"}]},{\"@type\":\"WebSite\",\"@id\":\"https:\/\/www.blogsoestado.com\/evandrojunior\/#website\",\"url\":\"https:\/\/www.blogsoestado.com\/evandrojunior\/\",\"name\":\"Evandro Junior\",\"description\":\"\",\"potentialAction\":[{\"@type\":\"SearchAction\",\"target\":{\"@type\":\"EntryPoint\",\"urlTemplate\":\"https:\/\/www.blogsoestado.com\/evandrojunior\/?s={search_term_string}\"},\"query-input\":{\"@type\":\"PropertyValueSpecification\",\"valueRequired\":true,\"valueName\":\"search_term_string\"}}],\"inLanguage\":\"pt-BR\"},{\"@type\":\"Person\",\"@id\":\"https:\/\/www.blogsoestado.com\/evandrojunior\/#\/schema\/person\/3e6c3d8dbb740d1c6878ebc935cfb3be\",\"name\":\"Evandro Junior\",\"image\":{\"@type\":\"ImageObject\",\"inLanguage\":\"pt-BR\",\"@id\":\"https:\/\/www.blogsoestado.com\/evandrojunior\/#\/schema\/person\/image\/\",\"url\":\"https:\/\/secure.gravatar.com\/avatar\/f80a03a2294a580cd2318bfb459bf354cfa8be661ef3d95b542cf9a04af8d129?s=96&d=mm&r=g\",\"contentUrl\":\"https:\/\/secure.gravatar.com\/avatar\/f80a03a2294a580cd2318bfb459bf354cfa8be661ef3d95b542cf9a04af8d129?s=96&d=mm&r=g\",\"caption\":\"Evandro Junior\"},\"url\":\"https:\/\/www.blogsoestado.com\/evandrojunior\/author\/evandrojunior\/\"}]}<\/script>\n<!-- \/ Yoast SEO plugin. -->","yoast_head_json":{"title":"Cr\u00f4nica de Jos\u00e9 Fernandes: \"Um prisioneiro predestinado\" - Evandro Junior","robots":{"index":"index","follow":"follow","max-snippet":"max-snippet:-1","max-image-preview":"max-image-preview:large","max-video-preview":"max-video-preview:-1"},"canonical":"https:\/\/www.blogsoestado.com\/evandrojunior\/2022\/08\/29\/cronica-de-jose-fernandes-um-prisioneiro-predestinado\/","og_locale":"pt_BR","og_type":"article","og_title":"Cr\u00f4nica de Jos\u00e9 Fernandes: \"Um prisioneiro predestinado\" - Evandro Junior","og_description":"S\u00e3o Lu\u00eds &#8211; S\u00c3O LU\u00cdS do Maranh\u00e3o \u00e9 uma terra de muitas hist\u00f3rias, algumas incr\u00edveis, imprevis\u00edveis e surpreendentes; outras, de [&hellip;]","og_url":"https:\/\/www.blogsoestado.com\/evandrojunior\/2022\/08\/29\/cronica-de-jose-fernandes-um-prisioneiro-predestinado\/","og_site_name":"Evandro Junior","article_published_time":"2022-08-29T14:47:13+00:00","og_image":[{"url":"https:\/\/www.blogsoestado.com\/evandrojunior\/files\/2022\/08\/Silverio-1024x576.jpg","type":"","width":"","height":""}],"author":"Evandro Junior","twitter_card":"summary_large_image","twitter_misc":{"Escrito por":"Evandro Junior","Est. tempo de leitura":"3 minutos"},"schema":{"@context":"https:\/\/schema.org","@graph":[{"@type":"WebPage","@id":"https:\/\/www.blogsoestado.com\/evandrojunior\/2022\/08\/29\/cronica-de-jose-fernandes-um-prisioneiro-predestinado\/","url":"https:\/\/www.blogsoestado.com\/evandrojunior\/2022\/08\/29\/cronica-de-jose-fernandes-um-prisioneiro-predestinado\/","name":"Cr\u00f4nica de Jos\u00e9 Fernandes: \"Um prisioneiro predestinado\" - Evandro Junior","isPartOf":{"@id":"https:\/\/www.blogsoestado.com\/evandrojunior\/#website"},"primaryImageOfPage":{"@id":"https:\/\/www.blogsoestado.com\/evandrojunior\/2022\/08\/29\/cronica-de-jose-fernandes-um-prisioneiro-predestinado\/#primaryimage"},"image":{"@id":"https:\/\/www.blogsoestado.com\/evandrojunior\/2022\/08\/29\/cronica-de-jose-fernandes-um-prisioneiro-predestinado\/#primaryimage"},"thumbnailUrl":"https:\/\/www.blogsoestado.com\/evandrojunior\/files\/2022\/08\/Silverio-1024x576.jpg","datePublished":"2022-08-29T14:47:13+00:00","author":{"@id":"https:\/\/www.blogsoestado.com\/evandrojunior\/#\/schema\/person\/3e6c3d8dbb740d1c6878ebc935cfb3be"},"breadcrumb":{"@id":"https:\/\/www.blogsoestado.com\/evandrojunior\/2022\/08\/29\/cronica-de-jose-fernandes-um-prisioneiro-predestinado\/#breadcrumb"},"inLanguage":"pt-BR","potentialAction":[{"@type":"ReadAction","target":["https:\/\/www.blogsoestado.com\/evandrojunior\/2022\/08\/29\/cronica-de-jose-fernandes-um-prisioneiro-predestinado\/"]}]},{"@type":"ImageObject","inLanguage":"pt-BR","@id":"https:\/\/www.blogsoestado.com\/evandrojunior\/2022\/08\/29\/cronica-de-jose-fernandes-um-prisioneiro-predestinado\/#primaryimage","url":"https:\/\/www.blogsoestado.com\/evandrojunior\/files\/2022\/08\/Silverio-1024x576.jpg","contentUrl":"https:\/\/www.blogsoestado.com\/evandrojunior\/files\/2022\/08\/Silverio-1024x576.jpg"},{"@type":"BreadcrumbList","@id":"https:\/\/www.blogsoestado.com\/evandrojunior\/2022\/08\/29\/cronica-de-jose-fernandes-um-prisioneiro-predestinado\/#breadcrumb","itemListElement":[{"@type":"ListItem","position":1,"name":"In\u00edcio","item":"https:\/\/www.blogsoestado.com\/evandrojunior\/"},{"@type":"ListItem","position":2,"name":"Cr\u00f4nica de Jos\u00e9 Fernandes: &#8220;Um prisioneiro predestinado&#8221;"}]},{"@type":"WebSite","@id":"https:\/\/www.blogsoestado.com\/evandrojunior\/#website","url":"https:\/\/www.blogsoestado.com\/evandrojunior\/","name":"Evandro Junior","description":"","potentialAction":[{"@type":"SearchAction","target":{"@type":"EntryPoint","urlTemplate":"https:\/\/www.blogsoestado.com\/evandrojunior\/?s={search_term_string}"},"query-input":{"@type":"PropertyValueSpecification","valueRequired":true,"valueName":"search_term_string"}}],"inLanguage":"pt-BR"},{"@type":"Person","@id":"https:\/\/www.blogsoestado.com\/evandrojunior\/#\/schema\/person\/3e6c3d8dbb740d1c6878ebc935cfb3be","name":"Evandro Junior","image":{"@type":"ImageObject","inLanguage":"pt-BR","@id":"https:\/\/www.blogsoestado.com\/evandrojunior\/#\/schema\/person\/image\/","url":"https:\/\/secure.gravatar.com\/avatar\/f80a03a2294a580cd2318bfb459bf354cfa8be661ef3d95b542cf9a04af8d129?s=96&d=mm&r=g","contentUrl":"https:\/\/secure.gravatar.com\/avatar\/f80a03a2294a580cd2318bfb459bf354cfa8be661ef3d95b542cf9a04af8d129?s=96&d=mm&r=g","caption":"Evandro Junior"},"url":"https:\/\/www.blogsoestado.com\/evandrojunior\/author\/evandrojunior\/"}]}},"jetpack_featured_media_url":"","_links":{"self":[{"href":"https:\/\/www.blogsoestado.com\/evandrojunior\/wp-json\/wp\/v2\/posts\/7186","targetHints":{"allow":["GET"]}}],"collection":[{"href":"https:\/\/www.blogsoestado.com\/evandrojunior\/wp-json\/wp\/v2\/posts"}],"about":[{"href":"https:\/\/www.blogsoestado.com\/evandrojunior\/wp-json\/wp\/v2\/types\/post"}],"author":[{"embeddable":true,"href":"https:\/\/www.blogsoestado.com\/evandrojunior\/wp-json\/wp\/v2\/users\/4"}],"replies":[{"embeddable":true,"href":"https:\/\/www.blogsoestado.com\/evandrojunior\/wp-json\/wp\/v2\/comments?post=7186"}],"version-history":[{"count":0,"href":"https:\/\/www.blogsoestado.com\/evandrojunior\/wp-json\/wp\/v2\/posts\/7186\/revisions"}],"wp:attachment":[{"href":"https:\/\/www.blogsoestado.com\/evandrojunior\/wp-json\/wp\/v2\/media?parent=7186"}],"wp:term":[{"taxonomy":"category","embeddable":true,"href":"https:\/\/www.blogsoestado.com\/evandrojunior\/wp-json\/wp\/v2\/categories?post=7186"},{"taxonomy":"post_tag","embeddable":true,"href":"https:\/\/www.blogsoestado.com\/evandrojunior\/wp-json\/wp\/v2\/tags?post=7186"}],"curies":[{"name":"wp","href":"https:\/\/api.w.org\/{rel}","templated":true}]}}