{"id":7201,"date":"2022-08-30T10:40:00","date_gmt":"2022-08-30T13:40:00","guid":{"rendered":"https:\/\/www.blogsoestado.com\/evandrojunior\/?p=7201"},"modified":"2022-08-30T10:40:00","modified_gmt":"2022-08-30T13:40:00","slug":"nos-tambem-temos-o-direito-de-ser-felizes-com-quem-amamos-diz-transexual-apos-casamento-realizado-sabado-em-sao-luis","status":"publish","type":"post","link":"https:\/\/www.blogsoestado.com\/evandrojunior\/2022\/08\/30\/nos-tambem-temos-o-direito-de-ser-felizes-com-quem-amamos-diz-transexual-apos-casamento-realizado-sabado-em-sao-luis\/","title":{"rendered":"&#8220;N\u00f3s tamb\u00e9m temos o direito de ser felizes com quem amamos&#8221;, diz transexual ap\u00f3s casamento realizado s\u00e1bado em S\u00e3o Lu\u00eds"},"content":{"rendered":"\n<div class=\"wp-block-image\"><figure class=\"aligncenter size-large is-resized\"><img fetchpriority=\"high\" decoding=\"async\" src=\"https:\/\/www.blogsoestado.com\/evandrojunior\/files\/2022\/08\/WhatsApp-Image-2022-08-30-at-10.37.14-1-682x1024.jpeg\" alt=\"\" class=\"wp-image-7202\" width=\"426\" height=\"639\"\/><figcaption>Jo\u00e3o Victor e Ra\u00edssa Mendon\u00e7a se casaram no \u00faltimo s\u00e1bado<\/figcaption><\/figure><\/div>\n\n\n\n<p><strong>S\u00e3o Lu\u00eds <\/strong>&#8211; O n\u00famero de casamentos entre pessoas do mesmo sexo cresce em progress\u00e3o geom\u00e9trica no mundo. Vem ganhando espa\u00e7o nos \u00faltimos anos e \u00e9 permitido em pelo menos 30 pa\u00edses. O primeiro a reconhecer esse tipo de uni\u00e3o foi a Holanda, em 2001. E, ano a ano, a lista s\u00f3 aumenta.  <\/p>\n\n\n\n<p>Na semana passada, mais um casal disse &#8220;sim&#8221; em S\u00e3o Lu\u00eds. Foi a vez de Ra\u00edssa Mendon\u00e7a e Jo\u00e3o Victor Silva Pereira. Eles se casaram no s\u00e1bado (27), na Casa FloreSer Maranh\u00e3o, no munic\u00edpio de S\u00e3o Jos\u00e9 de Ribamar. A cerim\u00f4nia foi conduzida pelo padre Luiz Carlos.<\/p>\n\n\n\n<div class=\"wp-block-image\"><figure class=\"aligncenter size-large is-resized\"><img decoding=\"async\" src=\"https:\/\/www.blogsoestado.com\/evandrojunior\/files\/2022\/08\/WhatsApp-Image-2022-08-30-at-10.37.14-1024x682.jpeg\" alt=\"\" class=\"wp-image-7203\" width=\"516\" height=\"344\"\/><figcaption>Momento da troca de alian\u00e7as<\/figcaption><\/figure><\/div>\n\n\n\n<p>A FloreSer, onde o casamento ocorreu, \u00e9 uma entidade que acolhe pessoas da popula\u00e7\u00e3o LGBTQIA+ em situa\u00e7\u00e3o de vulnerabilidade social e que foi criada pela transexual como uma das a\u00e7\u00f5es concretas do Instituto Ra\u00edssa Mendon\u00e7a. <\/p>\n\n\n\n<p>A psic\u00f3loga realizava um de seus maiores sonhos e dividiu a felicidade com familiares e amigos. &#8220;N\u00f3s tamb\u00e9m temos o direito de ser felizes com quem amamos e n\u00e3o podemos deixar que a esperan\u00e7a morra dentro de n\u00f3s. \u00c9 preciso lutar e realizar&#8221;, disse ela, que concorre a uma vaga a deputada federal nas elei\u00e7\u00f5es deste ano.<\/p>\n\n\n\n<p>Ra\u00edssa Mendon\u00e7a aproveitou a ocasi\u00e3o para frisar que defender\u00e1 com unhas e dentes o direito da popula\u00e7\u00e3o LGBTQIA+ em Bras\u00edlia. &#8221; Vamos alterar o que n\u00e3o est\u00e1 nos agradando. N\u00f3s queremos pertencimento. Fazer parte da historia deste pais e n\u00e3o de suas estat\u00edsticas negativas&#8221;, enfatizou.<\/p>\n\n\n\n<p><\/p>\n\n\n\n<p><\/p>\n\n\n\n<blockquote class=\"wp-block-quote is-layout-flow wp-block-quote-is-layout-flow\"><p><\/p><\/blockquote>\n\n\n\n<p><\/p>\n","protected":false},"excerpt":{"rendered":"<p>S\u00e3o Lu\u00eds &#8211; O n\u00famero de casamentos entre pessoas do mesmo sexo cresce em progress\u00e3o geom\u00e9trica no mundo. Vem ganhando [&hellip;]<\/p>\n","protected":false},"author":4,"featured_media":0,"comment_status":"open","ping_status":"open","sticky":false,"template":"","format":"standard","meta":{"site-sidebar-layout":"default","site-content-layout":"","ast-site-content-layout":"default","site-content-style":"default","site-sidebar-style":"default","ast-global-header-display":"","ast-banner-title-visibility":"","ast-main-header-display":"","ast-hfb-above-header-display":"","ast-hfb-below-header-display":"","ast-hfb-mobile-header-display":"","site-post-title":"","ast-breadcrumbs-content":"","ast-featured-img":"","footer-sml-layout":"","ast-disable-related-posts":"","theme-transparent-header-meta":"","adv-header-id-meta":"","stick-header-meta":"","header-above-stick-meta":"","header-main-stick-meta":"","header-below-stick-meta":"","astra-migrate-meta-layouts":"default","ast-page-background-enabled":"default","ast-page-background-meta":{"desktop":{"background-color":"var(--ast-global-color-5)","background-image":"","background-repeat":"repeat","background-position":"center center","background-size":"auto","background-attachment":"scroll","background-type":"","background-media":"","overlay-type":"","overlay-color":"","overlay-opacity":"","overlay-gradient":""},"tablet":{"background-color":"","background-image":"","background-repeat":"repeat","background-position":"center center","background-size":"auto","background-attachment":"scroll","background-type":"","background-media":"","overlay-type":"","overlay-color":"","overlay-opacity":"","overlay-gradient":""},"mobile":{"background-color":"","background-image":"","background-repeat":"repeat","background-position":"center center","background-size":"auto","background-attachment":"scroll","background-type":"","background-media":"","overlay-type":"","overlay-color":"","overlay-opacity":"","overlay-gradient":""}},"ast-content-background-meta":{"desktop":{"background-color":"var(--ast-global-color-4)","background-image":"","background-repeat":"repeat","background-position":"center center","background-size":"auto","background-attachment":"scroll","background-type":"","background-media":"","overlay-type":"","overlay-color":"","overlay-opacity":"","overlay-gradient":""},"tablet":{"background-color":"var(--ast-global-color-4)","background-image":"","background-repeat":"repeat","background-position":"center center","background-size":"auto","background-attachment":"scroll","background-type":"","background-media":"","overlay-type":"","overlay-color":"","overlay-opacity":"","overlay-gradient":""},"mobile":{"background-color":"var(--ast-global-color-4)","background-image":"","background-repeat":"repeat","background-position":"center center","background-size":"auto","background-attachment":"scroll","background-type":"","background-media":"","overlay-type":"","overlay-color":"","overlay-opacity":"","overlay-gradient":""}},"footnotes":""},"categories":[1],"tags":[],"class_list":["post-7201","post","type-post","status-publish","format-standard","hentry","category-sem-categoria"],"yoast_head":"<!-- This site is optimized with the Yoast SEO plugin v26.6 - https:\/\/yoast.com\/wordpress\/plugins\/seo\/ -->\n<title>&quot;N\u00f3s tamb\u00e9m temos o direito de ser felizes com quem amamos&quot;, diz transexual ap\u00f3s casamento realizado s\u00e1bado em S\u00e3o Lu\u00eds - Evandro Junior<\/title>\n<meta name=\"robots\" content=\"index, follow, max-snippet:-1, max-image-preview:large, max-video-preview:-1\" \/>\n<link rel=\"canonical\" href=\"https:\/\/www.blogsoestado.com\/evandrojunior\/2022\/08\/30\/nos-tambem-temos-o-direito-de-ser-felizes-com-quem-amamos-diz-transexual-apos-casamento-realizado-sabado-em-sao-luis\/\" \/>\n<meta property=\"og:locale\" content=\"pt_BR\" \/>\n<meta property=\"og:type\" content=\"article\" \/>\n<meta property=\"og:title\" content=\"&quot;N\u00f3s tamb\u00e9m temos o direito de ser felizes com quem amamos&quot;, diz transexual ap\u00f3s casamento realizado s\u00e1bado em S\u00e3o Lu\u00eds - Evandro Junior\" \/>\n<meta property=\"og:description\" content=\"S\u00e3o Lu\u00eds &#8211; O n\u00famero de casamentos entre pessoas do mesmo sexo cresce em progress\u00e3o geom\u00e9trica no mundo. Vem ganhando [&hellip;]\" \/>\n<meta property=\"og:url\" content=\"https:\/\/www.blogsoestado.com\/evandrojunior\/2022\/08\/30\/nos-tambem-temos-o-direito-de-ser-felizes-com-quem-amamos-diz-transexual-apos-casamento-realizado-sabado-em-sao-luis\/\" \/>\n<meta property=\"og:site_name\" content=\"Evandro Junior\" \/>\n<meta property=\"article:published_time\" content=\"2022-08-30T13:40:00+00:00\" \/>\n<meta property=\"og:image\" content=\"https:\/\/www.blogsoestado.com\/evandrojunior\/files\/2022\/08\/WhatsApp-Image-2022-08-30-at-10.37.14-1-682x1024.jpeg\" \/>\n<meta name=\"author\" content=\"Evandro Junior\" \/>\n<meta name=\"twitter:card\" content=\"summary_large_image\" \/>\n<meta name=\"twitter:label1\" content=\"Escrito por\" \/>\n\t<meta name=\"twitter:data1\" content=\"Evandro Junior\" \/>\n\t<meta name=\"twitter:label2\" content=\"Est. tempo de leitura\" \/>\n\t<meta name=\"twitter:data2\" content=\"2 minutos\" \/>\n<script type=\"application\/ld+json\" class=\"yoast-schema-graph\">{\"@context\":\"https:\/\/schema.org\",\"@graph\":[{\"@type\":\"WebPage\",\"@id\":\"https:\/\/www.blogsoestado.com\/evandrojunior\/2022\/08\/30\/nos-tambem-temos-o-direito-de-ser-felizes-com-quem-amamos-diz-transexual-apos-casamento-realizado-sabado-em-sao-luis\/\",\"url\":\"https:\/\/www.blogsoestado.com\/evandrojunior\/2022\/08\/30\/nos-tambem-temos-o-direito-de-ser-felizes-com-quem-amamos-diz-transexual-apos-casamento-realizado-sabado-em-sao-luis\/\",\"name\":\"\\\"N\u00f3s tamb\u00e9m temos o direito de ser felizes com quem amamos\\\", diz transexual ap\u00f3s casamento realizado s\u00e1bado em S\u00e3o Lu\u00eds - Evandro Junior\",\"isPartOf\":{\"@id\":\"https:\/\/www.blogsoestado.com\/evandrojunior\/#website\"},\"primaryImageOfPage\":{\"@id\":\"https:\/\/www.blogsoestado.com\/evandrojunior\/2022\/08\/30\/nos-tambem-temos-o-direito-de-ser-felizes-com-quem-amamos-diz-transexual-apos-casamento-realizado-sabado-em-sao-luis\/#primaryimage\"},\"image\":{\"@id\":\"https:\/\/www.blogsoestado.com\/evandrojunior\/2022\/08\/30\/nos-tambem-temos-o-direito-de-ser-felizes-com-quem-amamos-diz-transexual-apos-casamento-realizado-sabado-em-sao-luis\/#primaryimage\"},\"thumbnailUrl\":\"https:\/\/www.blogsoestado.com\/evandrojunior\/files\/2022\/08\/WhatsApp-Image-2022-08-30-at-10.37.14-1-682x1024.jpeg\",\"datePublished\":\"2022-08-30T13:40:00+00:00\",\"author\":{\"@id\":\"https:\/\/www.blogsoestado.com\/evandrojunior\/#\/schema\/person\/3e6c3d8dbb740d1c6878ebc935cfb3be\"},\"breadcrumb\":{\"@id\":\"https:\/\/www.blogsoestado.com\/evandrojunior\/2022\/08\/30\/nos-tambem-temos-o-direito-de-ser-felizes-com-quem-amamos-diz-transexual-apos-casamento-realizado-sabado-em-sao-luis\/#breadcrumb\"},\"inLanguage\":\"pt-BR\",\"potentialAction\":[{\"@type\":\"ReadAction\",\"target\":[\"https:\/\/www.blogsoestado.com\/evandrojunior\/2022\/08\/30\/nos-tambem-temos-o-direito-de-ser-felizes-com-quem-amamos-diz-transexual-apos-casamento-realizado-sabado-em-sao-luis\/\"]}]},{\"@type\":\"ImageObject\",\"inLanguage\":\"pt-BR\",\"@id\":\"https:\/\/www.blogsoestado.com\/evandrojunior\/2022\/08\/30\/nos-tambem-temos-o-direito-de-ser-felizes-com-quem-amamos-diz-transexual-apos-casamento-realizado-sabado-em-sao-luis\/#primaryimage\",\"url\":\"https:\/\/www.blogsoestado.com\/evandrojunior\/files\/2022\/08\/WhatsApp-Image-2022-08-30-at-10.37.14-1-682x1024.jpeg\",\"contentUrl\":\"https:\/\/www.blogsoestado.com\/evandrojunior\/files\/2022\/08\/WhatsApp-Image-2022-08-30-at-10.37.14-1-682x1024.jpeg\"},{\"@type\":\"BreadcrumbList\",\"@id\":\"https:\/\/www.blogsoestado.com\/evandrojunior\/2022\/08\/30\/nos-tambem-temos-o-direito-de-ser-felizes-com-quem-amamos-diz-transexual-apos-casamento-realizado-sabado-em-sao-luis\/#breadcrumb\",\"itemListElement\":[{\"@type\":\"ListItem\",\"position\":1,\"name\":\"In\u00edcio\",\"item\":\"https:\/\/www.blogsoestado.com\/evandrojunior\/\"},{\"@type\":\"ListItem\",\"position\":2,\"name\":\"&#8220;N\u00f3s tamb\u00e9m temos o direito de ser felizes com quem amamos&#8221;, diz transexual ap\u00f3s casamento realizado s\u00e1bado em S\u00e3o Lu\u00eds\"}]},{\"@type\":\"WebSite\",\"@id\":\"https:\/\/www.blogsoestado.com\/evandrojunior\/#website\",\"url\":\"https:\/\/www.blogsoestado.com\/evandrojunior\/\",\"name\":\"Evandro Junior\",\"description\":\"\",\"potentialAction\":[{\"@type\":\"SearchAction\",\"target\":{\"@type\":\"EntryPoint\",\"urlTemplate\":\"https:\/\/www.blogsoestado.com\/evandrojunior\/?s={search_term_string}\"},\"query-input\":{\"@type\":\"PropertyValueSpecification\",\"valueRequired\":true,\"valueName\":\"search_term_string\"}}],\"inLanguage\":\"pt-BR\"},{\"@type\":\"Person\",\"@id\":\"https:\/\/www.blogsoestado.com\/evandrojunior\/#\/schema\/person\/3e6c3d8dbb740d1c6878ebc935cfb3be\",\"name\":\"Evandro Junior\",\"image\":{\"@type\":\"ImageObject\",\"inLanguage\":\"pt-BR\",\"@id\":\"https:\/\/www.blogsoestado.com\/evandrojunior\/#\/schema\/person\/image\/\",\"url\":\"https:\/\/secure.gravatar.com\/avatar\/f80a03a2294a580cd2318bfb459bf354cfa8be661ef3d95b542cf9a04af8d129?s=96&d=mm&r=g\",\"contentUrl\":\"https:\/\/secure.gravatar.com\/avatar\/f80a03a2294a580cd2318bfb459bf354cfa8be661ef3d95b542cf9a04af8d129?s=96&d=mm&r=g\",\"caption\":\"Evandro Junior\"},\"url\":\"https:\/\/www.blogsoestado.com\/evandrojunior\/author\/evandrojunior\/\"}]}<\/script>\n<!-- \/ Yoast SEO plugin. -->","yoast_head_json":{"title":"\"N\u00f3s tamb\u00e9m temos o direito de ser felizes com quem amamos\", diz transexual ap\u00f3s casamento realizado s\u00e1bado em S\u00e3o Lu\u00eds - Evandro Junior","robots":{"index":"index","follow":"follow","max-snippet":"max-snippet:-1","max-image-preview":"max-image-preview:large","max-video-preview":"max-video-preview:-1"},"canonical":"https:\/\/www.blogsoestado.com\/evandrojunior\/2022\/08\/30\/nos-tambem-temos-o-direito-de-ser-felizes-com-quem-amamos-diz-transexual-apos-casamento-realizado-sabado-em-sao-luis\/","og_locale":"pt_BR","og_type":"article","og_title":"\"N\u00f3s tamb\u00e9m temos o direito de ser felizes com quem amamos\", diz transexual ap\u00f3s casamento realizado s\u00e1bado em S\u00e3o Lu\u00eds - Evandro Junior","og_description":"S\u00e3o Lu\u00eds &#8211; O n\u00famero de casamentos entre pessoas do mesmo sexo cresce em progress\u00e3o geom\u00e9trica no mundo. Vem ganhando [&hellip;]","og_url":"https:\/\/www.blogsoestado.com\/evandrojunior\/2022\/08\/30\/nos-tambem-temos-o-direito-de-ser-felizes-com-quem-amamos-diz-transexual-apos-casamento-realizado-sabado-em-sao-luis\/","og_site_name":"Evandro Junior","article_published_time":"2022-08-30T13:40:00+00:00","og_image":[{"url":"https:\/\/www.blogsoestado.com\/evandrojunior\/files\/2022\/08\/WhatsApp-Image-2022-08-30-at-10.37.14-1-682x1024.jpeg","type":"","width":"","height":""}],"author":"Evandro Junior","twitter_card":"summary_large_image","twitter_misc":{"Escrito por":"Evandro Junior","Est. tempo de leitura":"2 minutos"},"schema":{"@context":"https:\/\/schema.org","@graph":[{"@type":"WebPage","@id":"https:\/\/www.blogsoestado.com\/evandrojunior\/2022\/08\/30\/nos-tambem-temos-o-direito-de-ser-felizes-com-quem-amamos-diz-transexual-apos-casamento-realizado-sabado-em-sao-luis\/","url":"https:\/\/www.blogsoestado.com\/evandrojunior\/2022\/08\/30\/nos-tambem-temos-o-direito-de-ser-felizes-com-quem-amamos-diz-transexual-apos-casamento-realizado-sabado-em-sao-luis\/","name":"\"N\u00f3s tamb\u00e9m temos o direito de ser felizes com quem amamos\", diz transexual ap\u00f3s casamento realizado s\u00e1bado em S\u00e3o Lu\u00eds - Evandro Junior","isPartOf":{"@id":"https:\/\/www.blogsoestado.com\/evandrojunior\/#website"},"primaryImageOfPage":{"@id":"https:\/\/www.blogsoestado.com\/evandrojunior\/2022\/08\/30\/nos-tambem-temos-o-direito-de-ser-felizes-com-quem-amamos-diz-transexual-apos-casamento-realizado-sabado-em-sao-luis\/#primaryimage"},"image":{"@id":"https:\/\/www.blogsoestado.com\/evandrojunior\/2022\/08\/30\/nos-tambem-temos-o-direito-de-ser-felizes-com-quem-amamos-diz-transexual-apos-casamento-realizado-sabado-em-sao-luis\/#primaryimage"},"thumbnailUrl":"https:\/\/www.blogsoestado.com\/evandrojunior\/files\/2022\/08\/WhatsApp-Image-2022-08-30-at-10.37.14-1-682x1024.jpeg","datePublished":"2022-08-30T13:40:00+00:00","author":{"@id":"https:\/\/www.blogsoestado.com\/evandrojunior\/#\/schema\/person\/3e6c3d8dbb740d1c6878ebc935cfb3be"},"breadcrumb":{"@id":"https:\/\/www.blogsoestado.com\/evandrojunior\/2022\/08\/30\/nos-tambem-temos-o-direito-de-ser-felizes-com-quem-amamos-diz-transexual-apos-casamento-realizado-sabado-em-sao-luis\/#breadcrumb"},"inLanguage":"pt-BR","potentialAction":[{"@type":"ReadAction","target":["https:\/\/www.blogsoestado.com\/evandrojunior\/2022\/08\/30\/nos-tambem-temos-o-direito-de-ser-felizes-com-quem-amamos-diz-transexual-apos-casamento-realizado-sabado-em-sao-luis\/"]}]},{"@type":"ImageObject","inLanguage":"pt-BR","@id":"https:\/\/www.blogsoestado.com\/evandrojunior\/2022\/08\/30\/nos-tambem-temos-o-direito-de-ser-felizes-com-quem-amamos-diz-transexual-apos-casamento-realizado-sabado-em-sao-luis\/#primaryimage","url":"https:\/\/www.blogsoestado.com\/evandrojunior\/files\/2022\/08\/WhatsApp-Image-2022-08-30-at-10.37.14-1-682x1024.jpeg","contentUrl":"https:\/\/www.blogsoestado.com\/evandrojunior\/files\/2022\/08\/WhatsApp-Image-2022-08-30-at-10.37.14-1-682x1024.jpeg"},{"@type":"BreadcrumbList","@id":"https:\/\/www.blogsoestado.com\/evandrojunior\/2022\/08\/30\/nos-tambem-temos-o-direito-de-ser-felizes-com-quem-amamos-diz-transexual-apos-casamento-realizado-sabado-em-sao-luis\/#breadcrumb","itemListElement":[{"@type":"ListItem","position":1,"name":"In\u00edcio","item":"https:\/\/www.blogsoestado.com\/evandrojunior\/"},{"@type":"ListItem","position":2,"name":"&#8220;N\u00f3s tamb\u00e9m temos o direito de ser felizes com quem amamos&#8221;, diz transexual ap\u00f3s casamento realizado s\u00e1bado em S\u00e3o Lu\u00eds"}]},{"@type":"WebSite","@id":"https:\/\/www.blogsoestado.com\/evandrojunior\/#website","url":"https:\/\/www.blogsoestado.com\/evandrojunior\/","name":"Evandro Junior","description":"","potentialAction":[{"@type":"SearchAction","target":{"@type":"EntryPoint","urlTemplate":"https:\/\/www.blogsoestado.com\/evandrojunior\/?s={search_term_string}"},"query-input":{"@type":"PropertyValueSpecification","valueRequired":true,"valueName":"search_term_string"}}],"inLanguage":"pt-BR"},{"@type":"Person","@id":"https:\/\/www.blogsoestado.com\/evandrojunior\/#\/schema\/person\/3e6c3d8dbb740d1c6878ebc935cfb3be","name":"Evandro Junior","image":{"@type":"ImageObject","inLanguage":"pt-BR","@id":"https:\/\/www.blogsoestado.com\/evandrojunior\/#\/schema\/person\/image\/","url":"https:\/\/secure.gravatar.com\/avatar\/f80a03a2294a580cd2318bfb459bf354cfa8be661ef3d95b542cf9a04af8d129?s=96&d=mm&r=g","contentUrl":"https:\/\/secure.gravatar.com\/avatar\/f80a03a2294a580cd2318bfb459bf354cfa8be661ef3d95b542cf9a04af8d129?s=96&d=mm&r=g","caption":"Evandro Junior"},"url":"https:\/\/www.blogsoestado.com\/evandrojunior\/author\/evandrojunior\/"}]}},"jetpack_featured_media_url":"","_links":{"self":[{"href":"https:\/\/www.blogsoestado.com\/evandrojunior\/wp-json\/wp\/v2\/posts\/7201","targetHints":{"allow":["GET"]}}],"collection":[{"href":"https:\/\/www.blogsoestado.com\/evandrojunior\/wp-json\/wp\/v2\/posts"}],"about":[{"href":"https:\/\/www.blogsoestado.com\/evandrojunior\/wp-json\/wp\/v2\/types\/post"}],"author":[{"embeddable":true,"href":"https:\/\/www.blogsoestado.com\/evandrojunior\/wp-json\/wp\/v2\/users\/4"}],"replies":[{"embeddable":true,"href":"https:\/\/www.blogsoestado.com\/evandrojunior\/wp-json\/wp\/v2\/comments?post=7201"}],"version-history":[{"count":0,"href":"https:\/\/www.blogsoestado.com\/evandrojunior\/wp-json\/wp\/v2\/posts\/7201\/revisions"}],"wp:attachment":[{"href":"https:\/\/www.blogsoestado.com\/evandrojunior\/wp-json\/wp\/v2\/media?parent=7201"}],"wp:term":[{"taxonomy":"category","embeddable":true,"href":"https:\/\/www.blogsoestado.com\/evandrojunior\/wp-json\/wp\/v2\/categories?post=7201"},{"taxonomy":"post_tag","embeddable":true,"href":"https:\/\/www.blogsoestado.com\/evandrojunior\/wp-json\/wp\/v2\/tags?post=7201"}],"curies":[{"name":"wp","href":"https:\/\/api.w.org\/{rel}","templated":true}]}}