{"id":7215,"date":"2022-08-31T11:09:47","date_gmt":"2022-08-31T14:09:47","guid":{"rendered":"https:\/\/www.blogsoestado.com\/evandrojunior\/?p=7215"},"modified":"2022-08-31T11:09:47","modified_gmt":"2022-08-31T14:09:47","slug":"companhia-barrica-participara-de-festival-folclorico-na-espanha","status":"publish","type":"post","link":"https:\/\/www.blogsoestado.com\/evandrojunior\/2022\/08\/31\/companhia-barrica-participara-de-festival-folclorico-na-espanha\/","title":{"rendered":"Companhia Barrica participar\u00e1 de festival folcl\u00f3rico na Espanha"},"content":{"rendered":"\n<div class=\"wp-block-image\"><figure class=\"aligncenter size-large is-resized\"><img fetchpriority=\"high\" decoding=\"async\" src=\"https:\/\/www.blogsoestado.com\/evandrojunior\/files\/2022\/08\/Barrica-1-1024x621.jpg\" alt=\"\" class=\"wp-image-7216\" width=\"573\" height=\"347\"\/><figcaption>Companhia Barrica estar\u00e1 ao lado de destacados grupos folcl\u00f3ricos internacionais<\/figcaption><\/figure><\/div>\n\n\n\n<p>S\u00e3o Lu\u00eds &#8211; A Companhia Barrica retornar\u00e1 \u00e0 Europa para participar das Jornadas Internacionais Folcl\u00f3ricas da Catalunha, em sua quinquag\u00e9sima edi\u00e7\u00e3o, de 2 a 10 de setembro. Um grupo formado por 30 integrantes, entre bailarinos, cantores e produ\u00e7\u00e3o, embarca nesta quarta-feira (31) para v\u00e1rias apresenta\u00e7\u00f5es em solo espanhol. Esta ser\u00e1 a vig\u00e9sima viagem internacional do grupo maranhense. As mais recentes foram para a Hungria e a Su\u00ed\u00e7a, em 2018.<\/p>\n\n\n\n<p>Os talentosos artistas representar\u00e3o o Brasil a convite da Associaci\u00f3 Per La&nbsp;Difusi\u00f3&nbsp;Del Folklore&nbsp;(ADIFOLK).&nbsp;Eles garantiram a participa\u00e7\u00e3o nas jornadas folcl\u00f3ricas por interm\u00e9dio da Federa\u00e7\u00e3o de Festivais Internacionais de Dan\u00e7a (FIDAF Brasil), com sede no Rio Grande do Sul, dirigida pelo produtor cultural R\u00e9gis Bastian. A Federa\u00e7\u00e3o tem sua base mundial na Turquia.<\/p>\n\n\n\n<p>A caravana&nbsp;participar\u00e1&nbsp;do evento com apoio do Instituto Cultural Vale (Lei Federal de Incentivo \u00e0 Cultural), Equatorial Energia (Lei Estadual de Incentivo \u00e0 Cultura), Via Mundo Interc\u00e2mbio e Turismo, UNIHOSP e Prefeitura de S\u00e3o Lu\u00eds.<\/p>\n\n\n\n<p>Segundo Jos\u00e9 Pereira God\u00e3o, diretor art\u00edstico da Companhia Barrica, a viagem estava marcada para 2020, mas n\u00e3o foi concretizada em raz\u00e3o da pandemia do novo coronav\u00edrus. Ele revelou que os 16 bailarinos custearam suas pr\u00f3prias passagens a\u00e9reas, fato que&nbsp;viabilizou a participa\u00e7\u00e3o no evento espanhol.<\/p>\n\n\n\n<p>\u201cComo se trata de um festival que n\u00e3o banca as passagens dos artistas, ficaria muito dif\u00edcil a nossa participa\u00e7\u00e3o caso os bailarinos do Barrica n\u00e3o tivessem tido essa iniciativa. Estamos muito felizes e ansiosos para nos apresentar em um evento de grande visibilidade em toda a Europa. A Catalunha, diga-se de passagem, \u00e9 a capital cultural da Espanha\u201d, frisou God\u00e3o.<\/p>\n\n\n\n<p>A Companhia Barrica estar\u00e1 ao lado de destacados grupos folcl\u00f3ricos internacionais de pa\u00edses como M\u00e9xico, Rom\u00eania, Bulg\u00e1ria e Qu\u00eania, al\u00e9m de diversos outros procedentes de cidades do entorno de Barcelona.<\/p>\n","protected":false},"excerpt":{"rendered":"<p>S\u00e3o Lu\u00eds &#8211; A Companhia Barrica retornar\u00e1 \u00e0 Europa para participar das Jornadas Internacionais Folcl\u00f3ricas da Catalunha, em sua quinquag\u00e9sima [&hellip;]<\/p>\n","protected":false},"author":4,"featured_media":0,"comment_status":"open","ping_status":"open","sticky":false,"template":"","format":"standard","meta":{"site-sidebar-layout":"default","site-content-layout":"","ast-site-content-layout":"default","site-content-style":"default","site-sidebar-style":"default","ast-global-header-display":"","ast-banner-title-visibility":"","ast-main-header-display":"","ast-hfb-above-header-display":"","ast-hfb-below-header-display":"","ast-hfb-mobile-header-display":"","site-post-title":"","ast-breadcrumbs-content":"","ast-featured-img":"","footer-sml-layout":"","ast-disable-related-posts":"","theme-transparent-header-meta":"","adv-header-id-meta":"","stick-header-meta":"","header-above-stick-meta":"","header-main-stick-meta":"","header-below-stick-meta":"","astra-migrate-meta-layouts":"default","ast-page-background-enabled":"default","ast-page-background-meta":{"desktop":{"background-color":"var(--ast-global-color-5)","background-image":"","background-repeat":"repeat","background-position":"center center","background-size":"auto","background-attachment":"scroll","background-type":"","background-media":"","overlay-type":"","overlay-color":"","overlay-opacity":"","overlay-gradient":""},"tablet":{"background-color":"","background-image":"","background-repeat":"repeat","background-position":"center center","background-size":"auto","background-attachment":"scroll","background-type":"","background-media":"","overlay-type":"","overlay-color":"","overlay-opacity":"","overlay-gradient":""},"mobile":{"background-color":"","background-image":"","background-repeat":"repeat","background-position":"center center","background-size":"auto","background-attachment":"scroll","background-type":"","background-media":"","overlay-type":"","overlay-color":"","overlay-opacity":"","overlay-gradient":""}},"ast-content-background-meta":{"desktop":{"background-color":"var(--ast-global-color-4)","background-image":"","background-repeat":"repeat","background-position":"center center","background-size":"auto","background-attachment":"scroll","background-type":"","background-media":"","overlay-type":"","overlay-color":"","overlay-opacity":"","overlay-gradient":""},"tablet":{"background-color":"var(--ast-global-color-4)","background-image":"","background-repeat":"repeat","background-position":"center center","background-size":"auto","background-attachment":"scroll","background-type":"","background-media":"","overlay-type":"","overlay-color":"","overlay-opacity":"","overlay-gradient":""},"mobile":{"background-color":"var(--ast-global-color-4)","background-image":"","background-repeat":"repeat","background-position":"center center","background-size":"auto","background-attachment":"scroll","background-type":"","background-media":"","overlay-type":"","overlay-color":"","overlay-opacity":"","overlay-gradient":""}},"footnotes":""},"categories":[1],"tags":[],"class_list":["post-7215","post","type-post","status-publish","format-standard","hentry","category-sem-categoria"],"yoast_head":"<!-- This site is optimized with the Yoast SEO plugin v26.6 - https:\/\/yoast.com\/wordpress\/plugins\/seo\/ -->\n<title>Companhia Barrica participar\u00e1 de festival folcl\u00f3rico na Espanha - Evandro Junior<\/title>\n<meta name=\"robots\" content=\"index, follow, max-snippet:-1, max-image-preview:large, max-video-preview:-1\" \/>\n<link rel=\"canonical\" href=\"https:\/\/www.blogsoestado.com\/evandrojunior\/2022\/08\/31\/companhia-barrica-participara-de-festival-folclorico-na-espanha\/\" \/>\n<meta property=\"og:locale\" content=\"pt_BR\" \/>\n<meta property=\"og:type\" content=\"article\" \/>\n<meta property=\"og:title\" content=\"Companhia Barrica participar\u00e1 de festival folcl\u00f3rico na Espanha - Evandro Junior\" \/>\n<meta property=\"og:description\" content=\"S\u00e3o Lu\u00eds &#8211; A Companhia Barrica retornar\u00e1 \u00e0 Europa para participar das Jornadas Internacionais Folcl\u00f3ricas da Catalunha, em sua quinquag\u00e9sima [&hellip;]\" \/>\n<meta property=\"og:url\" content=\"https:\/\/www.blogsoestado.com\/evandrojunior\/2022\/08\/31\/companhia-barrica-participara-de-festival-folclorico-na-espanha\/\" \/>\n<meta property=\"og:site_name\" content=\"Evandro Junior\" \/>\n<meta property=\"article:published_time\" content=\"2022-08-31T14:09:47+00:00\" \/>\n<meta property=\"og:image\" content=\"https:\/\/www.blogsoestado.com\/evandrojunior\/files\/2022\/08\/Barrica-1-1024x621.jpg\" \/>\n<meta name=\"author\" content=\"Evandro Junior\" \/>\n<meta name=\"twitter:card\" content=\"summary_large_image\" \/>\n<meta name=\"twitter:label1\" content=\"Escrito por\" \/>\n\t<meta name=\"twitter:data1\" content=\"Evandro Junior\" \/>\n\t<meta name=\"twitter:label2\" content=\"Est. tempo de leitura\" \/>\n\t<meta name=\"twitter:data2\" content=\"2 minutos\" \/>\n<script type=\"application\/ld+json\" class=\"yoast-schema-graph\">{\"@context\":\"https:\/\/schema.org\",\"@graph\":[{\"@type\":\"WebPage\",\"@id\":\"https:\/\/www.blogsoestado.com\/evandrojunior\/2022\/08\/31\/companhia-barrica-participara-de-festival-folclorico-na-espanha\/\",\"url\":\"https:\/\/www.blogsoestado.com\/evandrojunior\/2022\/08\/31\/companhia-barrica-participara-de-festival-folclorico-na-espanha\/\",\"name\":\"Companhia Barrica participar\u00e1 de festival folcl\u00f3rico na Espanha - Evandro Junior\",\"isPartOf\":{\"@id\":\"https:\/\/www.blogsoestado.com\/evandrojunior\/#website\"},\"primaryImageOfPage\":{\"@id\":\"https:\/\/www.blogsoestado.com\/evandrojunior\/2022\/08\/31\/companhia-barrica-participara-de-festival-folclorico-na-espanha\/#primaryimage\"},\"image\":{\"@id\":\"https:\/\/www.blogsoestado.com\/evandrojunior\/2022\/08\/31\/companhia-barrica-participara-de-festival-folclorico-na-espanha\/#primaryimage\"},\"thumbnailUrl\":\"https:\/\/www.blogsoestado.com\/evandrojunior\/files\/2022\/08\/Barrica-1-1024x621.jpg\",\"datePublished\":\"2022-08-31T14:09:47+00:00\",\"author\":{\"@id\":\"https:\/\/www.blogsoestado.com\/evandrojunior\/#\/schema\/person\/3e6c3d8dbb740d1c6878ebc935cfb3be\"},\"breadcrumb\":{\"@id\":\"https:\/\/www.blogsoestado.com\/evandrojunior\/2022\/08\/31\/companhia-barrica-participara-de-festival-folclorico-na-espanha\/#breadcrumb\"},\"inLanguage\":\"pt-BR\",\"potentialAction\":[{\"@type\":\"ReadAction\",\"target\":[\"https:\/\/www.blogsoestado.com\/evandrojunior\/2022\/08\/31\/companhia-barrica-participara-de-festival-folclorico-na-espanha\/\"]}]},{\"@type\":\"ImageObject\",\"inLanguage\":\"pt-BR\",\"@id\":\"https:\/\/www.blogsoestado.com\/evandrojunior\/2022\/08\/31\/companhia-barrica-participara-de-festival-folclorico-na-espanha\/#primaryimage\",\"url\":\"https:\/\/www.blogsoestado.com\/evandrojunior\/files\/2022\/08\/Barrica-1-1024x621.jpg\",\"contentUrl\":\"https:\/\/www.blogsoestado.com\/evandrojunior\/files\/2022\/08\/Barrica-1-1024x621.jpg\"},{\"@type\":\"BreadcrumbList\",\"@id\":\"https:\/\/www.blogsoestado.com\/evandrojunior\/2022\/08\/31\/companhia-barrica-participara-de-festival-folclorico-na-espanha\/#breadcrumb\",\"itemListElement\":[{\"@type\":\"ListItem\",\"position\":1,\"name\":\"In\u00edcio\",\"item\":\"https:\/\/www.blogsoestado.com\/evandrojunior\/\"},{\"@type\":\"ListItem\",\"position\":2,\"name\":\"Companhia Barrica participar\u00e1 de festival folcl\u00f3rico na Espanha\"}]},{\"@type\":\"WebSite\",\"@id\":\"https:\/\/www.blogsoestado.com\/evandrojunior\/#website\",\"url\":\"https:\/\/www.blogsoestado.com\/evandrojunior\/\",\"name\":\"Evandro Junior\",\"description\":\"\",\"potentialAction\":[{\"@type\":\"SearchAction\",\"target\":{\"@type\":\"EntryPoint\",\"urlTemplate\":\"https:\/\/www.blogsoestado.com\/evandrojunior\/?s={search_term_string}\"},\"query-input\":{\"@type\":\"PropertyValueSpecification\",\"valueRequired\":true,\"valueName\":\"search_term_string\"}}],\"inLanguage\":\"pt-BR\"},{\"@type\":\"Person\",\"@id\":\"https:\/\/www.blogsoestado.com\/evandrojunior\/#\/schema\/person\/3e6c3d8dbb740d1c6878ebc935cfb3be\",\"name\":\"Evandro Junior\",\"image\":{\"@type\":\"ImageObject\",\"inLanguage\":\"pt-BR\",\"@id\":\"https:\/\/www.blogsoestado.com\/evandrojunior\/#\/schema\/person\/image\/\",\"url\":\"https:\/\/secure.gravatar.com\/avatar\/f80a03a2294a580cd2318bfb459bf354cfa8be661ef3d95b542cf9a04af8d129?s=96&d=mm&r=g\",\"contentUrl\":\"https:\/\/secure.gravatar.com\/avatar\/f80a03a2294a580cd2318bfb459bf354cfa8be661ef3d95b542cf9a04af8d129?s=96&d=mm&r=g\",\"caption\":\"Evandro Junior\"},\"url\":\"https:\/\/www.blogsoestado.com\/evandrojunior\/author\/evandrojunior\/\"}]}<\/script>\n<!-- \/ Yoast SEO plugin. -->","yoast_head_json":{"title":"Companhia Barrica participar\u00e1 de festival folcl\u00f3rico na Espanha - Evandro Junior","robots":{"index":"index","follow":"follow","max-snippet":"max-snippet:-1","max-image-preview":"max-image-preview:large","max-video-preview":"max-video-preview:-1"},"canonical":"https:\/\/www.blogsoestado.com\/evandrojunior\/2022\/08\/31\/companhia-barrica-participara-de-festival-folclorico-na-espanha\/","og_locale":"pt_BR","og_type":"article","og_title":"Companhia Barrica participar\u00e1 de festival folcl\u00f3rico na Espanha - Evandro Junior","og_description":"S\u00e3o Lu\u00eds &#8211; A Companhia Barrica retornar\u00e1 \u00e0 Europa para participar das Jornadas Internacionais Folcl\u00f3ricas da Catalunha, em sua quinquag\u00e9sima [&hellip;]","og_url":"https:\/\/www.blogsoestado.com\/evandrojunior\/2022\/08\/31\/companhia-barrica-participara-de-festival-folclorico-na-espanha\/","og_site_name":"Evandro Junior","article_published_time":"2022-08-31T14:09:47+00:00","og_image":[{"url":"https:\/\/www.blogsoestado.com\/evandrojunior\/files\/2022\/08\/Barrica-1-1024x621.jpg","type":"","width":"","height":""}],"author":"Evandro Junior","twitter_card":"summary_large_image","twitter_misc":{"Escrito por":"Evandro Junior","Est. tempo de leitura":"2 minutos"},"schema":{"@context":"https:\/\/schema.org","@graph":[{"@type":"WebPage","@id":"https:\/\/www.blogsoestado.com\/evandrojunior\/2022\/08\/31\/companhia-barrica-participara-de-festival-folclorico-na-espanha\/","url":"https:\/\/www.blogsoestado.com\/evandrojunior\/2022\/08\/31\/companhia-barrica-participara-de-festival-folclorico-na-espanha\/","name":"Companhia Barrica participar\u00e1 de festival folcl\u00f3rico na Espanha - Evandro Junior","isPartOf":{"@id":"https:\/\/www.blogsoestado.com\/evandrojunior\/#website"},"primaryImageOfPage":{"@id":"https:\/\/www.blogsoestado.com\/evandrojunior\/2022\/08\/31\/companhia-barrica-participara-de-festival-folclorico-na-espanha\/#primaryimage"},"image":{"@id":"https:\/\/www.blogsoestado.com\/evandrojunior\/2022\/08\/31\/companhia-barrica-participara-de-festival-folclorico-na-espanha\/#primaryimage"},"thumbnailUrl":"https:\/\/www.blogsoestado.com\/evandrojunior\/files\/2022\/08\/Barrica-1-1024x621.jpg","datePublished":"2022-08-31T14:09:47+00:00","author":{"@id":"https:\/\/www.blogsoestado.com\/evandrojunior\/#\/schema\/person\/3e6c3d8dbb740d1c6878ebc935cfb3be"},"breadcrumb":{"@id":"https:\/\/www.blogsoestado.com\/evandrojunior\/2022\/08\/31\/companhia-barrica-participara-de-festival-folclorico-na-espanha\/#breadcrumb"},"inLanguage":"pt-BR","potentialAction":[{"@type":"ReadAction","target":["https:\/\/www.blogsoestado.com\/evandrojunior\/2022\/08\/31\/companhia-barrica-participara-de-festival-folclorico-na-espanha\/"]}]},{"@type":"ImageObject","inLanguage":"pt-BR","@id":"https:\/\/www.blogsoestado.com\/evandrojunior\/2022\/08\/31\/companhia-barrica-participara-de-festival-folclorico-na-espanha\/#primaryimage","url":"https:\/\/www.blogsoestado.com\/evandrojunior\/files\/2022\/08\/Barrica-1-1024x621.jpg","contentUrl":"https:\/\/www.blogsoestado.com\/evandrojunior\/files\/2022\/08\/Barrica-1-1024x621.jpg"},{"@type":"BreadcrumbList","@id":"https:\/\/www.blogsoestado.com\/evandrojunior\/2022\/08\/31\/companhia-barrica-participara-de-festival-folclorico-na-espanha\/#breadcrumb","itemListElement":[{"@type":"ListItem","position":1,"name":"In\u00edcio","item":"https:\/\/www.blogsoestado.com\/evandrojunior\/"},{"@type":"ListItem","position":2,"name":"Companhia Barrica participar\u00e1 de festival folcl\u00f3rico na Espanha"}]},{"@type":"WebSite","@id":"https:\/\/www.blogsoestado.com\/evandrojunior\/#website","url":"https:\/\/www.blogsoestado.com\/evandrojunior\/","name":"Evandro Junior","description":"","potentialAction":[{"@type":"SearchAction","target":{"@type":"EntryPoint","urlTemplate":"https:\/\/www.blogsoestado.com\/evandrojunior\/?s={search_term_string}"},"query-input":{"@type":"PropertyValueSpecification","valueRequired":true,"valueName":"search_term_string"}}],"inLanguage":"pt-BR"},{"@type":"Person","@id":"https:\/\/www.blogsoestado.com\/evandrojunior\/#\/schema\/person\/3e6c3d8dbb740d1c6878ebc935cfb3be","name":"Evandro Junior","image":{"@type":"ImageObject","inLanguage":"pt-BR","@id":"https:\/\/www.blogsoestado.com\/evandrojunior\/#\/schema\/person\/image\/","url":"https:\/\/secure.gravatar.com\/avatar\/f80a03a2294a580cd2318bfb459bf354cfa8be661ef3d95b542cf9a04af8d129?s=96&d=mm&r=g","contentUrl":"https:\/\/secure.gravatar.com\/avatar\/f80a03a2294a580cd2318bfb459bf354cfa8be661ef3d95b542cf9a04af8d129?s=96&d=mm&r=g","caption":"Evandro Junior"},"url":"https:\/\/www.blogsoestado.com\/evandrojunior\/author\/evandrojunior\/"}]}},"jetpack_featured_media_url":"","_links":{"self":[{"href":"https:\/\/www.blogsoestado.com\/evandrojunior\/wp-json\/wp\/v2\/posts\/7215","targetHints":{"allow":["GET"]}}],"collection":[{"href":"https:\/\/www.blogsoestado.com\/evandrojunior\/wp-json\/wp\/v2\/posts"}],"about":[{"href":"https:\/\/www.blogsoestado.com\/evandrojunior\/wp-json\/wp\/v2\/types\/post"}],"author":[{"embeddable":true,"href":"https:\/\/www.blogsoestado.com\/evandrojunior\/wp-json\/wp\/v2\/users\/4"}],"replies":[{"embeddable":true,"href":"https:\/\/www.blogsoestado.com\/evandrojunior\/wp-json\/wp\/v2\/comments?post=7215"}],"version-history":[{"count":0,"href":"https:\/\/www.blogsoestado.com\/evandrojunior\/wp-json\/wp\/v2\/posts\/7215\/revisions"}],"wp:attachment":[{"href":"https:\/\/www.blogsoestado.com\/evandrojunior\/wp-json\/wp\/v2\/media?parent=7215"}],"wp:term":[{"taxonomy":"category","embeddable":true,"href":"https:\/\/www.blogsoestado.com\/evandrojunior\/wp-json\/wp\/v2\/categories?post=7215"},{"taxonomy":"post_tag","embeddable":true,"href":"https:\/\/www.blogsoestado.com\/evandrojunior\/wp-json\/wp\/v2\/tags?post=7215"}],"curies":[{"name":"wp","href":"https:\/\/api.w.org\/{rel}","templated":true}]}}