{"id":7321,"date":"2022-09-16T10:37:44","date_gmt":"2022-09-16T13:37:44","guid":{"rendered":"https:\/\/www.blogsoestado.com\/evandrojunior\/?p=7321"},"modified":"2022-09-16T10:37:44","modified_gmt":"2022-09-16T13:37:44","slug":"encontro-do-moto-clube-dos-bodes-do-asfalto-do-ma-comeca-em-barrreirinhas","status":"publish","type":"post","link":"https:\/\/www.blogsoestado.com\/evandrojunior\/2022\/09\/16\/encontro-do-moto-clube-dos-bodes-do-asfalto-do-ma-comeca-em-barrreirinhas\/","title":{"rendered":"Encontro do Moto Clube dos Bodes do Asfalto do MA come\u00e7a em Barrreirinhas"},"content":{"rendered":"\n<div class=\"wp-block-image\"><figure class=\"aligncenter size-large is-resized\"><img fetchpriority=\"high\" decoding=\"async\" src=\"https:\/\/www.blogsoestado.com\/evandrojunior\/files\/2022\/09\/WhatsApp-Image-2022-09-16-at-09.43.29.jpeg\" alt=\"\" class=\"wp-image-7322\" width=\"528\" height=\"396\"\/><figcaption>Encontro do Moto Clube Bodes do Asfalto do Maranh\u00e3o<\/figcaption><\/figure><\/div>\n\n\n\n<p><strong>S\u00e3o Lu\u00eds <\/strong>&#8211; Come\u00e7a nesta sexta-feira, 16, o primeiro encontro do Moto Clube Bodes do Asfalto do Maranh\u00e3o, um grupo que tem como uma das marcas fortes as a\u00e7\u00f5es sociais. Este encontro acontece em Barreirinhas e, apesar de regional, levou para os Len\u00e7\u00f3is Maranhenses mais de 200 membros de outros moto clubes de 18 estados brasileiros.<\/p>\n\n\n\n<p>Durante o fim de semana, os bodes \u2013 como s\u00e3o chamados \u2013 ir\u00e3o confraternizar com muita m\u00fasica. Dois shows est\u00e3o na programa\u00e7\u00e3o: Panda e Putabend.<\/p>\n\n\n\n<p>A ideia do encontro maranhense \u00e9 habilitar o estado para receber outro encontro: o nacional. Tradicionalmente, a coordena\u00e7\u00e3o nacional dos Bodes do Asfalto se re\u00fanem para definir os locais de realiza\u00e7\u00e3o do encontro anual.<br>Os encontros de 2023 e 2024 j\u00e1 foram definidos. O Maranh\u00e3o quer entrar na disputa para sediar a reuni\u00e3o nacional de 2025.<\/p>\n\n\n\n<p>Para al\u00e9m de um encontro de amigos, os bodes do asfalto de todo o Brasil s\u00e3o tradicionalmente conhecidos pela filantropia. N\u00e3o \u00e9 rara a realiza\u00e7\u00e3o de distribui\u00e7\u00e3o de cestas b\u00e1sicas, roupas e agasalhos \u2013 em regi\u00f5es mais frias do pa\u00eds \u2013 al\u00e9m de ajuda social em caso de cen\u00e1rio desfavor\u00e1vel como foi o da pandemia da Covid-19.<\/p>\n\n\n\n<p>O encontro do Moto Clube dos Bodes do Asfalto acaba neste domingo, 18, deixando aos participantes a experi\u00eancia trocada entre os mais diversos membros do grupo que existe para al\u00e9m das fronteiras brasileiras.<\/p>\n","protected":false},"excerpt":{"rendered":"<p>S\u00e3o Lu\u00eds &#8211; Come\u00e7a nesta sexta-feira, 16, o primeiro encontro do Moto Clube Bodes do Asfalto do Maranh\u00e3o, um grupo [&hellip;]<\/p>\n","protected":false},"author":4,"featured_media":0,"comment_status":"open","ping_status":"open","sticky":false,"template":"","format":"standard","meta":{"site-sidebar-layout":"default","site-content-layout":"","ast-site-content-layout":"default","site-content-style":"default","site-sidebar-style":"default","ast-global-header-display":"","ast-banner-title-visibility":"","ast-main-header-display":"","ast-hfb-above-header-display":"","ast-hfb-below-header-display":"","ast-hfb-mobile-header-display":"","site-post-title":"","ast-breadcrumbs-content":"","ast-featured-img":"","footer-sml-layout":"","ast-disable-related-posts":"","theme-transparent-header-meta":"","adv-header-id-meta":"","stick-header-meta":"","header-above-stick-meta":"","header-main-stick-meta":"","header-below-stick-meta":"","astra-migrate-meta-layouts":"default","ast-page-background-enabled":"default","ast-page-background-meta":{"desktop":{"background-color":"var(--ast-global-color-5)","background-image":"","background-repeat":"repeat","background-position":"center center","background-size":"auto","background-attachment":"scroll","background-type":"","background-media":"","overlay-type":"","overlay-color":"","overlay-opacity":"","overlay-gradient":""},"tablet":{"background-color":"","background-image":"","background-repeat":"repeat","background-position":"center center","background-size":"auto","background-attachment":"scroll","background-type":"","background-media":"","overlay-type":"","overlay-color":"","overlay-opacity":"","overlay-gradient":""},"mobile":{"background-color":"","background-image":"","background-repeat":"repeat","background-position":"center center","background-size":"auto","background-attachment":"scroll","background-type":"","background-media":"","overlay-type":"","overlay-color":"","overlay-opacity":"","overlay-gradient":""}},"ast-content-background-meta":{"desktop":{"background-color":"var(--ast-global-color-4)","background-image":"","background-repeat":"repeat","background-position":"center center","background-size":"auto","background-attachment":"scroll","background-type":"","background-media":"","overlay-type":"","overlay-color":"","overlay-opacity":"","overlay-gradient":""},"tablet":{"background-color":"var(--ast-global-color-4)","background-image":"","background-repeat":"repeat","background-position":"center center","background-size":"auto","background-attachment":"scroll","background-type":"","background-media":"","overlay-type":"","overlay-color":"","overlay-opacity":"","overlay-gradient":""},"mobile":{"background-color":"var(--ast-global-color-4)","background-image":"","background-repeat":"repeat","background-position":"center center","background-size":"auto","background-attachment":"scroll","background-type":"","background-media":"","overlay-type":"","overlay-color":"","overlay-opacity":"","overlay-gradient":""}},"footnotes":""},"categories":[1],"tags":[],"class_list":["post-7321","post","type-post","status-publish","format-standard","hentry","category-sem-categoria"],"yoast_head":"<!-- This site is optimized with the Yoast SEO plugin v26.6 - https:\/\/yoast.com\/wordpress\/plugins\/seo\/ -->\n<title>Encontro do Moto Clube dos Bodes do Asfalto do MA come\u00e7a em Barrreirinhas - Evandro Junior<\/title>\n<meta name=\"robots\" content=\"index, follow, max-snippet:-1, max-image-preview:large, max-video-preview:-1\" \/>\n<link rel=\"canonical\" href=\"https:\/\/www.blogsoestado.com\/evandrojunior\/2022\/09\/16\/encontro-do-moto-clube-dos-bodes-do-asfalto-do-ma-comeca-em-barrreirinhas\/\" \/>\n<meta property=\"og:locale\" content=\"pt_BR\" \/>\n<meta property=\"og:type\" content=\"article\" \/>\n<meta property=\"og:title\" content=\"Encontro do Moto Clube dos Bodes do Asfalto do MA come\u00e7a em Barrreirinhas - Evandro Junior\" \/>\n<meta property=\"og:description\" content=\"S\u00e3o Lu\u00eds &#8211; Come\u00e7a nesta sexta-feira, 16, o primeiro encontro do Moto Clube Bodes do Asfalto do Maranh\u00e3o, um grupo [&hellip;]\" \/>\n<meta property=\"og:url\" content=\"https:\/\/www.blogsoestado.com\/evandrojunior\/2022\/09\/16\/encontro-do-moto-clube-dos-bodes-do-asfalto-do-ma-comeca-em-barrreirinhas\/\" \/>\n<meta property=\"og:site_name\" content=\"Evandro Junior\" \/>\n<meta property=\"article:published_time\" content=\"2022-09-16T13:37:44+00:00\" \/>\n<meta property=\"og:image\" content=\"https:\/\/www.blogsoestado.com\/evandrojunior\/files\/2022\/09\/WhatsApp-Image-2022-09-16-at-09.43.29.jpeg\" \/>\n<meta name=\"author\" content=\"Evandro Junior\" \/>\n<meta name=\"twitter:card\" content=\"summary_large_image\" \/>\n<meta name=\"twitter:label1\" content=\"Escrito por\" \/>\n\t<meta name=\"twitter:data1\" content=\"Evandro Junior\" \/>\n\t<meta name=\"twitter:label2\" content=\"Est. tempo de leitura\" \/>\n\t<meta name=\"twitter:data2\" content=\"2 minutos\" \/>\n<script type=\"application\/ld+json\" class=\"yoast-schema-graph\">{\"@context\":\"https:\/\/schema.org\",\"@graph\":[{\"@type\":\"WebPage\",\"@id\":\"https:\/\/www.blogsoestado.com\/evandrojunior\/2022\/09\/16\/encontro-do-moto-clube-dos-bodes-do-asfalto-do-ma-comeca-em-barrreirinhas\/\",\"url\":\"https:\/\/www.blogsoestado.com\/evandrojunior\/2022\/09\/16\/encontro-do-moto-clube-dos-bodes-do-asfalto-do-ma-comeca-em-barrreirinhas\/\",\"name\":\"Encontro do Moto Clube dos Bodes do Asfalto do MA come\u00e7a em Barrreirinhas - Evandro Junior\",\"isPartOf\":{\"@id\":\"https:\/\/www.blogsoestado.com\/evandrojunior\/#website\"},\"primaryImageOfPage\":{\"@id\":\"https:\/\/www.blogsoestado.com\/evandrojunior\/2022\/09\/16\/encontro-do-moto-clube-dos-bodes-do-asfalto-do-ma-comeca-em-barrreirinhas\/#primaryimage\"},\"image\":{\"@id\":\"https:\/\/www.blogsoestado.com\/evandrojunior\/2022\/09\/16\/encontro-do-moto-clube-dos-bodes-do-asfalto-do-ma-comeca-em-barrreirinhas\/#primaryimage\"},\"thumbnailUrl\":\"https:\/\/www.blogsoestado.com\/evandrojunior\/files\/2022\/09\/WhatsApp-Image-2022-09-16-at-09.43.29.jpeg\",\"datePublished\":\"2022-09-16T13:37:44+00:00\",\"author\":{\"@id\":\"https:\/\/www.blogsoestado.com\/evandrojunior\/#\/schema\/person\/3e6c3d8dbb740d1c6878ebc935cfb3be\"},\"breadcrumb\":{\"@id\":\"https:\/\/www.blogsoestado.com\/evandrojunior\/2022\/09\/16\/encontro-do-moto-clube-dos-bodes-do-asfalto-do-ma-comeca-em-barrreirinhas\/#breadcrumb\"},\"inLanguage\":\"pt-BR\",\"potentialAction\":[{\"@type\":\"ReadAction\",\"target\":[\"https:\/\/www.blogsoestado.com\/evandrojunior\/2022\/09\/16\/encontro-do-moto-clube-dos-bodes-do-asfalto-do-ma-comeca-em-barrreirinhas\/\"]}]},{\"@type\":\"ImageObject\",\"inLanguage\":\"pt-BR\",\"@id\":\"https:\/\/www.blogsoestado.com\/evandrojunior\/2022\/09\/16\/encontro-do-moto-clube-dos-bodes-do-asfalto-do-ma-comeca-em-barrreirinhas\/#primaryimage\",\"url\":\"https:\/\/www.blogsoestado.com\/evandrojunior\/files\/2022\/09\/WhatsApp-Image-2022-09-16-at-09.43.29.jpeg\",\"contentUrl\":\"https:\/\/www.blogsoestado.com\/evandrojunior\/files\/2022\/09\/WhatsApp-Image-2022-09-16-at-09.43.29.jpeg\"},{\"@type\":\"BreadcrumbList\",\"@id\":\"https:\/\/www.blogsoestado.com\/evandrojunior\/2022\/09\/16\/encontro-do-moto-clube-dos-bodes-do-asfalto-do-ma-comeca-em-barrreirinhas\/#breadcrumb\",\"itemListElement\":[{\"@type\":\"ListItem\",\"position\":1,\"name\":\"In\u00edcio\",\"item\":\"https:\/\/www.blogsoestado.com\/evandrojunior\/\"},{\"@type\":\"ListItem\",\"position\":2,\"name\":\"Encontro do Moto Clube dos Bodes do Asfalto do MA come\u00e7a em Barrreirinhas\"}]},{\"@type\":\"WebSite\",\"@id\":\"https:\/\/www.blogsoestado.com\/evandrojunior\/#website\",\"url\":\"https:\/\/www.blogsoestado.com\/evandrojunior\/\",\"name\":\"Evandro Junior\",\"description\":\"\",\"potentialAction\":[{\"@type\":\"SearchAction\",\"target\":{\"@type\":\"EntryPoint\",\"urlTemplate\":\"https:\/\/www.blogsoestado.com\/evandrojunior\/?s={search_term_string}\"},\"query-input\":{\"@type\":\"PropertyValueSpecification\",\"valueRequired\":true,\"valueName\":\"search_term_string\"}}],\"inLanguage\":\"pt-BR\"},{\"@type\":\"Person\",\"@id\":\"https:\/\/www.blogsoestado.com\/evandrojunior\/#\/schema\/person\/3e6c3d8dbb740d1c6878ebc935cfb3be\",\"name\":\"Evandro Junior\",\"image\":{\"@type\":\"ImageObject\",\"inLanguage\":\"pt-BR\",\"@id\":\"https:\/\/www.blogsoestado.com\/evandrojunior\/#\/schema\/person\/image\/\",\"url\":\"https:\/\/secure.gravatar.com\/avatar\/f80a03a2294a580cd2318bfb459bf354cfa8be661ef3d95b542cf9a04af8d129?s=96&d=mm&r=g\",\"contentUrl\":\"https:\/\/secure.gravatar.com\/avatar\/f80a03a2294a580cd2318bfb459bf354cfa8be661ef3d95b542cf9a04af8d129?s=96&d=mm&r=g\",\"caption\":\"Evandro Junior\"},\"url\":\"https:\/\/www.blogsoestado.com\/evandrojunior\/author\/evandrojunior\/\"}]}<\/script>\n<!-- \/ Yoast SEO plugin. -->","yoast_head_json":{"title":"Encontro do Moto Clube dos Bodes do Asfalto do MA come\u00e7a em Barrreirinhas - Evandro Junior","robots":{"index":"index","follow":"follow","max-snippet":"max-snippet:-1","max-image-preview":"max-image-preview:large","max-video-preview":"max-video-preview:-1"},"canonical":"https:\/\/www.blogsoestado.com\/evandrojunior\/2022\/09\/16\/encontro-do-moto-clube-dos-bodes-do-asfalto-do-ma-comeca-em-barrreirinhas\/","og_locale":"pt_BR","og_type":"article","og_title":"Encontro do Moto Clube dos Bodes do Asfalto do MA come\u00e7a em Barrreirinhas - Evandro Junior","og_description":"S\u00e3o Lu\u00eds &#8211; Come\u00e7a nesta sexta-feira, 16, o primeiro encontro do Moto Clube Bodes do Asfalto do Maranh\u00e3o, um grupo [&hellip;]","og_url":"https:\/\/www.blogsoestado.com\/evandrojunior\/2022\/09\/16\/encontro-do-moto-clube-dos-bodes-do-asfalto-do-ma-comeca-em-barrreirinhas\/","og_site_name":"Evandro Junior","article_published_time":"2022-09-16T13:37:44+00:00","og_image":[{"url":"https:\/\/www.blogsoestado.com\/evandrojunior\/files\/2022\/09\/WhatsApp-Image-2022-09-16-at-09.43.29.jpeg","type":"","width":"","height":""}],"author":"Evandro Junior","twitter_card":"summary_large_image","twitter_misc":{"Escrito por":"Evandro Junior","Est. tempo de leitura":"2 minutos"},"schema":{"@context":"https:\/\/schema.org","@graph":[{"@type":"WebPage","@id":"https:\/\/www.blogsoestado.com\/evandrojunior\/2022\/09\/16\/encontro-do-moto-clube-dos-bodes-do-asfalto-do-ma-comeca-em-barrreirinhas\/","url":"https:\/\/www.blogsoestado.com\/evandrojunior\/2022\/09\/16\/encontro-do-moto-clube-dos-bodes-do-asfalto-do-ma-comeca-em-barrreirinhas\/","name":"Encontro do Moto Clube dos Bodes do Asfalto do MA come\u00e7a em Barrreirinhas - Evandro Junior","isPartOf":{"@id":"https:\/\/www.blogsoestado.com\/evandrojunior\/#website"},"primaryImageOfPage":{"@id":"https:\/\/www.blogsoestado.com\/evandrojunior\/2022\/09\/16\/encontro-do-moto-clube-dos-bodes-do-asfalto-do-ma-comeca-em-barrreirinhas\/#primaryimage"},"image":{"@id":"https:\/\/www.blogsoestado.com\/evandrojunior\/2022\/09\/16\/encontro-do-moto-clube-dos-bodes-do-asfalto-do-ma-comeca-em-barrreirinhas\/#primaryimage"},"thumbnailUrl":"https:\/\/www.blogsoestado.com\/evandrojunior\/files\/2022\/09\/WhatsApp-Image-2022-09-16-at-09.43.29.jpeg","datePublished":"2022-09-16T13:37:44+00:00","author":{"@id":"https:\/\/www.blogsoestado.com\/evandrojunior\/#\/schema\/person\/3e6c3d8dbb740d1c6878ebc935cfb3be"},"breadcrumb":{"@id":"https:\/\/www.blogsoestado.com\/evandrojunior\/2022\/09\/16\/encontro-do-moto-clube-dos-bodes-do-asfalto-do-ma-comeca-em-barrreirinhas\/#breadcrumb"},"inLanguage":"pt-BR","potentialAction":[{"@type":"ReadAction","target":["https:\/\/www.blogsoestado.com\/evandrojunior\/2022\/09\/16\/encontro-do-moto-clube-dos-bodes-do-asfalto-do-ma-comeca-em-barrreirinhas\/"]}]},{"@type":"ImageObject","inLanguage":"pt-BR","@id":"https:\/\/www.blogsoestado.com\/evandrojunior\/2022\/09\/16\/encontro-do-moto-clube-dos-bodes-do-asfalto-do-ma-comeca-em-barrreirinhas\/#primaryimage","url":"https:\/\/www.blogsoestado.com\/evandrojunior\/files\/2022\/09\/WhatsApp-Image-2022-09-16-at-09.43.29.jpeg","contentUrl":"https:\/\/www.blogsoestado.com\/evandrojunior\/files\/2022\/09\/WhatsApp-Image-2022-09-16-at-09.43.29.jpeg"},{"@type":"BreadcrumbList","@id":"https:\/\/www.blogsoestado.com\/evandrojunior\/2022\/09\/16\/encontro-do-moto-clube-dos-bodes-do-asfalto-do-ma-comeca-em-barrreirinhas\/#breadcrumb","itemListElement":[{"@type":"ListItem","position":1,"name":"In\u00edcio","item":"https:\/\/www.blogsoestado.com\/evandrojunior\/"},{"@type":"ListItem","position":2,"name":"Encontro do Moto Clube dos Bodes do Asfalto do MA come\u00e7a em Barrreirinhas"}]},{"@type":"WebSite","@id":"https:\/\/www.blogsoestado.com\/evandrojunior\/#website","url":"https:\/\/www.blogsoestado.com\/evandrojunior\/","name":"Evandro Junior","description":"","potentialAction":[{"@type":"SearchAction","target":{"@type":"EntryPoint","urlTemplate":"https:\/\/www.blogsoestado.com\/evandrojunior\/?s={search_term_string}"},"query-input":{"@type":"PropertyValueSpecification","valueRequired":true,"valueName":"search_term_string"}}],"inLanguage":"pt-BR"},{"@type":"Person","@id":"https:\/\/www.blogsoestado.com\/evandrojunior\/#\/schema\/person\/3e6c3d8dbb740d1c6878ebc935cfb3be","name":"Evandro Junior","image":{"@type":"ImageObject","inLanguage":"pt-BR","@id":"https:\/\/www.blogsoestado.com\/evandrojunior\/#\/schema\/person\/image\/","url":"https:\/\/secure.gravatar.com\/avatar\/f80a03a2294a580cd2318bfb459bf354cfa8be661ef3d95b542cf9a04af8d129?s=96&d=mm&r=g","contentUrl":"https:\/\/secure.gravatar.com\/avatar\/f80a03a2294a580cd2318bfb459bf354cfa8be661ef3d95b542cf9a04af8d129?s=96&d=mm&r=g","caption":"Evandro Junior"},"url":"https:\/\/www.blogsoestado.com\/evandrojunior\/author\/evandrojunior\/"}]}},"jetpack_featured_media_url":"","_links":{"self":[{"href":"https:\/\/www.blogsoestado.com\/evandrojunior\/wp-json\/wp\/v2\/posts\/7321","targetHints":{"allow":["GET"]}}],"collection":[{"href":"https:\/\/www.blogsoestado.com\/evandrojunior\/wp-json\/wp\/v2\/posts"}],"about":[{"href":"https:\/\/www.blogsoestado.com\/evandrojunior\/wp-json\/wp\/v2\/types\/post"}],"author":[{"embeddable":true,"href":"https:\/\/www.blogsoestado.com\/evandrojunior\/wp-json\/wp\/v2\/users\/4"}],"replies":[{"embeddable":true,"href":"https:\/\/www.blogsoestado.com\/evandrojunior\/wp-json\/wp\/v2\/comments?post=7321"}],"version-history":[{"count":0,"href":"https:\/\/www.blogsoestado.com\/evandrojunior\/wp-json\/wp\/v2\/posts\/7321\/revisions"}],"wp:attachment":[{"href":"https:\/\/www.blogsoestado.com\/evandrojunior\/wp-json\/wp\/v2\/media?parent=7321"}],"wp:term":[{"taxonomy":"category","embeddable":true,"href":"https:\/\/www.blogsoestado.com\/evandrojunior\/wp-json\/wp\/v2\/categories?post=7321"},{"taxonomy":"post_tag","embeddable":true,"href":"https:\/\/www.blogsoestado.com\/evandrojunior\/wp-json\/wp\/v2\/tags?post=7321"}],"curies":[{"name":"wp","href":"https:\/\/api.w.org\/{rel}","templated":true}]}}