{"id":7523,"date":"2022-10-11T18:11:55","date_gmt":"2022-10-11T21:11:55","guid":{"rendered":"https:\/\/www.blogsoestado.com\/evandrojunior\/?p=7523"},"modified":"2022-10-11T18:11:55","modified_gmt":"2022-10-11T21:11:55","slug":"micareta-marafolia-ganhara-homenagem-especial-no-casarao-colonial-neste-domingo","status":"publish","type":"post","link":"https:\/\/www.blogsoestado.com\/evandrojunior\/2022\/10\/11\/micareta-marafolia-ganhara-homenagem-especial-no-casarao-colonial-neste-domingo\/","title":{"rendered":"Micareta Marafolia ganhar\u00e1 homenagem especial no Casar\u00e3o Colonial neste domingo"},"content":{"rendered":"\n<div class=\"wp-block-image\"><figure class=\"aligncenter size-large is-resized\"><img fetchpriority=\"high\" decoding=\"async\" src=\"https:\/\/www.blogsoestado.com\/evandrojunior\/files\/2022\/10\/WhatsApp-Image-2022-10-11-at-18.08.08-1024x1024.jpeg\" alt=\"\" class=\"wp-image-7524\" width=\"557\" height=\"557\"\/><figcaption><strong>Frank Almeida, Gargmel e PP J\u00fanior estar\u00e3o na festa \u201cDo Samba ao Ax\u00e9 \u2013 Edi\u00e7\u00e3o Especial Marafolia\u201d<\/strong><\/figcaption><\/figure><\/div>\n\n\n\n<p><strong>S\u00e3o Lu\u00eds <\/strong>&#8211; Um dos carnavais fora de \u00e9poca mais contagiantes do Brasil ser\u00e1 relembrado neste domingo (16). Quem correu atr\u00e1s dos trios el\u00e9tricos na Avenida Litor\u00e2nea de 1995 a 2009, ao longo das edi\u00e7\u00f5es do Marafolia, n\u00e3o deve perder a festa \u201cDo Samba ao Ax\u00e9 \u2013 Edi\u00e7\u00e3o Especial Marafolia\u201d, \u00e0s 17h, no Casar\u00e3o Colonial  (Centro Hist\u00f3rico).<\/p>\n\n\n\n<p>O evento ter\u00e1 como ponto alto o retorno da Banda Ilha \u00e0 cena musical, com Gargamel e Frank no comando dos vocais, al\u00e9m da participa\u00e7\u00e3o de PP J\u00fanior e do grupo CDC, residente do espa\u00e7o. A banda Ilha foi a pioneira da micareta.<\/p>\n\n\n\n<p>O Carnaval fora de \u00e9poca maranhense acontecia sempre no m\u00eas de outubro, no final da primeira quinzena ou in\u00edcio da segunda, atraindo, tamb\u00e9m, foli\u00f5es de outros estados. Eram tr\u00eas dias de muita movimenta\u00e7\u00e3o em S\u00e3o Lu\u00eds, com o desembarque de cantores, bandas e artistas famosos. <\/p>\n\n\n\n<div class=\"wp-block-image\"><figure class=\"aligncenter size-large is-resized\"><img decoding=\"async\" src=\"https:\/\/www.blogsoestado.com\/evandrojunior\/files\/2022\/10\/CDC.jpeg\" alt=\"\" class=\"wp-image-7525\" width=\"529\" height=\"353\"\/><figcaption><strong>Grupo de samba CDC, residente do Casar\u00e3o Colonial, tamb\u00e9m vai participar do evento<\/strong><\/figcaption><\/figure><\/div>\n\n\n\n<p>Principalmente a turma jovem mergulhava de cabe\u00e7a e vivia cada momento intensamente desde o in\u00edcio das vendas dos abad\u00e1s at\u00e9 a passagem do \u00faltimo bloco pelo chamado Corredor da Folia.<\/p>\n\n\n\n<p>O cantor piauiense Frank Almeida desembarca na capital maranhense nesta sexta-feira (14) especialmente para o revival. Ele era vocalista da Banda Ilha nos prim\u00f3rdios do projeto. <\/p>\n\n\n\n<p>&#8220;O empres\u00e1rio Thucydides Frota me fez o convite e formamos a Banda Ilha nos idos de 1996. Tamb\u00e9m passaram pelo grupo os cantores Cidinho, Simone e Fabr\u00edcia. Mais tarde, entraria Gargamel&#8221;, relembra Frank Almeida.<\/p>\n\n\n\n<p>Segundo Frank Almeida, a inten\u00e7\u00e3o \u00e9 reviver essa \u00e9poca com novas apresenta\u00e7\u00f5es em eventos pontuais. &#8220;Sentimos essa necessidade por causa de falta de op\u00e7\u00e3o para o publico da nossa gera\u00e7\u00e3o&#8221;, frisou.<\/p>\n\n\n\n<p>M\u00fasicas como &#8220;Tchequer\u00ea&#8221; (carro-chefe), &#8220;Mina Negra&#8221; e &#8220;Pororoca&#8221; estar\u00e3o no repert\u00f3rio. &#8220;Vamos cantar e relembrar aqueles anos que vivemos de maneira intensa e com muita produtividade musical&#8221;, disse.<\/p>\n\n\n\n<p>O cantor Gargamel tamb\u00e9m est\u00e1 na expectativa. &#8220;Vai ser incr\u00edvel. Vamos fazer todos tirarem os p\u00e9s do ch\u00e3o para dan\u00e7ar com a Banda Ilha&#8221;, finalizou. <\/p>\n\n\n\n<p><strong>Informa\u00e7\u00f5es sobre ingressos:<\/strong> (98) 98513-3449 \/ 98183-0007<\/p>\n\n\n\n<p><\/p>\n","protected":false},"excerpt":{"rendered":"<p>S\u00e3o Lu\u00eds &#8211; Um dos carnavais fora de \u00e9poca mais contagiantes do Brasil ser\u00e1 relembrado neste domingo (16). Quem correu [&hellip;]<\/p>\n","protected":false},"author":4,"featured_media":0,"comment_status":"open","ping_status":"open","sticky":false,"template":"","format":"standard","meta":{"site-sidebar-layout":"default","site-content-layout":"","ast-site-content-layout":"default","site-content-style":"default","site-sidebar-style":"default","ast-global-header-display":"","ast-banner-title-visibility":"","ast-main-header-display":"","ast-hfb-above-header-display":"","ast-hfb-below-header-display":"","ast-hfb-mobile-header-display":"","site-post-title":"","ast-breadcrumbs-content":"","ast-featured-img":"","footer-sml-layout":"","ast-disable-related-posts":"","theme-transparent-header-meta":"","adv-header-id-meta":"","stick-header-meta":"","header-above-stick-meta":"","header-main-stick-meta":"","header-below-stick-meta":"","astra-migrate-meta-layouts":"default","ast-page-background-enabled":"default","ast-page-background-meta":{"desktop":{"background-color":"var(--ast-global-color-5)","background-image":"","background-repeat":"repeat","background-position":"center center","background-size":"auto","background-attachment":"scroll","background-type":"","background-media":"","overlay-type":"","overlay-color":"","overlay-opacity":"","overlay-gradient":""},"tablet":{"background-color":"","background-image":"","background-repeat":"repeat","background-position":"center center","background-size":"auto","background-attachment":"scroll","background-type":"","background-media":"","overlay-type":"","overlay-color":"","overlay-opacity":"","overlay-gradient":""},"mobile":{"background-color":"","background-image":"","background-repeat":"repeat","background-position":"center center","background-size":"auto","background-attachment":"scroll","background-type":"","background-media":"","overlay-type":"","overlay-color":"","overlay-opacity":"","overlay-gradient":""}},"ast-content-background-meta":{"desktop":{"background-color":"var(--ast-global-color-4)","background-image":"","background-repeat":"repeat","background-position":"center center","background-size":"auto","background-attachment":"scroll","background-type":"","background-media":"","overlay-type":"","overlay-color":"","overlay-opacity":"","overlay-gradient":""},"tablet":{"background-color":"var(--ast-global-color-4)","background-image":"","background-repeat":"repeat","background-position":"center center","background-size":"auto","background-attachment":"scroll","background-type":"","background-media":"","overlay-type":"","overlay-color":"","overlay-opacity":"","overlay-gradient":""},"mobile":{"background-color":"var(--ast-global-color-4)","background-image":"","background-repeat":"repeat","background-position":"center center","background-size":"auto","background-attachment":"scroll","background-type":"","background-media":"","overlay-type":"","overlay-color":"","overlay-opacity":"","overlay-gradient":""}},"footnotes":""},"categories":[1],"tags":[],"class_list":["post-7523","post","type-post","status-publish","format-standard","hentry","category-sem-categoria"],"yoast_head":"<!-- This site is optimized with the Yoast SEO plugin v26.6 - https:\/\/yoast.com\/wordpress\/plugins\/seo\/ -->\n<title>Micareta Marafolia ganhar\u00e1 homenagem especial no Casar\u00e3o Colonial neste domingo - Evandro Junior<\/title>\n<meta name=\"robots\" content=\"index, follow, max-snippet:-1, max-image-preview:large, max-video-preview:-1\" \/>\n<link rel=\"canonical\" href=\"https:\/\/www.blogsoestado.com\/evandrojunior\/2022\/10\/11\/micareta-marafolia-ganhara-homenagem-especial-no-casarao-colonial-neste-domingo\/\" \/>\n<meta property=\"og:locale\" content=\"pt_BR\" \/>\n<meta property=\"og:type\" content=\"article\" \/>\n<meta property=\"og:title\" content=\"Micareta Marafolia ganhar\u00e1 homenagem especial no Casar\u00e3o Colonial neste domingo - Evandro Junior\" \/>\n<meta property=\"og:description\" content=\"S\u00e3o Lu\u00eds &#8211; Um dos carnavais fora de \u00e9poca mais contagiantes do Brasil ser\u00e1 relembrado neste domingo (16). Quem correu [&hellip;]\" \/>\n<meta property=\"og:url\" content=\"https:\/\/www.blogsoestado.com\/evandrojunior\/2022\/10\/11\/micareta-marafolia-ganhara-homenagem-especial-no-casarao-colonial-neste-domingo\/\" \/>\n<meta property=\"og:site_name\" content=\"Evandro Junior\" \/>\n<meta property=\"article:published_time\" content=\"2022-10-11T21:11:55+00:00\" \/>\n<meta property=\"og:image\" content=\"https:\/\/www.blogsoestado.com\/evandrojunior\/files\/2022\/10\/WhatsApp-Image-2022-10-11-at-18.08.08-1024x1024.jpeg\" \/>\n<meta name=\"author\" content=\"Evandro Junior\" \/>\n<meta name=\"twitter:card\" content=\"summary_large_image\" \/>\n<meta name=\"twitter:label1\" content=\"Escrito por\" \/>\n\t<meta name=\"twitter:data1\" content=\"Evandro Junior\" \/>\n\t<meta name=\"twitter:label2\" content=\"Est. tempo de leitura\" \/>\n\t<meta name=\"twitter:data2\" content=\"2 minutos\" \/>\n<script type=\"application\/ld+json\" class=\"yoast-schema-graph\">{\"@context\":\"https:\/\/schema.org\",\"@graph\":[{\"@type\":\"WebPage\",\"@id\":\"https:\/\/www.blogsoestado.com\/evandrojunior\/2022\/10\/11\/micareta-marafolia-ganhara-homenagem-especial-no-casarao-colonial-neste-domingo\/\",\"url\":\"https:\/\/www.blogsoestado.com\/evandrojunior\/2022\/10\/11\/micareta-marafolia-ganhara-homenagem-especial-no-casarao-colonial-neste-domingo\/\",\"name\":\"Micareta Marafolia ganhar\u00e1 homenagem especial no Casar\u00e3o Colonial neste domingo - Evandro Junior\",\"isPartOf\":{\"@id\":\"https:\/\/www.blogsoestado.com\/evandrojunior\/#website\"},\"primaryImageOfPage\":{\"@id\":\"https:\/\/www.blogsoestado.com\/evandrojunior\/2022\/10\/11\/micareta-marafolia-ganhara-homenagem-especial-no-casarao-colonial-neste-domingo\/#primaryimage\"},\"image\":{\"@id\":\"https:\/\/www.blogsoestado.com\/evandrojunior\/2022\/10\/11\/micareta-marafolia-ganhara-homenagem-especial-no-casarao-colonial-neste-domingo\/#primaryimage\"},\"thumbnailUrl\":\"https:\/\/www.blogsoestado.com\/evandrojunior\/files\/2022\/10\/WhatsApp-Image-2022-10-11-at-18.08.08-1024x1024.jpeg\",\"datePublished\":\"2022-10-11T21:11:55+00:00\",\"author\":{\"@id\":\"https:\/\/www.blogsoestado.com\/evandrojunior\/#\/schema\/person\/3e6c3d8dbb740d1c6878ebc935cfb3be\"},\"breadcrumb\":{\"@id\":\"https:\/\/www.blogsoestado.com\/evandrojunior\/2022\/10\/11\/micareta-marafolia-ganhara-homenagem-especial-no-casarao-colonial-neste-domingo\/#breadcrumb\"},\"inLanguage\":\"pt-BR\",\"potentialAction\":[{\"@type\":\"ReadAction\",\"target\":[\"https:\/\/www.blogsoestado.com\/evandrojunior\/2022\/10\/11\/micareta-marafolia-ganhara-homenagem-especial-no-casarao-colonial-neste-domingo\/\"]}]},{\"@type\":\"ImageObject\",\"inLanguage\":\"pt-BR\",\"@id\":\"https:\/\/www.blogsoestado.com\/evandrojunior\/2022\/10\/11\/micareta-marafolia-ganhara-homenagem-especial-no-casarao-colonial-neste-domingo\/#primaryimage\",\"url\":\"https:\/\/www.blogsoestado.com\/evandrojunior\/files\/2022\/10\/WhatsApp-Image-2022-10-11-at-18.08.08-1024x1024.jpeg\",\"contentUrl\":\"https:\/\/www.blogsoestado.com\/evandrojunior\/files\/2022\/10\/WhatsApp-Image-2022-10-11-at-18.08.08-1024x1024.jpeg\"},{\"@type\":\"BreadcrumbList\",\"@id\":\"https:\/\/www.blogsoestado.com\/evandrojunior\/2022\/10\/11\/micareta-marafolia-ganhara-homenagem-especial-no-casarao-colonial-neste-domingo\/#breadcrumb\",\"itemListElement\":[{\"@type\":\"ListItem\",\"position\":1,\"name\":\"In\u00edcio\",\"item\":\"https:\/\/www.blogsoestado.com\/evandrojunior\/\"},{\"@type\":\"ListItem\",\"position\":2,\"name\":\"Micareta Marafolia ganhar\u00e1 homenagem especial no Casar\u00e3o Colonial neste domingo\"}]},{\"@type\":\"WebSite\",\"@id\":\"https:\/\/www.blogsoestado.com\/evandrojunior\/#website\",\"url\":\"https:\/\/www.blogsoestado.com\/evandrojunior\/\",\"name\":\"Evandro Junior\",\"description\":\"\",\"potentialAction\":[{\"@type\":\"SearchAction\",\"target\":{\"@type\":\"EntryPoint\",\"urlTemplate\":\"https:\/\/www.blogsoestado.com\/evandrojunior\/?s={search_term_string}\"},\"query-input\":{\"@type\":\"PropertyValueSpecification\",\"valueRequired\":true,\"valueName\":\"search_term_string\"}}],\"inLanguage\":\"pt-BR\"},{\"@type\":\"Person\",\"@id\":\"https:\/\/www.blogsoestado.com\/evandrojunior\/#\/schema\/person\/3e6c3d8dbb740d1c6878ebc935cfb3be\",\"name\":\"Evandro Junior\",\"image\":{\"@type\":\"ImageObject\",\"inLanguage\":\"pt-BR\",\"@id\":\"https:\/\/www.blogsoestado.com\/evandrojunior\/#\/schema\/person\/image\/\",\"url\":\"https:\/\/secure.gravatar.com\/avatar\/f80a03a2294a580cd2318bfb459bf354cfa8be661ef3d95b542cf9a04af8d129?s=96&d=mm&r=g\",\"contentUrl\":\"https:\/\/secure.gravatar.com\/avatar\/f80a03a2294a580cd2318bfb459bf354cfa8be661ef3d95b542cf9a04af8d129?s=96&d=mm&r=g\",\"caption\":\"Evandro Junior\"},\"url\":\"https:\/\/www.blogsoestado.com\/evandrojunior\/author\/evandrojunior\/\"}]}<\/script>\n<!-- \/ Yoast SEO plugin. -->","yoast_head_json":{"title":"Micareta Marafolia ganhar\u00e1 homenagem especial no Casar\u00e3o Colonial neste domingo - Evandro Junior","robots":{"index":"index","follow":"follow","max-snippet":"max-snippet:-1","max-image-preview":"max-image-preview:large","max-video-preview":"max-video-preview:-1"},"canonical":"https:\/\/www.blogsoestado.com\/evandrojunior\/2022\/10\/11\/micareta-marafolia-ganhara-homenagem-especial-no-casarao-colonial-neste-domingo\/","og_locale":"pt_BR","og_type":"article","og_title":"Micareta Marafolia ganhar\u00e1 homenagem especial no Casar\u00e3o Colonial neste domingo - Evandro Junior","og_description":"S\u00e3o Lu\u00eds &#8211; Um dos carnavais fora de \u00e9poca mais contagiantes do Brasil ser\u00e1 relembrado neste domingo (16). Quem correu [&hellip;]","og_url":"https:\/\/www.blogsoestado.com\/evandrojunior\/2022\/10\/11\/micareta-marafolia-ganhara-homenagem-especial-no-casarao-colonial-neste-domingo\/","og_site_name":"Evandro Junior","article_published_time":"2022-10-11T21:11:55+00:00","og_image":[{"url":"https:\/\/www.blogsoestado.com\/evandrojunior\/files\/2022\/10\/WhatsApp-Image-2022-10-11-at-18.08.08-1024x1024.jpeg","type":"","width":"","height":""}],"author":"Evandro Junior","twitter_card":"summary_large_image","twitter_misc":{"Escrito por":"Evandro Junior","Est. tempo de leitura":"2 minutos"},"schema":{"@context":"https:\/\/schema.org","@graph":[{"@type":"WebPage","@id":"https:\/\/www.blogsoestado.com\/evandrojunior\/2022\/10\/11\/micareta-marafolia-ganhara-homenagem-especial-no-casarao-colonial-neste-domingo\/","url":"https:\/\/www.blogsoestado.com\/evandrojunior\/2022\/10\/11\/micareta-marafolia-ganhara-homenagem-especial-no-casarao-colonial-neste-domingo\/","name":"Micareta Marafolia ganhar\u00e1 homenagem especial no Casar\u00e3o Colonial neste domingo - Evandro Junior","isPartOf":{"@id":"https:\/\/www.blogsoestado.com\/evandrojunior\/#website"},"primaryImageOfPage":{"@id":"https:\/\/www.blogsoestado.com\/evandrojunior\/2022\/10\/11\/micareta-marafolia-ganhara-homenagem-especial-no-casarao-colonial-neste-domingo\/#primaryimage"},"image":{"@id":"https:\/\/www.blogsoestado.com\/evandrojunior\/2022\/10\/11\/micareta-marafolia-ganhara-homenagem-especial-no-casarao-colonial-neste-domingo\/#primaryimage"},"thumbnailUrl":"https:\/\/www.blogsoestado.com\/evandrojunior\/files\/2022\/10\/WhatsApp-Image-2022-10-11-at-18.08.08-1024x1024.jpeg","datePublished":"2022-10-11T21:11:55+00:00","author":{"@id":"https:\/\/www.blogsoestado.com\/evandrojunior\/#\/schema\/person\/3e6c3d8dbb740d1c6878ebc935cfb3be"},"breadcrumb":{"@id":"https:\/\/www.blogsoestado.com\/evandrojunior\/2022\/10\/11\/micareta-marafolia-ganhara-homenagem-especial-no-casarao-colonial-neste-domingo\/#breadcrumb"},"inLanguage":"pt-BR","potentialAction":[{"@type":"ReadAction","target":["https:\/\/www.blogsoestado.com\/evandrojunior\/2022\/10\/11\/micareta-marafolia-ganhara-homenagem-especial-no-casarao-colonial-neste-domingo\/"]}]},{"@type":"ImageObject","inLanguage":"pt-BR","@id":"https:\/\/www.blogsoestado.com\/evandrojunior\/2022\/10\/11\/micareta-marafolia-ganhara-homenagem-especial-no-casarao-colonial-neste-domingo\/#primaryimage","url":"https:\/\/www.blogsoestado.com\/evandrojunior\/files\/2022\/10\/WhatsApp-Image-2022-10-11-at-18.08.08-1024x1024.jpeg","contentUrl":"https:\/\/www.blogsoestado.com\/evandrojunior\/files\/2022\/10\/WhatsApp-Image-2022-10-11-at-18.08.08-1024x1024.jpeg"},{"@type":"BreadcrumbList","@id":"https:\/\/www.blogsoestado.com\/evandrojunior\/2022\/10\/11\/micareta-marafolia-ganhara-homenagem-especial-no-casarao-colonial-neste-domingo\/#breadcrumb","itemListElement":[{"@type":"ListItem","position":1,"name":"In\u00edcio","item":"https:\/\/www.blogsoestado.com\/evandrojunior\/"},{"@type":"ListItem","position":2,"name":"Micareta Marafolia ganhar\u00e1 homenagem especial no Casar\u00e3o Colonial neste domingo"}]},{"@type":"WebSite","@id":"https:\/\/www.blogsoestado.com\/evandrojunior\/#website","url":"https:\/\/www.blogsoestado.com\/evandrojunior\/","name":"Evandro Junior","description":"","potentialAction":[{"@type":"SearchAction","target":{"@type":"EntryPoint","urlTemplate":"https:\/\/www.blogsoestado.com\/evandrojunior\/?s={search_term_string}"},"query-input":{"@type":"PropertyValueSpecification","valueRequired":true,"valueName":"search_term_string"}}],"inLanguage":"pt-BR"},{"@type":"Person","@id":"https:\/\/www.blogsoestado.com\/evandrojunior\/#\/schema\/person\/3e6c3d8dbb740d1c6878ebc935cfb3be","name":"Evandro Junior","image":{"@type":"ImageObject","inLanguage":"pt-BR","@id":"https:\/\/www.blogsoestado.com\/evandrojunior\/#\/schema\/person\/image\/","url":"https:\/\/secure.gravatar.com\/avatar\/f80a03a2294a580cd2318bfb459bf354cfa8be661ef3d95b542cf9a04af8d129?s=96&d=mm&r=g","contentUrl":"https:\/\/secure.gravatar.com\/avatar\/f80a03a2294a580cd2318bfb459bf354cfa8be661ef3d95b542cf9a04af8d129?s=96&d=mm&r=g","caption":"Evandro Junior"},"url":"https:\/\/www.blogsoestado.com\/evandrojunior\/author\/evandrojunior\/"}]}},"jetpack_featured_media_url":"","_links":{"self":[{"href":"https:\/\/www.blogsoestado.com\/evandrojunior\/wp-json\/wp\/v2\/posts\/7523","targetHints":{"allow":["GET"]}}],"collection":[{"href":"https:\/\/www.blogsoestado.com\/evandrojunior\/wp-json\/wp\/v2\/posts"}],"about":[{"href":"https:\/\/www.blogsoestado.com\/evandrojunior\/wp-json\/wp\/v2\/types\/post"}],"author":[{"embeddable":true,"href":"https:\/\/www.blogsoestado.com\/evandrojunior\/wp-json\/wp\/v2\/users\/4"}],"replies":[{"embeddable":true,"href":"https:\/\/www.blogsoestado.com\/evandrojunior\/wp-json\/wp\/v2\/comments?post=7523"}],"version-history":[{"count":0,"href":"https:\/\/www.blogsoestado.com\/evandrojunior\/wp-json\/wp\/v2\/posts\/7523\/revisions"}],"wp:attachment":[{"href":"https:\/\/www.blogsoestado.com\/evandrojunior\/wp-json\/wp\/v2\/media?parent=7523"}],"wp:term":[{"taxonomy":"category","embeddable":true,"href":"https:\/\/www.blogsoestado.com\/evandrojunior\/wp-json\/wp\/v2\/categories?post=7523"},{"taxonomy":"post_tag","embeddable":true,"href":"https:\/\/www.blogsoestado.com\/evandrojunior\/wp-json\/wp\/v2\/tags?post=7523"}],"curies":[{"name":"wp","href":"https:\/\/api.w.org\/{rel}","templated":true}]}}