{"id":7544,"date":"2022-10-17T15:34:56","date_gmt":"2022-10-17T18:34:56","guid":{"rendered":"https:\/\/www.blogsoestado.com\/evandrojunior\/?p=7544"},"modified":"2022-10-17T15:34:56","modified_gmt":"2022-10-17T18:34:56","slug":"projeto-cidadania-e-leitura-inaugura-a-biblioteca-elisangela-cardoso-na-vila-embratel","status":"publish","type":"post","link":"https:\/\/www.blogsoestado.com\/evandrojunior\/2022\/10\/17\/projeto-cidadania-e-leitura-inaugura-a-biblioteca-elisangela-cardoso-na-vila-embratel\/","title":{"rendered":"Projeto &#8216;Cidadania e Leitura&#8217; inaugura a Biblioteca Elis\u00e2ngela Cardoso na Vila Embratel"},"content":{"rendered":"\n<div class=\"wp-block-image\"><figure class=\"aligncenter size-large is-resized\"><img fetchpriority=\"high\" decoding=\"async\" src=\"https:\/\/www.blogsoestado.com\/evandrojunior\/files\/2022\/10\/WhatsApp-Image-2022-10-17-at-15.21.43-1024x576.jpeg\" alt=\"\" class=\"wp-image-7545\" width=\"566\" height=\"318\"\/><figcaption><strong>Rosa Maria Ferreira Lima, coordenadora do projeto, ao lado do presidente da Academia Maranhense de Letras, desembargador Lourival Serejo, e de bibliotec\u00e1rias durante a inaugura\u00e7\u00e3o do espa\u00e7o de leitura<\/strong><\/figcaption><\/figure><\/div>\n\n\n\n<p><strong>S\u00e3o Lu\u00eds &#8211;<\/strong> Emo\u00e7\u00e3o, alegria, saber e divers\u00e3o marcaram a entrega da Biblioteca Comunit\u00e1ria Elis\u00e2ngela Cardoso pelo projeto &#8216;Cidadania e Leitura&#8217;, neste s\u00e1bado (15), na Vila Embratel. A inaugura\u00e7\u00e3o reuniu representantes dos realizadores da iniciativa, convidados, familiares da homenageada e moradores, a maioria crian\u00e7as, que participaram de atividades l\u00fadicas de leitura, brincadeiras populares e teatro.<\/p>\n\n\n\n<p>&#8220;\u00c9 uma alegria triplicada, porque essa \u00e9 a terceira biblioteca entregue pelo projeto na \u00e1rea Itaqui-Bacanga. E, al\u00e9m de homenagear Elis\u00e2ngela Cardoso, essa biblioteca \u00e9 um instrumento para a constru\u00e7\u00e3o de cidad\u00e3os com consci\u00eancia mais cr\u00edtica e fortalecimento da vida da comunidade&#8221;, afirmou a bibliotec\u00e1ria Rosa Maria Ferreira Lima, coordenadora do projeto.<\/p>\n\n\n\n<div class=\"wp-block-image\"><figure class=\"aligncenter size-large is-resized\"><img decoding=\"async\" src=\"https:\/\/www.blogsoestado.com\/evandrojunior\/files\/2022\/10\/WhatsApp-Image-2022-10-17-at-15.21.43-2-1024x768.jpeg\" alt=\"\" class=\"wp-image-7546\" width=\"545\" height=\"409\"\/><figcaption><strong>Crian\u00e7as da comunidade da Vila Embratel abrindo os livros dispon\u00edveis na biblioteca<\/strong><\/figcaption><\/figure><\/div>\n\n\n\n<p>Diversificada e com atividades educativas e culturais, a programa\u00e7\u00e3o ocupou o pr\u00e9dio da Biblioteca e a \u00e1rea externa da Igreja de Nossa Senhora do Povo, movimentando toda a comunidade. O &#8216;Cidadania e Leitura&#8217; tem patroc\u00ednio do Instituto Cultural Vale por meio da Lei Federal de Incentivo \u00e0 Cultura, e \u00e9 desenvolvido pela Sociedade de Amigos das Bibliotecas do Maranh\u00e3o (SAB) em parceria com a Associa\u00e7\u00e3o Comunit\u00e1ria do Itaqui-Bacanga (ACIB) e Pastoral do Menor da Vila Embratel.<\/p>\n\n\n\n<p>&#8220;\u00c9 uma honra poder estar aqui fazendo essa homenagem, e \u00e9 com muita humildade que a gente vem fazer essa refer\u00eancia, sabendo que essa Biblioteca vai dar continuidade ao grande sonho de Elis\u00e2ngela Cardoso, que era ser semente&#8221;, ressaltou a gerente de Relacionamento com a Comunidade da Vale, D\u00e9bora Ferreira.<\/p>\n\n\n\n<div class=\"wp-block-image\"><figure class=\"aligncenter size-large is-resized\"><img decoding=\"async\" src=\"https:\/\/www.blogsoestado.com\/evandrojunior\/files\/2022\/10\/WhatsApp-Image-2022-10-17-at-15.21.44-1024x576.jpeg\" alt=\"\" class=\"wp-image-7547\" width=\"628\" height=\"353\"\/><figcaption><strong>Programa\u00e7\u00e3o incluiu teatro de bonecos e show de palha\u00e7o<\/strong><\/figcaption><\/figure><\/div>\n\n\n\n<p>O presidente da Academia Maranhense de Letras, desembargador Lourival Serejo, presente \u00e0 inaugura\u00e7\u00e3o, destacou a import\u00e2ncia da iniciativa. &#8220;A op\u00e7\u00e3o do livro \u00e9 a sa\u00edda para o jovem porque a leitura vai abrir a mente em qualquer profiss\u00e3o que escolher&#8221;, disse.<\/p>\n\n\n\n<p><strong>Emo\u00e7\u00e3o<\/strong><\/p>\n\n\n\n<p>Representando a fam\u00edlia, o 1\u00b0 tenente do Corpo de Bombeiros Arnaldo Correia Cardoso Junior ficou emocionado com a homenagem \u00e0 irm\u00e3. &#8220;A gente veio pobre do interior e sempre teve essa disposi\u00e7\u00e3o porque se voc\u00ea estuda, voc\u00ea vai ter mais conhecimento. Por isso, essa biblioteca \u00e9 muito importante para a Vila Embratel&#8221;, atestou ele.<\/p>\n\n\n\n<p>Os moradores tamb\u00e9m elogiaram a iniciativa. &#8220;\u00c9 muito bacana ter uma biblioteca no nosso bairro, porque aprimora a leitura das crian\u00e7as. Sempre que tiver programa\u00e7\u00e3o, vou trazer minhas filhas&#8221;, observou o mec\u00e2nico Jos\u00e9 Renato Galv\u00e3o, que levou a filha Karla Geovana, de 6 anos, para conhecer o novo espa\u00e7o de leitura. <\/p>\n\n\n\n<p>&#8220;O que eu mais gostei foi do livro sobre a floresta&#8221;, disse a menina, depois de manusear o rico acervo de cl\u00e1ssicos liter\u00e1rios da biblioteca.<\/p>\n\n\n\n<p>A programa\u00e7\u00e3o foi movimentada, tamb\u00e9m, por apresenta\u00e7\u00e3o do Palha\u00e7o Mixaria Show e pelo espet\u00e1culo &#8220;Caravana de Bonecos&#8221;, com a atriz e bonequeira Silvana Cart\u00e1genes. Ao final do roteiro de divers\u00e3o e aprendizado, as crian\u00e7as se deliciaram com lanche produzido por pequeno empreendedor da \u00e1rea.<\/p>\n","protected":false},"excerpt":{"rendered":"<p>S\u00e3o Lu\u00eds &#8211; Emo\u00e7\u00e3o, alegria, saber e divers\u00e3o marcaram a entrega da Biblioteca Comunit\u00e1ria Elis\u00e2ngela Cardoso pelo projeto &#8216;Cidadania e [&hellip;]<\/p>\n","protected":false},"author":4,"featured_media":0,"comment_status":"open","ping_status":"open","sticky":false,"template":"","format":"standard","meta":{"site-sidebar-layout":"default","site-content-layout":"","ast-site-content-layout":"default","site-content-style":"default","site-sidebar-style":"default","ast-global-header-display":"","ast-banner-title-visibility":"","ast-main-header-display":"","ast-hfb-above-header-display":"","ast-hfb-below-header-display":"","ast-hfb-mobile-header-display":"","site-post-title":"","ast-breadcrumbs-content":"","ast-featured-img":"","footer-sml-layout":"","ast-disable-related-posts":"","theme-transparent-header-meta":"","adv-header-id-meta":"","stick-header-meta":"","header-above-stick-meta":"","header-main-stick-meta":"","header-below-stick-meta":"","astra-migrate-meta-layouts":"default","ast-page-background-enabled":"default","ast-page-background-meta":{"desktop":{"background-color":"var(--ast-global-color-5)","background-image":"","background-repeat":"repeat","background-position":"center center","background-size":"auto","background-attachment":"scroll","background-type":"","background-media":"","overlay-type":"","overlay-color":"","overlay-opacity":"","overlay-gradient":""},"tablet":{"background-color":"","background-image":"","background-repeat":"repeat","background-position":"center center","background-size":"auto","background-attachment":"scroll","background-type":"","background-media":"","overlay-type":"","overlay-color":"","overlay-opacity":"","overlay-gradient":""},"mobile":{"background-color":"","background-image":"","background-repeat":"repeat","background-position":"center center","background-size":"auto","background-attachment":"scroll","background-type":"","background-media":"","overlay-type":"","overlay-color":"","overlay-opacity":"","overlay-gradient":""}},"ast-content-background-meta":{"desktop":{"background-color":"var(--ast-global-color-4)","background-image":"","background-repeat":"repeat","background-position":"center center","background-size":"auto","background-attachment":"scroll","background-type":"","background-media":"","overlay-type":"","overlay-color":"","overlay-opacity":"","overlay-gradient":""},"tablet":{"background-color":"var(--ast-global-color-4)","background-image":"","background-repeat":"repeat","background-position":"center center","background-size":"auto","background-attachment":"scroll","background-type":"","background-media":"","overlay-type":"","overlay-color":"","overlay-opacity":"","overlay-gradient":""},"mobile":{"background-color":"var(--ast-global-color-4)","background-image":"","background-repeat":"repeat","background-position":"center center","background-size":"auto","background-attachment":"scroll","background-type":"","background-media":"","overlay-type":"","overlay-color":"","overlay-opacity":"","overlay-gradient":""}},"footnotes":""},"categories":[1],"tags":[],"class_list":["post-7544","post","type-post","status-publish","format-standard","hentry","category-sem-categoria"],"yoast_head":"<!-- This site is optimized with the Yoast SEO plugin v26.6 - https:\/\/yoast.com\/wordpress\/plugins\/seo\/ -->\n<title>Projeto &#039;Cidadania e Leitura&#039; inaugura a Biblioteca Elis\u00e2ngela Cardoso na Vila Embratel - Evandro Junior<\/title>\n<meta name=\"robots\" content=\"index, follow, max-snippet:-1, max-image-preview:large, max-video-preview:-1\" \/>\n<link rel=\"canonical\" href=\"https:\/\/www.blogsoestado.com\/evandrojunior\/2022\/10\/17\/projeto-cidadania-e-leitura-inaugura-a-biblioteca-elisangela-cardoso-na-vila-embratel\/\" \/>\n<meta property=\"og:locale\" content=\"pt_BR\" \/>\n<meta property=\"og:type\" content=\"article\" \/>\n<meta property=\"og:title\" content=\"Projeto &#039;Cidadania e Leitura&#039; inaugura a Biblioteca Elis\u00e2ngela Cardoso na Vila Embratel - Evandro Junior\" \/>\n<meta property=\"og:description\" content=\"S\u00e3o Lu\u00eds &#8211; Emo\u00e7\u00e3o, alegria, saber e divers\u00e3o marcaram a entrega da Biblioteca Comunit\u00e1ria Elis\u00e2ngela Cardoso pelo projeto &#8216;Cidadania e [&hellip;]\" \/>\n<meta property=\"og:url\" content=\"https:\/\/www.blogsoestado.com\/evandrojunior\/2022\/10\/17\/projeto-cidadania-e-leitura-inaugura-a-biblioteca-elisangela-cardoso-na-vila-embratel\/\" \/>\n<meta property=\"og:site_name\" content=\"Evandro Junior\" \/>\n<meta property=\"article:published_time\" content=\"2022-10-17T18:34:56+00:00\" \/>\n<meta property=\"og:image\" content=\"https:\/\/www.blogsoestado.com\/evandrojunior\/files\/2022\/10\/WhatsApp-Image-2022-10-17-at-15.21.43-1024x576.jpeg\" \/>\n<meta name=\"author\" content=\"Evandro Junior\" \/>\n<meta name=\"twitter:card\" content=\"summary_large_image\" \/>\n<meta name=\"twitter:label1\" content=\"Escrito por\" \/>\n\t<meta name=\"twitter:data1\" content=\"Evandro Junior\" \/>\n\t<meta name=\"twitter:label2\" content=\"Est. tempo de leitura\" \/>\n\t<meta name=\"twitter:data2\" content=\"3 minutos\" \/>\n<script type=\"application\/ld+json\" class=\"yoast-schema-graph\">{\"@context\":\"https:\/\/schema.org\",\"@graph\":[{\"@type\":\"WebPage\",\"@id\":\"https:\/\/www.blogsoestado.com\/evandrojunior\/2022\/10\/17\/projeto-cidadania-e-leitura-inaugura-a-biblioteca-elisangela-cardoso-na-vila-embratel\/\",\"url\":\"https:\/\/www.blogsoestado.com\/evandrojunior\/2022\/10\/17\/projeto-cidadania-e-leitura-inaugura-a-biblioteca-elisangela-cardoso-na-vila-embratel\/\",\"name\":\"Projeto 'Cidadania e Leitura' inaugura a Biblioteca Elis\u00e2ngela Cardoso na Vila Embratel - Evandro Junior\",\"isPartOf\":{\"@id\":\"https:\/\/www.blogsoestado.com\/evandrojunior\/#website\"},\"primaryImageOfPage\":{\"@id\":\"https:\/\/www.blogsoestado.com\/evandrojunior\/2022\/10\/17\/projeto-cidadania-e-leitura-inaugura-a-biblioteca-elisangela-cardoso-na-vila-embratel\/#primaryimage\"},\"image\":{\"@id\":\"https:\/\/www.blogsoestado.com\/evandrojunior\/2022\/10\/17\/projeto-cidadania-e-leitura-inaugura-a-biblioteca-elisangela-cardoso-na-vila-embratel\/#primaryimage\"},\"thumbnailUrl\":\"https:\/\/www.blogsoestado.com\/evandrojunior\/files\/2022\/10\/WhatsApp-Image-2022-10-17-at-15.21.43-1024x576.jpeg\",\"datePublished\":\"2022-10-17T18:34:56+00:00\",\"author\":{\"@id\":\"https:\/\/www.blogsoestado.com\/evandrojunior\/#\/schema\/person\/3e6c3d8dbb740d1c6878ebc935cfb3be\"},\"breadcrumb\":{\"@id\":\"https:\/\/www.blogsoestado.com\/evandrojunior\/2022\/10\/17\/projeto-cidadania-e-leitura-inaugura-a-biblioteca-elisangela-cardoso-na-vila-embratel\/#breadcrumb\"},\"inLanguage\":\"pt-BR\",\"potentialAction\":[{\"@type\":\"ReadAction\",\"target\":[\"https:\/\/www.blogsoestado.com\/evandrojunior\/2022\/10\/17\/projeto-cidadania-e-leitura-inaugura-a-biblioteca-elisangela-cardoso-na-vila-embratel\/\"]}]},{\"@type\":\"ImageObject\",\"inLanguage\":\"pt-BR\",\"@id\":\"https:\/\/www.blogsoestado.com\/evandrojunior\/2022\/10\/17\/projeto-cidadania-e-leitura-inaugura-a-biblioteca-elisangela-cardoso-na-vila-embratel\/#primaryimage\",\"url\":\"https:\/\/www.blogsoestado.com\/evandrojunior\/files\/2022\/10\/WhatsApp-Image-2022-10-17-at-15.21.43-1024x576.jpeg\",\"contentUrl\":\"https:\/\/www.blogsoestado.com\/evandrojunior\/files\/2022\/10\/WhatsApp-Image-2022-10-17-at-15.21.43-1024x576.jpeg\"},{\"@type\":\"BreadcrumbList\",\"@id\":\"https:\/\/www.blogsoestado.com\/evandrojunior\/2022\/10\/17\/projeto-cidadania-e-leitura-inaugura-a-biblioteca-elisangela-cardoso-na-vila-embratel\/#breadcrumb\",\"itemListElement\":[{\"@type\":\"ListItem\",\"position\":1,\"name\":\"In\u00edcio\",\"item\":\"https:\/\/www.blogsoestado.com\/evandrojunior\/\"},{\"@type\":\"ListItem\",\"position\":2,\"name\":\"Projeto &#8216;Cidadania e Leitura&#8217; inaugura a Biblioteca Elis\u00e2ngela Cardoso na Vila Embratel\"}]},{\"@type\":\"WebSite\",\"@id\":\"https:\/\/www.blogsoestado.com\/evandrojunior\/#website\",\"url\":\"https:\/\/www.blogsoestado.com\/evandrojunior\/\",\"name\":\"Evandro Junior\",\"description\":\"\",\"potentialAction\":[{\"@type\":\"SearchAction\",\"target\":{\"@type\":\"EntryPoint\",\"urlTemplate\":\"https:\/\/www.blogsoestado.com\/evandrojunior\/?s={search_term_string}\"},\"query-input\":{\"@type\":\"PropertyValueSpecification\",\"valueRequired\":true,\"valueName\":\"search_term_string\"}}],\"inLanguage\":\"pt-BR\"},{\"@type\":\"Person\",\"@id\":\"https:\/\/www.blogsoestado.com\/evandrojunior\/#\/schema\/person\/3e6c3d8dbb740d1c6878ebc935cfb3be\",\"name\":\"Evandro Junior\",\"image\":{\"@type\":\"ImageObject\",\"inLanguage\":\"pt-BR\",\"@id\":\"https:\/\/www.blogsoestado.com\/evandrojunior\/#\/schema\/person\/image\/\",\"url\":\"https:\/\/secure.gravatar.com\/avatar\/f80a03a2294a580cd2318bfb459bf354cfa8be661ef3d95b542cf9a04af8d129?s=96&d=mm&r=g\",\"contentUrl\":\"https:\/\/secure.gravatar.com\/avatar\/f80a03a2294a580cd2318bfb459bf354cfa8be661ef3d95b542cf9a04af8d129?s=96&d=mm&r=g\",\"caption\":\"Evandro Junior\"},\"url\":\"https:\/\/www.blogsoestado.com\/evandrojunior\/author\/evandrojunior\/\"}]}<\/script>\n<!-- \/ Yoast SEO plugin. -->","yoast_head_json":{"title":"Projeto 'Cidadania e Leitura' inaugura a Biblioteca Elis\u00e2ngela Cardoso na Vila Embratel - Evandro Junior","robots":{"index":"index","follow":"follow","max-snippet":"max-snippet:-1","max-image-preview":"max-image-preview:large","max-video-preview":"max-video-preview:-1"},"canonical":"https:\/\/www.blogsoestado.com\/evandrojunior\/2022\/10\/17\/projeto-cidadania-e-leitura-inaugura-a-biblioteca-elisangela-cardoso-na-vila-embratel\/","og_locale":"pt_BR","og_type":"article","og_title":"Projeto 'Cidadania e Leitura' inaugura a Biblioteca Elis\u00e2ngela Cardoso na Vila Embratel - Evandro Junior","og_description":"S\u00e3o Lu\u00eds &#8211; Emo\u00e7\u00e3o, alegria, saber e divers\u00e3o marcaram a entrega da Biblioteca Comunit\u00e1ria Elis\u00e2ngela Cardoso pelo projeto &#8216;Cidadania e [&hellip;]","og_url":"https:\/\/www.blogsoestado.com\/evandrojunior\/2022\/10\/17\/projeto-cidadania-e-leitura-inaugura-a-biblioteca-elisangela-cardoso-na-vila-embratel\/","og_site_name":"Evandro Junior","article_published_time":"2022-10-17T18:34:56+00:00","og_image":[{"url":"https:\/\/www.blogsoestado.com\/evandrojunior\/files\/2022\/10\/WhatsApp-Image-2022-10-17-at-15.21.43-1024x576.jpeg","type":"","width":"","height":""}],"author":"Evandro Junior","twitter_card":"summary_large_image","twitter_misc":{"Escrito por":"Evandro Junior","Est. tempo de leitura":"3 minutos"},"schema":{"@context":"https:\/\/schema.org","@graph":[{"@type":"WebPage","@id":"https:\/\/www.blogsoestado.com\/evandrojunior\/2022\/10\/17\/projeto-cidadania-e-leitura-inaugura-a-biblioteca-elisangela-cardoso-na-vila-embratel\/","url":"https:\/\/www.blogsoestado.com\/evandrojunior\/2022\/10\/17\/projeto-cidadania-e-leitura-inaugura-a-biblioteca-elisangela-cardoso-na-vila-embratel\/","name":"Projeto 'Cidadania e Leitura' inaugura a Biblioteca Elis\u00e2ngela Cardoso na Vila Embratel - Evandro Junior","isPartOf":{"@id":"https:\/\/www.blogsoestado.com\/evandrojunior\/#website"},"primaryImageOfPage":{"@id":"https:\/\/www.blogsoestado.com\/evandrojunior\/2022\/10\/17\/projeto-cidadania-e-leitura-inaugura-a-biblioteca-elisangela-cardoso-na-vila-embratel\/#primaryimage"},"image":{"@id":"https:\/\/www.blogsoestado.com\/evandrojunior\/2022\/10\/17\/projeto-cidadania-e-leitura-inaugura-a-biblioteca-elisangela-cardoso-na-vila-embratel\/#primaryimage"},"thumbnailUrl":"https:\/\/www.blogsoestado.com\/evandrojunior\/files\/2022\/10\/WhatsApp-Image-2022-10-17-at-15.21.43-1024x576.jpeg","datePublished":"2022-10-17T18:34:56+00:00","author":{"@id":"https:\/\/www.blogsoestado.com\/evandrojunior\/#\/schema\/person\/3e6c3d8dbb740d1c6878ebc935cfb3be"},"breadcrumb":{"@id":"https:\/\/www.blogsoestado.com\/evandrojunior\/2022\/10\/17\/projeto-cidadania-e-leitura-inaugura-a-biblioteca-elisangela-cardoso-na-vila-embratel\/#breadcrumb"},"inLanguage":"pt-BR","potentialAction":[{"@type":"ReadAction","target":["https:\/\/www.blogsoestado.com\/evandrojunior\/2022\/10\/17\/projeto-cidadania-e-leitura-inaugura-a-biblioteca-elisangela-cardoso-na-vila-embratel\/"]}]},{"@type":"ImageObject","inLanguage":"pt-BR","@id":"https:\/\/www.blogsoestado.com\/evandrojunior\/2022\/10\/17\/projeto-cidadania-e-leitura-inaugura-a-biblioteca-elisangela-cardoso-na-vila-embratel\/#primaryimage","url":"https:\/\/www.blogsoestado.com\/evandrojunior\/files\/2022\/10\/WhatsApp-Image-2022-10-17-at-15.21.43-1024x576.jpeg","contentUrl":"https:\/\/www.blogsoestado.com\/evandrojunior\/files\/2022\/10\/WhatsApp-Image-2022-10-17-at-15.21.43-1024x576.jpeg"},{"@type":"BreadcrumbList","@id":"https:\/\/www.blogsoestado.com\/evandrojunior\/2022\/10\/17\/projeto-cidadania-e-leitura-inaugura-a-biblioteca-elisangela-cardoso-na-vila-embratel\/#breadcrumb","itemListElement":[{"@type":"ListItem","position":1,"name":"In\u00edcio","item":"https:\/\/www.blogsoestado.com\/evandrojunior\/"},{"@type":"ListItem","position":2,"name":"Projeto &#8216;Cidadania e Leitura&#8217; inaugura a Biblioteca Elis\u00e2ngela Cardoso na Vila Embratel"}]},{"@type":"WebSite","@id":"https:\/\/www.blogsoestado.com\/evandrojunior\/#website","url":"https:\/\/www.blogsoestado.com\/evandrojunior\/","name":"Evandro Junior","description":"","potentialAction":[{"@type":"SearchAction","target":{"@type":"EntryPoint","urlTemplate":"https:\/\/www.blogsoestado.com\/evandrojunior\/?s={search_term_string}"},"query-input":{"@type":"PropertyValueSpecification","valueRequired":true,"valueName":"search_term_string"}}],"inLanguage":"pt-BR"},{"@type":"Person","@id":"https:\/\/www.blogsoestado.com\/evandrojunior\/#\/schema\/person\/3e6c3d8dbb740d1c6878ebc935cfb3be","name":"Evandro Junior","image":{"@type":"ImageObject","inLanguage":"pt-BR","@id":"https:\/\/www.blogsoestado.com\/evandrojunior\/#\/schema\/person\/image\/","url":"https:\/\/secure.gravatar.com\/avatar\/f80a03a2294a580cd2318bfb459bf354cfa8be661ef3d95b542cf9a04af8d129?s=96&d=mm&r=g","contentUrl":"https:\/\/secure.gravatar.com\/avatar\/f80a03a2294a580cd2318bfb459bf354cfa8be661ef3d95b542cf9a04af8d129?s=96&d=mm&r=g","caption":"Evandro Junior"},"url":"https:\/\/www.blogsoestado.com\/evandrojunior\/author\/evandrojunior\/"}]}},"jetpack_featured_media_url":"","_links":{"self":[{"href":"https:\/\/www.blogsoestado.com\/evandrojunior\/wp-json\/wp\/v2\/posts\/7544","targetHints":{"allow":["GET"]}}],"collection":[{"href":"https:\/\/www.blogsoestado.com\/evandrojunior\/wp-json\/wp\/v2\/posts"}],"about":[{"href":"https:\/\/www.blogsoestado.com\/evandrojunior\/wp-json\/wp\/v2\/types\/post"}],"author":[{"embeddable":true,"href":"https:\/\/www.blogsoestado.com\/evandrojunior\/wp-json\/wp\/v2\/users\/4"}],"replies":[{"embeddable":true,"href":"https:\/\/www.blogsoestado.com\/evandrojunior\/wp-json\/wp\/v2\/comments?post=7544"}],"version-history":[{"count":0,"href":"https:\/\/www.blogsoestado.com\/evandrojunior\/wp-json\/wp\/v2\/posts\/7544\/revisions"}],"wp:attachment":[{"href":"https:\/\/www.blogsoestado.com\/evandrojunior\/wp-json\/wp\/v2\/media?parent=7544"}],"wp:term":[{"taxonomy":"category","embeddable":true,"href":"https:\/\/www.blogsoestado.com\/evandrojunior\/wp-json\/wp\/v2\/categories?post=7544"},{"taxonomy":"post_tag","embeddable":true,"href":"https:\/\/www.blogsoestado.com\/evandrojunior\/wp-json\/wp\/v2\/tags?post=7544"}],"curies":[{"name":"wp","href":"https:\/\/api.w.org\/{rel}","templated":true}]}}