{"id":7578,"date":"2022-10-17T20:24:38","date_gmt":"2022-10-17T23:24:38","guid":{"rendered":"https:\/\/www.blogsoestado.com\/evandrojunior\/?p=7578"},"modified":"2022-10-17T20:24:38","modified_gmt":"2022-10-17T23:24:38","slug":"cronica-de-jose-fernandes-o-naufrago","status":"publish","type":"post","link":"https:\/\/www.blogsoestado.com\/evandrojunior\/2022\/10\/17\/cronica-de-jose-fernandes-o-naufrago\/","title":{"rendered":"Cr\u00f4nica de Jos\u00e9 Fernandes: &#8220;O N\u00e1ufrago&#8221;"},"content":{"rendered":"\n<div class=\"wp-block-image\"><figure class=\"aligncenter size-large is-resized\"><img fetchpriority=\"high\" decoding=\"async\" src=\"https:\/\/www.blogsoestado.com\/evandrojunior\/files\/2022\/10\/Barco-.jpg\" alt=\"\" class=\"wp-image-7579\" width=\"655\" height=\"433\"\/><figcaption>Foto \/ Gabriel Passarelli\/Getty Images \/ Sua embarca\u00e7\u00e3o singrava as \u00e1guas distantes, j\u00e1 na embocadura do rio, a mais de 200 metros da margem quando, ap\u00f3s pouco se alimentar, sentiu-se febril<br><\/figcaption><\/figure><\/div>\n\n\n\n<p>Seu pai era vaqueiro e lavrador; sua m\u00e3e, al\u00e9m dos afazeres de casa, fazia bordados para as fam\u00edlias mais abastadas. Ele, o personagem principal, ajudava seu pai no campo e depois que concluiu o antigo curso elementar, e n\u00e3o querendo ser sapateiro, alfaiate nem ferreiro \u2013 profiss\u00f5es que poderia dedicar-se \u2013 aos 22 anos decidiu ser embarcadi\u00e7o, marinheiro, ou melhor, mo\u00e7o-de-conv\u00e9s de uma das lanchas que, na \u00e9poca, trafegava ao longo do rio conduzindo cargas e passageiros das cidades ribeirinhas de Arari, Vit\u00f3ria do Mearim, Bacabal, Ipixuna e Pedreiras, para a capital. A atividade do rapaz consistia em fazer, junto com outros, os servi\u00e7os gerais de tripulante, que n\u00e3o lhe eram pesados, por ele ser forte e decidido.<\/p>\n\n\n\n<p>Numa de suas viagens, o mo\u00e7o-de-conv\u00e9s, que fora batizado com o nome de Eurico em homenagem ao ent\u00e3o presidente da Rep\u00fablica (general Eurico Gaspar Dutra), seguiu viagem, na lancha Estela da Aurora, em que laborava, com destino a S\u00e3o Lu\u00eds. Estava um tanto indisposto, sem aquela costumeira tepidez, mas foi assim mesmo, pois n\u00e3o queria demonstrar fraqueza. N\u00e3o conseguiu bom desempenho no trabalho a bordo, por\u00e9m disfar\u00e7ou ao m\u00e1ximo para n\u00e3o ser advertido.<\/p>\n\n\n\n<p>\u00c0 noitinha, sua embarca\u00e7\u00e3o singrava as \u00e1guas distantes, j\u00e1 na embocadura do rio, a mais de 200 metros da margem quando, ap\u00f3s pouco se alimentar, sentiu-se febril, sentou-se sozinho da popa da embarca\u00e7\u00e3o, distante de todos; cochilou, adormeceu e sem querer despencou na \u00e1gua g\u00e9lida daquele bra\u00e7o de mar, a longu\u00edssima dist\u00e2ncia do porto de origem.\u00a0\u00a0<\/p>\n\n\n\n<p>O baque o acordou, \u00e9 evidente. Forte e atl\u00e9tico, Gaspar lutou, desesperadamente, contra a correnteza, e com esfor\u00e7o herc\u00faleo conseguiu alcan\u00e7ar a terra, sem saber onde fora dar com os costados exauridos. Cansad\u00edssimo, dormiu ali mesmo, no ch\u00e3o molhado. Acordou com o sol alto, sentindo-se mais forte. Acostumado \u00e0s intemp\u00e9ries do campo, sem rumo certo, decidiu enfrentar uma longa caminhada, alimentando-se de algumas frutas no caminho, margeando o rio e sabendo que, se n\u00e3o houvesse outro grave incidente, alcan\u00e7aria, talvez no espa\u00e7o de tr\u00eas dias, a resid\u00eancia de seus pais.<\/p>\n\n\n\n<p>Nesse \u00ednterim \u2013 \u00e9 preciso que se diga \u2013 sua lancha chegou \u00e0 capital e o comandante telegrafou aos seus pais comunicando que o filho despencara nas \u00e1guas profundas e, certamente, morrera afogado. A fam\u00edlia, religiosa, depois de esperar durante dois dias por alguma not\u00edcia do jovem, considerou-o falecido, e no terceiro dia, como era tradi\u00e7\u00e3o no lugar, come\u00e7ou a rezar pela sua alma.<\/p>\n\n\n\n<p>Entretanto, Eurico, com muito sacrif\u00edcio, transp\u00f4s o longo caminho de volta, parando de vez em quando para descanso, vencendo igarap\u00e9s repletos de jacar\u00e9s e piranhas, e exatamente depois de tr\u00eas dias, \u00e0s oito da noite, chegou \u00e0 casa assobradada, no bairro Perimirim, sua antiga morada. Encontrou a porta semifechada e o ambiente meio na penumbra. Muita gente \u2013 seus pais, parentes, amigos e vizinhos \u2013 concentrava-se em fervorosas preces pela salva\u00e7\u00e3o de seu esp\u00edrito. A princ\u00edpio, sua presen\u00e7a, repentina, assombrou a todos. Pensavam tratar-se do seu fantasma.<\/p>\n\n\n\n<p>Passado o susto, houve grande algazarra, demonstra\u00e7\u00f5es de felicidade e alegria pela sua presen\u00e7a f\u00edsica. E logo em seguida, a reza continuou, com a piedosa participa\u00e7\u00e3o do pr\u00f3prio n\u00e1ufrago, n\u00e3o mais pela inten\u00e7\u00e3o de sua alma, mas pela volta normal \u00e0 vida e ao conv\u00edvio dos seus.\u00a0<\/p>\n\n\n\n<p>Esta \u00e9 mais uma historinha que reflete a alma singela deste nosso povo de outros tempos.<\/p>\n\n\n\n<p>&#8212;&#8212;&#8212;&#8212;&#8212;&#8212;&#8212;&#8212;&#8212;&#8212;&#8212;&#8212;&#8212;&#8212;&#8212;&#8212;&#8212;&#8212;-<\/p>\n\n\n\n<p><strong>Jos\u00e9 Fernandes<\/strong> \u00e9 membro da Academia Ludovicense de Letras e autor, entre outros, do livro \u201cGente e Coisas da Minha Terra\u201d.<\/p>\n\n\n\n<hr class=\"wp-block-separator\"\/>\n","protected":false},"excerpt":{"rendered":"<p>Seu pai era vaqueiro e lavrador; sua m\u00e3e, al\u00e9m dos afazeres de casa, fazia bordados para as fam\u00edlias mais abastadas. [&hellip;]<\/p>\n","protected":false},"author":4,"featured_media":0,"comment_status":"open","ping_status":"open","sticky":false,"template":"","format":"standard","meta":{"site-sidebar-layout":"default","site-content-layout":"","ast-site-content-layout":"default","site-content-style":"default","site-sidebar-style":"default","ast-global-header-display":"","ast-banner-title-visibility":"","ast-main-header-display":"","ast-hfb-above-header-display":"","ast-hfb-below-header-display":"","ast-hfb-mobile-header-display":"","site-post-title":"","ast-breadcrumbs-content":"","ast-featured-img":"","footer-sml-layout":"","ast-disable-related-posts":"","theme-transparent-header-meta":"","adv-header-id-meta":"","stick-header-meta":"","header-above-stick-meta":"","header-main-stick-meta":"","header-below-stick-meta":"","astra-migrate-meta-layouts":"default","ast-page-background-enabled":"default","ast-page-background-meta":{"desktop":{"background-color":"var(--ast-global-color-5)","background-image":"","background-repeat":"repeat","background-position":"center center","background-size":"auto","background-attachment":"scroll","background-type":"","background-media":"","overlay-type":"","overlay-color":"","overlay-opacity":"","overlay-gradient":""},"tablet":{"background-color":"","background-image":"","background-repeat":"repeat","background-position":"center center","background-size":"auto","background-attachment":"scroll","background-type":"","background-media":"","overlay-type":"","overlay-color":"","overlay-opacity":"","overlay-gradient":""},"mobile":{"background-color":"","background-image":"","background-repeat":"repeat","background-position":"center center","background-size":"auto","background-attachment":"scroll","background-type":"","background-media":"","overlay-type":"","overlay-color":"","overlay-opacity":"","overlay-gradient":""}},"ast-content-background-meta":{"desktop":{"background-color":"var(--ast-global-color-4)","background-image":"","background-repeat":"repeat","background-position":"center center","background-size":"auto","background-attachment":"scroll","background-type":"","background-media":"","overlay-type":"","overlay-color":"","overlay-opacity":"","overlay-gradient":""},"tablet":{"background-color":"var(--ast-global-color-4)","background-image":"","background-repeat":"repeat","background-position":"center center","background-size":"auto","background-attachment":"scroll","background-type":"","background-media":"","overlay-type":"","overlay-color":"","overlay-opacity":"","overlay-gradient":""},"mobile":{"background-color":"var(--ast-global-color-4)","background-image":"","background-repeat":"repeat","background-position":"center center","background-size":"auto","background-attachment":"scroll","background-type":"","background-media":"","overlay-type":"","overlay-color":"","overlay-opacity":"","overlay-gradient":""}},"footnotes":""},"categories":[1],"tags":[],"class_list":["post-7578","post","type-post","status-publish","format-standard","hentry","category-sem-categoria"],"yoast_head":"<!-- This site is optimized with the Yoast SEO plugin v26.6 - https:\/\/yoast.com\/wordpress\/plugins\/seo\/ -->\n<title>Cr\u00f4nica de Jos\u00e9 Fernandes: &quot;O N\u00e1ufrago&quot; - Evandro Junior<\/title>\n<meta name=\"robots\" content=\"index, follow, max-snippet:-1, max-image-preview:large, max-video-preview:-1\" \/>\n<link rel=\"canonical\" href=\"https:\/\/www.blogsoestado.com\/evandrojunior\/2022\/10\/17\/cronica-de-jose-fernandes-o-naufrago\/\" \/>\n<meta property=\"og:locale\" content=\"pt_BR\" \/>\n<meta property=\"og:type\" content=\"article\" \/>\n<meta property=\"og:title\" content=\"Cr\u00f4nica de Jos\u00e9 Fernandes: &quot;O N\u00e1ufrago&quot; - Evandro Junior\" \/>\n<meta property=\"og:description\" content=\"Seu pai era vaqueiro e lavrador; sua m\u00e3e, al\u00e9m dos afazeres de casa, fazia bordados para as fam\u00edlias mais abastadas. [&hellip;]\" \/>\n<meta property=\"og:url\" content=\"https:\/\/www.blogsoestado.com\/evandrojunior\/2022\/10\/17\/cronica-de-jose-fernandes-o-naufrago\/\" \/>\n<meta property=\"og:site_name\" content=\"Evandro Junior\" \/>\n<meta property=\"article:published_time\" content=\"2022-10-17T23:24:38+00:00\" \/>\n<meta property=\"og:image\" content=\"https:\/\/www.blogsoestado.com\/evandrojunior\/files\/2022\/10\/Barco-.jpg\" \/>\n<meta name=\"author\" content=\"Evandro Junior\" \/>\n<meta name=\"twitter:card\" content=\"summary_large_image\" \/>\n<meta name=\"twitter:label1\" content=\"Escrito por\" \/>\n\t<meta name=\"twitter:data1\" content=\"Evandro Junior\" \/>\n\t<meta name=\"twitter:label2\" content=\"Est. tempo de leitura\" \/>\n\t<meta name=\"twitter:data2\" content=\"3 minutos\" \/>\n<script type=\"application\/ld+json\" class=\"yoast-schema-graph\">{\"@context\":\"https:\/\/schema.org\",\"@graph\":[{\"@type\":\"WebPage\",\"@id\":\"https:\/\/www.blogsoestado.com\/evandrojunior\/2022\/10\/17\/cronica-de-jose-fernandes-o-naufrago\/\",\"url\":\"https:\/\/www.blogsoestado.com\/evandrojunior\/2022\/10\/17\/cronica-de-jose-fernandes-o-naufrago\/\",\"name\":\"Cr\u00f4nica de Jos\u00e9 Fernandes: \\\"O N\u00e1ufrago\\\" - Evandro Junior\",\"isPartOf\":{\"@id\":\"https:\/\/www.blogsoestado.com\/evandrojunior\/#website\"},\"primaryImageOfPage\":{\"@id\":\"https:\/\/www.blogsoestado.com\/evandrojunior\/2022\/10\/17\/cronica-de-jose-fernandes-o-naufrago\/#primaryimage\"},\"image\":{\"@id\":\"https:\/\/www.blogsoestado.com\/evandrojunior\/2022\/10\/17\/cronica-de-jose-fernandes-o-naufrago\/#primaryimage\"},\"thumbnailUrl\":\"https:\/\/www.blogsoestado.com\/evandrojunior\/files\/2022\/10\/Barco-.jpg\",\"datePublished\":\"2022-10-17T23:24:38+00:00\",\"author\":{\"@id\":\"https:\/\/www.blogsoestado.com\/evandrojunior\/#\/schema\/person\/3e6c3d8dbb740d1c6878ebc935cfb3be\"},\"breadcrumb\":{\"@id\":\"https:\/\/www.blogsoestado.com\/evandrojunior\/2022\/10\/17\/cronica-de-jose-fernandes-o-naufrago\/#breadcrumb\"},\"inLanguage\":\"pt-BR\",\"potentialAction\":[{\"@type\":\"ReadAction\",\"target\":[\"https:\/\/www.blogsoestado.com\/evandrojunior\/2022\/10\/17\/cronica-de-jose-fernandes-o-naufrago\/\"]}]},{\"@type\":\"ImageObject\",\"inLanguage\":\"pt-BR\",\"@id\":\"https:\/\/www.blogsoestado.com\/evandrojunior\/2022\/10\/17\/cronica-de-jose-fernandes-o-naufrago\/#primaryimage\",\"url\":\"https:\/\/www.blogsoestado.com\/evandrojunior\/files\/2022\/10\/Barco-.jpg\",\"contentUrl\":\"https:\/\/www.blogsoestado.com\/evandrojunior\/files\/2022\/10\/Barco-.jpg\"},{\"@type\":\"BreadcrumbList\",\"@id\":\"https:\/\/www.blogsoestado.com\/evandrojunior\/2022\/10\/17\/cronica-de-jose-fernandes-o-naufrago\/#breadcrumb\",\"itemListElement\":[{\"@type\":\"ListItem\",\"position\":1,\"name\":\"In\u00edcio\",\"item\":\"https:\/\/www.blogsoestado.com\/evandrojunior\/\"},{\"@type\":\"ListItem\",\"position\":2,\"name\":\"Cr\u00f4nica de Jos\u00e9 Fernandes: &#8220;O N\u00e1ufrago&#8221;\"}]},{\"@type\":\"WebSite\",\"@id\":\"https:\/\/www.blogsoestado.com\/evandrojunior\/#website\",\"url\":\"https:\/\/www.blogsoestado.com\/evandrojunior\/\",\"name\":\"Evandro Junior\",\"description\":\"\",\"potentialAction\":[{\"@type\":\"SearchAction\",\"target\":{\"@type\":\"EntryPoint\",\"urlTemplate\":\"https:\/\/www.blogsoestado.com\/evandrojunior\/?s={search_term_string}\"},\"query-input\":{\"@type\":\"PropertyValueSpecification\",\"valueRequired\":true,\"valueName\":\"search_term_string\"}}],\"inLanguage\":\"pt-BR\"},{\"@type\":\"Person\",\"@id\":\"https:\/\/www.blogsoestado.com\/evandrojunior\/#\/schema\/person\/3e6c3d8dbb740d1c6878ebc935cfb3be\",\"name\":\"Evandro Junior\",\"image\":{\"@type\":\"ImageObject\",\"inLanguage\":\"pt-BR\",\"@id\":\"https:\/\/www.blogsoestado.com\/evandrojunior\/#\/schema\/person\/image\/\",\"url\":\"https:\/\/secure.gravatar.com\/avatar\/f80a03a2294a580cd2318bfb459bf354cfa8be661ef3d95b542cf9a04af8d129?s=96&d=mm&r=g\",\"contentUrl\":\"https:\/\/secure.gravatar.com\/avatar\/f80a03a2294a580cd2318bfb459bf354cfa8be661ef3d95b542cf9a04af8d129?s=96&d=mm&r=g\",\"caption\":\"Evandro Junior\"},\"url\":\"https:\/\/www.blogsoestado.com\/evandrojunior\/author\/evandrojunior\/\"}]}<\/script>\n<!-- \/ Yoast SEO plugin. -->","yoast_head_json":{"title":"Cr\u00f4nica de Jos\u00e9 Fernandes: \"O N\u00e1ufrago\" - Evandro Junior","robots":{"index":"index","follow":"follow","max-snippet":"max-snippet:-1","max-image-preview":"max-image-preview:large","max-video-preview":"max-video-preview:-1"},"canonical":"https:\/\/www.blogsoestado.com\/evandrojunior\/2022\/10\/17\/cronica-de-jose-fernandes-o-naufrago\/","og_locale":"pt_BR","og_type":"article","og_title":"Cr\u00f4nica de Jos\u00e9 Fernandes: \"O N\u00e1ufrago\" - Evandro Junior","og_description":"Seu pai era vaqueiro e lavrador; sua m\u00e3e, al\u00e9m dos afazeres de casa, fazia bordados para as fam\u00edlias mais abastadas. [&hellip;]","og_url":"https:\/\/www.blogsoestado.com\/evandrojunior\/2022\/10\/17\/cronica-de-jose-fernandes-o-naufrago\/","og_site_name":"Evandro Junior","article_published_time":"2022-10-17T23:24:38+00:00","og_image":[{"url":"https:\/\/www.blogsoestado.com\/evandrojunior\/files\/2022\/10\/Barco-.jpg","type":"","width":"","height":""}],"author":"Evandro Junior","twitter_card":"summary_large_image","twitter_misc":{"Escrito por":"Evandro Junior","Est. tempo de leitura":"3 minutos"},"schema":{"@context":"https:\/\/schema.org","@graph":[{"@type":"WebPage","@id":"https:\/\/www.blogsoestado.com\/evandrojunior\/2022\/10\/17\/cronica-de-jose-fernandes-o-naufrago\/","url":"https:\/\/www.blogsoestado.com\/evandrojunior\/2022\/10\/17\/cronica-de-jose-fernandes-o-naufrago\/","name":"Cr\u00f4nica de Jos\u00e9 Fernandes: \"O N\u00e1ufrago\" - Evandro Junior","isPartOf":{"@id":"https:\/\/www.blogsoestado.com\/evandrojunior\/#website"},"primaryImageOfPage":{"@id":"https:\/\/www.blogsoestado.com\/evandrojunior\/2022\/10\/17\/cronica-de-jose-fernandes-o-naufrago\/#primaryimage"},"image":{"@id":"https:\/\/www.blogsoestado.com\/evandrojunior\/2022\/10\/17\/cronica-de-jose-fernandes-o-naufrago\/#primaryimage"},"thumbnailUrl":"https:\/\/www.blogsoestado.com\/evandrojunior\/files\/2022\/10\/Barco-.jpg","datePublished":"2022-10-17T23:24:38+00:00","author":{"@id":"https:\/\/www.blogsoestado.com\/evandrojunior\/#\/schema\/person\/3e6c3d8dbb740d1c6878ebc935cfb3be"},"breadcrumb":{"@id":"https:\/\/www.blogsoestado.com\/evandrojunior\/2022\/10\/17\/cronica-de-jose-fernandes-o-naufrago\/#breadcrumb"},"inLanguage":"pt-BR","potentialAction":[{"@type":"ReadAction","target":["https:\/\/www.blogsoestado.com\/evandrojunior\/2022\/10\/17\/cronica-de-jose-fernandes-o-naufrago\/"]}]},{"@type":"ImageObject","inLanguage":"pt-BR","@id":"https:\/\/www.blogsoestado.com\/evandrojunior\/2022\/10\/17\/cronica-de-jose-fernandes-o-naufrago\/#primaryimage","url":"https:\/\/www.blogsoestado.com\/evandrojunior\/files\/2022\/10\/Barco-.jpg","contentUrl":"https:\/\/www.blogsoestado.com\/evandrojunior\/files\/2022\/10\/Barco-.jpg"},{"@type":"BreadcrumbList","@id":"https:\/\/www.blogsoestado.com\/evandrojunior\/2022\/10\/17\/cronica-de-jose-fernandes-o-naufrago\/#breadcrumb","itemListElement":[{"@type":"ListItem","position":1,"name":"In\u00edcio","item":"https:\/\/www.blogsoestado.com\/evandrojunior\/"},{"@type":"ListItem","position":2,"name":"Cr\u00f4nica de Jos\u00e9 Fernandes: &#8220;O N\u00e1ufrago&#8221;"}]},{"@type":"WebSite","@id":"https:\/\/www.blogsoestado.com\/evandrojunior\/#website","url":"https:\/\/www.blogsoestado.com\/evandrojunior\/","name":"Evandro Junior","description":"","potentialAction":[{"@type":"SearchAction","target":{"@type":"EntryPoint","urlTemplate":"https:\/\/www.blogsoestado.com\/evandrojunior\/?s={search_term_string}"},"query-input":{"@type":"PropertyValueSpecification","valueRequired":true,"valueName":"search_term_string"}}],"inLanguage":"pt-BR"},{"@type":"Person","@id":"https:\/\/www.blogsoestado.com\/evandrojunior\/#\/schema\/person\/3e6c3d8dbb740d1c6878ebc935cfb3be","name":"Evandro Junior","image":{"@type":"ImageObject","inLanguage":"pt-BR","@id":"https:\/\/www.blogsoestado.com\/evandrojunior\/#\/schema\/person\/image\/","url":"https:\/\/secure.gravatar.com\/avatar\/f80a03a2294a580cd2318bfb459bf354cfa8be661ef3d95b542cf9a04af8d129?s=96&d=mm&r=g","contentUrl":"https:\/\/secure.gravatar.com\/avatar\/f80a03a2294a580cd2318bfb459bf354cfa8be661ef3d95b542cf9a04af8d129?s=96&d=mm&r=g","caption":"Evandro Junior"},"url":"https:\/\/www.blogsoestado.com\/evandrojunior\/author\/evandrojunior\/"}]}},"jetpack_featured_media_url":"","_links":{"self":[{"href":"https:\/\/www.blogsoestado.com\/evandrojunior\/wp-json\/wp\/v2\/posts\/7578","targetHints":{"allow":["GET"]}}],"collection":[{"href":"https:\/\/www.blogsoestado.com\/evandrojunior\/wp-json\/wp\/v2\/posts"}],"about":[{"href":"https:\/\/www.blogsoestado.com\/evandrojunior\/wp-json\/wp\/v2\/types\/post"}],"author":[{"embeddable":true,"href":"https:\/\/www.blogsoestado.com\/evandrojunior\/wp-json\/wp\/v2\/users\/4"}],"replies":[{"embeddable":true,"href":"https:\/\/www.blogsoestado.com\/evandrojunior\/wp-json\/wp\/v2\/comments?post=7578"}],"version-history":[{"count":0,"href":"https:\/\/www.blogsoestado.com\/evandrojunior\/wp-json\/wp\/v2\/posts\/7578\/revisions"}],"wp:attachment":[{"href":"https:\/\/www.blogsoestado.com\/evandrojunior\/wp-json\/wp\/v2\/media?parent=7578"}],"wp:term":[{"taxonomy":"category","embeddable":true,"href":"https:\/\/www.blogsoestado.com\/evandrojunior\/wp-json\/wp\/v2\/categories?post=7578"},{"taxonomy":"post_tag","embeddable":true,"href":"https:\/\/www.blogsoestado.com\/evandrojunior\/wp-json\/wp\/v2\/tags?post=7578"}],"curies":[{"name":"wp","href":"https:\/\/api.w.org\/{rel}","templated":true}]}}