{"id":7581,"date":"2022-10-18T11:45:47","date_gmt":"2022-10-18T14:45:47","guid":{"rendered":"https:\/\/www.blogsoestado.com\/evandrojunior\/?p=7581"},"modified":"2022-10-18T11:45:47","modified_gmt":"2022-10-18T14:45:47","slug":"rio-poty-hotel-resort-sedia-sexta-edicao-da-feijoada-do-maranhao-neste-sabado","status":"publish","type":"post","link":"https:\/\/www.blogsoestado.com\/evandrojunior\/2022\/10\/18\/rio-poty-hotel-resort-sedia-sexta-edicao-da-feijoada-do-maranhao-neste-sabado\/","title":{"rendered":"Rio Poty Hotel &#038; Resort sedia sexta edi\u00e7\u00e3o da Feijoada do Maranh\u00e3o neste s\u00e1bado"},"content":{"rendered":"\n<div class=\"wp-block-image\"><figure class=\"aligncenter size-large is-resized\"><img fetchpriority=\"high\" decoding=\"async\" src=\"https:\/\/www.blogsoestado.com\/evandrojunior\/files\/2022\/10\/Rio-Poty.jpg\" alt=\"\" class=\"wp-image-7583\" width=\"632\" height=\"421\"\/><figcaption><strong>Rio Poty Hotel &amp; Resort, na Ponta d&#8217;Areia, sediar\u00e1 a Feijoada do Maranh\u00e3o 2022 neste s\u00e1bado, 22<\/strong><\/figcaption><\/figure><\/div>\n\n\n\n<p><strong>S\u00e3o Lu\u00eds<\/strong> &#8211; O Rio Poty Hotel &amp; Resort (Ponta d&#8217;Areia) sedia, neste s\u00e1bado (22), das 13h \u00e0s 19h, a sexta edi\u00e7\u00e3o da Feijoada do Maranh\u00e3o em S\u00e3o Lu\u00eds, um dos mais tradicionais eventos do calend\u00e1rio gastron\u00f4mico e cultural de Belo Horizonte (MG), mas realizado por um maranhense na terra do queijo. A programa\u00e7\u00e3o acontecer\u00e1 no Terra\u00e7o Tarrafas, pr\u00f3ximo \u00e0 \u00e1rea da piscina, com vista para a Ba\u00eda de S\u00e3o Marcos.<\/p>\n\n\n\n<p>A iniciativa do fot\u00f3grafo Valdez Maranh\u00e3o, radicado em BH, acontece anualmente em Minas Gerais e passou a ser realizada tamb\u00e9m na capital maranhense. A ideia \u00e9 promover uma confraterniza\u00e7\u00e3o entre maranhenses e mineiros, uma vez que o evento re\u00fane pessoas dos dois estados tanto na vers\u00e3o de BH quanto na de S\u00e3o Lu\u00eds. <\/p>\n\n\n\n<div class=\"wp-block-image\"><figure class=\"aligncenter size-large is-resized\"><img decoding=\"async\" src=\"https:\/\/www.blogsoestado.com\/evandrojunior\/files\/2022\/10\/WhatsApp-Image-2022-10-18-at-10.22.28-1.jpeg\" alt=\"\" class=\"wp-image-7584\" width=\"427\" height=\"621\"\/><figcaption><strong>Valdez Maranh\u00e3o \u00e9 o idealizador e realizador do evento<\/strong><\/figcaption><\/figure><\/div>\n\n\n\n<p>A vers\u00e3o em BH aconteceu no dia 27 de agosto, no Hotel Dayrell. Em S\u00e3o Lu\u00eds, a festa no Rio Poty Hotel &amp; Resort, um dos mais agrad\u00e1veis empreendimentos hoteleiros da capital maranhense, ser\u00e1 animada pela dupla sertaneja mineira Henrique e Manoel, pela DJ Vanessa Serra, banda Mix in Brazil, Bicicleta do Samba e Boi Brilho da Ilha, sotaque de orquestra.<\/p>\n\n\n\n<p>As camisas que d\u00e3o acesso \u00e0s depend\u00eancias do Rio Poty Hotel &amp; Resort est\u00e3o \u00e0 venda na Biocl\u00ednica, na Avenida dos Holandeses, com direito a open bar (cerveja, \u00e1gua, refrigerantes e caipifrutas) e open food. O n\u00famero para contato \u00e9 (98) 98232-1940, com Cris Targino. <\/p>\n\n\n\n<div class=\"wp-block-image\"><figure class=\"aligncenter size-large is-resized\"><img decoding=\"async\" src=\"https:\/\/www.blogsoestado.com\/evandrojunior\/files\/2022\/10\/Rio-Poty-2.jpg\" alt=\"\" class=\"wp-image-7592\" width=\"651\" height=\"579\"\/><figcaption><strong>Evento acontecer\u00e1 no Terra\u00e7o Tarrafas, pr\u00f3ximo \u00e0 \u00e1rea da piscina, com vista para o mar<\/strong><\/figcaption><\/figure><\/div>\n\n\n\n<div class=\"wp-block-image\"><figure class=\"aligncenter size-large is-resized\"><img loading=\"lazy\" decoding=\"async\" src=\"https:\/\/www.blogsoestado.com\/evandrojunior\/files\/2022\/10\/Feijoada.jpg\" alt=\"\" class=\"wp-image-7587\" width=\"647\" height=\"360\"\/><figcaption><strong>Evento \u00e9 regado \u00e0 tradicional feijoada brasileira com ingredientes mineiros e maranhenses<\/strong><\/figcaption><\/figure><\/div>\n\n\n\n<p>A primeira vers\u00e3o foi realizada em 1991 para arrecadar fundos para o fot\u00f3grafo Valdez Maranh\u00e3o, que teve sua c\u00e2mera fotogr\u00e1fica furtada. Foi quando surgiu a ideia de oferecer uma feijoada para angariar recursos visando \u00e0 compra de um novo equipamento. <\/p>\n\n\n\n<p>A estreia foi no 25\u00ba andar do extinto Othon Palace Hotel para um p\u00fablico de 150 pessoas. O evento foi um sucesso e Valdez Maranh\u00e3o comprou a c\u00e2mera. A partir da\u00ed, a festa virou tradi\u00e7\u00e3o em BH. <\/p>\n\n\n\n<p><strong>Patrocinadores<\/strong><\/p>\n\n\n\n<p>O evento em S\u00e3o Lu\u00eds conta com o patroc\u00ednio da Fribal, Multimarcas, Taguatur, Vodka Intencion, Locage, Atelier Azevedo, Biocl\u00ednica, Revista Maranh\u00e3o Turismo, Secretarias Estadual e Municipal de Turismo, Fiema e Fecom\u00e9rcio.<\/p>\n\n\n\n<p><br><br><\/p>\n","protected":false},"excerpt":{"rendered":"<p>S\u00e3o Lu\u00eds &#8211; O Rio Poty Hotel &amp; Resort (Ponta d&#8217;Areia) sedia, neste s\u00e1bado (22), das 13h \u00e0s 19h, a [&hellip;]<\/p>\n","protected":false},"author":4,"featured_media":0,"comment_status":"open","ping_status":"open","sticky":false,"template":"","format":"standard","meta":{"site-sidebar-layout":"default","site-content-layout":"","ast-site-content-layout":"default","site-content-style":"default","site-sidebar-style":"default","ast-global-header-display":"","ast-banner-title-visibility":"","ast-main-header-display":"","ast-hfb-above-header-display":"","ast-hfb-below-header-display":"","ast-hfb-mobile-header-display":"","site-post-title":"","ast-breadcrumbs-content":"","ast-featured-img":"","footer-sml-layout":"","ast-disable-related-posts":"","theme-transparent-header-meta":"","adv-header-id-meta":"","stick-header-meta":"","header-above-stick-meta":"","header-main-stick-meta":"","header-below-stick-meta":"","astra-migrate-meta-layouts":"default","ast-page-background-enabled":"default","ast-page-background-meta":{"desktop":{"background-color":"var(--ast-global-color-5)","background-image":"","background-repeat":"repeat","background-position":"center center","background-size":"auto","background-attachment":"scroll","background-type":"","background-media":"","overlay-type":"","overlay-color":"","overlay-opacity":"","overlay-gradient":""},"tablet":{"background-color":"","background-image":"","background-repeat":"repeat","background-position":"center center","background-size":"auto","background-attachment":"scroll","background-type":"","background-media":"","overlay-type":"","overlay-color":"","overlay-opacity":"","overlay-gradient":""},"mobile":{"background-color":"","background-image":"","background-repeat":"repeat","background-position":"center center","background-size":"auto","background-attachment":"scroll","background-type":"","background-media":"","overlay-type":"","overlay-color":"","overlay-opacity":"","overlay-gradient":""}},"ast-content-background-meta":{"desktop":{"background-color":"var(--ast-global-color-4)","background-image":"","background-repeat":"repeat","background-position":"center center","background-size":"auto","background-attachment":"scroll","background-type":"","background-media":"","overlay-type":"","overlay-color":"","overlay-opacity":"","overlay-gradient":""},"tablet":{"background-color":"var(--ast-global-color-4)","background-image":"","background-repeat":"repeat","background-position":"center center","background-size":"auto","background-attachment":"scroll","background-type":"","background-media":"","overlay-type":"","overlay-color":"","overlay-opacity":"","overlay-gradient":""},"mobile":{"background-color":"var(--ast-global-color-4)","background-image":"","background-repeat":"repeat","background-position":"center center","background-size":"auto","background-attachment":"scroll","background-type":"","background-media":"","overlay-type":"","overlay-color":"","overlay-opacity":"","overlay-gradient":""}},"footnotes":""},"categories":[1],"tags":[],"class_list":["post-7581","post","type-post","status-publish","format-standard","hentry","category-sem-categoria"],"yoast_head":"<!-- This site is optimized with the Yoast SEO plugin v26.6 - https:\/\/yoast.com\/wordpress\/plugins\/seo\/ -->\n<title>Rio Poty Hotel &amp; Resort sedia sexta edi\u00e7\u00e3o da Feijoada do Maranh\u00e3o neste s\u00e1bado - Evandro Junior<\/title>\n<meta name=\"robots\" content=\"index, follow, max-snippet:-1, max-image-preview:large, max-video-preview:-1\" \/>\n<link rel=\"canonical\" href=\"https:\/\/www.blogsoestado.com\/evandrojunior\/2022\/10\/18\/rio-poty-hotel-resort-sedia-sexta-edicao-da-feijoada-do-maranhao-neste-sabado\/\" \/>\n<meta property=\"og:locale\" content=\"pt_BR\" \/>\n<meta property=\"og:type\" content=\"article\" \/>\n<meta property=\"og:title\" content=\"Rio Poty Hotel &amp; Resort sedia sexta edi\u00e7\u00e3o da Feijoada do Maranh\u00e3o neste s\u00e1bado - Evandro Junior\" \/>\n<meta property=\"og:description\" content=\"S\u00e3o Lu\u00eds &#8211; O Rio Poty Hotel &amp; Resort (Ponta d&#8217;Areia) sedia, neste s\u00e1bado (22), das 13h \u00e0s 19h, a [&hellip;]\" \/>\n<meta property=\"og:url\" content=\"https:\/\/www.blogsoestado.com\/evandrojunior\/2022\/10\/18\/rio-poty-hotel-resort-sedia-sexta-edicao-da-feijoada-do-maranhao-neste-sabado\/\" \/>\n<meta property=\"og:site_name\" content=\"Evandro Junior\" \/>\n<meta property=\"article:published_time\" content=\"2022-10-18T14:45:47+00:00\" \/>\n<meta property=\"og:image\" content=\"https:\/\/www.blogsoestado.com\/evandrojunior\/files\/2022\/10\/Rio-Poty.jpg\" \/>\n<meta name=\"author\" content=\"Evandro Junior\" \/>\n<meta name=\"twitter:card\" content=\"summary_large_image\" \/>\n<meta name=\"twitter:label1\" content=\"Escrito por\" \/>\n\t<meta name=\"twitter:data1\" content=\"Evandro Junior\" \/>\n\t<meta name=\"twitter:label2\" content=\"Est. tempo de leitura\" \/>\n\t<meta name=\"twitter:data2\" content=\"3 minutos\" \/>\n<script type=\"application\/ld+json\" class=\"yoast-schema-graph\">{\"@context\":\"https:\/\/schema.org\",\"@graph\":[{\"@type\":\"WebPage\",\"@id\":\"https:\/\/www.blogsoestado.com\/evandrojunior\/2022\/10\/18\/rio-poty-hotel-resort-sedia-sexta-edicao-da-feijoada-do-maranhao-neste-sabado\/\",\"url\":\"https:\/\/www.blogsoestado.com\/evandrojunior\/2022\/10\/18\/rio-poty-hotel-resort-sedia-sexta-edicao-da-feijoada-do-maranhao-neste-sabado\/\",\"name\":\"Rio Poty Hotel & Resort sedia sexta edi\u00e7\u00e3o da Feijoada do Maranh\u00e3o neste s\u00e1bado - Evandro Junior\",\"isPartOf\":{\"@id\":\"https:\/\/www.blogsoestado.com\/evandrojunior\/#website\"},\"primaryImageOfPage\":{\"@id\":\"https:\/\/www.blogsoestado.com\/evandrojunior\/2022\/10\/18\/rio-poty-hotel-resort-sedia-sexta-edicao-da-feijoada-do-maranhao-neste-sabado\/#primaryimage\"},\"image\":{\"@id\":\"https:\/\/www.blogsoestado.com\/evandrojunior\/2022\/10\/18\/rio-poty-hotel-resort-sedia-sexta-edicao-da-feijoada-do-maranhao-neste-sabado\/#primaryimage\"},\"thumbnailUrl\":\"https:\/\/www.blogsoestado.com\/evandrojunior\/files\/2022\/10\/Rio-Poty.jpg\",\"datePublished\":\"2022-10-18T14:45:47+00:00\",\"author\":{\"@id\":\"https:\/\/www.blogsoestado.com\/evandrojunior\/#\/schema\/person\/3e6c3d8dbb740d1c6878ebc935cfb3be\"},\"breadcrumb\":{\"@id\":\"https:\/\/www.blogsoestado.com\/evandrojunior\/2022\/10\/18\/rio-poty-hotel-resort-sedia-sexta-edicao-da-feijoada-do-maranhao-neste-sabado\/#breadcrumb\"},\"inLanguage\":\"pt-BR\",\"potentialAction\":[{\"@type\":\"ReadAction\",\"target\":[\"https:\/\/www.blogsoestado.com\/evandrojunior\/2022\/10\/18\/rio-poty-hotel-resort-sedia-sexta-edicao-da-feijoada-do-maranhao-neste-sabado\/\"]}]},{\"@type\":\"ImageObject\",\"inLanguage\":\"pt-BR\",\"@id\":\"https:\/\/www.blogsoestado.com\/evandrojunior\/2022\/10\/18\/rio-poty-hotel-resort-sedia-sexta-edicao-da-feijoada-do-maranhao-neste-sabado\/#primaryimage\",\"url\":\"https:\/\/www.blogsoestado.com\/evandrojunior\/files\/2022\/10\/Rio-Poty.jpg\",\"contentUrl\":\"https:\/\/www.blogsoestado.com\/evandrojunior\/files\/2022\/10\/Rio-Poty.jpg\"},{\"@type\":\"BreadcrumbList\",\"@id\":\"https:\/\/www.blogsoestado.com\/evandrojunior\/2022\/10\/18\/rio-poty-hotel-resort-sedia-sexta-edicao-da-feijoada-do-maranhao-neste-sabado\/#breadcrumb\",\"itemListElement\":[{\"@type\":\"ListItem\",\"position\":1,\"name\":\"In\u00edcio\",\"item\":\"https:\/\/www.blogsoestado.com\/evandrojunior\/\"},{\"@type\":\"ListItem\",\"position\":2,\"name\":\"Rio Poty Hotel &#038; Resort sedia sexta edi\u00e7\u00e3o da Feijoada do Maranh\u00e3o neste s\u00e1bado\"}]},{\"@type\":\"WebSite\",\"@id\":\"https:\/\/www.blogsoestado.com\/evandrojunior\/#website\",\"url\":\"https:\/\/www.blogsoestado.com\/evandrojunior\/\",\"name\":\"Evandro Junior\",\"description\":\"\",\"potentialAction\":[{\"@type\":\"SearchAction\",\"target\":{\"@type\":\"EntryPoint\",\"urlTemplate\":\"https:\/\/www.blogsoestado.com\/evandrojunior\/?s={search_term_string}\"},\"query-input\":{\"@type\":\"PropertyValueSpecification\",\"valueRequired\":true,\"valueName\":\"search_term_string\"}}],\"inLanguage\":\"pt-BR\"},{\"@type\":\"Person\",\"@id\":\"https:\/\/www.blogsoestado.com\/evandrojunior\/#\/schema\/person\/3e6c3d8dbb740d1c6878ebc935cfb3be\",\"name\":\"Evandro Junior\",\"image\":{\"@type\":\"ImageObject\",\"inLanguage\":\"pt-BR\",\"@id\":\"https:\/\/www.blogsoestado.com\/evandrojunior\/#\/schema\/person\/image\/\",\"url\":\"https:\/\/secure.gravatar.com\/avatar\/f80a03a2294a580cd2318bfb459bf354cfa8be661ef3d95b542cf9a04af8d129?s=96&d=mm&r=g\",\"contentUrl\":\"https:\/\/secure.gravatar.com\/avatar\/f80a03a2294a580cd2318bfb459bf354cfa8be661ef3d95b542cf9a04af8d129?s=96&d=mm&r=g\",\"caption\":\"Evandro Junior\"},\"url\":\"https:\/\/www.blogsoestado.com\/evandrojunior\/author\/evandrojunior\/\"}]}<\/script>\n<!-- \/ Yoast SEO plugin. -->","yoast_head_json":{"title":"Rio Poty Hotel & Resort sedia sexta edi\u00e7\u00e3o da Feijoada do Maranh\u00e3o neste s\u00e1bado - Evandro Junior","robots":{"index":"index","follow":"follow","max-snippet":"max-snippet:-1","max-image-preview":"max-image-preview:large","max-video-preview":"max-video-preview:-1"},"canonical":"https:\/\/www.blogsoestado.com\/evandrojunior\/2022\/10\/18\/rio-poty-hotel-resort-sedia-sexta-edicao-da-feijoada-do-maranhao-neste-sabado\/","og_locale":"pt_BR","og_type":"article","og_title":"Rio Poty Hotel & Resort sedia sexta edi\u00e7\u00e3o da Feijoada do Maranh\u00e3o neste s\u00e1bado - Evandro Junior","og_description":"S\u00e3o Lu\u00eds &#8211; O Rio Poty Hotel &amp; Resort (Ponta d&#8217;Areia) sedia, neste s\u00e1bado (22), das 13h \u00e0s 19h, a [&hellip;]","og_url":"https:\/\/www.blogsoestado.com\/evandrojunior\/2022\/10\/18\/rio-poty-hotel-resort-sedia-sexta-edicao-da-feijoada-do-maranhao-neste-sabado\/","og_site_name":"Evandro Junior","article_published_time":"2022-10-18T14:45:47+00:00","og_image":[{"url":"https:\/\/www.blogsoestado.com\/evandrojunior\/files\/2022\/10\/Rio-Poty.jpg","type":"","width":"","height":""}],"author":"Evandro Junior","twitter_card":"summary_large_image","twitter_misc":{"Escrito por":"Evandro Junior","Est. tempo de leitura":"3 minutos"},"schema":{"@context":"https:\/\/schema.org","@graph":[{"@type":"WebPage","@id":"https:\/\/www.blogsoestado.com\/evandrojunior\/2022\/10\/18\/rio-poty-hotel-resort-sedia-sexta-edicao-da-feijoada-do-maranhao-neste-sabado\/","url":"https:\/\/www.blogsoestado.com\/evandrojunior\/2022\/10\/18\/rio-poty-hotel-resort-sedia-sexta-edicao-da-feijoada-do-maranhao-neste-sabado\/","name":"Rio Poty Hotel & Resort sedia sexta edi\u00e7\u00e3o da Feijoada do Maranh\u00e3o neste s\u00e1bado - Evandro Junior","isPartOf":{"@id":"https:\/\/www.blogsoestado.com\/evandrojunior\/#website"},"primaryImageOfPage":{"@id":"https:\/\/www.blogsoestado.com\/evandrojunior\/2022\/10\/18\/rio-poty-hotel-resort-sedia-sexta-edicao-da-feijoada-do-maranhao-neste-sabado\/#primaryimage"},"image":{"@id":"https:\/\/www.blogsoestado.com\/evandrojunior\/2022\/10\/18\/rio-poty-hotel-resort-sedia-sexta-edicao-da-feijoada-do-maranhao-neste-sabado\/#primaryimage"},"thumbnailUrl":"https:\/\/www.blogsoestado.com\/evandrojunior\/files\/2022\/10\/Rio-Poty.jpg","datePublished":"2022-10-18T14:45:47+00:00","author":{"@id":"https:\/\/www.blogsoestado.com\/evandrojunior\/#\/schema\/person\/3e6c3d8dbb740d1c6878ebc935cfb3be"},"breadcrumb":{"@id":"https:\/\/www.blogsoestado.com\/evandrojunior\/2022\/10\/18\/rio-poty-hotel-resort-sedia-sexta-edicao-da-feijoada-do-maranhao-neste-sabado\/#breadcrumb"},"inLanguage":"pt-BR","potentialAction":[{"@type":"ReadAction","target":["https:\/\/www.blogsoestado.com\/evandrojunior\/2022\/10\/18\/rio-poty-hotel-resort-sedia-sexta-edicao-da-feijoada-do-maranhao-neste-sabado\/"]}]},{"@type":"ImageObject","inLanguage":"pt-BR","@id":"https:\/\/www.blogsoestado.com\/evandrojunior\/2022\/10\/18\/rio-poty-hotel-resort-sedia-sexta-edicao-da-feijoada-do-maranhao-neste-sabado\/#primaryimage","url":"https:\/\/www.blogsoestado.com\/evandrojunior\/files\/2022\/10\/Rio-Poty.jpg","contentUrl":"https:\/\/www.blogsoestado.com\/evandrojunior\/files\/2022\/10\/Rio-Poty.jpg"},{"@type":"BreadcrumbList","@id":"https:\/\/www.blogsoestado.com\/evandrojunior\/2022\/10\/18\/rio-poty-hotel-resort-sedia-sexta-edicao-da-feijoada-do-maranhao-neste-sabado\/#breadcrumb","itemListElement":[{"@type":"ListItem","position":1,"name":"In\u00edcio","item":"https:\/\/www.blogsoestado.com\/evandrojunior\/"},{"@type":"ListItem","position":2,"name":"Rio Poty Hotel &#038; Resort sedia sexta edi\u00e7\u00e3o da Feijoada do Maranh\u00e3o neste s\u00e1bado"}]},{"@type":"WebSite","@id":"https:\/\/www.blogsoestado.com\/evandrojunior\/#website","url":"https:\/\/www.blogsoestado.com\/evandrojunior\/","name":"Evandro Junior","description":"","potentialAction":[{"@type":"SearchAction","target":{"@type":"EntryPoint","urlTemplate":"https:\/\/www.blogsoestado.com\/evandrojunior\/?s={search_term_string}"},"query-input":{"@type":"PropertyValueSpecification","valueRequired":true,"valueName":"search_term_string"}}],"inLanguage":"pt-BR"},{"@type":"Person","@id":"https:\/\/www.blogsoestado.com\/evandrojunior\/#\/schema\/person\/3e6c3d8dbb740d1c6878ebc935cfb3be","name":"Evandro Junior","image":{"@type":"ImageObject","inLanguage":"pt-BR","@id":"https:\/\/www.blogsoestado.com\/evandrojunior\/#\/schema\/person\/image\/","url":"https:\/\/secure.gravatar.com\/avatar\/f80a03a2294a580cd2318bfb459bf354cfa8be661ef3d95b542cf9a04af8d129?s=96&d=mm&r=g","contentUrl":"https:\/\/secure.gravatar.com\/avatar\/f80a03a2294a580cd2318bfb459bf354cfa8be661ef3d95b542cf9a04af8d129?s=96&d=mm&r=g","caption":"Evandro Junior"},"url":"https:\/\/www.blogsoestado.com\/evandrojunior\/author\/evandrojunior\/"}]}},"jetpack_featured_media_url":"","_links":{"self":[{"href":"https:\/\/www.blogsoestado.com\/evandrojunior\/wp-json\/wp\/v2\/posts\/7581","targetHints":{"allow":["GET"]}}],"collection":[{"href":"https:\/\/www.blogsoestado.com\/evandrojunior\/wp-json\/wp\/v2\/posts"}],"about":[{"href":"https:\/\/www.blogsoestado.com\/evandrojunior\/wp-json\/wp\/v2\/types\/post"}],"author":[{"embeddable":true,"href":"https:\/\/www.blogsoestado.com\/evandrojunior\/wp-json\/wp\/v2\/users\/4"}],"replies":[{"embeddable":true,"href":"https:\/\/www.blogsoestado.com\/evandrojunior\/wp-json\/wp\/v2\/comments?post=7581"}],"version-history":[{"count":0,"href":"https:\/\/www.blogsoestado.com\/evandrojunior\/wp-json\/wp\/v2\/posts\/7581\/revisions"}],"wp:attachment":[{"href":"https:\/\/www.blogsoestado.com\/evandrojunior\/wp-json\/wp\/v2\/media?parent=7581"}],"wp:term":[{"taxonomy":"category","embeddable":true,"href":"https:\/\/www.blogsoestado.com\/evandrojunior\/wp-json\/wp\/v2\/categories?post=7581"},{"taxonomy":"post_tag","embeddable":true,"href":"https:\/\/www.blogsoestado.com\/evandrojunior\/wp-json\/wp\/v2\/tags?post=7581"}],"curies":[{"name":"wp","href":"https:\/\/api.w.org\/{rel}","templated":true}]}}