{"id":7678,"date":"2022-10-25T08:03:03","date_gmt":"2022-10-25T11:03:03","guid":{"rendered":"https:\/\/www.blogsoestado.com\/evandrojunior\/?p=7678"},"modified":"2022-10-25T08:03:03","modified_gmt":"2022-10-25T11:03:03","slug":"cronica-de-jose-fernandes-frases","status":"publish","type":"post","link":"https:\/\/www.blogsoestado.com\/evandrojunior\/2022\/10\/25\/cronica-de-jose-fernandes-frases\/","title":{"rendered":"Cr\u00f4nica de Jos\u00e9 Fernandes: &#8220;Frases&#8221;"},"content":{"rendered":"\n<div class=\"wp-block-image\"><figure class=\"aligncenter size-large is-resized\"><img fetchpriority=\"high\" decoding=\"async\" src=\"https:\/\/www.blogsoestado.com\/evandrojunior\/files\/2022\/10\/Frase-.jpg\" alt=\"\" class=\"wp-image-7679\" width=\"550\" height=\"308\"\/><\/figure><\/div>\n\n\n\n<p>Assimilemo-las quando forem \u00fateis. Caso contr\u00e1rio, \u00e9 melhor ignor\u00e1-las.<\/p>\n\n\n\n<p><strong>LEMOS E <\/strong>ouvimos frases que nos fazem bem e outras que nos fazem mal. Que nos levam ao alto e que nos derrubam. Nos d\u00e3o alentos e nos causam tristezas. Nos trazem afetos e nos levam \u00e0 revolta. Frases c\u00ednicas, como as do escritor Nelson Rodrigues, e frases divinas, como as do Serm\u00e3o da Montanha.<\/p>\n\n\n\n<p>Frases amb\u00edguas e frases compreens\u00edveis. Sinceras e mentirosas. Dependendo de quem as diz, em que circunst\u00e2ncias e com quais prop\u00f3sitos. Algumas, \u00fateis e bem assimiladas, alicer\u00e7am os destinos de um povo \u00e0 grandeza espiritual elevando o seu padr\u00e3o civilizat\u00f3rio.<\/p>\n\n\n\n<p>Outras, inspiradas, enra\u00edzam-se na consci\u00eancia coletiva elevando os seus autores \u00e0 condi\u00e7\u00e3o de art\u00edfices do amor, de incentivadoras da fraternidade, do pacifismo como as frases de<\/p>\n\n\n\n<p>Mahatma Gandhi, Martin Luther King, Madre Teresa, Chico Xavier etc. Frases monossil\u00e1bicas, por\u00e9m incisivas, conclamando um pa\u00eds a buscar o seu brio, quando como quando Barak<\/p>\n\n\n\n<p>Obama dizia \u00e0s multid\u00f5es: \u201cN\u00f3s podemos\u201d.<\/p>\n\n\n\n<p>Sabemos, ainda, de frases que levam \u00e0 apatia, ao pessimismo, \u00e0 tristeza e at\u00e9 as que conduzem o incauto ouvinte \u00e0s raias do aniquilamento moral e ao suic\u00eddio, ditas ou n\u00e3o com tais prop\u00f3sitos, mas sempre nocivas pelo grau de car\u00eancia moral de quem as pronuncia.<\/p>\n\n\n\n<p>Frases rebuscadas, at\u00e9 ang\u00e9licas, empregadas por gente sem a devida forma\u00e7\u00e3o nem convic\u00e7\u00e3o crist\u00e3, s\u00e3o comumente empregadas para obter vantagens il\u00edcitas no mundo dos neg\u00f3cios, ou para servir de meios catalisadores aproveitados por gente esperta e mal intencionada.<\/p>\n\n\n\n<p>Candidatos desde \u00e0 verean\u00e7a interiorana aos cargos mais altos da na\u00e7\u00e3o aprendem com especialistas frases agrad\u00e1veis aos ouvidos do populacho ou esbo\u00e7am promessas e conseguem ludibriar coletividades inteiras.<\/p>\n\n\n\n<p>N\u00e3o faz muito tempo, um certo candidato \u00e0 presid\u00eancia de um grande na\u00e7\u00e3o, que, dizem, n\u00e3o praticava nenhuma religi\u00e3o e totalmente despreparado para a a\u00e7\u00e3o p\u00fablica, aprendeu com<\/p>\n\n\n\n<p>algu\u00e9m a frase b\u00edblica \u201cConhecereis a verdade e a verdade vos libertar\u00e1\u201d. Usou-a repetidamente durante sua campanha, espalhou- a pelas redes sociais, causou boa impress\u00e3o agradando gregos e troianos e, pelo que se sabe, convenceu a plebe ignara<\/p>\n\n\n\n<p>e, por incr\u00edvel que pare\u00e7a, com essa frase se elegeu, causando um incomensur\u00e1vel desastre ao pa\u00eds que talvez voc\u00ea conhe\u00e7a. Vejam s\u00f3 o poder de uma frase plantada em mentes imaturas.<\/p>\n\n\n\n<p>Mas nem sempre uma frase pol\u00edtica causa bom efeito. Todos se lembram de um outro candidato a tamb\u00e9m dirigente da na\u00e7\u00e3o, este por\u00e9m culto e competente, mas um desastrado em frases infelizes. Em vias de ser eleito, perguntado por um rep\u00f3rter qual seria, no seu futuro governo, o papel da sua mulher, uma atriz muito querida pelo p\u00fablico, o euf\u00f3rico pretendente \u00e0 faixa presidencial respondeu, no seu estilo boquirroto, que ela lhe seria muito \u00fatil na cama. A partir da\u00ed, n\u00e3o houve \u201cagua na fervura\u201d que amainasse o feito dessa frase maldita, que aniquilou o seu prest\u00edgio perante a maioria do eleitorado, principalmente o feminino, que o derrotou fragorosamente, derrota que o vem perseguindo atrav\u00e9s do tempo.<\/p>\n\n\n\n<p>Dizem os versados em opini\u00e3o p\u00fablico que o autor dessa frase fat\u00eddica era realmente o candidato mais cotado naquele momento e que, para melhor se consagrar, bastaria dizer ao<\/p>\n\n\n\n<p>rep\u00f3rter que sua mulher era uma pessoa de vis\u00e3o, seria sua inspiradora e muito poderia colaborar no campo das artes, que ela bem conhecia. Mas n\u00e3o disse \u2013 preferiu ser arrogante e at\u00e9 ofensivo \u00e0s mulheres da na\u00e7\u00e3o.<\/p>\n\n\n\n<p>N\u00f3s sabemos, mas quase sempre esquecemos: as frases, realmente, tanto podem elevar as nossas almas \u00e0s culmin\u00e2ncias do bem-querer como podem conduzir-nos a males imprevis\u00edveis,<\/p>\n\n\n\n<p>e nessa imprevis\u00e3o incluem-se \u00e0s enfermidades do corpo e do esp\u00edrito.<\/p>\n\n\n\n<p>Frases boas e frases ruins \u2013 quem n\u00e3o as disse pelo menos uma vez?<\/p>\n\n\n\n<p>\u2014\u2014\u2014\u2014\u2014\u2014\u2014\u2014\u2014\u2014\u2014\u2014\u2014\u2014\u2014\u2014\u2014\u2014-<\/p>\n\n\n\n<p><strong>Jos\u00e9 Fernandes<\/strong>&nbsp;\u00e9 membro da Academia Ludovicense de Letras e autor, entre outros, do livro \u201cGente e Coisas da Minha Terra\u201d.<\/p>\n","protected":false},"excerpt":{"rendered":"<p>Assimilemo-las quando forem \u00fateis. Caso contr\u00e1rio, \u00e9 melhor ignor\u00e1-las. LEMOS E ouvimos frases que nos fazem bem e outras que [&hellip;]<\/p>\n","protected":false},"author":4,"featured_media":0,"comment_status":"open","ping_status":"open","sticky":false,"template":"","format":"standard","meta":{"site-sidebar-layout":"default","site-content-layout":"","ast-site-content-layout":"default","site-content-style":"default","site-sidebar-style":"default","ast-global-header-display":"","ast-banner-title-visibility":"","ast-main-header-display":"","ast-hfb-above-header-display":"","ast-hfb-below-header-display":"","ast-hfb-mobile-header-display":"","site-post-title":"","ast-breadcrumbs-content":"","ast-featured-img":"","footer-sml-layout":"","ast-disable-related-posts":"","theme-transparent-header-meta":"","adv-header-id-meta":"","stick-header-meta":"","header-above-stick-meta":"","header-main-stick-meta":"","header-below-stick-meta":"","astra-migrate-meta-layouts":"default","ast-page-background-enabled":"default","ast-page-background-meta":{"desktop":{"background-color":"var(--ast-global-color-5)","background-image":"","background-repeat":"repeat","background-position":"center center","background-size":"auto","background-attachment":"scroll","background-type":"","background-media":"","overlay-type":"","overlay-color":"","overlay-opacity":"","overlay-gradient":""},"tablet":{"background-color":"","background-image":"","background-repeat":"repeat","background-position":"center center","background-size":"auto","background-attachment":"scroll","background-type":"","background-media":"","overlay-type":"","overlay-color":"","overlay-opacity":"","overlay-gradient":""},"mobile":{"background-color":"","background-image":"","background-repeat":"repeat","background-position":"center center","background-size":"auto","background-attachment":"scroll","background-type":"","background-media":"","overlay-type":"","overlay-color":"","overlay-opacity":"","overlay-gradient":""}},"ast-content-background-meta":{"desktop":{"background-color":"var(--ast-global-color-4)","background-image":"","background-repeat":"repeat","background-position":"center center","background-size":"auto","background-attachment":"scroll","background-type":"","background-media":"","overlay-type":"","overlay-color":"","overlay-opacity":"","overlay-gradient":""},"tablet":{"background-color":"var(--ast-global-color-4)","background-image":"","background-repeat":"repeat","background-position":"center center","background-size":"auto","background-attachment":"scroll","background-type":"","background-media":"","overlay-type":"","overlay-color":"","overlay-opacity":"","overlay-gradient":""},"mobile":{"background-color":"var(--ast-global-color-4)","background-image":"","background-repeat":"repeat","background-position":"center center","background-size":"auto","background-attachment":"scroll","background-type":"","background-media":"","overlay-type":"","overlay-color":"","overlay-opacity":"","overlay-gradient":""}},"footnotes":""},"categories":[1],"tags":[],"class_list":["post-7678","post","type-post","status-publish","format-standard","hentry","category-sem-categoria"],"yoast_head":"<!-- This site is optimized with the Yoast SEO plugin v26.6 - https:\/\/yoast.com\/wordpress\/plugins\/seo\/ -->\n<title>Cr\u00f4nica de Jos\u00e9 Fernandes: &quot;Frases&quot; - Evandro Junior<\/title>\n<meta name=\"robots\" content=\"index, follow, max-snippet:-1, max-image-preview:large, max-video-preview:-1\" \/>\n<link rel=\"canonical\" href=\"https:\/\/www.blogsoestado.com\/evandrojunior\/2022\/10\/25\/cronica-de-jose-fernandes-frases\/\" \/>\n<meta property=\"og:locale\" content=\"pt_BR\" \/>\n<meta property=\"og:type\" content=\"article\" \/>\n<meta property=\"og:title\" content=\"Cr\u00f4nica de Jos\u00e9 Fernandes: &quot;Frases&quot; - Evandro Junior\" \/>\n<meta property=\"og:description\" content=\"Assimilemo-las quando forem \u00fateis. Caso contr\u00e1rio, \u00e9 melhor ignor\u00e1-las. LEMOS E ouvimos frases que nos fazem bem e outras que [&hellip;]\" \/>\n<meta property=\"og:url\" content=\"https:\/\/www.blogsoestado.com\/evandrojunior\/2022\/10\/25\/cronica-de-jose-fernandes-frases\/\" \/>\n<meta property=\"og:site_name\" content=\"Evandro Junior\" \/>\n<meta property=\"article:published_time\" content=\"2022-10-25T11:03:03+00:00\" \/>\n<meta property=\"og:image\" content=\"https:\/\/www.blogsoestado.com\/evandrojunior\/files\/2022\/10\/Frase-.jpg\" \/>\n<meta name=\"author\" content=\"Evandro Junior\" \/>\n<meta name=\"twitter:card\" content=\"summary_large_image\" \/>\n<meta name=\"twitter:label1\" content=\"Escrito por\" \/>\n\t<meta name=\"twitter:data1\" content=\"Evandro Junior\" \/>\n\t<meta name=\"twitter:label2\" content=\"Est. tempo de leitura\" \/>\n\t<meta name=\"twitter:data2\" content=\"3 minutos\" \/>\n<script type=\"application\/ld+json\" class=\"yoast-schema-graph\">{\"@context\":\"https:\/\/schema.org\",\"@graph\":[{\"@type\":\"WebPage\",\"@id\":\"https:\/\/www.blogsoestado.com\/evandrojunior\/2022\/10\/25\/cronica-de-jose-fernandes-frases\/\",\"url\":\"https:\/\/www.blogsoestado.com\/evandrojunior\/2022\/10\/25\/cronica-de-jose-fernandes-frases\/\",\"name\":\"Cr\u00f4nica de Jos\u00e9 Fernandes: \\\"Frases\\\" - Evandro Junior\",\"isPartOf\":{\"@id\":\"https:\/\/www.blogsoestado.com\/evandrojunior\/#website\"},\"primaryImageOfPage\":{\"@id\":\"https:\/\/www.blogsoestado.com\/evandrojunior\/2022\/10\/25\/cronica-de-jose-fernandes-frases\/#primaryimage\"},\"image\":{\"@id\":\"https:\/\/www.blogsoestado.com\/evandrojunior\/2022\/10\/25\/cronica-de-jose-fernandes-frases\/#primaryimage\"},\"thumbnailUrl\":\"https:\/\/www.blogsoestado.com\/evandrojunior\/files\/2022\/10\/Frase-.jpg\",\"datePublished\":\"2022-10-25T11:03:03+00:00\",\"author\":{\"@id\":\"https:\/\/www.blogsoestado.com\/evandrojunior\/#\/schema\/person\/3e6c3d8dbb740d1c6878ebc935cfb3be\"},\"breadcrumb\":{\"@id\":\"https:\/\/www.blogsoestado.com\/evandrojunior\/2022\/10\/25\/cronica-de-jose-fernandes-frases\/#breadcrumb\"},\"inLanguage\":\"pt-BR\",\"potentialAction\":[{\"@type\":\"ReadAction\",\"target\":[\"https:\/\/www.blogsoestado.com\/evandrojunior\/2022\/10\/25\/cronica-de-jose-fernandes-frases\/\"]}]},{\"@type\":\"ImageObject\",\"inLanguage\":\"pt-BR\",\"@id\":\"https:\/\/www.blogsoestado.com\/evandrojunior\/2022\/10\/25\/cronica-de-jose-fernandes-frases\/#primaryimage\",\"url\":\"https:\/\/www.blogsoestado.com\/evandrojunior\/files\/2022\/10\/Frase-.jpg\",\"contentUrl\":\"https:\/\/www.blogsoestado.com\/evandrojunior\/files\/2022\/10\/Frase-.jpg\"},{\"@type\":\"BreadcrumbList\",\"@id\":\"https:\/\/www.blogsoestado.com\/evandrojunior\/2022\/10\/25\/cronica-de-jose-fernandes-frases\/#breadcrumb\",\"itemListElement\":[{\"@type\":\"ListItem\",\"position\":1,\"name\":\"In\u00edcio\",\"item\":\"https:\/\/www.blogsoestado.com\/evandrojunior\/\"},{\"@type\":\"ListItem\",\"position\":2,\"name\":\"Cr\u00f4nica de Jos\u00e9 Fernandes: &#8220;Frases&#8221;\"}]},{\"@type\":\"WebSite\",\"@id\":\"https:\/\/www.blogsoestado.com\/evandrojunior\/#website\",\"url\":\"https:\/\/www.blogsoestado.com\/evandrojunior\/\",\"name\":\"Evandro Junior\",\"description\":\"\",\"potentialAction\":[{\"@type\":\"SearchAction\",\"target\":{\"@type\":\"EntryPoint\",\"urlTemplate\":\"https:\/\/www.blogsoestado.com\/evandrojunior\/?s={search_term_string}\"},\"query-input\":{\"@type\":\"PropertyValueSpecification\",\"valueRequired\":true,\"valueName\":\"search_term_string\"}}],\"inLanguage\":\"pt-BR\"},{\"@type\":\"Person\",\"@id\":\"https:\/\/www.blogsoestado.com\/evandrojunior\/#\/schema\/person\/3e6c3d8dbb740d1c6878ebc935cfb3be\",\"name\":\"Evandro Junior\",\"image\":{\"@type\":\"ImageObject\",\"inLanguage\":\"pt-BR\",\"@id\":\"https:\/\/www.blogsoestado.com\/evandrojunior\/#\/schema\/person\/image\/\",\"url\":\"https:\/\/secure.gravatar.com\/avatar\/f80a03a2294a580cd2318bfb459bf354cfa8be661ef3d95b542cf9a04af8d129?s=96&d=mm&r=g\",\"contentUrl\":\"https:\/\/secure.gravatar.com\/avatar\/f80a03a2294a580cd2318bfb459bf354cfa8be661ef3d95b542cf9a04af8d129?s=96&d=mm&r=g\",\"caption\":\"Evandro Junior\"},\"url\":\"https:\/\/www.blogsoestado.com\/evandrojunior\/author\/evandrojunior\/\"}]}<\/script>\n<!-- \/ Yoast SEO plugin. -->","yoast_head_json":{"title":"Cr\u00f4nica de Jos\u00e9 Fernandes: \"Frases\" - Evandro Junior","robots":{"index":"index","follow":"follow","max-snippet":"max-snippet:-1","max-image-preview":"max-image-preview:large","max-video-preview":"max-video-preview:-1"},"canonical":"https:\/\/www.blogsoestado.com\/evandrojunior\/2022\/10\/25\/cronica-de-jose-fernandes-frases\/","og_locale":"pt_BR","og_type":"article","og_title":"Cr\u00f4nica de Jos\u00e9 Fernandes: \"Frases\" - Evandro Junior","og_description":"Assimilemo-las quando forem \u00fateis. Caso contr\u00e1rio, \u00e9 melhor ignor\u00e1-las. LEMOS E ouvimos frases que nos fazem bem e outras que [&hellip;]","og_url":"https:\/\/www.blogsoestado.com\/evandrojunior\/2022\/10\/25\/cronica-de-jose-fernandes-frases\/","og_site_name":"Evandro Junior","article_published_time":"2022-10-25T11:03:03+00:00","og_image":[{"url":"https:\/\/www.blogsoestado.com\/evandrojunior\/files\/2022\/10\/Frase-.jpg","type":"","width":"","height":""}],"author":"Evandro Junior","twitter_card":"summary_large_image","twitter_misc":{"Escrito por":"Evandro Junior","Est. tempo de leitura":"3 minutos"},"schema":{"@context":"https:\/\/schema.org","@graph":[{"@type":"WebPage","@id":"https:\/\/www.blogsoestado.com\/evandrojunior\/2022\/10\/25\/cronica-de-jose-fernandes-frases\/","url":"https:\/\/www.blogsoestado.com\/evandrojunior\/2022\/10\/25\/cronica-de-jose-fernandes-frases\/","name":"Cr\u00f4nica de Jos\u00e9 Fernandes: \"Frases\" - Evandro Junior","isPartOf":{"@id":"https:\/\/www.blogsoestado.com\/evandrojunior\/#website"},"primaryImageOfPage":{"@id":"https:\/\/www.blogsoestado.com\/evandrojunior\/2022\/10\/25\/cronica-de-jose-fernandes-frases\/#primaryimage"},"image":{"@id":"https:\/\/www.blogsoestado.com\/evandrojunior\/2022\/10\/25\/cronica-de-jose-fernandes-frases\/#primaryimage"},"thumbnailUrl":"https:\/\/www.blogsoestado.com\/evandrojunior\/files\/2022\/10\/Frase-.jpg","datePublished":"2022-10-25T11:03:03+00:00","author":{"@id":"https:\/\/www.blogsoestado.com\/evandrojunior\/#\/schema\/person\/3e6c3d8dbb740d1c6878ebc935cfb3be"},"breadcrumb":{"@id":"https:\/\/www.blogsoestado.com\/evandrojunior\/2022\/10\/25\/cronica-de-jose-fernandes-frases\/#breadcrumb"},"inLanguage":"pt-BR","potentialAction":[{"@type":"ReadAction","target":["https:\/\/www.blogsoestado.com\/evandrojunior\/2022\/10\/25\/cronica-de-jose-fernandes-frases\/"]}]},{"@type":"ImageObject","inLanguage":"pt-BR","@id":"https:\/\/www.blogsoestado.com\/evandrojunior\/2022\/10\/25\/cronica-de-jose-fernandes-frases\/#primaryimage","url":"https:\/\/www.blogsoestado.com\/evandrojunior\/files\/2022\/10\/Frase-.jpg","contentUrl":"https:\/\/www.blogsoestado.com\/evandrojunior\/files\/2022\/10\/Frase-.jpg"},{"@type":"BreadcrumbList","@id":"https:\/\/www.blogsoestado.com\/evandrojunior\/2022\/10\/25\/cronica-de-jose-fernandes-frases\/#breadcrumb","itemListElement":[{"@type":"ListItem","position":1,"name":"In\u00edcio","item":"https:\/\/www.blogsoestado.com\/evandrojunior\/"},{"@type":"ListItem","position":2,"name":"Cr\u00f4nica de Jos\u00e9 Fernandes: &#8220;Frases&#8221;"}]},{"@type":"WebSite","@id":"https:\/\/www.blogsoestado.com\/evandrojunior\/#website","url":"https:\/\/www.blogsoestado.com\/evandrojunior\/","name":"Evandro Junior","description":"","potentialAction":[{"@type":"SearchAction","target":{"@type":"EntryPoint","urlTemplate":"https:\/\/www.blogsoestado.com\/evandrojunior\/?s={search_term_string}"},"query-input":{"@type":"PropertyValueSpecification","valueRequired":true,"valueName":"search_term_string"}}],"inLanguage":"pt-BR"},{"@type":"Person","@id":"https:\/\/www.blogsoestado.com\/evandrojunior\/#\/schema\/person\/3e6c3d8dbb740d1c6878ebc935cfb3be","name":"Evandro Junior","image":{"@type":"ImageObject","inLanguage":"pt-BR","@id":"https:\/\/www.blogsoestado.com\/evandrojunior\/#\/schema\/person\/image\/","url":"https:\/\/secure.gravatar.com\/avatar\/f80a03a2294a580cd2318bfb459bf354cfa8be661ef3d95b542cf9a04af8d129?s=96&d=mm&r=g","contentUrl":"https:\/\/secure.gravatar.com\/avatar\/f80a03a2294a580cd2318bfb459bf354cfa8be661ef3d95b542cf9a04af8d129?s=96&d=mm&r=g","caption":"Evandro Junior"},"url":"https:\/\/www.blogsoestado.com\/evandrojunior\/author\/evandrojunior\/"}]}},"jetpack_featured_media_url":"","_links":{"self":[{"href":"https:\/\/www.blogsoestado.com\/evandrojunior\/wp-json\/wp\/v2\/posts\/7678","targetHints":{"allow":["GET"]}}],"collection":[{"href":"https:\/\/www.blogsoestado.com\/evandrojunior\/wp-json\/wp\/v2\/posts"}],"about":[{"href":"https:\/\/www.blogsoestado.com\/evandrojunior\/wp-json\/wp\/v2\/types\/post"}],"author":[{"embeddable":true,"href":"https:\/\/www.blogsoestado.com\/evandrojunior\/wp-json\/wp\/v2\/users\/4"}],"replies":[{"embeddable":true,"href":"https:\/\/www.blogsoestado.com\/evandrojunior\/wp-json\/wp\/v2\/comments?post=7678"}],"version-history":[{"count":0,"href":"https:\/\/www.blogsoestado.com\/evandrojunior\/wp-json\/wp\/v2\/posts\/7678\/revisions"}],"wp:attachment":[{"href":"https:\/\/www.blogsoestado.com\/evandrojunior\/wp-json\/wp\/v2\/media?parent=7678"}],"wp:term":[{"taxonomy":"category","embeddable":true,"href":"https:\/\/www.blogsoestado.com\/evandrojunior\/wp-json\/wp\/v2\/categories?post=7678"},{"taxonomy":"post_tag","embeddable":true,"href":"https:\/\/www.blogsoestado.com\/evandrojunior\/wp-json\/wp\/v2\/tags?post=7678"}],"curies":[{"name":"wp","href":"https:\/\/api.w.org\/{rel}","templated":true}]}}