{"id":7716,"date":"2022-10-28T07:49:14","date_gmt":"2022-10-28T10:49:14","guid":{"rendered":"https:\/\/www.blogsoestado.com\/evandrojunior\/?p=7716"},"modified":"2022-10-28T07:49:14","modified_gmt":"2022-10-28T10:49:14","slug":"sera-um-baile-funk-diferente-afirma-marcelo-aragao-sobre-show-de-luisa-sonza-em-sao-luis","status":"publish","type":"post","link":"https:\/\/www.blogsoestado.com\/evandrojunior\/2022\/10\/28\/sera-um-baile-funk-diferente-afirma-marcelo-aragao-sobre-show-de-luisa-sonza-em-sao-luis\/","title":{"rendered":"&#8220;Ser\u00e1 um baile funk diferente&#8221;, afirma Marcelo Arag\u00e3o sobre show de Lu\u00edsa Sonza em S\u00e3o Lu\u00eds"},"content":{"rendered":"\n<div class=\"wp-block-image\"><figure class=\"aligncenter size-large is-resized\"><img fetchpriority=\"high\" decoding=\"async\" src=\"https:\/\/www.blogsoestado.com\/evandrojunior\/files\/2022\/10\/Luisa-Sonza-em-SL-1024x1024.jpg\" alt=\"\" class=\"wp-image-7717\" width=\"460\" height=\"460\"\/><figcaption><strong>Cantora Lu\u00edsa Sonza far\u00e1 show em S\u00e3o Lu\u00eds em novembro<\/strong><\/figcaption><\/figure><\/div>\n\n\n\n<p><strong>S\u00e3o Lu\u00eds <\/strong>&#8211; &#8220;O baile vai misturar muito pop e funk com efeitos especiais. Os Jardins do Bluee Tree \u00e9 o palco ideal para fazermos essa linda festa. Vamos usar efeitos desde a entrada do p\u00fablico e quando nossas estrelas estiverem no palco, o baile funk vai ser bem diferente&#8221;, garante o s\u00f3cio-diretor da 4M\u00e3os Entretenimento, Marcelo Arag\u00e3o, sobre o Baile da Braba, a ser realizado na capital maranhense no dia 5 de novembro, \u00e0s 20h, nos jardins do Blue Tree Hotel (Calhau). A participa\u00e7\u00e3o especial ser\u00e1 a cantora Rebecca.<\/p>\n\n\n\n<div class=\"wp-block-image\"><figure class=\"aligncenter size-large\"><img decoding=\"async\" src=\"https:\/\/www.blogsoestado.com\/evandrojunior\/files\/2022\/10\/Marcelo-.jpg\" alt=\"\" class=\"wp-image-7718\"\/><figcaption><strong>Marcelo Arag\u00e3o com seu s\u00f3cio \u00e0 frente da 4M\u00e3os Entretenimento, Roberto Gurgel<\/strong><\/figcaption><\/figure><\/div>\n\n\n\n<p>O p\u00fablico, segundo Marcelo Arag\u00e3o, aguarda uma apresenta\u00e7\u00e3o recheada de sucessos, principalmente com os hits do \u00e1lbum \u201cDoce 22\u201d da cantora, composto por can\u00e7\u00f5es inspiradas em diversas fases da vida dela e que exploram sua dualidade. As m\u00fasicas divergem entre letras mais vulner\u00e1veis e \u00edntimas como \u201cPenhasco\u201d e \u201cMelhor Sozinha\u201d, e composi\u00e7\u00f5es inspiradas no pop e funk, como \u201cInteresseira\u201d, \u201cModo Turbo\u201d e \u201cAnaconda\u201d.<\/p>\n\n\n\n<p>Sonza, conhecida como &#8220;A Braba&#8221; nas redes sociais. \u00e9 tamb\u00e9m a dona dos hits \u201cCachorrinhas\u201d, \u201cSentadona\u201d, \u201cBoa Menina\u201d e \u201cDevagarinho\u201d. <\/p>\n\n\n\n<p>&#8220;Outra estrela que promete um espet\u00e1culo \u00e0 parte \u00e9 a cantora Rebecca, que vem se destacando no pop e funk em todo o Brasil e esteve no Rock in Rio Lisboa como uma das grandes revela\u00e7\u00f5es&#8221;, completa Arag\u00e3o.<\/p>\n\n\n\n<p>Rebecca tamb\u00e9m bate recordes de n\u00fameros na Internet. Seu canal no YouTube, por exemplo, ultrapassa 300 milh\u00f5es de visualiza\u00e7\u00f5es e o clipe &#8220;Barbie&#8221;, com Pocah, Lexa e Danny Bond, j\u00e1 se pr\u00f3ximo de 14 milh\u00f5es de visualiza\u00e7\u00f5es. <\/p>\n\n\n\n<p><strong>Servi\u00e7o<\/strong><\/p>\n\n\n\n<p>Baile da Braba<\/p>\n\n\n\n<p>Quando: 5 de novembro\u00a0<\/p>\n\n\n\n<p>Local: Jardins do Blue Tree Hotel<\/p>\n\n\n\n<p>Abertura dos port\u00f5es: 20h<\/p>\n\n\n\n<p>Ingressos: Venda na 4M\u00e3os Store (S\u00e3o Lu\u00eds Shopping) e Bilheteria Digital (site, app e Rio Anil Shopping e Shopping da Ilha).<\/p>\n\n\n\n<p>V\u00eddeos:&nbsp;<a href=\"https:\/\/youtu.be\/aPzbgoqwGyo%20\/\" target=\"_blank\" rel=\"noreferrer noopener\">https:\/\/youtu.be\/aPzbgoqwGyo \/<\/a>&nbsp;<a href=\"https:\/\/youtu.be\/__ur8Ykcivw\" target=\"_blank\" rel=\"noreferrer noopener\">https:\/\/youtu.be\/__ur8Ykcivw<\/a><\/p>\n\n\n\n<p>Venda on-line:&nbsp;<a href=\"https:\/\/www.bilheteriadigital.com\/05-11-baile-da-braba-slz-05-de-novembro\" target=\"_blank\" rel=\"noreferrer noopener\">https:\/\/www.bilheteriadigital.com\/05-11-baile-da-braba-slz-05-de-novembro<\/a>&nbsp;<\/p>\n\n\n\n<p>Classifica\u00e7\u00e3o: 18 anos<\/p>\n\n\n\n<p>Realiza\u00e7\u00e3o: 4M\u00e3os Entretenimento &nbsp;<\/p>\n","protected":false},"excerpt":{"rendered":"<p>S\u00e3o Lu\u00eds &#8211; &#8220;O baile vai misturar muito pop e funk com efeitos especiais. Os Jardins do Bluee Tree \u00e9 [&hellip;]<\/p>\n","protected":false},"author":4,"featured_media":0,"comment_status":"open","ping_status":"open","sticky":false,"template":"","format":"standard","meta":{"site-sidebar-layout":"default","site-content-layout":"","ast-site-content-layout":"default","site-content-style":"default","site-sidebar-style":"default","ast-global-header-display":"","ast-banner-title-visibility":"","ast-main-header-display":"","ast-hfb-above-header-display":"","ast-hfb-below-header-display":"","ast-hfb-mobile-header-display":"","site-post-title":"","ast-breadcrumbs-content":"","ast-featured-img":"","footer-sml-layout":"","ast-disable-related-posts":"","theme-transparent-header-meta":"","adv-header-id-meta":"","stick-header-meta":"","header-above-stick-meta":"","header-main-stick-meta":"","header-below-stick-meta":"","astra-migrate-meta-layouts":"default","ast-page-background-enabled":"default","ast-page-background-meta":{"desktop":{"background-color":"var(--ast-global-color-5)","background-image":"","background-repeat":"repeat","background-position":"center center","background-size":"auto","background-attachment":"scroll","background-type":"","background-media":"","overlay-type":"","overlay-color":"","overlay-opacity":"","overlay-gradient":""},"tablet":{"background-color":"","background-image":"","background-repeat":"repeat","background-position":"center center","background-size":"auto","background-attachment":"scroll","background-type":"","background-media":"","overlay-type":"","overlay-color":"","overlay-opacity":"","overlay-gradient":""},"mobile":{"background-color":"","background-image":"","background-repeat":"repeat","background-position":"center center","background-size":"auto","background-attachment":"scroll","background-type":"","background-media":"","overlay-type":"","overlay-color":"","overlay-opacity":"","overlay-gradient":""}},"ast-content-background-meta":{"desktop":{"background-color":"var(--ast-global-color-4)","background-image":"","background-repeat":"repeat","background-position":"center center","background-size":"auto","background-attachment":"scroll","background-type":"","background-media":"","overlay-type":"","overlay-color":"","overlay-opacity":"","overlay-gradient":""},"tablet":{"background-color":"var(--ast-global-color-4)","background-image":"","background-repeat":"repeat","background-position":"center center","background-size":"auto","background-attachment":"scroll","background-type":"","background-media":"","overlay-type":"","overlay-color":"","overlay-opacity":"","overlay-gradient":""},"mobile":{"background-color":"var(--ast-global-color-4)","background-image":"","background-repeat":"repeat","background-position":"center center","background-size":"auto","background-attachment":"scroll","background-type":"","background-media":"","overlay-type":"","overlay-color":"","overlay-opacity":"","overlay-gradient":""}},"footnotes":""},"categories":[1],"tags":[],"class_list":["post-7716","post","type-post","status-publish","format-standard","hentry","category-sem-categoria"],"yoast_head":"<!-- This site is optimized with the Yoast SEO plugin v26.6 - https:\/\/yoast.com\/wordpress\/plugins\/seo\/ -->\n<title>&quot;Ser\u00e1 um baile funk diferente&quot;, afirma Marcelo Arag\u00e3o sobre show de Lu\u00edsa Sonza em S\u00e3o Lu\u00eds - Evandro Junior<\/title>\n<meta name=\"robots\" content=\"index, follow, max-snippet:-1, max-image-preview:large, max-video-preview:-1\" \/>\n<link rel=\"canonical\" href=\"https:\/\/www.blogsoestado.com\/evandrojunior\/2022\/10\/28\/sera-um-baile-funk-diferente-afirma-marcelo-aragao-sobre-show-de-luisa-sonza-em-sao-luis\/\" \/>\n<meta property=\"og:locale\" content=\"pt_BR\" \/>\n<meta property=\"og:type\" content=\"article\" \/>\n<meta property=\"og:title\" content=\"&quot;Ser\u00e1 um baile funk diferente&quot;, afirma Marcelo Arag\u00e3o sobre show de Lu\u00edsa Sonza em S\u00e3o Lu\u00eds - Evandro Junior\" \/>\n<meta property=\"og:description\" content=\"S\u00e3o Lu\u00eds &#8211; &#8220;O baile vai misturar muito pop e funk com efeitos especiais. Os Jardins do Bluee Tree \u00e9 [&hellip;]\" \/>\n<meta property=\"og:url\" content=\"https:\/\/www.blogsoestado.com\/evandrojunior\/2022\/10\/28\/sera-um-baile-funk-diferente-afirma-marcelo-aragao-sobre-show-de-luisa-sonza-em-sao-luis\/\" \/>\n<meta property=\"og:site_name\" content=\"Evandro Junior\" \/>\n<meta property=\"article:published_time\" content=\"2022-10-28T10:49:14+00:00\" \/>\n<meta property=\"og:image\" content=\"https:\/\/www.blogsoestado.com\/evandrojunior\/files\/2022\/10\/Luisa-Sonza-em-SL-1024x1024.jpg\" \/>\n<meta name=\"author\" content=\"Evandro Junior\" \/>\n<meta name=\"twitter:card\" content=\"summary_large_image\" \/>\n<meta name=\"twitter:label1\" content=\"Escrito por\" \/>\n\t<meta name=\"twitter:data1\" content=\"Evandro Junior\" \/>\n\t<meta name=\"twitter:label2\" content=\"Est. tempo de leitura\" \/>\n\t<meta name=\"twitter:data2\" content=\"2 minutos\" \/>\n<script type=\"application\/ld+json\" class=\"yoast-schema-graph\">{\"@context\":\"https:\/\/schema.org\",\"@graph\":[{\"@type\":\"WebPage\",\"@id\":\"https:\/\/www.blogsoestado.com\/evandrojunior\/2022\/10\/28\/sera-um-baile-funk-diferente-afirma-marcelo-aragao-sobre-show-de-luisa-sonza-em-sao-luis\/\",\"url\":\"https:\/\/www.blogsoestado.com\/evandrojunior\/2022\/10\/28\/sera-um-baile-funk-diferente-afirma-marcelo-aragao-sobre-show-de-luisa-sonza-em-sao-luis\/\",\"name\":\"\\\"Ser\u00e1 um baile funk diferente\\\", afirma Marcelo Arag\u00e3o sobre show de Lu\u00edsa Sonza em S\u00e3o Lu\u00eds - Evandro Junior\",\"isPartOf\":{\"@id\":\"https:\/\/www.blogsoestado.com\/evandrojunior\/#website\"},\"primaryImageOfPage\":{\"@id\":\"https:\/\/www.blogsoestado.com\/evandrojunior\/2022\/10\/28\/sera-um-baile-funk-diferente-afirma-marcelo-aragao-sobre-show-de-luisa-sonza-em-sao-luis\/#primaryimage\"},\"image\":{\"@id\":\"https:\/\/www.blogsoestado.com\/evandrojunior\/2022\/10\/28\/sera-um-baile-funk-diferente-afirma-marcelo-aragao-sobre-show-de-luisa-sonza-em-sao-luis\/#primaryimage\"},\"thumbnailUrl\":\"https:\/\/www.blogsoestado.com\/evandrojunior\/files\/2022\/10\/Luisa-Sonza-em-SL-1024x1024.jpg\",\"datePublished\":\"2022-10-28T10:49:14+00:00\",\"author\":{\"@id\":\"https:\/\/www.blogsoestado.com\/evandrojunior\/#\/schema\/person\/3e6c3d8dbb740d1c6878ebc935cfb3be\"},\"breadcrumb\":{\"@id\":\"https:\/\/www.blogsoestado.com\/evandrojunior\/2022\/10\/28\/sera-um-baile-funk-diferente-afirma-marcelo-aragao-sobre-show-de-luisa-sonza-em-sao-luis\/#breadcrumb\"},\"inLanguage\":\"pt-BR\",\"potentialAction\":[{\"@type\":\"ReadAction\",\"target\":[\"https:\/\/www.blogsoestado.com\/evandrojunior\/2022\/10\/28\/sera-um-baile-funk-diferente-afirma-marcelo-aragao-sobre-show-de-luisa-sonza-em-sao-luis\/\"]}]},{\"@type\":\"ImageObject\",\"inLanguage\":\"pt-BR\",\"@id\":\"https:\/\/www.blogsoestado.com\/evandrojunior\/2022\/10\/28\/sera-um-baile-funk-diferente-afirma-marcelo-aragao-sobre-show-de-luisa-sonza-em-sao-luis\/#primaryimage\",\"url\":\"https:\/\/www.blogsoestado.com\/evandrojunior\/files\/2022\/10\/Luisa-Sonza-em-SL-1024x1024.jpg\",\"contentUrl\":\"https:\/\/www.blogsoestado.com\/evandrojunior\/files\/2022\/10\/Luisa-Sonza-em-SL-1024x1024.jpg\"},{\"@type\":\"BreadcrumbList\",\"@id\":\"https:\/\/www.blogsoestado.com\/evandrojunior\/2022\/10\/28\/sera-um-baile-funk-diferente-afirma-marcelo-aragao-sobre-show-de-luisa-sonza-em-sao-luis\/#breadcrumb\",\"itemListElement\":[{\"@type\":\"ListItem\",\"position\":1,\"name\":\"In\u00edcio\",\"item\":\"https:\/\/www.blogsoestado.com\/evandrojunior\/\"},{\"@type\":\"ListItem\",\"position\":2,\"name\":\"&#8220;Ser\u00e1 um baile funk diferente&#8221;, afirma Marcelo Arag\u00e3o sobre show de Lu\u00edsa Sonza em S\u00e3o Lu\u00eds\"}]},{\"@type\":\"WebSite\",\"@id\":\"https:\/\/www.blogsoestado.com\/evandrojunior\/#website\",\"url\":\"https:\/\/www.blogsoestado.com\/evandrojunior\/\",\"name\":\"Evandro Junior\",\"description\":\"\",\"potentialAction\":[{\"@type\":\"SearchAction\",\"target\":{\"@type\":\"EntryPoint\",\"urlTemplate\":\"https:\/\/www.blogsoestado.com\/evandrojunior\/?s={search_term_string}\"},\"query-input\":{\"@type\":\"PropertyValueSpecification\",\"valueRequired\":true,\"valueName\":\"search_term_string\"}}],\"inLanguage\":\"pt-BR\"},{\"@type\":\"Person\",\"@id\":\"https:\/\/www.blogsoestado.com\/evandrojunior\/#\/schema\/person\/3e6c3d8dbb740d1c6878ebc935cfb3be\",\"name\":\"Evandro Junior\",\"image\":{\"@type\":\"ImageObject\",\"inLanguage\":\"pt-BR\",\"@id\":\"https:\/\/www.blogsoestado.com\/evandrojunior\/#\/schema\/person\/image\/\",\"url\":\"https:\/\/secure.gravatar.com\/avatar\/f80a03a2294a580cd2318bfb459bf354cfa8be661ef3d95b542cf9a04af8d129?s=96&d=mm&r=g\",\"contentUrl\":\"https:\/\/secure.gravatar.com\/avatar\/f80a03a2294a580cd2318bfb459bf354cfa8be661ef3d95b542cf9a04af8d129?s=96&d=mm&r=g\",\"caption\":\"Evandro Junior\"},\"url\":\"https:\/\/www.blogsoestado.com\/evandrojunior\/author\/evandrojunior\/\"}]}<\/script>\n<!-- \/ Yoast SEO plugin. -->","yoast_head_json":{"title":"\"Ser\u00e1 um baile funk diferente\", afirma Marcelo Arag\u00e3o sobre show de Lu\u00edsa Sonza em S\u00e3o Lu\u00eds - Evandro Junior","robots":{"index":"index","follow":"follow","max-snippet":"max-snippet:-1","max-image-preview":"max-image-preview:large","max-video-preview":"max-video-preview:-1"},"canonical":"https:\/\/www.blogsoestado.com\/evandrojunior\/2022\/10\/28\/sera-um-baile-funk-diferente-afirma-marcelo-aragao-sobre-show-de-luisa-sonza-em-sao-luis\/","og_locale":"pt_BR","og_type":"article","og_title":"\"Ser\u00e1 um baile funk diferente\", afirma Marcelo Arag\u00e3o sobre show de Lu\u00edsa Sonza em S\u00e3o Lu\u00eds - Evandro Junior","og_description":"S\u00e3o Lu\u00eds &#8211; &#8220;O baile vai misturar muito pop e funk com efeitos especiais. Os Jardins do Bluee Tree \u00e9 [&hellip;]","og_url":"https:\/\/www.blogsoestado.com\/evandrojunior\/2022\/10\/28\/sera-um-baile-funk-diferente-afirma-marcelo-aragao-sobre-show-de-luisa-sonza-em-sao-luis\/","og_site_name":"Evandro Junior","article_published_time":"2022-10-28T10:49:14+00:00","og_image":[{"url":"https:\/\/www.blogsoestado.com\/evandrojunior\/files\/2022\/10\/Luisa-Sonza-em-SL-1024x1024.jpg","type":"","width":"","height":""}],"author":"Evandro Junior","twitter_card":"summary_large_image","twitter_misc":{"Escrito por":"Evandro Junior","Est. tempo de leitura":"2 minutos"},"schema":{"@context":"https:\/\/schema.org","@graph":[{"@type":"WebPage","@id":"https:\/\/www.blogsoestado.com\/evandrojunior\/2022\/10\/28\/sera-um-baile-funk-diferente-afirma-marcelo-aragao-sobre-show-de-luisa-sonza-em-sao-luis\/","url":"https:\/\/www.blogsoestado.com\/evandrojunior\/2022\/10\/28\/sera-um-baile-funk-diferente-afirma-marcelo-aragao-sobre-show-de-luisa-sonza-em-sao-luis\/","name":"\"Ser\u00e1 um baile funk diferente\", afirma Marcelo Arag\u00e3o sobre show de Lu\u00edsa Sonza em S\u00e3o Lu\u00eds - Evandro Junior","isPartOf":{"@id":"https:\/\/www.blogsoestado.com\/evandrojunior\/#website"},"primaryImageOfPage":{"@id":"https:\/\/www.blogsoestado.com\/evandrojunior\/2022\/10\/28\/sera-um-baile-funk-diferente-afirma-marcelo-aragao-sobre-show-de-luisa-sonza-em-sao-luis\/#primaryimage"},"image":{"@id":"https:\/\/www.blogsoestado.com\/evandrojunior\/2022\/10\/28\/sera-um-baile-funk-diferente-afirma-marcelo-aragao-sobre-show-de-luisa-sonza-em-sao-luis\/#primaryimage"},"thumbnailUrl":"https:\/\/www.blogsoestado.com\/evandrojunior\/files\/2022\/10\/Luisa-Sonza-em-SL-1024x1024.jpg","datePublished":"2022-10-28T10:49:14+00:00","author":{"@id":"https:\/\/www.blogsoestado.com\/evandrojunior\/#\/schema\/person\/3e6c3d8dbb740d1c6878ebc935cfb3be"},"breadcrumb":{"@id":"https:\/\/www.blogsoestado.com\/evandrojunior\/2022\/10\/28\/sera-um-baile-funk-diferente-afirma-marcelo-aragao-sobre-show-de-luisa-sonza-em-sao-luis\/#breadcrumb"},"inLanguage":"pt-BR","potentialAction":[{"@type":"ReadAction","target":["https:\/\/www.blogsoestado.com\/evandrojunior\/2022\/10\/28\/sera-um-baile-funk-diferente-afirma-marcelo-aragao-sobre-show-de-luisa-sonza-em-sao-luis\/"]}]},{"@type":"ImageObject","inLanguage":"pt-BR","@id":"https:\/\/www.blogsoestado.com\/evandrojunior\/2022\/10\/28\/sera-um-baile-funk-diferente-afirma-marcelo-aragao-sobre-show-de-luisa-sonza-em-sao-luis\/#primaryimage","url":"https:\/\/www.blogsoestado.com\/evandrojunior\/files\/2022\/10\/Luisa-Sonza-em-SL-1024x1024.jpg","contentUrl":"https:\/\/www.blogsoestado.com\/evandrojunior\/files\/2022\/10\/Luisa-Sonza-em-SL-1024x1024.jpg"},{"@type":"BreadcrumbList","@id":"https:\/\/www.blogsoestado.com\/evandrojunior\/2022\/10\/28\/sera-um-baile-funk-diferente-afirma-marcelo-aragao-sobre-show-de-luisa-sonza-em-sao-luis\/#breadcrumb","itemListElement":[{"@type":"ListItem","position":1,"name":"In\u00edcio","item":"https:\/\/www.blogsoestado.com\/evandrojunior\/"},{"@type":"ListItem","position":2,"name":"&#8220;Ser\u00e1 um baile funk diferente&#8221;, afirma Marcelo Arag\u00e3o sobre show de Lu\u00edsa Sonza em S\u00e3o Lu\u00eds"}]},{"@type":"WebSite","@id":"https:\/\/www.blogsoestado.com\/evandrojunior\/#website","url":"https:\/\/www.blogsoestado.com\/evandrojunior\/","name":"Evandro Junior","description":"","potentialAction":[{"@type":"SearchAction","target":{"@type":"EntryPoint","urlTemplate":"https:\/\/www.blogsoestado.com\/evandrojunior\/?s={search_term_string}"},"query-input":{"@type":"PropertyValueSpecification","valueRequired":true,"valueName":"search_term_string"}}],"inLanguage":"pt-BR"},{"@type":"Person","@id":"https:\/\/www.blogsoestado.com\/evandrojunior\/#\/schema\/person\/3e6c3d8dbb740d1c6878ebc935cfb3be","name":"Evandro Junior","image":{"@type":"ImageObject","inLanguage":"pt-BR","@id":"https:\/\/www.blogsoestado.com\/evandrojunior\/#\/schema\/person\/image\/","url":"https:\/\/secure.gravatar.com\/avatar\/f80a03a2294a580cd2318bfb459bf354cfa8be661ef3d95b542cf9a04af8d129?s=96&d=mm&r=g","contentUrl":"https:\/\/secure.gravatar.com\/avatar\/f80a03a2294a580cd2318bfb459bf354cfa8be661ef3d95b542cf9a04af8d129?s=96&d=mm&r=g","caption":"Evandro Junior"},"url":"https:\/\/www.blogsoestado.com\/evandrojunior\/author\/evandrojunior\/"}]}},"jetpack_featured_media_url":"","_links":{"self":[{"href":"https:\/\/www.blogsoestado.com\/evandrojunior\/wp-json\/wp\/v2\/posts\/7716","targetHints":{"allow":["GET"]}}],"collection":[{"href":"https:\/\/www.blogsoestado.com\/evandrojunior\/wp-json\/wp\/v2\/posts"}],"about":[{"href":"https:\/\/www.blogsoestado.com\/evandrojunior\/wp-json\/wp\/v2\/types\/post"}],"author":[{"embeddable":true,"href":"https:\/\/www.blogsoestado.com\/evandrojunior\/wp-json\/wp\/v2\/users\/4"}],"replies":[{"embeddable":true,"href":"https:\/\/www.blogsoestado.com\/evandrojunior\/wp-json\/wp\/v2\/comments?post=7716"}],"version-history":[{"count":0,"href":"https:\/\/www.blogsoestado.com\/evandrojunior\/wp-json\/wp\/v2\/posts\/7716\/revisions"}],"wp:attachment":[{"href":"https:\/\/www.blogsoestado.com\/evandrojunior\/wp-json\/wp\/v2\/media?parent=7716"}],"wp:term":[{"taxonomy":"category","embeddable":true,"href":"https:\/\/www.blogsoestado.com\/evandrojunior\/wp-json\/wp\/v2\/categories?post=7716"},{"taxonomy":"post_tag","embeddable":true,"href":"https:\/\/www.blogsoestado.com\/evandrojunior\/wp-json\/wp\/v2\/tags?post=7716"}],"curies":[{"name":"wp","href":"https:\/\/api.w.org\/{rel}","templated":true}]}}