{"id":7723,"date":"2022-10-31T11:55:42","date_gmt":"2022-10-31T14:55:42","guid":{"rendered":"https:\/\/www.blogsoestado.com\/evandrojunior\/?p=7723"},"modified":"2022-10-31T11:55:42","modified_gmt":"2022-10-31T14:55:42","slug":"cronica-de-jose-fernandes-o-nosso-leblon","status":"publish","type":"post","link":"https:\/\/www.blogsoestado.com\/evandrojunior\/2022\/10\/31\/cronica-de-jose-fernandes-o-nosso-leblon\/","title":{"rendered":"Cr\u00f4nica de Jos\u00e9 Fernandes: &#8220;O nosso Leblon&#8221;"},"content":{"rendered":"\n<div class=\"wp-block-image\"><figure class=\"aligncenter size-large is-resized\"><img fetchpriority=\"high\" decoding=\"async\" src=\"https:\/\/www.blogsoestado.com\/evandrojunior\/files\/2022\/10\/Rua-do-Ribeirao-.jpg\" alt=\"\" class=\"wp-image-7724\" width=\"577\" height=\"427\"\/><\/figure><\/div>\n\n\n\n<p>Na extens\u00e3o final da rua do Ribeir\u00e3o, de frente para o beco do Machado, localiza-se um sobrad\u00e3o hist\u00f3rico, hoje velho e abandonado, ainda ostentando no portal de entrada o n\u00b0 103, que j\u00e1 foi morada de um famoso romancista maranhense, sediou a Capitania dos Portos do Maranh\u00e3o e teve outras serventias; tem fundo para a avenida Beira-Mar, antiga praia do Caju, num trecho que na nossa juventude cham\u00e1vamos de Novo Leblon, antiga zona bo\u00eamia, noturna, que tamb\u00e9m servira de recanto de venda e degusta\u00e7\u00e3o de melancia. Ali eu entrava pela noite, penetrando as madrugadas, algumas junto com outros not\u00edvagos, entre eles os irm\u00e3os Jorge e Z\u00e9 Maria Nascimento, ent\u00e3o poetas e farristas de boa t\u00eampera (ser\u00e1 por saudosismo, ou protesto, que Z\u00e9 Maria, atualmente abst\u00eamio, ainda mora ali bem perto?).<\/p>\n\n\n\n<p>D\u00e1 pena ver aquele vetusto pr\u00e9dio desabitado, que por \u00faltimo, at\u00e9 os anos 70, foi a pens\u00e3o de dona Santinha, cujos filhos Z\u00e9 Alberto, Zequinha, Z\u00e9 Augusto, Z\u00e9 Eduardo e Z\u00e9 Henrique (in memoriam) e \u00e0s vezes Z\u00e9 Reinaldo- atualmente austeros cidad\u00e3os -, eram meus companheiros de aventuras e boemias.<\/p>\n\n\n\n<p>Tanto me afei\u00e7oei com aquele local e aquela pens\u00e3o que dela s\u00f3 sa\u00ed casado com a filha da dona do estabelecimento, uma bonita e competente professora e assistente social com quem estou casado \u2013 e bem casado &#8211; h\u00e1 mais de meio s\u00e9culo.<\/p>\n\n\n\n<p>Naquela saudosa hospedaria, no meu tempo tamb\u00e9m moraram pessoas que se me tornaram amigas ao longo do tempo, alguns perdidos pelas intemp\u00e9ries da vida, como Lino, um professor cedo consumido pelo v\u00edcio et\u00edlico, e outros que se tornaram not\u00e1veis em suas atividades, a exemplo de Abra\u00e3o Cardoso, engenheiro e talentoso orador falecido precocemente antes de completar 30 anos; Airton Viegas, m\u00e9dico e dono do maior coqueiral do Maranh\u00e3o; Enoc Vieira, deputado federal que se tornou pastor evang\u00e9lico; Baltazar, que foi gerente de banco e secret\u00e1rio de Fazenda; Eidimar, memorialista, dono de grandes pr\u00e9dios hist\u00f3ricos de Alc\u00e2ntara e diretor do seu museu, e outros que seria exagero enumerar, todos companheiros daqueles idos dos anos de 1960.<\/p>\n\n\n\n<p>Entre tantas vantagens de morar ali naquele casar\u00e3o, localizado ainda no centro de uma S\u00e3o Lu\u00eds ainda pacata, era a de que, aos domingos, bastava atravessar a estreita avenida para tomar uma canoa, um barco ou pequena lancha que nos levariam \u00e0 desabitada praia da Ponta da Areia, onde havia apenas uma pequena bodega, somente coberta de lona, em que eram vendidas bebidas e parcimoniosas iguarias de peixe frito e camar\u00e3o com farinha. Mas os que n\u00e3o queriam, por economia ou esportividade, atravessar embarcados os 600 metros do bra\u00e7o de mar que separava o nosso Leblon da praia defronte, poderiam tomar banho ali mesmo, no cais pertinho, onde o pr\u00f3prio muro do cais servia de trampolim para os mergulhos na ba\u00eda de S\u00e3o Marcos.<\/p>\n\n\n\n<p>Faz-me bem recordar um pouco esse solar de mais de um s\u00e9culo, que t\u00e3o bem serviu a tanta gente e poderia continuar servindo-a se fosse preservado da ruina que o assola na solid\u00e3o daquele recanto quase deserto, rel\u00edquia de uma \u00e9poca florida, quando ainda havia romantismo nas pens\u00f5es de fraternas conviv\u00eancias, numa urbe ainda de ares provinciais, de costumes simples, hoje tomada pela expans\u00e3o urban\u00edstica plantada no outro lado das pontes que a ligam ao continente.<\/p>\n\n\n\n<p>Eu te sa\u00fado, oh alegre casar\u00e3o de outros tempos!<\/p>\n\n\n\n<p>&#8212;&#8212;&#8212;&#8212;&#8212;&#8212;&#8212;&#8212;&#8212;&#8212;&#8212;&#8212;&#8212;&#8212;&#8212;&#8212;&#8212;&#8212;&#8212;&#8212;&#8212;&#8212;-<\/p>\n\n\n\n<p>Jos\u00e9 Fernandes \u00e9 membro da Academia Ludovicense de Letras, autor, entre outros, do livro <em>Cr\u00f4nicas de Outono.<\/em><\/p>\n","protected":false},"excerpt":{"rendered":"<p>Na extens\u00e3o final da rua do Ribeir\u00e3o, de frente para o beco do Machado, localiza-se um sobrad\u00e3o hist\u00f3rico, hoje velho [&hellip;]<\/p>\n","protected":false},"author":4,"featured_media":0,"comment_status":"open","ping_status":"open","sticky":false,"template":"","format":"standard","meta":{"site-sidebar-layout":"default","site-content-layout":"","ast-site-content-layout":"default","site-content-style":"default","site-sidebar-style":"default","ast-global-header-display":"","ast-banner-title-visibility":"","ast-main-header-display":"","ast-hfb-above-header-display":"","ast-hfb-below-header-display":"","ast-hfb-mobile-header-display":"","site-post-title":"","ast-breadcrumbs-content":"","ast-featured-img":"","footer-sml-layout":"","ast-disable-related-posts":"","theme-transparent-header-meta":"","adv-header-id-meta":"","stick-header-meta":"","header-above-stick-meta":"","header-main-stick-meta":"","header-below-stick-meta":"","astra-migrate-meta-layouts":"default","ast-page-background-enabled":"default","ast-page-background-meta":{"desktop":{"background-color":"var(--ast-global-color-5)","background-image":"","background-repeat":"repeat","background-position":"center center","background-size":"auto","background-attachment":"scroll","background-type":"","background-media":"","overlay-type":"","overlay-color":"","overlay-opacity":"","overlay-gradient":""},"tablet":{"background-color":"","background-image":"","background-repeat":"repeat","background-position":"center center","background-size":"auto","background-attachment":"scroll","background-type":"","background-media":"","overlay-type":"","overlay-color":"","overlay-opacity":"","overlay-gradient":""},"mobile":{"background-color":"","background-image":"","background-repeat":"repeat","background-position":"center center","background-size":"auto","background-attachment":"scroll","background-type":"","background-media":"","overlay-type":"","overlay-color":"","overlay-opacity":"","overlay-gradient":""}},"ast-content-background-meta":{"desktop":{"background-color":"var(--ast-global-color-4)","background-image":"","background-repeat":"repeat","background-position":"center center","background-size":"auto","background-attachment":"scroll","background-type":"","background-media":"","overlay-type":"","overlay-color":"","overlay-opacity":"","overlay-gradient":""},"tablet":{"background-color":"var(--ast-global-color-4)","background-image":"","background-repeat":"repeat","background-position":"center center","background-size":"auto","background-attachment":"scroll","background-type":"","background-media":"","overlay-type":"","overlay-color":"","overlay-opacity":"","overlay-gradient":""},"mobile":{"background-color":"var(--ast-global-color-4)","background-image":"","background-repeat":"repeat","background-position":"center center","background-size":"auto","background-attachment":"scroll","background-type":"","background-media":"","overlay-type":"","overlay-color":"","overlay-opacity":"","overlay-gradient":""}},"footnotes":""},"categories":[1],"tags":[],"class_list":["post-7723","post","type-post","status-publish","format-standard","hentry","category-sem-categoria"],"yoast_head":"<!-- This site is optimized with the Yoast SEO plugin v26.6 - https:\/\/yoast.com\/wordpress\/plugins\/seo\/ -->\n<title>Cr\u00f4nica de Jos\u00e9 Fernandes: &quot;O nosso Leblon&quot; - Evandro Junior<\/title>\n<meta name=\"robots\" content=\"index, follow, max-snippet:-1, max-image-preview:large, max-video-preview:-1\" \/>\n<link rel=\"canonical\" href=\"https:\/\/www.blogsoestado.com\/evandrojunior\/2022\/10\/31\/cronica-de-jose-fernandes-o-nosso-leblon\/\" \/>\n<meta property=\"og:locale\" content=\"pt_BR\" \/>\n<meta property=\"og:type\" content=\"article\" \/>\n<meta property=\"og:title\" content=\"Cr\u00f4nica de Jos\u00e9 Fernandes: &quot;O nosso Leblon&quot; - Evandro Junior\" \/>\n<meta property=\"og:description\" content=\"Na extens\u00e3o final da rua do Ribeir\u00e3o, de frente para o beco do Machado, localiza-se um sobrad\u00e3o hist\u00f3rico, hoje velho [&hellip;]\" \/>\n<meta property=\"og:url\" content=\"https:\/\/www.blogsoestado.com\/evandrojunior\/2022\/10\/31\/cronica-de-jose-fernandes-o-nosso-leblon\/\" \/>\n<meta property=\"og:site_name\" content=\"Evandro Junior\" \/>\n<meta property=\"article:published_time\" content=\"2022-10-31T14:55:42+00:00\" \/>\n<meta property=\"og:image\" content=\"https:\/\/www.blogsoestado.com\/evandrojunior\/files\/2022\/10\/Rua-do-Ribeirao-.jpg\" \/>\n<meta name=\"author\" content=\"Evandro Junior\" \/>\n<meta name=\"twitter:card\" content=\"summary_large_image\" \/>\n<meta name=\"twitter:label1\" content=\"Escrito por\" \/>\n\t<meta name=\"twitter:data1\" content=\"Evandro Junior\" \/>\n\t<meta name=\"twitter:label2\" content=\"Est. tempo de leitura\" \/>\n\t<meta name=\"twitter:data2\" content=\"3 minutos\" \/>\n<script type=\"application\/ld+json\" class=\"yoast-schema-graph\">{\"@context\":\"https:\/\/schema.org\",\"@graph\":[{\"@type\":\"WebPage\",\"@id\":\"https:\/\/www.blogsoestado.com\/evandrojunior\/2022\/10\/31\/cronica-de-jose-fernandes-o-nosso-leblon\/\",\"url\":\"https:\/\/www.blogsoestado.com\/evandrojunior\/2022\/10\/31\/cronica-de-jose-fernandes-o-nosso-leblon\/\",\"name\":\"Cr\u00f4nica de Jos\u00e9 Fernandes: \\\"O nosso Leblon\\\" - Evandro Junior\",\"isPartOf\":{\"@id\":\"https:\/\/www.blogsoestado.com\/evandrojunior\/#website\"},\"primaryImageOfPage\":{\"@id\":\"https:\/\/www.blogsoestado.com\/evandrojunior\/2022\/10\/31\/cronica-de-jose-fernandes-o-nosso-leblon\/#primaryimage\"},\"image\":{\"@id\":\"https:\/\/www.blogsoestado.com\/evandrojunior\/2022\/10\/31\/cronica-de-jose-fernandes-o-nosso-leblon\/#primaryimage\"},\"thumbnailUrl\":\"https:\/\/www.blogsoestado.com\/evandrojunior\/files\/2022\/10\/Rua-do-Ribeirao-.jpg\",\"datePublished\":\"2022-10-31T14:55:42+00:00\",\"author\":{\"@id\":\"https:\/\/www.blogsoestado.com\/evandrojunior\/#\/schema\/person\/3e6c3d8dbb740d1c6878ebc935cfb3be\"},\"breadcrumb\":{\"@id\":\"https:\/\/www.blogsoestado.com\/evandrojunior\/2022\/10\/31\/cronica-de-jose-fernandes-o-nosso-leblon\/#breadcrumb\"},\"inLanguage\":\"pt-BR\",\"potentialAction\":[{\"@type\":\"ReadAction\",\"target\":[\"https:\/\/www.blogsoestado.com\/evandrojunior\/2022\/10\/31\/cronica-de-jose-fernandes-o-nosso-leblon\/\"]}]},{\"@type\":\"ImageObject\",\"inLanguage\":\"pt-BR\",\"@id\":\"https:\/\/www.blogsoestado.com\/evandrojunior\/2022\/10\/31\/cronica-de-jose-fernandes-o-nosso-leblon\/#primaryimage\",\"url\":\"https:\/\/www.blogsoestado.com\/evandrojunior\/files\/2022\/10\/Rua-do-Ribeirao-.jpg\",\"contentUrl\":\"https:\/\/www.blogsoestado.com\/evandrojunior\/files\/2022\/10\/Rua-do-Ribeirao-.jpg\"},{\"@type\":\"BreadcrumbList\",\"@id\":\"https:\/\/www.blogsoestado.com\/evandrojunior\/2022\/10\/31\/cronica-de-jose-fernandes-o-nosso-leblon\/#breadcrumb\",\"itemListElement\":[{\"@type\":\"ListItem\",\"position\":1,\"name\":\"In\u00edcio\",\"item\":\"https:\/\/www.blogsoestado.com\/evandrojunior\/\"},{\"@type\":\"ListItem\",\"position\":2,\"name\":\"Cr\u00f4nica de Jos\u00e9 Fernandes: &#8220;O nosso Leblon&#8221;\"}]},{\"@type\":\"WebSite\",\"@id\":\"https:\/\/www.blogsoestado.com\/evandrojunior\/#website\",\"url\":\"https:\/\/www.blogsoestado.com\/evandrojunior\/\",\"name\":\"Evandro Junior\",\"description\":\"\",\"potentialAction\":[{\"@type\":\"SearchAction\",\"target\":{\"@type\":\"EntryPoint\",\"urlTemplate\":\"https:\/\/www.blogsoestado.com\/evandrojunior\/?s={search_term_string}\"},\"query-input\":{\"@type\":\"PropertyValueSpecification\",\"valueRequired\":true,\"valueName\":\"search_term_string\"}}],\"inLanguage\":\"pt-BR\"},{\"@type\":\"Person\",\"@id\":\"https:\/\/www.blogsoestado.com\/evandrojunior\/#\/schema\/person\/3e6c3d8dbb740d1c6878ebc935cfb3be\",\"name\":\"Evandro Junior\",\"image\":{\"@type\":\"ImageObject\",\"inLanguage\":\"pt-BR\",\"@id\":\"https:\/\/www.blogsoestado.com\/evandrojunior\/#\/schema\/person\/image\/\",\"url\":\"https:\/\/secure.gravatar.com\/avatar\/f80a03a2294a580cd2318bfb459bf354cfa8be661ef3d95b542cf9a04af8d129?s=96&d=mm&r=g\",\"contentUrl\":\"https:\/\/secure.gravatar.com\/avatar\/f80a03a2294a580cd2318bfb459bf354cfa8be661ef3d95b542cf9a04af8d129?s=96&d=mm&r=g\",\"caption\":\"Evandro Junior\"},\"url\":\"https:\/\/www.blogsoestado.com\/evandrojunior\/author\/evandrojunior\/\"}]}<\/script>\n<!-- \/ Yoast SEO plugin. -->","yoast_head_json":{"title":"Cr\u00f4nica de Jos\u00e9 Fernandes: \"O nosso Leblon\" - Evandro Junior","robots":{"index":"index","follow":"follow","max-snippet":"max-snippet:-1","max-image-preview":"max-image-preview:large","max-video-preview":"max-video-preview:-1"},"canonical":"https:\/\/www.blogsoestado.com\/evandrojunior\/2022\/10\/31\/cronica-de-jose-fernandes-o-nosso-leblon\/","og_locale":"pt_BR","og_type":"article","og_title":"Cr\u00f4nica de Jos\u00e9 Fernandes: \"O nosso Leblon\" - Evandro Junior","og_description":"Na extens\u00e3o final da rua do Ribeir\u00e3o, de frente para o beco do Machado, localiza-se um sobrad\u00e3o hist\u00f3rico, hoje velho [&hellip;]","og_url":"https:\/\/www.blogsoestado.com\/evandrojunior\/2022\/10\/31\/cronica-de-jose-fernandes-o-nosso-leblon\/","og_site_name":"Evandro Junior","article_published_time":"2022-10-31T14:55:42+00:00","og_image":[{"url":"https:\/\/www.blogsoestado.com\/evandrojunior\/files\/2022\/10\/Rua-do-Ribeirao-.jpg","type":"","width":"","height":""}],"author":"Evandro Junior","twitter_card":"summary_large_image","twitter_misc":{"Escrito por":"Evandro Junior","Est. tempo de leitura":"3 minutos"},"schema":{"@context":"https:\/\/schema.org","@graph":[{"@type":"WebPage","@id":"https:\/\/www.blogsoestado.com\/evandrojunior\/2022\/10\/31\/cronica-de-jose-fernandes-o-nosso-leblon\/","url":"https:\/\/www.blogsoestado.com\/evandrojunior\/2022\/10\/31\/cronica-de-jose-fernandes-o-nosso-leblon\/","name":"Cr\u00f4nica de Jos\u00e9 Fernandes: \"O nosso Leblon\" - Evandro Junior","isPartOf":{"@id":"https:\/\/www.blogsoestado.com\/evandrojunior\/#website"},"primaryImageOfPage":{"@id":"https:\/\/www.blogsoestado.com\/evandrojunior\/2022\/10\/31\/cronica-de-jose-fernandes-o-nosso-leblon\/#primaryimage"},"image":{"@id":"https:\/\/www.blogsoestado.com\/evandrojunior\/2022\/10\/31\/cronica-de-jose-fernandes-o-nosso-leblon\/#primaryimage"},"thumbnailUrl":"https:\/\/www.blogsoestado.com\/evandrojunior\/files\/2022\/10\/Rua-do-Ribeirao-.jpg","datePublished":"2022-10-31T14:55:42+00:00","author":{"@id":"https:\/\/www.blogsoestado.com\/evandrojunior\/#\/schema\/person\/3e6c3d8dbb740d1c6878ebc935cfb3be"},"breadcrumb":{"@id":"https:\/\/www.blogsoestado.com\/evandrojunior\/2022\/10\/31\/cronica-de-jose-fernandes-o-nosso-leblon\/#breadcrumb"},"inLanguage":"pt-BR","potentialAction":[{"@type":"ReadAction","target":["https:\/\/www.blogsoestado.com\/evandrojunior\/2022\/10\/31\/cronica-de-jose-fernandes-o-nosso-leblon\/"]}]},{"@type":"ImageObject","inLanguage":"pt-BR","@id":"https:\/\/www.blogsoestado.com\/evandrojunior\/2022\/10\/31\/cronica-de-jose-fernandes-o-nosso-leblon\/#primaryimage","url":"https:\/\/www.blogsoestado.com\/evandrojunior\/files\/2022\/10\/Rua-do-Ribeirao-.jpg","contentUrl":"https:\/\/www.blogsoestado.com\/evandrojunior\/files\/2022\/10\/Rua-do-Ribeirao-.jpg"},{"@type":"BreadcrumbList","@id":"https:\/\/www.blogsoestado.com\/evandrojunior\/2022\/10\/31\/cronica-de-jose-fernandes-o-nosso-leblon\/#breadcrumb","itemListElement":[{"@type":"ListItem","position":1,"name":"In\u00edcio","item":"https:\/\/www.blogsoestado.com\/evandrojunior\/"},{"@type":"ListItem","position":2,"name":"Cr\u00f4nica de Jos\u00e9 Fernandes: &#8220;O nosso Leblon&#8221;"}]},{"@type":"WebSite","@id":"https:\/\/www.blogsoestado.com\/evandrojunior\/#website","url":"https:\/\/www.blogsoestado.com\/evandrojunior\/","name":"Evandro Junior","description":"","potentialAction":[{"@type":"SearchAction","target":{"@type":"EntryPoint","urlTemplate":"https:\/\/www.blogsoestado.com\/evandrojunior\/?s={search_term_string}"},"query-input":{"@type":"PropertyValueSpecification","valueRequired":true,"valueName":"search_term_string"}}],"inLanguage":"pt-BR"},{"@type":"Person","@id":"https:\/\/www.blogsoestado.com\/evandrojunior\/#\/schema\/person\/3e6c3d8dbb740d1c6878ebc935cfb3be","name":"Evandro Junior","image":{"@type":"ImageObject","inLanguage":"pt-BR","@id":"https:\/\/www.blogsoestado.com\/evandrojunior\/#\/schema\/person\/image\/","url":"https:\/\/secure.gravatar.com\/avatar\/f80a03a2294a580cd2318bfb459bf354cfa8be661ef3d95b542cf9a04af8d129?s=96&d=mm&r=g","contentUrl":"https:\/\/secure.gravatar.com\/avatar\/f80a03a2294a580cd2318bfb459bf354cfa8be661ef3d95b542cf9a04af8d129?s=96&d=mm&r=g","caption":"Evandro Junior"},"url":"https:\/\/www.blogsoestado.com\/evandrojunior\/author\/evandrojunior\/"}]}},"jetpack_featured_media_url":"","_links":{"self":[{"href":"https:\/\/www.blogsoestado.com\/evandrojunior\/wp-json\/wp\/v2\/posts\/7723","targetHints":{"allow":["GET"]}}],"collection":[{"href":"https:\/\/www.blogsoestado.com\/evandrojunior\/wp-json\/wp\/v2\/posts"}],"about":[{"href":"https:\/\/www.blogsoestado.com\/evandrojunior\/wp-json\/wp\/v2\/types\/post"}],"author":[{"embeddable":true,"href":"https:\/\/www.blogsoestado.com\/evandrojunior\/wp-json\/wp\/v2\/users\/4"}],"replies":[{"embeddable":true,"href":"https:\/\/www.blogsoestado.com\/evandrojunior\/wp-json\/wp\/v2\/comments?post=7723"}],"version-history":[{"count":0,"href":"https:\/\/www.blogsoestado.com\/evandrojunior\/wp-json\/wp\/v2\/posts\/7723\/revisions"}],"wp:attachment":[{"href":"https:\/\/www.blogsoestado.com\/evandrojunior\/wp-json\/wp\/v2\/media?parent=7723"}],"wp:term":[{"taxonomy":"category","embeddable":true,"href":"https:\/\/www.blogsoestado.com\/evandrojunior\/wp-json\/wp\/v2\/categories?post=7723"},{"taxonomy":"post_tag","embeddable":true,"href":"https:\/\/www.blogsoestado.com\/evandrojunior\/wp-json\/wp\/v2\/tags?post=7723"}],"curies":[{"name":"wp","href":"https:\/\/api.w.org\/{rel}","templated":true}]}}