{"id":7726,"date":"2022-10-31T12:03:34","date_gmt":"2022-10-31T15:03:34","guid":{"rendered":"https:\/\/www.blogsoestado.com\/evandrojunior\/?p=7726"},"modified":"2022-10-31T12:03:34","modified_gmt":"2022-10-31T15:03:34","slug":"cabare-do-pepe-vai-agitar-o-illa-gastrobar-nesta-terca-vespera-de-feriado","status":"publish","type":"post","link":"https:\/\/www.blogsoestado.com\/evandrojunior\/2022\/10\/31\/cabare-do-pepe-vai-agitar-o-illa-gastrobar-nesta-terca-vespera-de-feriado\/","title":{"rendered":"&#8216;Cabar\u00e9 do Pep\u00ea&#8217; vai agitar o Illa Gastrobar nesta ter\u00e7a, v\u00e9spera de feriado"},"content":{"rendered":"\n<div class=\"wp-block-image\"><figure class=\"aligncenter size-large is-resized\"><img fetchpriority=\"high\" decoding=\"async\" src=\"https:\/\/www.blogsoestado.com\/evandrojunior\/files\/2022\/10\/Cabare.jpg\" alt=\"\" class=\"wp-image-7727\" width=\"544\" height=\"333\"\/><figcaption><strong>Cantor Pep\u00ea J\u00fanior promover\u00e1 festa animada nesta ter\u00e7a-feira em S\u00e3o Lu\u00eds<\/strong><\/figcaption><\/figure><\/div>\n\n\n\n<p><strong>S\u00e3o Lu\u00eds &#8211;<\/strong> O cantor Pep\u00ea J\u00fanior est\u00e1 convocando geral para marcar presen\u00e7a, nesta ter\u00e7a-feira, v\u00e9spera do feriado de Finados, \u00e0s 21h, no Illa Gastrobar (Calhau), onde realizar\u00e1 a festa &#8216;Cabar\u00e9 do Pep\u00ea&#8217;, com m\u00fasicas dan\u00e7antes incluindo pop dos anos 80, brega, sertanejo, piseiro e bolero.<\/p>\n\n\n\n<p>Al\u00e9m do visual da cenografia,\u00a0em performance semelhante ao cl\u00e1ssico \u201cMoulin Rouge\u201d, o evento ser\u00e1 marcado pelo alto astral do come\u00e7o ao fim. <\/p>\n\n\n\n<p>Mesas dispon\u00edveis\u00a0com Jo\u00e3o Marcelo S\u00e1 ou por meio do contato (98) 9 92352101.<\/p>\n\n\n\n<p><\/p>\n","protected":false},"excerpt":{"rendered":"<p>S\u00e3o Lu\u00eds &#8211; O cantor Pep\u00ea J\u00fanior est\u00e1 convocando geral para marcar presen\u00e7a, nesta ter\u00e7a-feira, v\u00e9spera do feriado de Finados, [&hellip;]<\/p>\n","protected":false},"author":4,"featured_media":0,"comment_status":"open","ping_status":"open","sticky":false,"template":"","format":"standard","meta":{"site-sidebar-layout":"default","site-content-layout":"","ast-site-content-layout":"default","site-content-style":"default","site-sidebar-style":"default","ast-global-header-display":"","ast-banner-title-visibility":"","ast-main-header-display":"","ast-hfb-above-header-display":"","ast-hfb-below-header-display":"","ast-hfb-mobile-header-display":"","site-post-title":"","ast-breadcrumbs-content":"","ast-featured-img":"","footer-sml-layout":"","ast-disable-related-posts":"","theme-transparent-header-meta":"","adv-header-id-meta":"","stick-header-meta":"","header-above-stick-meta":"","header-main-stick-meta":"","header-below-stick-meta":"","astra-migrate-meta-layouts":"default","ast-page-background-enabled":"default","ast-page-background-meta":{"desktop":{"background-color":"var(--ast-global-color-5)","background-image":"","background-repeat":"repeat","background-position":"center center","background-size":"auto","background-attachment":"scroll","background-type":"","background-media":"","overlay-type":"","overlay-color":"","overlay-opacity":"","overlay-gradient":""},"tablet":{"background-color":"","background-image":"","background-repeat":"repeat","background-position":"center center","background-size":"auto","background-attachment":"scroll","background-type":"","background-media":"","overlay-type":"","overlay-color":"","overlay-opacity":"","overlay-gradient":""},"mobile":{"background-color":"","background-image":"","background-repeat":"repeat","background-position":"center center","background-size":"auto","background-attachment":"scroll","background-type":"","background-media":"","overlay-type":"","overlay-color":"","overlay-opacity":"","overlay-gradient":""}},"ast-content-background-meta":{"desktop":{"background-color":"var(--ast-global-color-4)","background-image":"","background-repeat":"repeat","background-position":"center center","background-size":"auto","background-attachment":"scroll","background-type":"","background-media":"","overlay-type":"","overlay-color":"","overlay-opacity":"","overlay-gradient":""},"tablet":{"background-color":"var(--ast-global-color-4)","background-image":"","background-repeat":"repeat","background-position":"center center","background-size":"auto","background-attachment":"scroll","background-type":"","background-media":"","overlay-type":"","overlay-color":"","overlay-opacity":"","overlay-gradient":""},"mobile":{"background-color":"var(--ast-global-color-4)","background-image":"","background-repeat":"repeat","background-position":"center center","background-size":"auto","background-attachment":"scroll","background-type":"","background-media":"","overlay-type":"","overlay-color":"","overlay-opacity":"","overlay-gradient":""}},"footnotes":""},"categories":[1],"tags":[],"class_list":["post-7726","post","type-post","status-publish","format-standard","hentry","category-sem-categoria"],"yoast_head":"<!-- This site is optimized with the Yoast SEO plugin v26.6 - https:\/\/yoast.com\/wordpress\/plugins\/seo\/ -->\n<title>&#039;Cabar\u00e9 do Pep\u00ea&#039; vai agitar o Illa Gastrobar nesta ter\u00e7a, v\u00e9spera de feriado - Evandro Junior<\/title>\n<meta name=\"robots\" content=\"index, follow, max-snippet:-1, max-image-preview:large, max-video-preview:-1\" \/>\n<link rel=\"canonical\" href=\"https:\/\/www.blogsoestado.com\/evandrojunior\/2022\/10\/31\/cabare-do-pepe-vai-agitar-o-illa-gastrobar-nesta-terca-vespera-de-feriado\/\" \/>\n<meta property=\"og:locale\" content=\"pt_BR\" \/>\n<meta property=\"og:type\" content=\"article\" \/>\n<meta property=\"og:title\" content=\"&#039;Cabar\u00e9 do Pep\u00ea&#039; vai agitar o Illa Gastrobar nesta ter\u00e7a, v\u00e9spera de feriado - Evandro Junior\" \/>\n<meta property=\"og:description\" content=\"S\u00e3o Lu\u00eds &#8211; O cantor Pep\u00ea J\u00fanior est\u00e1 convocando geral para marcar presen\u00e7a, nesta ter\u00e7a-feira, v\u00e9spera do feriado de Finados, [&hellip;]\" \/>\n<meta property=\"og:url\" content=\"https:\/\/www.blogsoestado.com\/evandrojunior\/2022\/10\/31\/cabare-do-pepe-vai-agitar-o-illa-gastrobar-nesta-terca-vespera-de-feriado\/\" \/>\n<meta property=\"og:site_name\" content=\"Evandro Junior\" \/>\n<meta property=\"article:published_time\" content=\"2022-10-31T15:03:34+00:00\" \/>\n<meta property=\"og:image\" content=\"https:\/\/www.blogsoestado.com\/evandrojunior\/files\/2022\/10\/Cabare.jpg\" \/>\n<meta name=\"author\" content=\"Evandro Junior\" \/>\n<meta name=\"twitter:card\" content=\"summary_large_image\" \/>\n<meta name=\"twitter:label1\" content=\"Escrito por\" \/>\n\t<meta name=\"twitter:data1\" content=\"Evandro Junior\" \/>\n\t<meta name=\"twitter:label2\" content=\"Est. tempo de leitura\" \/>\n\t<meta name=\"twitter:data2\" content=\"1 minuto\" \/>\n<script type=\"application\/ld+json\" class=\"yoast-schema-graph\">{\"@context\":\"https:\/\/schema.org\",\"@graph\":[{\"@type\":\"WebPage\",\"@id\":\"https:\/\/www.blogsoestado.com\/evandrojunior\/2022\/10\/31\/cabare-do-pepe-vai-agitar-o-illa-gastrobar-nesta-terca-vespera-de-feriado\/\",\"url\":\"https:\/\/www.blogsoestado.com\/evandrojunior\/2022\/10\/31\/cabare-do-pepe-vai-agitar-o-illa-gastrobar-nesta-terca-vespera-de-feriado\/\",\"name\":\"'Cabar\u00e9 do Pep\u00ea' vai agitar o Illa Gastrobar nesta ter\u00e7a, v\u00e9spera de feriado - Evandro Junior\",\"isPartOf\":{\"@id\":\"https:\/\/www.blogsoestado.com\/evandrojunior\/#website\"},\"primaryImageOfPage\":{\"@id\":\"https:\/\/www.blogsoestado.com\/evandrojunior\/2022\/10\/31\/cabare-do-pepe-vai-agitar-o-illa-gastrobar-nesta-terca-vespera-de-feriado\/#primaryimage\"},\"image\":{\"@id\":\"https:\/\/www.blogsoestado.com\/evandrojunior\/2022\/10\/31\/cabare-do-pepe-vai-agitar-o-illa-gastrobar-nesta-terca-vespera-de-feriado\/#primaryimage\"},\"thumbnailUrl\":\"https:\/\/www.blogsoestado.com\/evandrojunior\/files\/2022\/10\/Cabare.jpg\",\"datePublished\":\"2022-10-31T15:03:34+00:00\",\"author\":{\"@id\":\"https:\/\/www.blogsoestado.com\/evandrojunior\/#\/schema\/person\/3e6c3d8dbb740d1c6878ebc935cfb3be\"},\"breadcrumb\":{\"@id\":\"https:\/\/www.blogsoestado.com\/evandrojunior\/2022\/10\/31\/cabare-do-pepe-vai-agitar-o-illa-gastrobar-nesta-terca-vespera-de-feriado\/#breadcrumb\"},\"inLanguage\":\"pt-BR\",\"potentialAction\":[{\"@type\":\"ReadAction\",\"target\":[\"https:\/\/www.blogsoestado.com\/evandrojunior\/2022\/10\/31\/cabare-do-pepe-vai-agitar-o-illa-gastrobar-nesta-terca-vespera-de-feriado\/\"]}]},{\"@type\":\"ImageObject\",\"inLanguage\":\"pt-BR\",\"@id\":\"https:\/\/www.blogsoestado.com\/evandrojunior\/2022\/10\/31\/cabare-do-pepe-vai-agitar-o-illa-gastrobar-nesta-terca-vespera-de-feriado\/#primaryimage\",\"url\":\"https:\/\/www.blogsoestado.com\/evandrojunior\/files\/2022\/10\/Cabare.jpg\",\"contentUrl\":\"https:\/\/www.blogsoestado.com\/evandrojunior\/files\/2022\/10\/Cabare.jpg\"},{\"@type\":\"BreadcrumbList\",\"@id\":\"https:\/\/www.blogsoestado.com\/evandrojunior\/2022\/10\/31\/cabare-do-pepe-vai-agitar-o-illa-gastrobar-nesta-terca-vespera-de-feriado\/#breadcrumb\",\"itemListElement\":[{\"@type\":\"ListItem\",\"position\":1,\"name\":\"In\u00edcio\",\"item\":\"https:\/\/www.blogsoestado.com\/evandrojunior\/\"},{\"@type\":\"ListItem\",\"position\":2,\"name\":\"&#8216;Cabar\u00e9 do Pep\u00ea&#8217; vai agitar o Illa Gastrobar nesta ter\u00e7a, v\u00e9spera de feriado\"}]},{\"@type\":\"WebSite\",\"@id\":\"https:\/\/www.blogsoestado.com\/evandrojunior\/#website\",\"url\":\"https:\/\/www.blogsoestado.com\/evandrojunior\/\",\"name\":\"Evandro Junior\",\"description\":\"\",\"potentialAction\":[{\"@type\":\"SearchAction\",\"target\":{\"@type\":\"EntryPoint\",\"urlTemplate\":\"https:\/\/www.blogsoestado.com\/evandrojunior\/?s={search_term_string}\"},\"query-input\":{\"@type\":\"PropertyValueSpecification\",\"valueRequired\":true,\"valueName\":\"search_term_string\"}}],\"inLanguage\":\"pt-BR\"},{\"@type\":\"Person\",\"@id\":\"https:\/\/www.blogsoestado.com\/evandrojunior\/#\/schema\/person\/3e6c3d8dbb740d1c6878ebc935cfb3be\",\"name\":\"Evandro Junior\",\"image\":{\"@type\":\"ImageObject\",\"inLanguage\":\"pt-BR\",\"@id\":\"https:\/\/www.blogsoestado.com\/evandrojunior\/#\/schema\/person\/image\/\",\"url\":\"https:\/\/secure.gravatar.com\/avatar\/f80a03a2294a580cd2318bfb459bf354cfa8be661ef3d95b542cf9a04af8d129?s=96&d=mm&r=g\",\"contentUrl\":\"https:\/\/secure.gravatar.com\/avatar\/f80a03a2294a580cd2318bfb459bf354cfa8be661ef3d95b542cf9a04af8d129?s=96&d=mm&r=g\",\"caption\":\"Evandro Junior\"},\"url\":\"https:\/\/www.blogsoestado.com\/evandrojunior\/author\/evandrojunior\/\"}]}<\/script>\n<!-- \/ Yoast SEO plugin. -->","yoast_head_json":{"title":"'Cabar\u00e9 do Pep\u00ea' vai agitar o Illa Gastrobar nesta ter\u00e7a, v\u00e9spera de feriado - Evandro Junior","robots":{"index":"index","follow":"follow","max-snippet":"max-snippet:-1","max-image-preview":"max-image-preview:large","max-video-preview":"max-video-preview:-1"},"canonical":"https:\/\/www.blogsoestado.com\/evandrojunior\/2022\/10\/31\/cabare-do-pepe-vai-agitar-o-illa-gastrobar-nesta-terca-vespera-de-feriado\/","og_locale":"pt_BR","og_type":"article","og_title":"'Cabar\u00e9 do Pep\u00ea' vai agitar o Illa Gastrobar nesta ter\u00e7a, v\u00e9spera de feriado - Evandro Junior","og_description":"S\u00e3o Lu\u00eds &#8211; O cantor Pep\u00ea J\u00fanior est\u00e1 convocando geral para marcar presen\u00e7a, nesta ter\u00e7a-feira, v\u00e9spera do feriado de Finados, [&hellip;]","og_url":"https:\/\/www.blogsoestado.com\/evandrojunior\/2022\/10\/31\/cabare-do-pepe-vai-agitar-o-illa-gastrobar-nesta-terca-vespera-de-feriado\/","og_site_name":"Evandro Junior","article_published_time":"2022-10-31T15:03:34+00:00","og_image":[{"url":"https:\/\/www.blogsoestado.com\/evandrojunior\/files\/2022\/10\/Cabare.jpg","type":"","width":"","height":""}],"author":"Evandro Junior","twitter_card":"summary_large_image","twitter_misc":{"Escrito por":"Evandro Junior","Est. tempo de leitura":"1 minuto"},"schema":{"@context":"https:\/\/schema.org","@graph":[{"@type":"WebPage","@id":"https:\/\/www.blogsoestado.com\/evandrojunior\/2022\/10\/31\/cabare-do-pepe-vai-agitar-o-illa-gastrobar-nesta-terca-vespera-de-feriado\/","url":"https:\/\/www.blogsoestado.com\/evandrojunior\/2022\/10\/31\/cabare-do-pepe-vai-agitar-o-illa-gastrobar-nesta-terca-vespera-de-feriado\/","name":"'Cabar\u00e9 do Pep\u00ea' vai agitar o Illa Gastrobar nesta ter\u00e7a, v\u00e9spera de feriado - Evandro Junior","isPartOf":{"@id":"https:\/\/www.blogsoestado.com\/evandrojunior\/#website"},"primaryImageOfPage":{"@id":"https:\/\/www.blogsoestado.com\/evandrojunior\/2022\/10\/31\/cabare-do-pepe-vai-agitar-o-illa-gastrobar-nesta-terca-vespera-de-feriado\/#primaryimage"},"image":{"@id":"https:\/\/www.blogsoestado.com\/evandrojunior\/2022\/10\/31\/cabare-do-pepe-vai-agitar-o-illa-gastrobar-nesta-terca-vespera-de-feriado\/#primaryimage"},"thumbnailUrl":"https:\/\/www.blogsoestado.com\/evandrojunior\/files\/2022\/10\/Cabare.jpg","datePublished":"2022-10-31T15:03:34+00:00","author":{"@id":"https:\/\/www.blogsoestado.com\/evandrojunior\/#\/schema\/person\/3e6c3d8dbb740d1c6878ebc935cfb3be"},"breadcrumb":{"@id":"https:\/\/www.blogsoestado.com\/evandrojunior\/2022\/10\/31\/cabare-do-pepe-vai-agitar-o-illa-gastrobar-nesta-terca-vespera-de-feriado\/#breadcrumb"},"inLanguage":"pt-BR","potentialAction":[{"@type":"ReadAction","target":["https:\/\/www.blogsoestado.com\/evandrojunior\/2022\/10\/31\/cabare-do-pepe-vai-agitar-o-illa-gastrobar-nesta-terca-vespera-de-feriado\/"]}]},{"@type":"ImageObject","inLanguage":"pt-BR","@id":"https:\/\/www.blogsoestado.com\/evandrojunior\/2022\/10\/31\/cabare-do-pepe-vai-agitar-o-illa-gastrobar-nesta-terca-vespera-de-feriado\/#primaryimage","url":"https:\/\/www.blogsoestado.com\/evandrojunior\/files\/2022\/10\/Cabare.jpg","contentUrl":"https:\/\/www.blogsoestado.com\/evandrojunior\/files\/2022\/10\/Cabare.jpg"},{"@type":"BreadcrumbList","@id":"https:\/\/www.blogsoestado.com\/evandrojunior\/2022\/10\/31\/cabare-do-pepe-vai-agitar-o-illa-gastrobar-nesta-terca-vespera-de-feriado\/#breadcrumb","itemListElement":[{"@type":"ListItem","position":1,"name":"In\u00edcio","item":"https:\/\/www.blogsoestado.com\/evandrojunior\/"},{"@type":"ListItem","position":2,"name":"&#8216;Cabar\u00e9 do Pep\u00ea&#8217; vai agitar o Illa Gastrobar nesta ter\u00e7a, v\u00e9spera de feriado"}]},{"@type":"WebSite","@id":"https:\/\/www.blogsoestado.com\/evandrojunior\/#website","url":"https:\/\/www.blogsoestado.com\/evandrojunior\/","name":"Evandro Junior","description":"","potentialAction":[{"@type":"SearchAction","target":{"@type":"EntryPoint","urlTemplate":"https:\/\/www.blogsoestado.com\/evandrojunior\/?s={search_term_string}"},"query-input":{"@type":"PropertyValueSpecification","valueRequired":true,"valueName":"search_term_string"}}],"inLanguage":"pt-BR"},{"@type":"Person","@id":"https:\/\/www.blogsoestado.com\/evandrojunior\/#\/schema\/person\/3e6c3d8dbb740d1c6878ebc935cfb3be","name":"Evandro Junior","image":{"@type":"ImageObject","inLanguage":"pt-BR","@id":"https:\/\/www.blogsoestado.com\/evandrojunior\/#\/schema\/person\/image\/","url":"https:\/\/secure.gravatar.com\/avatar\/f80a03a2294a580cd2318bfb459bf354cfa8be661ef3d95b542cf9a04af8d129?s=96&d=mm&r=g","contentUrl":"https:\/\/secure.gravatar.com\/avatar\/f80a03a2294a580cd2318bfb459bf354cfa8be661ef3d95b542cf9a04af8d129?s=96&d=mm&r=g","caption":"Evandro Junior"},"url":"https:\/\/www.blogsoestado.com\/evandrojunior\/author\/evandrojunior\/"}]}},"jetpack_featured_media_url":"","_links":{"self":[{"href":"https:\/\/www.blogsoestado.com\/evandrojunior\/wp-json\/wp\/v2\/posts\/7726","targetHints":{"allow":["GET"]}}],"collection":[{"href":"https:\/\/www.blogsoestado.com\/evandrojunior\/wp-json\/wp\/v2\/posts"}],"about":[{"href":"https:\/\/www.blogsoestado.com\/evandrojunior\/wp-json\/wp\/v2\/types\/post"}],"author":[{"embeddable":true,"href":"https:\/\/www.blogsoestado.com\/evandrojunior\/wp-json\/wp\/v2\/users\/4"}],"replies":[{"embeddable":true,"href":"https:\/\/www.blogsoestado.com\/evandrojunior\/wp-json\/wp\/v2\/comments?post=7726"}],"version-history":[{"count":0,"href":"https:\/\/www.blogsoestado.com\/evandrojunior\/wp-json\/wp\/v2\/posts\/7726\/revisions"}],"wp:attachment":[{"href":"https:\/\/www.blogsoestado.com\/evandrojunior\/wp-json\/wp\/v2\/media?parent=7726"}],"wp:term":[{"taxonomy":"category","embeddable":true,"href":"https:\/\/www.blogsoestado.com\/evandrojunior\/wp-json\/wp\/v2\/categories?post=7726"},{"taxonomy":"post_tag","embeddable":true,"href":"https:\/\/www.blogsoestado.com\/evandrojunior\/wp-json\/wp\/v2\/tags?post=7726"}],"curies":[{"name":"wp","href":"https:\/\/api.w.org\/{rel}","templated":true}]}}