{"id":7732,"date":"2022-11-01T11:34:42","date_gmt":"2022-11-01T14:34:42","guid":{"rendered":"https:\/\/www.blogsoestado.com\/evandrojunior\/?p=7732"},"modified":"2022-11-01T11:34:42","modified_gmt":"2022-11-01T14:34:42","slug":"grau-tecnico-cohab-promove-feira-de-empregabilidade-com-mais-de-80-vagas-de-emprego-e-estagio","status":"publish","type":"post","link":"https:\/\/www.blogsoestado.com\/evandrojunior\/2022\/11\/01\/grau-tecnico-cohab-promove-feira-de-empregabilidade-com-mais-de-80-vagas-de-emprego-e-estagio\/","title":{"rendered":"Grau T\u00e9cnico Cohab promove feira de empregabilidade com mais de 80 vagas de emprego e est\u00e1gio"},"content":{"rendered":"\n<div class=\"wp-block-image\"><figure class=\"aligncenter size-large is-resized\"><img fetchpriority=\"high\" decoding=\"async\" src=\"https:\/\/www.blogsoestado.com\/evandrojunior\/files\/2022\/11\/grau-tecnico-1024x600.jpg\" alt=\"\" class=\"wp-image-7733\" width=\"561\" height=\"329\"\/><\/figure><\/div>\n\n\n\n<p><strong>S\u00e3o Lu\u00eds<\/strong> &#8211; Mais uma grande chance para quem est\u00e1 \u00e0 procura de uma nova oportunidade de ingressar no mercado de trabalho de S\u00e3o Lu\u00eds. Na pr\u00f3xima sexta-feira (4), a unidade do Grau T\u00e9cnico Cohab\u00a0promover\u00e1 a Feira de Empregabilidade, com mais de 80 oportunidades de emprego e est\u00e1gio. <\/p>\n\n\n\n<p>A feira \u00e9 gratuita e acontece das 9h \u00e0s 17h na unidade Cohab, localizada na Avenida Principal, 22, Cohab Anil III. Os interessados necessitam fazer uma inscri\u00e7\u00e3o no site\u00a0<a href=\"https:\/\/forms.gle\/WcmeoNEqvE2HoAG8A\" target=\"_blank\" rel=\"noreferrer noopener\">https:\/\/forms.gle\/WcmeoNEqvE2HoAG8A<\/a>\u00a0.<\/p>\n\n\n\n<p>Quem for ao evento, poder\u00e1 conferir de perto uma programa\u00e7\u00e3o recheada de atividades. Entre elas: confec\u00e7\u00e3o de curr\u00edculos, , aferi\u00e7\u00e3o de press\u00e3o e glicose, exames oftalmol\u00f3gicos, massagens terap\u00eauticas, feira de empreendedorismo, orienta\u00e7\u00e3o profissional e de empreendedorismo, palestras e workshops de prepara\u00e7\u00e3o para o mercado de trabalho.&nbsp;<\/p>\n\n\n\n<p>\u201cQueremos oferecer oportunidades no mercado de trabalho, al\u00e9m de v\u00e1rios servi\u00e7os gratuitos que ser\u00e3o ofertados no dia. Tudo ofertado aos participantes do evento, alunos e visitantes, em parceria com empresas que incentivam programas de est\u00e1gio, aprendiz, emprego e oportunidades ao mercado de trabalho\u201d, explicou Di\u00f4genes Ferreira, respons\u00e1vel pela Ag\u00eancia de Encaminhamento da unidade.&nbsp;&nbsp;<\/p>\n\n\n\n<p>Nesta edi\u00e7\u00e3o, a Feira de Oportunidades tem apoio de mais de 100 empresas participantes. Dentre elas: SERHUMl, Business &amp; Partners, Eudora, CIEE, ABRE, Superest\u00e1gios, IEL, ISBET, 5ps Consultoria, Insight, SINE, CTO, Impulse, Potiguar, Wiki Telecom, Mary Kay, Tupperware e&nbsp;&nbsp;\u00d3ticas Correa&nbsp;&nbsp;<\/p>\n\n\n\n<p><strong>Grau T\u00e9cnico<\/strong><\/p>\n\n\n\n<p>O Grau T\u00e9cnico \u00e9 o carro-chefe do grupo Grau Educacional. Com mais de 130 unidades, presente nas cinco regi\u00f5es do pa\u00eds, o Grau Educacional oferece mais de 60 cursos nas \u00e1reas de sa\u00fade, tecnologia, ind\u00fastria, gest\u00e3o e neg\u00f3cios. A dura\u00e7\u00e3o dos cursos varia de tr\u00eas meses a dois anos, com aulas de uma a tr\u00eas vezes na semana.\u00a0<\/p>\n","protected":false},"excerpt":{"rendered":"<p>S\u00e3o Lu\u00eds &#8211; Mais uma grande chance para quem est\u00e1 \u00e0 procura de uma nova oportunidade de ingressar no mercado [&hellip;]<\/p>\n","protected":false},"author":4,"featured_media":0,"comment_status":"open","ping_status":"open","sticky":false,"template":"","format":"standard","meta":{"site-sidebar-layout":"default","site-content-layout":"","ast-site-content-layout":"default","site-content-style":"default","site-sidebar-style":"default","ast-global-header-display":"","ast-banner-title-visibility":"","ast-main-header-display":"","ast-hfb-above-header-display":"","ast-hfb-below-header-display":"","ast-hfb-mobile-header-display":"","site-post-title":"","ast-breadcrumbs-content":"","ast-featured-img":"","footer-sml-layout":"","ast-disable-related-posts":"","theme-transparent-header-meta":"","adv-header-id-meta":"","stick-header-meta":"","header-above-stick-meta":"","header-main-stick-meta":"","header-below-stick-meta":"","astra-migrate-meta-layouts":"default","ast-page-background-enabled":"default","ast-page-background-meta":{"desktop":{"background-color":"var(--ast-global-color-5)","background-image":"","background-repeat":"repeat","background-position":"center center","background-size":"auto","background-attachment":"scroll","background-type":"","background-media":"","overlay-type":"","overlay-color":"","overlay-opacity":"","overlay-gradient":""},"tablet":{"background-color":"","background-image":"","background-repeat":"repeat","background-position":"center center","background-size":"auto","background-attachment":"scroll","background-type":"","background-media":"","overlay-type":"","overlay-color":"","overlay-opacity":"","overlay-gradient":""},"mobile":{"background-color":"","background-image":"","background-repeat":"repeat","background-position":"center center","background-size":"auto","background-attachment":"scroll","background-type":"","background-media":"","overlay-type":"","overlay-color":"","overlay-opacity":"","overlay-gradient":""}},"ast-content-background-meta":{"desktop":{"background-color":"var(--ast-global-color-4)","background-image":"","background-repeat":"repeat","background-position":"center center","background-size":"auto","background-attachment":"scroll","background-type":"","background-media":"","overlay-type":"","overlay-color":"","overlay-opacity":"","overlay-gradient":""},"tablet":{"background-color":"var(--ast-global-color-4)","background-image":"","background-repeat":"repeat","background-position":"center center","background-size":"auto","background-attachment":"scroll","background-type":"","background-media":"","overlay-type":"","overlay-color":"","overlay-opacity":"","overlay-gradient":""},"mobile":{"background-color":"var(--ast-global-color-4)","background-image":"","background-repeat":"repeat","background-position":"center center","background-size":"auto","background-attachment":"scroll","background-type":"","background-media":"","overlay-type":"","overlay-color":"","overlay-opacity":"","overlay-gradient":""}},"footnotes":""},"categories":[1],"tags":[],"class_list":["post-7732","post","type-post","status-publish","format-standard","hentry","category-sem-categoria"],"yoast_head":"<!-- This site is optimized with the Yoast SEO plugin v26.6 - https:\/\/yoast.com\/wordpress\/plugins\/seo\/ -->\n<title>Grau T\u00e9cnico Cohab promove feira de empregabilidade com mais de 80 vagas de emprego e est\u00e1gio - Evandro Junior<\/title>\n<meta name=\"robots\" content=\"index, follow, max-snippet:-1, max-image-preview:large, max-video-preview:-1\" \/>\n<link rel=\"canonical\" href=\"https:\/\/www.blogsoestado.com\/evandrojunior\/2022\/11\/01\/grau-tecnico-cohab-promove-feira-de-empregabilidade-com-mais-de-80-vagas-de-emprego-e-estagio\/\" \/>\n<meta property=\"og:locale\" content=\"pt_BR\" \/>\n<meta property=\"og:type\" content=\"article\" \/>\n<meta property=\"og:title\" content=\"Grau T\u00e9cnico Cohab promove feira de empregabilidade com mais de 80 vagas de emprego e est\u00e1gio - Evandro Junior\" \/>\n<meta property=\"og:description\" content=\"S\u00e3o Lu\u00eds &#8211; Mais uma grande chance para quem est\u00e1 \u00e0 procura de uma nova oportunidade de ingressar no mercado [&hellip;]\" \/>\n<meta property=\"og:url\" content=\"https:\/\/www.blogsoestado.com\/evandrojunior\/2022\/11\/01\/grau-tecnico-cohab-promove-feira-de-empregabilidade-com-mais-de-80-vagas-de-emprego-e-estagio\/\" \/>\n<meta property=\"og:site_name\" content=\"Evandro Junior\" \/>\n<meta property=\"article:published_time\" content=\"2022-11-01T14:34:42+00:00\" \/>\n<meta property=\"og:image\" content=\"https:\/\/www.blogsoestado.com\/evandrojunior\/files\/2022\/11\/grau-tecnico-1024x600.jpg\" \/>\n<meta name=\"author\" content=\"Evandro Junior\" \/>\n<meta name=\"twitter:card\" content=\"summary_large_image\" \/>\n<meta name=\"twitter:label1\" content=\"Escrito por\" \/>\n\t<meta name=\"twitter:data1\" content=\"Evandro Junior\" \/>\n\t<meta name=\"twitter:label2\" content=\"Est. tempo de leitura\" \/>\n\t<meta name=\"twitter:data2\" content=\"2 minutos\" \/>\n<script type=\"application\/ld+json\" class=\"yoast-schema-graph\">{\"@context\":\"https:\/\/schema.org\",\"@graph\":[{\"@type\":\"WebPage\",\"@id\":\"https:\/\/www.blogsoestado.com\/evandrojunior\/2022\/11\/01\/grau-tecnico-cohab-promove-feira-de-empregabilidade-com-mais-de-80-vagas-de-emprego-e-estagio\/\",\"url\":\"https:\/\/www.blogsoestado.com\/evandrojunior\/2022\/11\/01\/grau-tecnico-cohab-promove-feira-de-empregabilidade-com-mais-de-80-vagas-de-emprego-e-estagio\/\",\"name\":\"Grau T\u00e9cnico Cohab promove feira de empregabilidade com mais de 80 vagas de emprego e est\u00e1gio - Evandro Junior\",\"isPartOf\":{\"@id\":\"https:\/\/www.blogsoestado.com\/evandrojunior\/#website\"},\"primaryImageOfPage\":{\"@id\":\"https:\/\/www.blogsoestado.com\/evandrojunior\/2022\/11\/01\/grau-tecnico-cohab-promove-feira-de-empregabilidade-com-mais-de-80-vagas-de-emprego-e-estagio\/#primaryimage\"},\"image\":{\"@id\":\"https:\/\/www.blogsoestado.com\/evandrojunior\/2022\/11\/01\/grau-tecnico-cohab-promove-feira-de-empregabilidade-com-mais-de-80-vagas-de-emprego-e-estagio\/#primaryimage\"},\"thumbnailUrl\":\"https:\/\/www.blogsoestado.com\/evandrojunior\/files\/2022\/11\/grau-tecnico-1024x600.jpg\",\"datePublished\":\"2022-11-01T14:34:42+00:00\",\"author\":{\"@id\":\"https:\/\/www.blogsoestado.com\/evandrojunior\/#\/schema\/person\/3e6c3d8dbb740d1c6878ebc935cfb3be\"},\"breadcrumb\":{\"@id\":\"https:\/\/www.blogsoestado.com\/evandrojunior\/2022\/11\/01\/grau-tecnico-cohab-promove-feira-de-empregabilidade-com-mais-de-80-vagas-de-emprego-e-estagio\/#breadcrumb\"},\"inLanguage\":\"pt-BR\",\"potentialAction\":[{\"@type\":\"ReadAction\",\"target\":[\"https:\/\/www.blogsoestado.com\/evandrojunior\/2022\/11\/01\/grau-tecnico-cohab-promove-feira-de-empregabilidade-com-mais-de-80-vagas-de-emprego-e-estagio\/\"]}]},{\"@type\":\"ImageObject\",\"inLanguage\":\"pt-BR\",\"@id\":\"https:\/\/www.blogsoestado.com\/evandrojunior\/2022\/11\/01\/grau-tecnico-cohab-promove-feira-de-empregabilidade-com-mais-de-80-vagas-de-emprego-e-estagio\/#primaryimage\",\"url\":\"https:\/\/www.blogsoestado.com\/evandrojunior\/files\/2022\/11\/grau-tecnico-1024x600.jpg\",\"contentUrl\":\"https:\/\/www.blogsoestado.com\/evandrojunior\/files\/2022\/11\/grau-tecnico-1024x600.jpg\"},{\"@type\":\"BreadcrumbList\",\"@id\":\"https:\/\/www.blogsoestado.com\/evandrojunior\/2022\/11\/01\/grau-tecnico-cohab-promove-feira-de-empregabilidade-com-mais-de-80-vagas-de-emprego-e-estagio\/#breadcrumb\",\"itemListElement\":[{\"@type\":\"ListItem\",\"position\":1,\"name\":\"In\u00edcio\",\"item\":\"https:\/\/www.blogsoestado.com\/evandrojunior\/\"},{\"@type\":\"ListItem\",\"position\":2,\"name\":\"Grau T\u00e9cnico Cohab promove feira de empregabilidade com mais de 80 vagas de emprego e est\u00e1gio\"}]},{\"@type\":\"WebSite\",\"@id\":\"https:\/\/www.blogsoestado.com\/evandrojunior\/#website\",\"url\":\"https:\/\/www.blogsoestado.com\/evandrojunior\/\",\"name\":\"Evandro Junior\",\"description\":\"\",\"potentialAction\":[{\"@type\":\"SearchAction\",\"target\":{\"@type\":\"EntryPoint\",\"urlTemplate\":\"https:\/\/www.blogsoestado.com\/evandrojunior\/?s={search_term_string}\"},\"query-input\":{\"@type\":\"PropertyValueSpecification\",\"valueRequired\":true,\"valueName\":\"search_term_string\"}}],\"inLanguage\":\"pt-BR\"},{\"@type\":\"Person\",\"@id\":\"https:\/\/www.blogsoestado.com\/evandrojunior\/#\/schema\/person\/3e6c3d8dbb740d1c6878ebc935cfb3be\",\"name\":\"Evandro Junior\",\"image\":{\"@type\":\"ImageObject\",\"inLanguage\":\"pt-BR\",\"@id\":\"https:\/\/www.blogsoestado.com\/evandrojunior\/#\/schema\/person\/image\/\",\"url\":\"https:\/\/secure.gravatar.com\/avatar\/f80a03a2294a580cd2318bfb459bf354cfa8be661ef3d95b542cf9a04af8d129?s=96&d=mm&r=g\",\"contentUrl\":\"https:\/\/secure.gravatar.com\/avatar\/f80a03a2294a580cd2318bfb459bf354cfa8be661ef3d95b542cf9a04af8d129?s=96&d=mm&r=g\",\"caption\":\"Evandro Junior\"},\"url\":\"https:\/\/www.blogsoestado.com\/evandrojunior\/author\/evandrojunior\/\"}]}<\/script>\n<!-- \/ Yoast SEO plugin. -->","yoast_head_json":{"title":"Grau T\u00e9cnico Cohab promove feira de empregabilidade com mais de 80 vagas de emprego e est\u00e1gio - Evandro Junior","robots":{"index":"index","follow":"follow","max-snippet":"max-snippet:-1","max-image-preview":"max-image-preview:large","max-video-preview":"max-video-preview:-1"},"canonical":"https:\/\/www.blogsoestado.com\/evandrojunior\/2022\/11\/01\/grau-tecnico-cohab-promove-feira-de-empregabilidade-com-mais-de-80-vagas-de-emprego-e-estagio\/","og_locale":"pt_BR","og_type":"article","og_title":"Grau T\u00e9cnico Cohab promove feira de empregabilidade com mais de 80 vagas de emprego e est\u00e1gio - Evandro Junior","og_description":"S\u00e3o Lu\u00eds &#8211; Mais uma grande chance para quem est\u00e1 \u00e0 procura de uma nova oportunidade de ingressar no mercado [&hellip;]","og_url":"https:\/\/www.blogsoestado.com\/evandrojunior\/2022\/11\/01\/grau-tecnico-cohab-promove-feira-de-empregabilidade-com-mais-de-80-vagas-de-emprego-e-estagio\/","og_site_name":"Evandro Junior","article_published_time":"2022-11-01T14:34:42+00:00","og_image":[{"url":"https:\/\/www.blogsoestado.com\/evandrojunior\/files\/2022\/11\/grau-tecnico-1024x600.jpg","type":"","width":"","height":""}],"author":"Evandro Junior","twitter_card":"summary_large_image","twitter_misc":{"Escrito por":"Evandro Junior","Est. tempo de leitura":"2 minutos"},"schema":{"@context":"https:\/\/schema.org","@graph":[{"@type":"WebPage","@id":"https:\/\/www.blogsoestado.com\/evandrojunior\/2022\/11\/01\/grau-tecnico-cohab-promove-feira-de-empregabilidade-com-mais-de-80-vagas-de-emprego-e-estagio\/","url":"https:\/\/www.blogsoestado.com\/evandrojunior\/2022\/11\/01\/grau-tecnico-cohab-promove-feira-de-empregabilidade-com-mais-de-80-vagas-de-emprego-e-estagio\/","name":"Grau T\u00e9cnico Cohab promove feira de empregabilidade com mais de 80 vagas de emprego e est\u00e1gio - Evandro Junior","isPartOf":{"@id":"https:\/\/www.blogsoestado.com\/evandrojunior\/#website"},"primaryImageOfPage":{"@id":"https:\/\/www.blogsoestado.com\/evandrojunior\/2022\/11\/01\/grau-tecnico-cohab-promove-feira-de-empregabilidade-com-mais-de-80-vagas-de-emprego-e-estagio\/#primaryimage"},"image":{"@id":"https:\/\/www.blogsoestado.com\/evandrojunior\/2022\/11\/01\/grau-tecnico-cohab-promove-feira-de-empregabilidade-com-mais-de-80-vagas-de-emprego-e-estagio\/#primaryimage"},"thumbnailUrl":"https:\/\/www.blogsoestado.com\/evandrojunior\/files\/2022\/11\/grau-tecnico-1024x600.jpg","datePublished":"2022-11-01T14:34:42+00:00","author":{"@id":"https:\/\/www.blogsoestado.com\/evandrojunior\/#\/schema\/person\/3e6c3d8dbb740d1c6878ebc935cfb3be"},"breadcrumb":{"@id":"https:\/\/www.blogsoestado.com\/evandrojunior\/2022\/11\/01\/grau-tecnico-cohab-promove-feira-de-empregabilidade-com-mais-de-80-vagas-de-emprego-e-estagio\/#breadcrumb"},"inLanguage":"pt-BR","potentialAction":[{"@type":"ReadAction","target":["https:\/\/www.blogsoestado.com\/evandrojunior\/2022\/11\/01\/grau-tecnico-cohab-promove-feira-de-empregabilidade-com-mais-de-80-vagas-de-emprego-e-estagio\/"]}]},{"@type":"ImageObject","inLanguage":"pt-BR","@id":"https:\/\/www.blogsoestado.com\/evandrojunior\/2022\/11\/01\/grau-tecnico-cohab-promove-feira-de-empregabilidade-com-mais-de-80-vagas-de-emprego-e-estagio\/#primaryimage","url":"https:\/\/www.blogsoestado.com\/evandrojunior\/files\/2022\/11\/grau-tecnico-1024x600.jpg","contentUrl":"https:\/\/www.blogsoestado.com\/evandrojunior\/files\/2022\/11\/grau-tecnico-1024x600.jpg"},{"@type":"BreadcrumbList","@id":"https:\/\/www.blogsoestado.com\/evandrojunior\/2022\/11\/01\/grau-tecnico-cohab-promove-feira-de-empregabilidade-com-mais-de-80-vagas-de-emprego-e-estagio\/#breadcrumb","itemListElement":[{"@type":"ListItem","position":1,"name":"In\u00edcio","item":"https:\/\/www.blogsoestado.com\/evandrojunior\/"},{"@type":"ListItem","position":2,"name":"Grau T\u00e9cnico Cohab promove feira de empregabilidade com mais de 80 vagas de emprego e est\u00e1gio"}]},{"@type":"WebSite","@id":"https:\/\/www.blogsoestado.com\/evandrojunior\/#website","url":"https:\/\/www.blogsoestado.com\/evandrojunior\/","name":"Evandro Junior","description":"","potentialAction":[{"@type":"SearchAction","target":{"@type":"EntryPoint","urlTemplate":"https:\/\/www.blogsoestado.com\/evandrojunior\/?s={search_term_string}"},"query-input":{"@type":"PropertyValueSpecification","valueRequired":true,"valueName":"search_term_string"}}],"inLanguage":"pt-BR"},{"@type":"Person","@id":"https:\/\/www.blogsoestado.com\/evandrojunior\/#\/schema\/person\/3e6c3d8dbb740d1c6878ebc935cfb3be","name":"Evandro Junior","image":{"@type":"ImageObject","inLanguage":"pt-BR","@id":"https:\/\/www.blogsoestado.com\/evandrojunior\/#\/schema\/person\/image\/","url":"https:\/\/secure.gravatar.com\/avatar\/f80a03a2294a580cd2318bfb459bf354cfa8be661ef3d95b542cf9a04af8d129?s=96&d=mm&r=g","contentUrl":"https:\/\/secure.gravatar.com\/avatar\/f80a03a2294a580cd2318bfb459bf354cfa8be661ef3d95b542cf9a04af8d129?s=96&d=mm&r=g","caption":"Evandro Junior"},"url":"https:\/\/www.blogsoestado.com\/evandrojunior\/author\/evandrojunior\/"}]}},"jetpack_featured_media_url":"","_links":{"self":[{"href":"https:\/\/www.blogsoestado.com\/evandrojunior\/wp-json\/wp\/v2\/posts\/7732","targetHints":{"allow":["GET"]}}],"collection":[{"href":"https:\/\/www.blogsoestado.com\/evandrojunior\/wp-json\/wp\/v2\/posts"}],"about":[{"href":"https:\/\/www.blogsoestado.com\/evandrojunior\/wp-json\/wp\/v2\/types\/post"}],"author":[{"embeddable":true,"href":"https:\/\/www.blogsoestado.com\/evandrojunior\/wp-json\/wp\/v2\/users\/4"}],"replies":[{"embeddable":true,"href":"https:\/\/www.blogsoestado.com\/evandrojunior\/wp-json\/wp\/v2\/comments?post=7732"}],"version-history":[{"count":0,"href":"https:\/\/www.blogsoestado.com\/evandrojunior\/wp-json\/wp\/v2\/posts\/7732\/revisions"}],"wp:attachment":[{"href":"https:\/\/www.blogsoestado.com\/evandrojunior\/wp-json\/wp\/v2\/media?parent=7732"}],"wp:term":[{"taxonomy":"category","embeddable":true,"href":"https:\/\/www.blogsoestado.com\/evandrojunior\/wp-json\/wp\/v2\/categories?post=7732"},{"taxonomy":"post_tag","embeddable":true,"href":"https:\/\/www.blogsoestado.com\/evandrojunior\/wp-json\/wp\/v2\/tags?post=7732"}],"curies":[{"name":"wp","href":"https:\/\/api.w.org\/{rel}","templated":true}]}}