{"id":7750,"date":"2022-11-03T14:40:58","date_gmt":"2022-11-03T17:40:58","guid":{"rendered":"https:\/\/www.blogsoestado.com\/evandrojunior\/?p=7750"},"modified":"2022-11-03T14:40:58","modified_gmt":"2022-11-03T17:40:58","slug":"novo-perfume-do-boticario-tem-perfume-das-flores-durante-eclipse-solar","status":"publish","type":"post","link":"https:\/\/www.blogsoestado.com\/evandrojunior\/2022\/11\/03\/novo-perfume-do-boticario-tem-perfume-das-flores-durante-eclipse-solar\/","title":{"rendered":"Novo perfume do Botic\u00e1rio tem perfume das flores durante eclipse solar"},"content":{"rendered":"\n<div class=\"wp-block-image\"><figure class=\"aligncenter size-large is-resized\"><img fetchpriority=\"high\" decoding=\"async\" src=\"https:\/\/www.blogsoestado.com\/evandrojunior\/files\/2022\/11\/Floratta-Fleur-DEclipse-Eau-De-Parfum-\u2013-75-ml-768x1024.jpg\" alt=\"\" class=\"wp-image-7751\" width=\"415\" height=\"553\"\/><figcaption>Criada pelos perfumistas Carlos Benaim e Natasha Cote, o lan\u00e7amento \u00e9 da fam\u00edlia olfativa floral amadeirado<\/figcaption><\/figure><\/div>\n\n\n\n<p><strong>S\u00e3o Lu\u00eds<\/strong> &#8211; Floratta, maior marca de perfumaria feminina do Brasil, lan\u00e7a fragr\u00e2ncia que conta uma nova hist\u00f3ria de amor: o romance entre o sol e a lua.\u00a0<\/p>\n\n\n\n<p>Floratta Fleur D\u2019\u00c9clipse<strong>\u00a0<\/strong>traz, pela primeira vez em um item de perfumaria, o poder de um dos espet\u00e1culos mais raros da natureza, revelando um aroma \u00fanico e surpreendente \u2013 quando os dois astros se encontram, nasce a sua ess\u00eancia.<\/p>\n\n\n\n<p>O item tem uma assinatura intensa, sofisticada e ultrafeminina, para ser usada nos melhores momentos da vida da jovem mulher contempor\u00e2nea, que n\u00e3o deixa o romantismo de lado.<\/p>\n\n\n\n<p>Criada pelos perfumistas Carlos Benaim e Natasha Cote, o lan\u00e7amento \u00e9 da fam\u00edlia olfativa floral amadeirado, sendo intenso e marcante. Logo na sua sa\u00edda, \u00e9 poss\u00edvel sentir o toque especiado, com leves nuances frutais de bergamota e p\u00eara, que conferem impacto e brilho para a fragr\u00e2ncia. <\/p>\n\n\n\n<p>Seu corpo floral \u00e9 luminoso e muito feminino, em que o osmanthus revela um olfativo sublime com seu delicado toque frutal, e as notas amadeiradas de vetiver e patchouli finalizam a cria\u00e7\u00e3o com modernidade, sofistica\u00e7\u00e3o e romantismo.<\/p>\n\n\n\n<p>\u201cO Botic\u00e1rio\u00a0usou, para criar essa fragr\u00e2ncia, uma tecnologia exclusiva que captura o raro perfume da flor de osmanthus durante o eclipse solar\u201d, conta Leticia Schwartz, Diretora de Perfumaria Feminina &amp; Genderfluid da marca.<\/p>\n\n\n\n<p>\u201cNo exato momento em que o sol e a lua se encontram, o biorritmo da flor de osmanthus \u00e9 alterado pelo fen\u00f4meno natural, e o perfume da flor ent\u00e3o se revela de forma rara, mais intenso, frutal, luminoso e vibrante que o usual\u201d.<\/p>\n\n\n\n<p>T\u00e3o encantadora e hipn\u00f3tica quanto o alinhamento dos astros, Floratta Fleur D&#8217;eclipse traduz a perfeita harmonia entre a sofistica\u00e7\u00e3o luminosa da exclusiva ess\u00eancia da flor de osmanthus, com o mist\u00e9rio contempor\u00e2neo e envolvente de madeiras nobres. Uma fragr\u00e2ncia rom\u00e2ntica, feminina e radiante.<\/p>\n\n\n\n<p>O item conta tamb\u00e9m com a lo\u00e7\u00e3o hidratante, e ambos podem ser encontrados em todas as lojas f\u00edsicas e no e-commerce da marca, no link\u00a0<a href=\"http:\/\/www.boticario.com.br\/\" target=\"_blank\" rel=\"noreferrer noopener\">www.boticario.com.br<\/a>, al\u00e9m do aplicativo Botic\u00e1rio, dispon\u00edvel para as vers\u00f5es Android e iOS. <\/p>\n\n\n\n<p>Tamb\u00e9m \u00e9 poss\u00edvel fazer pedidos via WhatsApp pelo n\u00famero 0800 744 0010 \u2013 n\u00famero oficial e seguro \u2013 diretamente na plataforma do dispositivo. Basta o cliente contatar a marca por esse n\u00famero para verificar a disponibilidade na regi\u00e3o dele. H\u00e1 ainda a op\u00e7\u00e3o de contatar um revendedor da marca pelo endere\u00e7o\u00a0<a href=\"http:\/\/boticario.com.br\/encontre\" target=\"_blank\" rel=\"noreferrer noopener\">boticario.com.br\/encontre<\/a>.\u00a0\u00a0\u00a0\u00a0<\/p>\n","protected":false},"excerpt":{"rendered":"<p>S\u00e3o Lu\u00eds &#8211; Floratta, maior marca de perfumaria feminina do Brasil, lan\u00e7a fragr\u00e2ncia que conta uma nova hist\u00f3ria de amor: [&hellip;]<\/p>\n","protected":false},"author":4,"featured_media":0,"comment_status":"open","ping_status":"open","sticky":false,"template":"","format":"standard","meta":{"site-sidebar-layout":"default","site-content-layout":"","ast-site-content-layout":"default","site-content-style":"default","site-sidebar-style":"default","ast-global-header-display":"","ast-banner-title-visibility":"","ast-main-header-display":"","ast-hfb-above-header-display":"","ast-hfb-below-header-display":"","ast-hfb-mobile-header-display":"","site-post-title":"","ast-breadcrumbs-content":"","ast-featured-img":"","footer-sml-layout":"","ast-disable-related-posts":"","theme-transparent-header-meta":"","adv-header-id-meta":"","stick-header-meta":"","header-above-stick-meta":"","header-main-stick-meta":"","header-below-stick-meta":"","astra-migrate-meta-layouts":"default","ast-page-background-enabled":"default","ast-page-background-meta":{"desktop":{"background-color":"var(--ast-global-color-5)","background-image":"","background-repeat":"repeat","background-position":"center center","background-size":"auto","background-attachment":"scroll","background-type":"","background-media":"","overlay-type":"","overlay-color":"","overlay-opacity":"","overlay-gradient":""},"tablet":{"background-color":"","background-image":"","background-repeat":"repeat","background-position":"center center","background-size":"auto","background-attachment":"scroll","background-type":"","background-media":"","overlay-type":"","overlay-color":"","overlay-opacity":"","overlay-gradient":""},"mobile":{"background-color":"","background-image":"","background-repeat":"repeat","background-position":"center center","background-size":"auto","background-attachment":"scroll","background-type":"","background-media":"","overlay-type":"","overlay-color":"","overlay-opacity":"","overlay-gradient":""}},"ast-content-background-meta":{"desktop":{"background-color":"var(--ast-global-color-4)","background-image":"","background-repeat":"repeat","background-position":"center center","background-size":"auto","background-attachment":"scroll","background-type":"","background-media":"","overlay-type":"","overlay-color":"","overlay-opacity":"","overlay-gradient":""},"tablet":{"background-color":"var(--ast-global-color-4)","background-image":"","background-repeat":"repeat","background-position":"center center","background-size":"auto","background-attachment":"scroll","background-type":"","background-media":"","overlay-type":"","overlay-color":"","overlay-opacity":"","overlay-gradient":""},"mobile":{"background-color":"var(--ast-global-color-4)","background-image":"","background-repeat":"repeat","background-position":"center center","background-size":"auto","background-attachment":"scroll","background-type":"","background-media":"","overlay-type":"","overlay-color":"","overlay-opacity":"","overlay-gradient":""}},"footnotes":""},"categories":[1],"tags":[],"class_list":["post-7750","post","type-post","status-publish","format-standard","hentry","category-sem-categoria"],"yoast_head":"<!-- This site is optimized with the Yoast SEO plugin v26.6 - https:\/\/yoast.com\/wordpress\/plugins\/seo\/ -->\n<title>Novo perfume do Botic\u00e1rio tem perfume das flores durante eclipse solar - Evandro Junior<\/title>\n<meta name=\"robots\" content=\"index, follow, max-snippet:-1, max-image-preview:large, max-video-preview:-1\" \/>\n<link rel=\"canonical\" href=\"https:\/\/www.blogsoestado.com\/evandrojunior\/2022\/11\/03\/novo-perfume-do-boticario-tem-perfume-das-flores-durante-eclipse-solar\/\" \/>\n<meta property=\"og:locale\" content=\"pt_BR\" \/>\n<meta property=\"og:type\" content=\"article\" \/>\n<meta property=\"og:title\" content=\"Novo perfume do Botic\u00e1rio tem perfume das flores durante eclipse solar - Evandro Junior\" \/>\n<meta property=\"og:description\" content=\"S\u00e3o Lu\u00eds &#8211; Floratta, maior marca de perfumaria feminina do Brasil, lan\u00e7a fragr\u00e2ncia que conta uma nova hist\u00f3ria de amor: [&hellip;]\" \/>\n<meta property=\"og:url\" content=\"https:\/\/www.blogsoestado.com\/evandrojunior\/2022\/11\/03\/novo-perfume-do-boticario-tem-perfume-das-flores-durante-eclipse-solar\/\" \/>\n<meta property=\"og:site_name\" content=\"Evandro Junior\" \/>\n<meta property=\"article:published_time\" content=\"2022-11-03T17:40:58+00:00\" \/>\n<meta name=\"author\" content=\"Evandro Junior\" \/>\n<meta name=\"twitter:card\" content=\"summary_large_image\" \/>\n<meta name=\"twitter:label1\" content=\"Escrito por\" \/>\n\t<meta name=\"twitter:data1\" content=\"Evandro Junior\" \/>\n\t<meta name=\"twitter:label2\" content=\"Est. tempo de leitura\" \/>\n\t<meta name=\"twitter:data2\" content=\"2 minutos\" \/>\n<script type=\"application\/ld+json\" class=\"yoast-schema-graph\">{\"@context\":\"https:\/\/schema.org\",\"@graph\":[{\"@type\":\"WebPage\",\"@id\":\"https:\/\/www.blogsoestado.com\/evandrojunior\/2022\/11\/03\/novo-perfume-do-boticario-tem-perfume-das-flores-durante-eclipse-solar\/\",\"url\":\"https:\/\/www.blogsoestado.com\/evandrojunior\/2022\/11\/03\/novo-perfume-do-boticario-tem-perfume-das-flores-durante-eclipse-solar\/\",\"name\":\"Novo perfume do Botic\u00e1rio tem perfume das flores durante eclipse solar - Evandro Junior\",\"isPartOf\":{\"@id\":\"https:\/\/www.blogsoestado.com\/evandrojunior\/#website\"},\"datePublished\":\"2022-11-03T17:40:58+00:00\",\"author\":{\"@id\":\"https:\/\/www.blogsoestado.com\/evandrojunior\/#\/schema\/person\/3e6c3d8dbb740d1c6878ebc935cfb3be\"},\"breadcrumb\":{\"@id\":\"https:\/\/www.blogsoestado.com\/evandrojunior\/2022\/11\/03\/novo-perfume-do-boticario-tem-perfume-das-flores-durante-eclipse-solar\/#breadcrumb\"},\"inLanguage\":\"pt-BR\",\"potentialAction\":[{\"@type\":\"ReadAction\",\"target\":[\"https:\/\/www.blogsoestado.com\/evandrojunior\/2022\/11\/03\/novo-perfume-do-boticario-tem-perfume-das-flores-durante-eclipse-solar\/\"]}]},{\"@type\":\"BreadcrumbList\",\"@id\":\"https:\/\/www.blogsoestado.com\/evandrojunior\/2022\/11\/03\/novo-perfume-do-boticario-tem-perfume-das-flores-durante-eclipse-solar\/#breadcrumb\",\"itemListElement\":[{\"@type\":\"ListItem\",\"position\":1,\"name\":\"In\u00edcio\",\"item\":\"https:\/\/www.blogsoestado.com\/evandrojunior\/\"},{\"@type\":\"ListItem\",\"position\":2,\"name\":\"Novo perfume do Botic\u00e1rio tem perfume das flores durante eclipse solar\"}]},{\"@type\":\"WebSite\",\"@id\":\"https:\/\/www.blogsoestado.com\/evandrojunior\/#website\",\"url\":\"https:\/\/www.blogsoestado.com\/evandrojunior\/\",\"name\":\"Evandro Junior\",\"description\":\"\",\"potentialAction\":[{\"@type\":\"SearchAction\",\"target\":{\"@type\":\"EntryPoint\",\"urlTemplate\":\"https:\/\/www.blogsoestado.com\/evandrojunior\/?s={search_term_string}\"},\"query-input\":{\"@type\":\"PropertyValueSpecification\",\"valueRequired\":true,\"valueName\":\"search_term_string\"}}],\"inLanguage\":\"pt-BR\"},{\"@type\":\"Person\",\"@id\":\"https:\/\/www.blogsoestado.com\/evandrojunior\/#\/schema\/person\/3e6c3d8dbb740d1c6878ebc935cfb3be\",\"name\":\"Evandro Junior\",\"image\":{\"@type\":\"ImageObject\",\"inLanguage\":\"pt-BR\",\"@id\":\"https:\/\/www.blogsoestado.com\/evandrojunior\/#\/schema\/person\/image\/\",\"url\":\"https:\/\/secure.gravatar.com\/avatar\/f80a03a2294a580cd2318bfb459bf354cfa8be661ef3d95b542cf9a04af8d129?s=96&d=mm&r=g\",\"contentUrl\":\"https:\/\/secure.gravatar.com\/avatar\/f80a03a2294a580cd2318bfb459bf354cfa8be661ef3d95b542cf9a04af8d129?s=96&d=mm&r=g\",\"caption\":\"Evandro Junior\"},\"url\":\"https:\/\/www.blogsoestado.com\/evandrojunior\/author\/evandrojunior\/\"}]}<\/script>\n<!-- \/ Yoast SEO plugin. -->","yoast_head_json":{"title":"Novo perfume do Botic\u00e1rio tem perfume das flores durante eclipse solar - Evandro Junior","robots":{"index":"index","follow":"follow","max-snippet":"max-snippet:-1","max-image-preview":"max-image-preview:large","max-video-preview":"max-video-preview:-1"},"canonical":"https:\/\/www.blogsoestado.com\/evandrojunior\/2022\/11\/03\/novo-perfume-do-boticario-tem-perfume-das-flores-durante-eclipse-solar\/","og_locale":"pt_BR","og_type":"article","og_title":"Novo perfume do Botic\u00e1rio tem perfume das flores durante eclipse solar - Evandro Junior","og_description":"S\u00e3o Lu\u00eds &#8211; Floratta, maior marca de perfumaria feminina do Brasil, lan\u00e7a fragr\u00e2ncia que conta uma nova hist\u00f3ria de amor: [&hellip;]","og_url":"https:\/\/www.blogsoestado.com\/evandrojunior\/2022\/11\/03\/novo-perfume-do-boticario-tem-perfume-das-flores-durante-eclipse-solar\/","og_site_name":"Evandro Junior","article_published_time":"2022-11-03T17:40:58+00:00","author":"Evandro Junior","twitter_card":"summary_large_image","twitter_misc":{"Escrito por":"Evandro Junior","Est. tempo de leitura":"2 minutos"},"schema":{"@context":"https:\/\/schema.org","@graph":[{"@type":"WebPage","@id":"https:\/\/www.blogsoestado.com\/evandrojunior\/2022\/11\/03\/novo-perfume-do-boticario-tem-perfume-das-flores-durante-eclipse-solar\/","url":"https:\/\/www.blogsoestado.com\/evandrojunior\/2022\/11\/03\/novo-perfume-do-boticario-tem-perfume-das-flores-durante-eclipse-solar\/","name":"Novo perfume do Botic\u00e1rio tem perfume das flores durante eclipse solar - Evandro Junior","isPartOf":{"@id":"https:\/\/www.blogsoestado.com\/evandrojunior\/#website"},"datePublished":"2022-11-03T17:40:58+00:00","author":{"@id":"https:\/\/www.blogsoestado.com\/evandrojunior\/#\/schema\/person\/3e6c3d8dbb740d1c6878ebc935cfb3be"},"breadcrumb":{"@id":"https:\/\/www.blogsoestado.com\/evandrojunior\/2022\/11\/03\/novo-perfume-do-boticario-tem-perfume-das-flores-durante-eclipse-solar\/#breadcrumb"},"inLanguage":"pt-BR","potentialAction":[{"@type":"ReadAction","target":["https:\/\/www.blogsoestado.com\/evandrojunior\/2022\/11\/03\/novo-perfume-do-boticario-tem-perfume-das-flores-durante-eclipse-solar\/"]}]},{"@type":"BreadcrumbList","@id":"https:\/\/www.blogsoestado.com\/evandrojunior\/2022\/11\/03\/novo-perfume-do-boticario-tem-perfume-das-flores-durante-eclipse-solar\/#breadcrumb","itemListElement":[{"@type":"ListItem","position":1,"name":"In\u00edcio","item":"https:\/\/www.blogsoestado.com\/evandrojunior\/"},{"@type":"ListItem","position":2,"name":"Novo perfume do Botic\u00e1rio tem perfume das flores durante eclipse solar"}]},{"@type":"WebSite","@id":"https:\/\/www.blogsoestado.com\/evandrojunior\/#website","url":"https:\/\/www.blogsoestado.com\/evandrojunior\/","name":"Evandro Junior","description":"","potentialAction":[{"@type":"SearchAction","target":{"@type":"EntryPoint","urlTemplate":"https:\/\/www.blogsoestado.com\/evandrojunior\/?s={search_term_string}"},"query-input":{"@type":"PropertyValueSpecification","valueRequired":true,"valueName":"search_term_string"}}],"inLanguage":"pt-BR"},{"@type":"Person","@id":"https:\/\/www.blogsoestado.com\/evandrojunior\/#\/schema\/person\/3e6c3d8dbb740d1c6878ebc935cfb3be","name":"Evandro Junior","image":{"@type":"ImageObject","inLanguage":"pt-BR","@id":"https:\/\/www.blogsoestado.com\/evandrojunior\/#\/schema\/person\/image\/","url":"https:\/\/secure.gravatar.com\/avatar\/f80a03a2294a580cd2318bfb459bf354cfa8be661ef3d95b542cf9a04af8d129?s=96&d=mm&r=g","contentUrl":"https:\/\/secure.gravatar.com\/avatar\/f80a03a2294a580cd2318bfb459bf354cfa8be661ef3d95b542cf9a04af8d129?s=96&d=mm&r=g","caption":"Evandro Junior"},"url":"https:\/\/www.blogsoestado.com\/evandrojunior\/author\/evandrojunior\/"}]}},"jetpack_featured_media_url":"","_links":{"self":[{"href":"https:\/\/www.blogsoestado.com\/evandrojunior\/wp-json\/wp\/v2\/posts\/7750","targetHints":{"allow":["GET"]}}],"collection":[{"href":"https:\/\/www.blogsoestado.com\/evandrojunior\/wp-json\/wp\/v2\/posts"}],"about":[{"href":"https:\/\/www.blogsoestado.com\/evandrojunior\/wp-json\/wp\/v2\/types\/post"}],"author":[{"embeddable":true,"href":"https:\/\/www.blogsoestado.com\/evandrojunior\/wp-json\/wp\/v2\/users\/4"}],"replies":[{"embeddable":true,"href":"https:\/\/www.blogsoestado.com\/evandrojunior\/wp-json\/wp\/v2\/comments?post=7750"}],"version-history":[{"count":0,"href":"https:\/\/www.blogsoestado.com\/evandrojunior\/wp-json\/wp\/v2\/posts\/7750\/revisions"}],"wp:attachment":[{"href":"https:\/\/www.blogsoestado.com\/evandrojunior\/wp-json\/wp\/v2\/media?parent=7750"}],"wp:term":[{"taxonomy":"category","embeddable":true,"href":"https:\/\/www.blogsoestado.com\/evandrojunior\/wp-json\/wp\/v2\/categories?post=7750"},{"taxonomy":"post_tag","embeddable":true,"href":"https:\/\/www.blogsoestado.com\/evandrojunior\/wp-json\/wp\/v2\/tags?post=7750"}],"curies":[{"name":"wp","href":"https:\/\/api.w.org\/{rel}","templated":true}]}}