{"id":7753,"date":"2022-11-03T14:48:58","date_gmt":"2022-11-03T17:48:58","guid":{"rendered":"https:\/\/www.blogsoestado.com\/evandrojunior\/?p=7753"},"modified":"2022-11-03T14:48:58","modified_gmt":"2022-11-03T17:48:58","slug":"programacao-da-festa-da-musica-no-maranhao-comeca-dia-9-de-novembro","status":"publish","type":"post","link":"https:\/\/www.blogsoestado.com\/evandrojunior\/2022\/11\/03\/programacao-da-festa-da-musica-no-maranhao-comeca-dia-9-de-novembro\/","title":{"rendered":"Programa\u00e7\u00e3o da Festa da M\u00fasica no Maranh\u00e3o come\u00e7a dia 9 de novembro"},"content":{"rendered":"\n<div class=\"wp-block-image\"><figure class=\"aligncenter size-large is-resized\"><img fetchpriority=\"high\" decoding=\"async\" src=\"https:\/\/www.blogsoestado.com\/evandrojunior\/files\/2022\/11\/FESTA-DA-MUSICA-DO-MA-CURADORES-PREMIO-PAPETE2.jpeg\" alt=\"\" class=\"wp-image-7754\" width=\"657\" height=\"414\"\/><figcaption><strong>Produtor e idealizador da Festa da M\u00fasica do Maranh\u00e3o, Emanoel de Jesus, com os curadores do Pr\u00eamio Papete 2022: Pedro Sobrinho, Gilberto Mineiro e Josias Sobrinho<\/strong><\/figcaption><\/figure><\/div>\n\n\n\n<p><strong>S\u00e3o Lu\u00eds <\/strong>&#8211; Vem a\u00ed a terceira edi\u00e7\u00e3o da Festa da M\u00fasica no Maranh\u00e3o 2022 (FMM), um dos projetos culturais mais relevantes no segmento musical maranhense. O evento ser\u00e1 realizado nos dias 9, 11 e 12 de novembro com apresenta\u00e7\u00e3o do Minist\u00e9rio do Turismo (Lei Federal de Incentivo \u00e0 Cultura) e patroc\u00ednio da Equatorial Maranh\u00e3o (Lei Estadual de Incentivo \u00e0 Cultura).<\/p>\n\n\n\n<p>A programa\u00e7\u00e3o come\u00e7a na pr\u00f3xima quarta-feira (9) com as oficinas culturais\u00a0no Estaleiro Escola do S\u00edtio Tamanc\u00e3o,  contemplando crian\u00e7as e jovens. Ser\u00e3o tr\u00eas oficinas: Ritmos Maranhenses \u201cRufar dos Tambores\u201d\u00a0com Luiz Cl\u00e1udio Farias, \u00a0Arte em Cer\u00e2mica \u201cMaricotas Musicais\u201d, com a\u00a0ceramista Vit\u00f3ria Rodrigues, e &#8220;Fabrica\u00e7\u00e3o de Eco Instrumentos Musicais com Materiais Recicl\u00e1veis\u201d,\u00a0com Ricardo Wayland, professor de m\u00fasica e luthier.<\/p>\n\n\n\n<p>No dia 11, acontece o Pr\u00eamio Papete, no Villa Reale, em evento fechado para convidados e premiados. Este ano, a grande homenageada \u00e9 a cantora Alcione, que completa 50 anos de carreira. <\/p>\n\n\n\n<p>No s\u00e1bado (12), haver\u00e1 show popular aberto ao p\u00fablico na\u00a0Concha Ac\u00fastica da Lagoa, com apresenta\u00e7\u00e3o da FMM Orquestra, com cantores e m\u00fasicos maranhenses, seguido do show \u201cRizoma\u201d, de Lenine e Bruno Giorgi.<\/p>\n","protected":false},"excerpt":{"rendered":"<p>S\u00e3o Lu\u00eds &#8211; Vem a\u00ed a terceira edi\u00e7\u00e3o da Festa da M\u00fasica no Maranh\u00e3o 2022 (FMM), um dos projetos culturais [&hellip;]<\/p>\n","protected":false},"author":4,"featured_media":0,"comment_status":"open","ping_status":"open","sticky":false,"template":"","format":"standard","meta":{"site-sidebar-layout":"default","site-content-layout":"","ast-site-content-layout":"default","site-content-style":"default","site-sidebar-style":"default","ast-global-header-display":"","ast-banner-title-visibility":"","ast-main-header-display":"","ast-hfb-above-header-display":"","ast-hfb-below-header-display":"","ast-hfb-mobile-header-display":"","site-post-title":"","ast-breadcrumbs-content":"","ast-featured-img":"","footer-sml-layout":"","ast-disable-related-posts":"","theme-transparent-header-meta":"","adv-header-id-meta":"","stick-header-meta":"","header-above-stick-meta":"","header-main-stick-meta":"","header-below-stick-meta":"","astra-migrate-meta-layouts":"default","ast-page-background-enabled":"default","ast-page-background-meta":{"desktop":{"background-color":"var(--ast-global-color-5)","background-image":"","background-repeat":"repeat","background-position":"center center","background-size":"auto","background-attachment":"scroll","background-type":"","background-media":"","overlay-type":"","overlay-color":"","overlay-opacity":"","overlay-gradient":""},"tablet":{"background-color":"","background-image":"","background-repeat":"repeat","background-position":"center center","background-size":"auto","background-attachment":"scroll","background-type":"","background-media":"","overlay-type":"","overlay-color":"","overlay-opacity":"","overlay-gradient":""},"mobile":{"background-color":"","background-image":"","background-repeat":"repeat","background-position":"center center","background-size":"auto","background-attachment":"scroll","background-type":"","background-media":"","overlay-type":"","overlay-color":"","overlay-opacity":"","overlay-gradient":""}},"ast-content-background-meta":{"desktop":{"background-color":"var(--ast-global-color-4)","background-image":"","background-repeat":"repeat","background-position":"center center","background-size":"auto","background-attachment":"scroll","background-type":"","background-media":"","overlay-type":"","overlay-color":"","overlay-opacity":"","overlay-gradient":""},"tablet":{"background-color":"var(--ast-global-color-4)","background-image":"","background-repeat":"repeat","background-position":"center center","background-size":"auto","background-attachment":"scroll","background-type":"","background-media":"","overlay-type":"","overlay-color":"","overlay-opacity":"","overlay-gradient":""},"mobile":{"background-color":"var(--ast-global-color-4)","background-image":"","background-repeat":"repeat","background-position":"center center","background-size":"auto","background-attachment":"scroll","background-type":"","background-media":"","overlay-type":"","overlay-color":"","overlay-opacity":"","overlay-gradient":""}},"footnotes":""},"categories":[1],"tags":[],"class_list":["post-7753","post","type-post","status-publish","format-standard","hentry","category-sem-categoria"],"yoast_head":"<!-- This site is optimized with the Yoast SEO plugin v26.6 - https:\/\/yoast.com\/wordpress\/plugins\/seo\/ -->\n<title>Programa\u00e7\u00e3o da Festa da M\u00fasica no Maranh\u00e3o come\u00e7a dia 9 de novembro - Evandro Junior<\/title>\n<meta name=\"robots\" content=\"index, follow, max-snippet:-1, max-image-preview:large, max-video-preview:-1\" \/>\n<link rel=\"canonical\" href=\"https:\/\/www.blogsoestado.com\/evandrojunior\/2022\/11\/03\/programacao-da-festa-da-musica-no-maranhao-comeca-dia-9-de-novembro\/\" \/>\n<meta property=\"og:locale\" content=\"pt_BR\" \/>\n<meta property=\"og:type\" content=\"article\" \/>\n<meta property=\"og:title\" content=\"Programa\u00e7\u00e3o da Festa da M\u00fasica no Maranh\u00e3o come\u00e7a dia 9 de novembro - Evandro Junior\" \/>\n<meta property=\"og:description\" content=\"S\u00e3o Lu\u00eds &#8211; Vem a\u00ed a terceira edi\u00e7\u00e3o da Festa da M\u00fasica no Maranh\u00e3o 2022 (FMM), um dos projetos culturais [&hellip;]\" \/>\n<meta property=\"og:url\" content=\"https:\/\/www.blogsoestado.com\/evandrojunior\/2022\/11\/03\/programacao-da-festa-da-musica-no-maranhao-comeca-dia-9-de-novembro\/\" \/>\n<meta property=\"og:site_name\" content=\"Evandro Junior\" \/>\n<meta property=\"article:published_time\" content=\"2022-11-03T17:48:58+00:00\" \/>\n<meta property=\"og:image\" content=\"https:\/\/www.blogsoestado.com\/evandrojunior\/files\/2022\/11\/FESTA-DA-MUSICA-DO-MA-CURADORES-PREMIO-PAPETE2.jpeg\" \/>\n<meta name=\"author\" content=\"Evandro Junior\" \/>\n<meta name=\"twitter:card\" content=\"summary_large_image\" \/>\n<meta name=\"twitter:label1\" content=\"Escrito por\" \/>\n\t<meta name=\"twitter:data1\" content=\"Evandro Junior\" \/>\n\t<meta name=\"twitter:label2\" content=\"Est. tempo de leitura\" \/>\n\t<meta name=\"twitter:data2\" content=\"2 minutos\" \/>\n<script type=\"application\/ld+json\" class=\"yoast-schema-graph\">{\"@context\":\"https:\/\/schema.org\",\"@graph\":[{\"@type\":\"WebPage\",\"@id\":\"https:\/\/www.blogsoestado.com\/evandrojunior\/2022\/11\/03\/programacao-da-festa-da-musica-no-maranhao-comeca-dia-9-de-novembro\/\",\"url\":\"https:\/\/www.blogsoestado.com\/evandrojunior\/2022\/11\/03\/programacao-da-festa-da-musica-no-maranhao-comeca-dia-9-de-novembro\/\",\"name\":\"Programa\u00e7\u00e3o da Festa da M\u00fasica no Maranh\u00e3o come\u00e7a dia 9 de novembro - Evandro Junior\",\"isPartOf\":{\"@id\":\"https:\/\/www.blogsoestado.com\/evandrojunior\/#website\"},\"primaryImageOfPage\":{\"@id\":\"https:\/\/www.blogsoestado.com\/evandrojunior\/2022\/11\/03\/programacao-da-festa-da-musica-no-maranhao-comeca-dia-9-de-novembro\/#primaryimage\"},\"image\":{\"@id\":\"https:\/\/www.blogsoestado.com\/evandrojunior\/2022\/11\/03\/programacao-da-festa-da-musica-no-maranhao-comeca-dia-9-de-novembro\/#primaryimage\"},\"thumbnailUrl\":\"https:\/\/www.blogsoestado.com\/evandrojunior\/files\/2022\/11\/FESTA-DA-MUSICA-DO-MA-CURADORES-PREMIO-PAPETE2.jpeg\",\"datePublished\":\"2022-11-03T17:48:58+00:00\",\"author\":{\"@id\":\"https:\/\/www.blogsoestado.com\/evandrojunior\/#\/schema\/person\/3e6c3d8dbb740d1c6878ebc935cfb3be\"},\"breadcrumb\":{\"@id\":\"https:\/\/www.blogsoestado.com\/evandrojunior\/2022\/11\/03\/programacao-da-festa-da-musica-no-maranhao-comeca-dia-9-de-novembro\/#breadcrumb\"},\"inLanguage\":\"pt-BR\",\"potentialAction\":[{\"@type\":\"ReadAction\",\"target\":[\"https:\/\/www.blogsoestado.com\/evandrojunior\/2022\/11\/03\/programacao-da-festa-da-musica-no-maranhao-comeca-dia-9-de-novembro\/\"]}]},{\"@type\":\"ImageObject\",\"inLanguage\":\"pt-BR\",\"@id\":\"https:\/\/www.blogsoestado.com\/evandrojunior\/2022\/11\/03\/programacao-da-festa-da-musica-no-maranhao-comeca-dia-9-de-novembro\/#primaryimage\",\"url\":\"https:\/\/www.blogsoestado.com\/evandrojunior\/files\/2022\/11\/FESTA-DA-MUSICA-DO-MA-CURADORES-PREMIO-PAPETE2.jpeg\",\"contentUrl\":\"https:\/\/www.blogsoestado.com\/evandrojunior\/files\/2022\/11\/FESTA-DA-MUSICA-DO-MA-CURADORES-PREMIO-PAPETE2.jpeg\"},{\"@type\":\"BreadcrumbList\",\"@id\":\"https:\/\/www.blogsoestado.com\/evandrojunior\/2022\/11\/03\/programacao-da-festa-da-musica-no-maranhao-comeca-dia-9-de-novembro\/#breadcrumb\",\"itemListElement\":[{\"@type\":\"ListItem\",\"position\":1,\"name\":\"In\u00edcio\",\"item\":\"https:\/\/www.blogsoestado.com\/evandrojunior\/\"},{\"@type\":\"ListItem\",\"position\":2,\"name\":\"Programa\u00e7\u00e3o da Festa da M\u00fasica no Maranh\u00e3o come\u00e7a dia 9 de novembro\"}]},{\"@type\":\"WebSite\",\"@id\":\"https:\/\/www.blogsoestado.com\/evandrojunior\/#website\",\"url\":\"https:\/\/www.blogsoestado.com\/evandrojunior\/\",\"name\":\"Evandro Junior\",\"description\":\"\",\"potentialAction\":[{\"@type\":\"SearchAction\",\"target\":{\"@type\":\"EntryPoint\",\"urlTemplate\":\"https:\/\/www.blogsoestado.com\/evandrojunior\/?s={search_term_string}\"},\"query-input\":{\"@type\":\"PropertyValueSpecification\",\"valueRequired\":true,\"valueName\":\"search_term_string\"}}],\"inLanguage\":\"pt-BR\"},{\"@type\":\"Person\",\"@id\":\"https:\/\/www.blogsoestado.com\/evandrojunior\/#\/schema\/person\/3e6c3d8dbb740d1c6878ebc935cfb3be\",\"name\":\"Evandro Junior\",\"image\":{\"@type\":\"ImageObject\",\"inLanguage\":\"pt-BR\",\"@id\":\"https:\/\/www.blogsoestado.com\/evandrojunior\/#\/schema\/person\/image\/\",\"url\":\"https:\/\/secure.gravatar.com\/avatar\/f80a03a2294a580cd2318bfb459bf354cfa8be661ef3d95b542cf9a04af8d129?s=96&d=mm&r=g\",\"contentUrl\":\"https:\/\/secure.gravatar.com\/avatar\/f80a03a2294a580cd2318bfb459bf354cfa8be661ef3d95b542cf9a04af8d129?s=96&d=mm&r=g\",\"caption\":\"Evandro Junior\"},\"url\":\"https:\/\/www.blogsoestado.com\/evandrojunior\/author\/evandrojunior\/\"}]}<\/script>\n<!-- \/ Yoast SEO plugin. -->","yoast_head_json":{"title":"Programa\u00e7\u00e3o da Festa da M\u00fasica no Maranh\u00e3o come\u00e7a dia 9 de novembro - Evandro Junior","robots":{"index":"index","follow":"follow","max-snippet":"max-snippet:-1","max-image-preview":"max-image-preview:large","max-video-preview":"max-video-preview:-1"},"canonical":"https:\/\/www.blogsoestado.com\/evandrojunior\/2022\/11\/03\/programacao-da-festa-da-musica-no-maranhao-comeca-dia-9-de-novembro\/","og_locale":"pt_BR","og_type":"article","og_title":"Programa\u00e7\u00e3o da Festa da M\u00fasica no Maranh\u00e3o come\u00e7a dia 9 de novembro - Evandro Junior","og_description":"S\u00e3o Lu\u00eds &#8211; Vem a\u00ed a terceira edi\u00e7\u00e3o da Festa da M\u00fasica no Maranh\u00e3o 2022 (FMM), um dos projetos culturais [&hellip;]","og_url":"https:\/\/www.blogsoestado.com\/evandrojunior\/2022\/11\/03\/programacao-da-festa-da-musica-no-maranhao-comeca-dia-9-de-novembro\/","og_site_name":"Evandro Junior","article_published_time":"2022-11-03T17:48:58+00:00","og_image":[{"url":"https:\/\/www.blogsoestado.com\/evandrojunior\/files\/2022\/11\/FESTA-DA-MUSICA-DO-MA-CURADORES-PREMIO-PAPETE2.jpeg","type":"","width":"","height":""}],"author":"Evandro Junior","twitter_card":"summary_large_image","twitter_misc":{"Escrito por":"Evandro Junior","Est. tempo de leitura":"2 minutos"},"schema":{"@context":"https:\/\/schema.org","@graph":[{"@type":"WebPage","@id":"https:\/\/www.blogsoestado.com\/evandrojunior\/2022\/11\/03\/programacao-da-festa-da-musica-no-maranhao-comeca-dia-9-de-novembro\/","url":"https:\/\/www.blogsoestado.com\/evandrojunior\/2022\/11\/03\/programacao-da-festa-da-musica-no-maranhao-comeca-dia-9-de-novembro\/","name":"Programa\u00e7\u00e3o da Festa da M\u00fasica no Maranh\u00e3o come\u00e7a dia 9 de novembro - Evandro Junior","isPartOf":{"@id":"https:\/\/www.blogsoestado.com\/evandrojunior\/#website"},"primaryImageOfPage":{"@id":"https:\/\/www.blogsoestado.com\/evandrojunior\/2022\/11\/03\/programacao-da-festa-da-musica-no-maranhao-comeca-dia-9-de-novembro\/#primaryimage"},"image":{"@id":"https:\/\/www.blogsoestado.com\/evandrojunior\/2022\/11\/03\/programacao-da-festa-da-musica-no-maranhao-comeca-dia-9-de-novembro\/#primaryimage"},"thumbnailUrl":"https:\/\/www.blogsoestado.com\/evandrojunior\/files\/2022\/11\/FESTA-DA-MUSICA-DO-MA-CURADORES-PREMIO-PAPETE2.jpeg","datePublished":"2022-11-03T17:48:58+00:00","author":{"@id":"https:\/\/www.blogsoestado.com\/evandrojunior\/#\/schema\/person\/3e6c3d8dbb740d1c6878ebc935cfb3be"},"breadcrumb":{"@id":"https:\/\/www.blogsoestado.com\/evandrojunior\/2022\/11\/03\/programacao-da-festa-da-musica-no-maranhao-comeca-dia-9-de-novembro\/#breadcrumb"},"inLanguage":"pt-BR","potentialAction":[{"@type":"ReadAction","target":["https:\/\/www.blogsoestado.com\/evandrojunior\/2022\/11\/03\/programacao-da-festa-da-musica-no-maranhao-comeca-dia-9-de-novembro\/"]}]},{"@type":"ImageObject","inLanguage":"pt-BR","@id":"https:\/\/www.blogsoestado.com\/evandrojunior\/2022\/11\/03\/programacao-da-festa-da-musica-no-maranhao-comeca-dia-9-de-novembro\/#primaryimage","url":"https:\/\/www.blogsoestado.com\/evandrojunior\/files\/2022\/11\/FESTA-DA-MUSICA-DO-MA-CURADORES-PREMIO-PAPETE2.jpeg","contentUrl":"https:\/\/www.blogsoestado.com\/evandrojunior\/files\/2022\/11\/FESTA-DA-MUSICA-DO-MA-CURADORES-PREMIO-PAPETE2.jpeg"},{"@type":"BreadcrumbList","@id":"https:\/\/www.blogsoestado.com\/evandrojunior\/2022\/11\/03\/programacao-da-festa-da-musica-no-maranhao-comeca-dia-9-de-novembro\/#breadcrumb","itemListElement":[{"@type":"ListItem","position":1,"name":"In\u00edcio","item":"https:\/\/www.blogsoestado.com\/evandrojunior\/"},{"@type":"ListItem","position":2,"name":"Programa\u00e7\u00e3o da Festa da M\u00fasica no Maranh\u00e3o come\u00e7a dia 9 de novembro"}]},{"@type":"WebSite","@id":"https:\/\/www.blogsoestado.com\/evandrojunior\/#website","url":"https:\/\/www.blogsoestado.com\/evandrojunior\/","name":"Evandro Junior","description":"","potentialAction":[{"@type":"SearchAction","target":{"@type":"EntryPoint","urlTemplate":"https:\/\/www.blogsoestado.com\/evandrojunior\/?s={search_term_string}"},"query-input":{"@type":"PropertyValueSpecification","valueRequired":true,"valueName":"search_term_string"}}],"inLanguage":"pt-BR"},{"@type":"Person","@id":"https:\/\/www.blogsoestado.com\/evandrojunior\/#\/schema\/person\/3e6c3d8dbb740d1c6878ebc935cfb3be","name":"Evandro Junior","image":{"@type":"ImageObject","inLanguage":"pt-BR","@id":"https:\/\/www.blogsoestado.com\/evandrojunior\/#\/schema\/person\/image\/","url":"https:\/\/secure.gravatar.com\/avatar\/f80a03a2294a580cd2318bfb459bf354cfa8be661ef3d95b542cf9a04af8d129?s=96&d=mm&r=g","contentUrl":"https:\/\/secure.gravatar.com\/avatar\/f80a03a2294a580cd2318bfb459bf354cfa8be661ef3d95b542cf9a04af8d129?s=96&d=mm&r=g","caption":"Evandro Junior"},"url":"https:\/\/www.blogsoestado.com\/evandrojunior\/author\/evandrojunior\/"}]}},"jetpack_featured_media_url":"","_links":{"self":[{"href":"https:\/\/www.blogsoestado.com\/evandrojunior\/wp-json\/wp\/v2\/posts\/7753","targetHints":{"allow":["GET"]}}],"collection":[{"href":"https:\/\/www.blogsoestado.com\/evandrojunior\/wp-json\/wp\/v2\/posts"}],"about":[{"href":"https:\/\/www.blogsoestado.com\/evandrojunior\/wp-json\/wp\/v2\/types\/post"}],"author":[{"embeddable":true,"href":"https:\/\/www.blogsoestado.com\/evandrojunior\/wp-json\/wp\/v2\/users\/4"}],"replies":[{"embeddable":true,"href":"https:\/\/www.blogsoestado.com\/evandrojunior\/wp-json\/wp\/v2\/comments?post=7753"}],"version-history":[{"count":0,"href":"https:\/\/www.blogsoestado.com\/evandrojunior\/wp-json\/wp\/v2\/posts\/7753\/revisions"}],"wp:attachment":[{"href":"https:\/\/www.blogsoestado.com\/evandrojunior\/wp-json\/wp\/v2\/media?parent=7753"}],"wp:term":[{"taxonomy":"category","embeddable":true,"href":"https:\/\/www.blogsoestado.com\/evandrojunior\/wp-json\/wp\/v2\/categories?post=7753"},{"taxonomy":"post_tag","embeddable":true,"href":"https:\/\/www.blogsoestado.com\/evandrojunior\/wp-json\/wp\/v2\/tags?post=7753"}],"curies":[{"name":"wp","href":"https:\/\/api.w.org\/{rel}","templated":true}]}}