{"id":7759,"date":"2022-11-03T15:12:49","date_gmt":"2022-11-03T18:12:49","guid":{"rendered":"https:\/\/www.blogsoestado.com\/evandrojunior\/?p=7759"},"modified":"2022-11-03T15:12:49","modified_gmt":"2022-11-03T18:12:49","slug":"dia-de-doar-reforca-importancia-das-doacoes-como-um-habito-entre-os-brasileiros","status":"publish","type":"post","link":"https:\/\/www.blogsoestado.com\/evandrojunior\/2022\/11\/03\/dia-de-doar-reforca-importancia-das-doacoes-como-um-habito-entre-os-brasileiros\/","title":{"rendered":"Dia de Doar refor\u00e7a import\u00e2ncia das doa\u00e7\u00f5es como um h\u00e1bito entre os brasileiros"},"content":{"rendered":"\n<div class=\"wp-block-image\"><figure class=\"aligncenter size-large is-resized\"><img fetchpriority=\"high\" decoding=\"async\" src=\"https:\/\/www.blogsoestado.com\/evandrojunior\/files\/2022\/11\/WhatsApp-Image-2022-11-03-at-15.05.35-1024x576.jpeg\" alt=\"\" class=\"wp-image-7760\" width=\"576\" height=\"324\"\/><figcaption><strong>Iniciativa visa estimular a doa\u00e7\u00e3o por pessoas f\u00edsicas, empresas e organiza\u00e7\u00f5es<\/strong><\/figcaption><\/figure><\/div>\n\n\n\n<p><strong>S\u00e3o Lu\u00eds<\/strong> &#8211; Com o objetivo de promover e mobilizar o Brasil para ser mais solid\u00e1rio e generoso, no pr\u00f3ximo dia 29 de novembro acontece a edi\u00e7\u00e3o 2022 do Dia de Doar. Em S\u00e3o Lu\u00eds, o Dia D da campanha<a href=\"https:\/\/instagram.com\/diadedoarsaoluis?igshid=MDE2OWE1N2Q=\">,<\/a> que est\u00e1 ocorrendo pela primeira vez na capital maranhense, ser\u00e1 no dia 27 de novembro.<\/p>\n\n\n\n<p>A iniciativa visa estimular a doa\u00e7\u00e3o por pessoas f\u00edsicas, empresas e organiza\u00e7\u00f5es e tem um papel fundamental ao mostrar que todos podem participar, fortalecendo o h\u00e1bito de doar como parte do cotidiano das pessoas. J\u00e1 as organiza\u00e7\u00f5es sem fins lucrativos podem realizar a\u00e7\u00f5es para receber doa\u00e7\u00f5es, virtuais ou presenciais.<\/p>\n\n\n\n<p>A coordenadora do Dia de Doar S\u00e3o Lu\u00eds, Neuza Ribeiro, explicou que as mais de 40 institui\u00e7\u00f5es sociais da cidade integrantes do movimento atuam em \u00e1reas como sa\u00fade, educa\u00e7\u00e3o, cultura, meio ambiente e fez um convite especial \u00e0 sociedade. <\/p>\n\n\n\n<p>\u201cConvidamos a popula\u00e7\u00e3o, assim como os empres\u00e1rios, a fazerem parte desta grande festa da generosidade participando da campanha do Dia de Doar S\u00e3o Lu\u00eds, doando materiais diversos, dinheiro em esp\u00e9cie ou o seu tempo de trabalho para fortalecer essas causa nos territ\u00f3rios onde essas organiza\u00e7\u00f5es sociais est\u00e3o \u00a0localizadas&#8221;, frisou.<\/p>\n\n\n\n<p>A expectativa \u00e9 que milh\u00f5es de pessoas sejam estimuladas no pa\u00eds para realizar a\u00e7\u00f5es de generosidade em uma grande onda de solidariedade. Na edi\u00e7\u00e3o de 2021, ano que tamb\u00e9m ficou marcado pela pandemia de Covid-19, o Dia de Doar movimentou mais de R$ 2,3 milh\u00f5es em doa\u00e7\u00f5es online. <\/p>\n\n\n\n<p>No total, mais de 23 milh\u00f5es de pessoas foram alcan\u00e7adas pelas redes sociais. No perfil da campanha local no Instagram <a href=\"https:\/\/instagram.com\/diadedoarsaoluis?igshid=MDE2OWE1N2Q=\">@diadedoarsaoluis,<\/a> ser\u00e3o atualizadas as informa\u00e7\u00f5es sobre como doar, mas os interessados j\u00e1 podem entrar em contato para saber como ser um agente de melhorias da realidade, desenvolvendo uma sociedade mais justa, igualit\u00e1ria e inclusiva.<\/p>\n\n\n\n<p><strong>Como surgiu o Dia de Doar<\/strong><\/p>\n\n\n\n<p>O Dia de Doar faz parte de um movimento mundial chamado #GivingTuesday (ter\u00e7a-feira de doa\u00e7\u00e3o) e iniciou nos Estados Unidos em 2012. \u00c9 realizada sempre na ter\u00e7a-feira ap\u00f3s o Dia de A\u00e7\u00e3o de Gra\u00e7as (Thanksgiving), uma resposta solid\u00e1ria \u00e0 Black Friday e \u00e0 Cyber Monday.<\/p>\n\n\n\n<p>No Brasil, a primeira edi\u00e7\u00e3o foi em 2013 e no ano seguinte o pa\u00eds entrou oficialmente no movimento global. Liderado pela ABCR, o Dia de Doar faz parte da rede do Movimento por uma Cultura de Doa\u00e7\u00e3o. Neste ano, conta com a parceria do Instituto Mol.<\/p>\n","protected":false},"excerpt":{"rendered":"<p>S\u00e3o Lu\u00eds &#8211; Com o objetivo de promover e mobilizar o Brasil para ser mais solid\u00e1rio e generoso, no pr\u00f3ximo [&hellip;]<\/p>\n","protected":false},"author":4,"featured_media":0,"comment_status":"open","ping_status":"open","sticky":false,"template":"","format":"standard","meta":{"site-sidebar-layout":"default","site-content-layout":"","ast-site-content-layout":"default","site-content-style":"default","site-sidebar-style":"default","ast-global-header-display":"","ast-banner-title-visibility":"","ast-main-header-display":"","ast-hfb-above-header-display":"","ast-hfb-below-header-display":"","ast-hfb-mobile-header-display":"","site-post-title":"","ast-breadcrumbs-content":"","ast-featured-img":"","footer-sml-layout":"","ast-disable-related-posts":"","theme-transparent-header-meta":"","adv-header-id-meta":"","stick-header-meta":"","header-above-stick-meta":"","header-main-stick-meta":"","header-below-stick-meta":"","astra-migrate-meta-layouts":"default","ast-page-background-enabled":"default","ast-page-background-meta":{"desktop":{"background-color":"var(--ast-global-color-5)","background-image":"","background-repeat":"repeat","background-position":"center center","background-size":"auto","background-attachment":"scroll","background-type":"","background-media":"","overlay-type":"","overlay-color":"","overlay-opacity":"","overlay-gradient":""},"tablet":{"background-color":"","background-image":"","background-repeat":"repeat","background-position":"center center","background-size":"auto","background-attachment":"scroll","background-type":"","background-media":"","overlay-type":"","overlay-color":"","overlay-opacity":"","overlay-gradient":""},"mobile":{"background-color":"","background-image":"","background-repeat":"repeat","background-position":"center center","background-size":"auto","background-attachment":"scroll","background-type":"","background-media":"","overlay-type":"","overlay-color":"","overlay-opacity":"","overlay-gradient":""}},"ast-content-background-meta":{"desktop":{"background-color":"var(--ast-global-color-4)","background-image":"","background-repeat":"repeat","background-position":"center center","background-size":"auto","background-attachment":"scroll","background-type":"","background-media":"","overlay-type":"","overlay-color":"","overlay-opacity":"","overlay-gradient":""},"tablet":{"background-color":"var(--ast-global-color-4)","background-image":"","background-repeat":"repeat","background-position":"center center","background-size":"auto","background-attachment":"scroll","background-type":"","background-media":"","overlay-type":"","overlay-color":"","overlay-opacity":"","overlay-gradient":""},"mobile":{"background-color":"var(--ast-global-color-4)","background-image":"","background-repeat":"repeat","background-position":"center center","background-size":"auto","background-attachment":"scroll","background-type":"","background-media":"","overlay-type":"","overlay-color":"","overlay-opacity":"","overlay-gradient":""}},"footnotes":""},"categories":[1],"tags":[],"class_list":["post-7759","post","type-post","status-publish","format-standard","hentry","category-sem-categoria"],"yoast_head":"<!-- This site is optimized with the Yoast SEO plugin v26.6 - https:\/\/yoast.com\/wordpress\/plugins\/seo\/ -->\n<title>Dia de Doar refor\u00e7a import\u00e2ncia das doa\u00e7\u00f5es como um h\u00e1bito entre os brasileiros - Evandro Junior<\/title>\n<meta name=\"robots\" content=\"index, follow, max-snippet:-1, max-image-preview:large, max-video-preview:-1\" \/>\n<link rel=\"canonical\" href=\"https:\/\/www.blogsoestado.com\/evandrojunior\/2022\/11\/03\/dia-de-doar-reforca-importancia-das-doacoes-como-um-habito-entre-os-brasileiros\/\" \/>\n<meta property=\"og:locale\" content=\"pt_BR\" \/>\n<meta property=\"og:type\" content=\"article\" \/>\n<meta property=\"og:title\" content=\"Dia de Doar refor\u00e7a import\u00e2ncia das doa\u00e7\u00f5es como um h\u00e1bito entre os brasileiros - Evandro Junior\" \/>\n<meta property=\"og:description\" content=\"S\u00e3o Lu\u00eds &#8211; Com o objetivo de promover e mobilizar o Brasil para ser mais solid\u00e1rio e generoso, no pr\u00f3ximo [&hellip;]\" \/>\n<meta property=\"og:url\" content=\"https:\/\/www.blogsoestado.com\/evandrojunior\/2022\/11\/03\/dia-de-doar-reforca-importancia-das-doacoes-como-um-habito-entre-os-brasileiros\/\" \/>\n<meta property=\"og:site_name\" content=\"Evandro Junior\" \/>\n<meta property=\"article:published_time\" content=\"2022-11-03T18:12:49+00:00\" \/>\n<meta property=\"og:image\" content=\"https:\/\/www.blogsoestado.com\/evandrojunior\/files\/2022\/11\/WhatsApp-Image-2022-11-03-at-15.05.35-1024x576.jpeg\" \/>\n<meta name=\"author\" content=\"Evandro Junior\" \/>\n<meta name=\"twitter:card\" content=\"summary_large_image\" \/>\n<meta name=\"twitter:label1\" content=\"Escrito por\" \/>\n\t<meta name=\"twitter:data1\" content=\"Evandro Junior\" \/>\n\t<meta name=\"twitter:label2\" content=\"Est. tempo de leitura\" \/>\n\t<meta name=\"twitter:data2\" content=\"2 minutos\" \/>\n<script type=\"application\/ld+json\" class=\"yoast-schema-graph\">{\"@context\":\"https:\/\/schema.org\",\"@graph\":[{\"@type\":\"WebPage\",\"@id\":\"https:\/\/www.blogsoestado.com\/evandrojunior\/2022\/11\/03\/dia-de-doar-reforca-importancia-das-doacoes-como-um-habito-entre-os-brasileiros\/\",\"url\":\"https:\/\/www.blogsoestado.com\/evandrojunior\/2022\/11\/03\/dia-de-doar-reforca-importancia-das-doacoes-como-um-habito-entre-os-brasileiros\/\",\"name\":\"Dia de Doar refor\u00e7a import\u00e2ncia das doa\u00e7\u00f5es como um h\u00e1bito entre os brasileiros - Evandro Junior\",\"isPartOf\":{\"@id\":\"https:\/\/www.blogsoestado.com\/evandrojunior\/#website\"},\"primaryImageOfPage\":{\"@id\":\"https:\/\/www.blogsoestado.com\/evandrojunior\/2022\/11\/03\/dia-de-doar-reforca-importancia-das-doacoes-como-um-habito-entre-os-brasileiros\/#primaryimage\"},\"image\":{\"@id\":\"https:\/\/www.blogsoestado.com\/evandrojunior\/2022\/11\/03\/dia-de-doar-reforca-importancia-das-doacoes-como-um-habito-entre-os-brasileiros\/#primaryimage\"},\"thumbnailUrl\":\"https:\/\/www.blogsoestado.com\/evandrojunior\/files\/2022\/11\/WhatsApp-Image-2022-11-03-at-15.05.35-1024x576.jpeg\",\"datePublished\":\"2022-11-03T18:12:49+00:00\",\"author\":{\"@id\":\"https:\/\/www.blogsoestado.com\/evandrojunior\/#\/schema\/person\/3e6c3d8dbb740d1c6878ebc935cfb3be\"},\"breadcrumb\":{\"@id\":\"https:\/\/www.blogsoestado.com\/evandrojunior\/2022\/11\/03\/dia-de-doar-reforca-importancia-das-doacoes-como-um-habito-entre-os-brasileiros\/#breadcrumb\"},\"inLanguage\":\"pt-BR\",\"potentialAction\":[{\"@type\":\"ReadAction\",\"target\":[\"https:\/\/www.blogsoestado.com\/evandrojunior\/2022\/11\/03\/dia-de-doar-reforca-importancia-das-doacoes-como-um-habito-entre-os-brasileiros\/\"]}]},{\"@type\":\"ImageObject\",\"inLanguage\":\"pt-BR\",\"@id\":\"https:\/\/www.blogsoestado.com\/evandrojunior\/2022\/11\/03\/dia-de-doar-reforca-importancia-das-doacoes-como-um-habito-entre-os-brasileiros\/#primaryimage\",\"url\":\"https:\/\/www.blogsoestado.com\/evandrojunior\/files\/2022\/11\/WhatsApp-Image-2022-11-03-at-15.05.35-1024x576.jpeg\",\"contentUrl\":\"https:\/\/www.blogsoestado.com\/evandrojunior\/files\/2022\/11\/WhatsApp-Image-2022-11-03-at-15.05.35-1024x576.jpeg\"},{\"@type\":\"BreadcrumbList\",\"@id\":\"https:\/\/www.blogsoestado.com\/evandrojunior\/2022\/11\/03\/dia-de-doar-reforca-importancia-das-doacoes-como-um-habito-entre-os-brasileiros\/#breadcrumb\",\"itemListElement\":[{\"@type\":\"ListItem\",\"position\":1,\"name\":\"In\u00edcio\",\"item\":\"https:\/\/www.blogsoestado.com\/evandrojunior\/\"},{\"@type\":\"ListItem\",\"position\":2,\"name\":\"Dia de Doar refor\u00e7a import\u00e2ncia das doa\u00e7\u00f5es como um h\u00e1bito entre os brasileiros\"}]},{\"@type\":\"WebSite\",\"@id\":\"https:\/\/www.blogsoestado.com\/evandrojunior\/#website\",\"url\":\"https:\/\/www.blogsoestado.com\/evandrojunior\/\",\"name\":\"Evandro Junior\",\"description\":\"\",\"potentialAction\":[{\"@type\":\"SearchAction\",\"target\":{\"@type\":\"EntryPoint\",\"urlTemplate\":\"https:\/\/www.blogsoestado.com\/evandrojunior\/?s={search_term_string}\"},\"query-input\":{\"@type\":\"PropertyValueSpecification\",\"valueRequired\":true,\"valueName\":\"search_term_string\"}}],\"inLanguage\":\"pt-BR\"},{\"@type\":\"Person\",\"@id\":\"https:\/\/www.blogsoestado.com\/evandrojunior\/#\/schema\/person\/3e6c3d8dbb740d1c6878ebc935cfb3be\",\"name\":\"Evandro Junior\",\"image\":{\"@type\":\"ImageObject\",\"inLanguage\":\"pt-BR\",\"@id\":\"https:\/\/www.blogsoestado.com\/evandrojunior\/#\/schema\/person\/image\/\",\"url\":\"https:\/\/secure.gravatar.com\/avatar\/f80a03a2294a580cd2318bfb459bf354cfa8be661ef3d95b542cf9a04af8d129?s=96&d=mm&r=g\",\"contentUrl\":\"https:\/\/secure.gravatar.com\/avatar\/f80a03a2294a580cd2318bfb459bf354cfa8be661ef3d95b542cf9a04af8d129?s=96&d=mm&r=g\",\"caption\":\"Evandro Junior\"},\"url\":\"https:\/\/www.blogsoestado.com\/evandrojunior\/author\/evandrojunior\/\"}]}<\/script>\n<!-- \/ Yoast SEO plugin. -->","yoast_head_json":{"title":"Dia de Doar refor\u00e7a import\u00e2ncia das doa\u00e7\u00f5es como um h\u00e1bito entre os brasileiros - Evandro Junior","robots":{"index":"index","follow":"follow","max-snippet":"max-snippet:-1","max-image-preview":"max-image-preview:large","max-video-preview":"max-video-preview:-1"},"canonical":"https:\/\/www.blogsoestado.com\/evandrojunior\/2022\/11\/03\/dia-de-doar-reforca-importancia-das-doacoes-como-um-habito-entre-os-brasileiros\/","og_locale":"pt_BR","og_type":"article","og_title":"Dia de Doar refor\u00e7a import\u00e2ncia das doa\u00e7\u00f5es como um h\u00e1bito entre os brasileiros - Evandro Junior","og_description":"S\u00e3o Lu\u00eds &#8211; Com o objetivo de promover e mobilizar o Brasil para ser mais solid\u00e1rio e generoso, no pr\u00f3ximo [&hellip;]","og_url":"https:\/\/www.blogsoestado.com\/evandrojunior\/2022\/11\/03\/dia-de-doar-reforca-importancia-das-doacoes-como-um-habito-entre-os-brasileiros\/","og_site_name":"Evandro Junior","article_published_time":"2022-11-03T18:12:49+00:00","og_image":[{"url":"https:\/\/www.blogsoestado.com\/evandrojunior\/files\/2022\/11\/WhatsApp-Image-2022-11-03-at-15.05.35-1024x576.jpeg","type":"","width":"","height":""}],"author":"Evandro Junior","twitter_card":"summary_large_image","twitter_misc":{"Escrito por":"Evandro Junior","Est. tempo de leitura":"2 minutos"},"schema":{"@context":"https:\/\/schema.org","@graph":[{"@type":"WebPage","@id":"https:\/\/www.blogsoestado.com\/evandrojunior\/2022\/11\/03\/dia-de-doar-reforca-importancia-das-doacoes-como-um-habito-entre-os-brasileiros\/","url":"https:\/\/www.blogsoestado.com\/evandrojunior\/2022\/11\/03\/dia-de-doar-reforca-importancia-das-doacoes-como-um-habito-entre-os-brasileiros\/","name":"Dia de Doar refor\u00e7a import\u00e2ncia das doa\u00e7\u00f5es como um h\u00e1bito entre os brasileiros - Evandro Junior","isPartOf":{"@id":"https:\/\/www.blogsoestado.com\/evandrojunior\/#website"},"primaryImageOfPage":{"@id":"https:\/\/www.blogsoestado.com\/evandrojunior\/2022\/11\/03\/dia-de-doar-reforca-importancia-das-doacoes-como-um-habito-entre-os-brasileiros\/#primaryimage"},"image":{"@id":"https:\/\/www.blogsoestado.com\/evandrojunior\/2022\/11\/03\/dia-de-doar-reforca-importancia-das-doacoes-como-um-habito-entre-os-brasileiros\/#primaryimage"},"thumbnailUrl":"https:\/\/www.blogsoestado.com\/evandrojunior\/files\/2022\/11\/WhatsApp-Image-2022-11-03-at-15.05.35-1024x576.jpeg","datePublished":"2022-11-03T18:12:49+00:00","author":{"@id":"https:\/\/www.blogsoestado.com\/evandrojunior\/#\/schema\/person\/3e6c3d8dbb740d1c6878ebc935cfb3be"},"breadcrumb":{"@id":"https:\/\/www.blogsoestado.com\/evandrojunior\/2022\/11\/03\/dia-de-doar-reforca-importancia-das-doacoes-como-um-habito-entre-os-brasileiros\/#breadcrumb"},"inLanguage":"pt-BR","potentialAction":[{"@type":"ReadAction","target":["https:\/\/www.blogsoestado.com\/evandrojunior\/2022\/11\/03\/dia-de-doar-reforca-importancia-das-doacoes-como-um-habito-entre-os-brasileiros\/"]}]},{"@type":"ImageObject","inLanguage":"pt-BR","@id":"https:\/\/www.blogsoestado.com\/evandrojunior\/2022\/11\/03\/dia-de-doar-reforca-importancia-das-doacoes-como-um-habito-entre-os-brasileiros\/#primaryimage","url":"https:\/\/www.blogsoestado.com\/evandrojunior\/files\/2022\/11\/WhatsApp-Image-2022-11-03-at-15.05.35-1024x576.jpeg","contentUrl":"https:\/\/www.blogsoestado.com\/evandrojunior\/files\/2022\/11\/WhatsApp-Image-2022-11-03-at-15.05.35-1024x576.jpeg"},{"@type":"BreadcrumbList","@id":"https:\/\/www.blogsoestado.com\/evandrojunior\/2022\/11\/03\/dia-de-doar-reforca-importancia-das-doacoes-como-um-habito-entre-os-brasileiros\/#breadcrumb","itemListElement":[{"@type":"ListItem","position":1,"name":"In\u00edcio","item":"https:\/\/www.blogsoestado.com\/evandrojunior\/"},{"@type":"ListItem","position":2,"name":"Dia de Doar refor\u00e7a import\u00e2ncia das doa\u00e7\u00f5es como um h\u00e1bito entre os brasileiros"}]},{"@type":"WebSite","@id":"https:\/\/www.blogsoestado.com\/evandrojunior\/#website","url":"https:\/\/www.blogsoestado.com\/evandrojunior\/","name":"Evandro Junior","description":"","potentialAction":[{"@type":"SearchAction","target":{"@type":"EntryPoint","urlTemplate":"https:\/\/www.blogsoestado.com\/evandrojunior\/?s={search_term_string}"},"query-input":{"@type":"PropertyValueSpecification","valueRequired":true,"valueName":"search_term_string"}}],"inLanguage":"pt-BR"},{"@type":"Person","@id":"https:\/\/www.blogsoestado.com\/evandrojunior\/#\/schema\/person\/3e6c3d8dbb740d1c6878ebc935cfb3be","name":"Evandro Junior","image":{"@type":"ImageObject","inLanguage":"pt-BR","@id":"https:\/\/www.blogsoestado.com\/evandrojunior\/#\/schema\/person\/image\/","url":"https:\/\/secure.gravatar.com\/avatar\/f80a03a2294a580cd2318bfb459bf354cfa8be661ef3d95b542cf9a04af8d129?s=96&d=mm&r=g","contentUrl":"https:\/\/secure.gravatar.com\/avatar\/f80a03a2294a580cd2318bfb459bf354cfa8be661ef3d95b542cf9a04af8d129?s=96&d=mm&r=g","caption":"Evandro Junior"},"url":"https:\/\/www.blogsoestado.com\/evandrojunior\/author\/evandrojunior\/"}]}},"jetpack_featured_media_url":"","_links":{"self":[{"href":"https:\/\/www.blogsoestado.com\/evandrojunior\/wp-json\/wp\/v2\/posts\/7759","targetHints":{"allow":["GET"]}}],"collection":[{"href":"https:\/\/www.blogsoestado.com\/evandrojunior\/wp-json\/wp\/v2\/posts"}],"about":[{"href":"https:\/\/www.blogsoestado.com\/evandrojunior\/wp-json\/wp\/v2\/types\/post"}],"author":[{"embeddable":true,"href":"https:\/\/www.blogsoestado.com\/evandrojunior\/wp-json\/wp\/v2\/users\/4"}],"replies":[{"embeddable":true,"href":"https:\/\/www.blogsoestado.com\/evandrojunior\/wp-json\/wp\/v2\/comments?post=7759"}],"version-history":[{"count":0,"href":"https:\/\/www.blogsoestado.com\/evandrojunior\/wp-json\/wp\/v2\/posts\/7759\/revisions"}],"wp:attachment":[{"href":"https:\/\/www.blogsoestado.com\/evandrojunior\/wp-json\/wp\/v2\/media?parent=7759"}],"wp:term":[{"taxonomy":"category","embeddable":true,"href":"https:\/\/www.blogsoestado.com\/evandrojunior\/wp-json\/wp\/v2\/categories?post=7759"},{"taxonomy":"post_tag","embeddable":true,"href":"https:\/\/www.blogsoestado.com\/evandrojunior\/wp-json\/wp\/v2\/tags?post=7759"}],"curies":[{"name":"wp","href":"https:\/\/api.w.org\/{rel}","templated":true}]}}