{"id":7935,"date":"2022-11-17T11:48:46","date_gmt":"2022-11-17T14:48:46","guid":{"rendered":"https:\/\/www.blogsoestado.com\/evandrojunior\/?p=7935"},"modified":"2022-11-17T11:48:46","modified_gmt":"2022-11-17T14:48:46","slug":"sao-luis-vive-expectativa-para-o-festival-bbq","status":"publish","type":"post","link":"https:\/\/www.blogsoestado.com\/evandrojunior\/2022\/11\/17\/sao-luis-vive-expectativa-para-o-festival-bbq\/","title":{"rendered":"S\u00e3o Lu\u00eds vive expectativa para o Festival BBQ"},"content":{"rendered":"\n<div class=\"wp-block-image\"><figure class=\"aligncenter size-large is-resized\"><img fetchpriority=\"high\" decoding=\"async\" src=\"https:\/\/www.blogsoestado.com\/evandrojunior\/files\/2022\/11\/WhatsApp-Image-2022-09-29-at-15.35.18-1024x682.jpeg\" alt=\"\" class=\"wp-image-7936\" width=\"511\" height=\"340\"\/><figcaption><strong>Festival BBQ acontece neste s\u00e1bado, no Blue Tree S\u00e3o Lu\u00eds Hotel<\/strong><\/figcaption><\/figure><\/div>\n\n\n\n<p><strong>S\u00e3o Lu\u00eds<\/strong> &#8211; A cidade de S\u00e3o Lu\u00eds entrou em contagem regressiva para receber, no pr\u00f3ximo s\u00e1bado (19), o Festival BBQ, o maior do Norte e Nordeste, que acontece pela primeira vez na capital maranhense. Com seis horas de open food, o evento ter\u00e1 10 horas de dura\u00e7\u00e3o e acontece a partir das 14h no Blue Tree S\u00e3o Lu\u00eds Hotel, no Calhau.\u00a0 A expectativa \u00e9 um p\u00fablico estimado em 2.500 pessoas.\u00a0<\/p>\n\n\n\n<p>De acordo com os organizadores, o hotel ser\u00e1 transformado em uma cidade do churrasco para promover uma experi\u00eancia gastron\u00f4mica \u00fanica aos participantes. Ser\u00e3o mais de 20 esta\u00e7\u00f5es,\u00a0 Espa\u00e7o Kids, atra\u00e7\u00f5es musicais e muita divers\u00e3o para toda a fam\u00edlia.\u00a0<\/p>\n\n\n\n\n\n<p><strong>Destaques do festival<\/strong><\/p>\n\n\n\n<p>A chef paulista radicada em Fortaleza Miriam Muniz \u00e9 um dos nomes de destaque do festival, com duas esta\u00e7\u00f5es de produtos ex\u00f3ticos. Na esta\u00e7\u00e3o Villa Germania, a chef vai servir um arroz de pato e codorna.\u00a0 Em outra esta\u00e7\u00e3o, Miriam Muniz vai apresentar um jacar\u00e9 no fogo de ch\u00e3o.\u00a0 <\/p>\n\n\n\n<p>Outro chef aguardado com expectativa \u00e9 o cearense Pedro Gon\u00e7alves Neto, que vai estar presente na Esta\u00e7\u00e3o Pirarucu com um peixe de at\u00e9 50kg. Tamb\u00e9m tem presen\u00e7a confirmada o maranhense Thanus Dino, especializado em defuma\u00e7\u00e3o, que vai apresentar a novidade Chicken Lollipop, coxa de frango defumada por 12h. Outro destaque do festival ser\u00e3o as ostras na brasa.<\/p>\n\n\n\n<p><strong>Atra\u00e7\u00f5es musicais<\/strong><\/p>\n\n\n\n<p>O evento ter\u00e1 uma programa\u00e7\u00e3o cultural diversificada com a presen\u00e7a confirmada do DJ Blemes, da banda de pop rock Pandha SA, da dupla sertaneja Fernando e Franco e dos cantores Bruno Shinoda e Lucas Seabra.<\/p>\n\n\n\n<p><strong>Espa\u00e7o Kids<\/strong><\/p>\n\n\n\n<p>O BBQ ter\u00e1, ainda, um parque infantil com capacidade para 100 crian\u00e7as e uma programa\u00e7\u00e3o especial para a gurizada. No Espa\u00e7o Kids ser\u00e3o oferecidas brincadeiras e muita divers\u00e3o possibilitando aos pais usufru\u00edrem do festival com toda seguran\u00e7a e comodidade. Para ter acesso ao local, \u00e9 necess\u00e1rio comprar um bilhete exclusivo para a \u00e1rea. Como as vagas s\u00e3o limitadas, o ideal \u00e9 adquirir o bilhete com anteced\u00eancia.\u00a0\u00a0\u00a0<\/p>\n\n\n\n<p><strong>BBQ Show em n\u00fameros<\/strong><\/p>\n\n\n\n<p>&#8211; 6 horas de open food<\/p>\n\n\n\n<p>&#8211; 10 horas de evento<\/p>\n\n\n\n<p>&#8211; 24 chefs<\/p>\n\n\n\n<p>&#8211; 500 volunt\u00e1rios<\/p>\n\n\n\n<p>&#8211; 4 toneladas de carne<\/p>\n\n\n\n<p>&#8211; 5 toneladas de insumos para acompanhamentos<\/p>\n\n\n\n<p>&#8211; 4 toneladas de carv\u00e3o<\/p>\n\n\n\n<p>&#8211; 1 tonelada de lenha para defuma\u00e7\u00e3o<\/p>\n\n\n\n<p>&#8211; 2 mil hamb\u00fargueres<\/p>\n\n\n\n<p><strong>BBBQ Show Festival<\/strong><\/p>\n\n\n\n<p><strong>Quando:<\/strong>&nbsp;s\u00e1bado, 19 de novembro a partir das 14h.&nbsp;&nbsp;&nbsp;<\/p>\n\n\n\n<p><strong>Onde:<\/strong>&nbsp;Hotel Blue Tree S\u00e3o Lu\u00eds, Av. Avicenia (Calhau)<\/p>\n\n\n\n<p><strong>Venda de ingressos:<\/strong>&nbsp;Venda de ingressos on line pelo site:&nbsp;<a href=\"http:\/\/bbqshow.com.br\/\" target=\"_blank\" rel=\"noreferrer noopener\">http:\/\/bbqshow.com.br\/<\/a><\/p>\n\n\n\n<p><strong>Pontos f\u00edsicos de vendas:<\/strong>&nbsp;Loja da Bilheteria Digital no Rio Anil Shopping (Turu); Emp\u00f3rio Fish (Olho d\u2019\u00c1gua); Bravio Fogo &amp; Parrilla (Av. dos Holandeses, Bandeira Plaza).<\/p>\n\n\n\n<p>O pagamento do ingresso n\u00e3o inclui bebida, mas o participante poder\u00e1 escolher entre as op\u00e7\u00f5es de vinhos, espumantes, drinks, whisky, vodka, cervejas, entre outros dispon\u00edveis \u00e0 venda no local.<\/p>\n","protected":false},"excerpt":{"rendered":"<p>S\u00e3o Lu\u00eds &#8211; A cidade de S\u00e3o Lu\u00eds entrou em contagem regressiva para receber, no pr\u00f3ximo s\u00e1bado (19), o Festival [&hellip;]<\/p>\n","protected":false},"author":4,"featured_media":0,"comment_status":"open","ping_status":"open","sticky":false,"template":"","format":"standard","meta":{"site-sidebar-layout":"default","site-content-layout":"","ast-site-content-layout":"default","site-content-style":"default","site-sidebar-style":"default","ast-global-header-display":"","ast-banner-title-visibility":"","ast-main-header-display":"","ast-hfb-above-header-display":"","ast-hfb-below-header-display":"","ast-hfb-mobile-header-display":"","site-post-title":"","ast-breadcrumbs-content":"","ast-featured-img":"","footer-sml-layout":"","ast-disable-related-posts":"","theme-transparent-header-meta":"","adv-header-id-meta":"","stick-header-meta":"","header-above-stick-meta":"","header-main-stick-meta":"","header-below-stick-meta":"","astra-migrate-meta-layouts":"default","ast-page-background-enabled":"default","ast-page-background-meta":{"desktop":{"background-color":"var(--ast-global-color-5)","background-image":"","background-repeat":"repeat","background-position":"center center","background-size":"auto","background-attachment":"scroll","background-type":"","background-media":"","overlay-type":"","overlay-color":"","overlay-opacity":"","overlay-gradient":""},"tablet":{"background-color":"","background-image":"","background-repeat":"repeat","background-position":"center center","background-size":"auto","background-attachment":"scroll","background-type":"","background-media":"","overlay-type":"","overlay-color":"","overlay-opacity":"","overlay-gradient":""},"mobile":{"background-color":"","background-image":"","background-repeat":"repeat","background-position":"center center","background-size":"auto","background-attachment":"scroll","background-type":"","background-media":"","overlay-type":"","overlay-color":"","overlay-opacity":"","overlay-gradient":""}},"ast-content-background-meta":{"desktop":{"background-color":"var(--ast-global-color-4)","background-image":"","background-repeat":"repeat","background-position":"center center","background-size":"auto","background-attachment":"scroll","background-type":"","background-media":"","overlay-type":"","overlay-color":"","overlay-opacity":"","overlay-gradient":""},"tablet":{"background-color":"var(--ast-global-color-4)","background-image":"","background-repeat":"repeat","background-position":"center center","background-size":"auto","background-attachment":"scroll","background-type":"","background-media":"","overlay-type":"","overlay-color":"","overlay-opacity":"","overlay-gradient":""},"mobile":{"background-color":"var(--ast-global-color-4)","background-image":"","background-repeat":"repeat","background-position":"center center","background-size":"auto","background-attachment":"scroll","background-type":"","background-media":"","overlay-type":"","overlay-color":"","overlay-opacity":"","overlay-gradient":""}},"footnotes":""},"categories":[1],"tags":[],"class_list":["post-7935","post","type-post","status-publish","format-standard","hentry","category-sem-categoria"],"yoast_head":"<!-- This site is optimized with the Yoast SEO plugin v26.6 - https:\/\/yoast.com\/wordpress\/plugins\/seo\/ -->\n<title>S\u00e3o Lu\u00eds vive expectativa para o Festival BBQ - Evandro Junior<\/title>\n<meta name=\"robots\" content=\"index, follow, max-snippet:-1, max-image-preview:large, max-video-preview:-1\" \/>\n<link rel=\"canonical\" href=\"https:\/\/www.blogsoestado.com\/evandrojunior\/2022\/11\/17\/sao-luis-vive-expectativa-para-o-festival-bbq\/\" \/>\n<meta property=\"og:locale\" content=\"pt_BR\" \/>\n<meta property=\"og:type\" content=\"article\" \/>\n<meta property=\"og:title\" content=\"S\u00e3o Lu\u00eds vive expectativa para o Festival BBQ - Evandro Junior\" \/>\n<meta property=\"og:description\" content=\"S\u00e3o Lu\u00eds &#8211; A cidade de S\u00e3o Lu\u00eds entrou em contagem regressiva para receber, no pr\u00f3ximo s\u00e1bado (19), o Festival [&hellip;]\" \/>\n<meta property=\"og:url\" content=\"https:\/\/www.blogsoestado.com\/evandrojunior\/2022\/11\/17\/sao-luis-vive-expectativa-para-o-festival-bbq\/\" \/>\n<meta property=\"og:site_name\" content=\"Evandro Junior\" \/>\n<meta property=\"article:published_time\" content=\"2022-11-17T14:48:46+00:00\" \/>\n<meta property=\"og:image\" content=\"https:\/\/www.blogsoestado.com\/evandrojunior\/files\/2022\/11\/WhatsApp-Image-2022-09-29-at-15.35.18-1024x682.jpeg\" \/>\n<meta name=\"author\" content=\"Evandro Junior\" \/>\n<meta name=\"twitter:card\" content=\"summary_large_image\" \/>\n<meta name=\"twitter:label1\" content=\"Escrito por\" \/>\n\t<meta name=\"twitter:data1\" content=\"Evandro Junior\" \/>\n\t<meta name=\"twitter:label2\" content=\"Est. tempo de leitura\" \/>\n\t<meta name=\"twitter:data2\" content=\"3 minutos\" \/>\n<script type=\"application\/ld+json\" class=\"yoast-schema-graph\">{\"@context\":\"https:\/\/schema.org\",\"@graph\":[{\"@type\":\"WebPage\",\"@id\":\"https:\/\/www.blogsoestado.com\/evandrojunior\/2022\/11\/17\/sao-luis-vive-expectativa-para-o-festival-bbq\/\",\"url\":\"https:\/\/www.blogsoestado.com\/evandrojunior\/2022\/11\/17\/sao-luis-vive-expectativa-para-o-festival-bbq\/\",\"name\":\"S\u00e3o Lu\u00eds vive expectativa para o Festival BBQ - Evandro Junior\",\"isPartOf\":{\"@id\":\"https:\/\/www.blogsoestado.com\/evandrojunior\/#website\"},\"primaryImageOfPage\":{\"@id\":\"https:\/\/www.blogsoestado.com\/evandrojunior\/2022\/11\/17\/sao-luis-vive-expectativa-para-o-festival-bbq\/#primaryimage\"},\"image\":{\"@id\":\"https:\/\/www.blogsoestado.com\/evandrojunior\/2022\/11\/17\/sao-luis-vive-expectativa-para-o-festival-bbq\/#primaryimage\"},\"thumbnailUrl\":\"https:\/\/www.blogsoestado.com\/evandrojunior\/files\/2022\/11\/WhatsApp-Image-2022-09-29-at-15.35.18-1024x682.jpeg\",\"datePublished\":\"2022-11-17T14:48:46+00:00\",\"author\":{\"@id\":\"https:\/\/www.blogsoestado.com\/evandrojunior\/#\/schema\/person\/3e6c3d8dbb740d1c6878ebc935cfb3be\"},\"breadcrumb\":{\"@id\":\"https:\/\/www.blogsoestado.com\/evandrojunior\/2022\/11\/17\/sao-luis-vive-expectativa-para-o-festival-bbq\/#breadcrumb\"},\"inLanguage\":\"pt-BR\",\"potentialAction\":[{\"@type\":\"ReadAction\",\"target\":[\"https:\/\/www.blogsoestado.com\/evandrojunior\/2022\/11\/17\/sao-luis-vive-expectativa-para-o-festival-bbq\/\"]}]},{\"@type\":\"ImageObject\",\"inLanguage\":\"pt-BR\",\"@id\":\"https:\/\/www.blogsoestado.com\/evandrojunior\/2022\/11\/17\/sao-luis-vive-expectativa-para-o-festival-bbq\/#primaryimage\",\"url\":\"https:\/\/www.blogsoestado.com\/evandrojunior\/files\/2022\/11\/WhatsApp-Image-2022-09-29-at-15.35.18-1024x682.jpeg\",\"contentUrl\":\"https:\/\/www.blogsoestado.com\/evandrojunior\/files\/2022\/11\/WhatsApp-Image-2022-09-29-at-15.35.18-1024x682.jpeg\"},{\"@type\":\"BreadcrumbList\",\"@id\":\"https:\/\/www.blogsoestado.com\/evandrojunior\/2022\/11\/17\/sao-luis-vive-expectativa-para-o-festival-bbq\/#breadcrumb\",\"itemListElement\":[{\"@type\":\"ListItem\",\"position\":1,\"name\":\"In\u00edcio\",\"item\":\"https:\/\/www.blogsoestado.com\/evandrojunior\/\"},{\"@type\":\"ListItem\",\"position\":2,\"name\":\"S\u00e3o Lu\u00eds vive expectativa para o Festival BBQ\"}]},{\"@type\":\"WebSite\",\"@id\":\"https:\/\/www.blogsoestado.com\/evandrojunior\/#website\",\"url\":\"https:\/\/www.blogsoestado.com\/evandrojunior\/\",\"name\":\"Evandro Junior\",\"description\":\"\",\"potentialAction\":[{\"@type\":\"SearchAction\",\"target\":{\"@type\":\"EntryPoint\",\"urlTemplate\":\"https:\/\/www.blogsoestado.com\/evandrojunior\/?s={search_term_string}\"},\"query-input\":{\"@type\":\"PropertyValueSpecification\",\"valueRequired\":true,\"valueName\":\"search_term_string\"}}],\"inLanguage\":\"pt-BR\"},{\"@type\":\"Person\",\"@id\":\"https:\/\/www.blogsoestado.com\/evandrojunior\/#\/schema\/person\/3e6c3d8dbb740d1c6878ebc935cfb3be\",\"name\":\"Evandro Junior\",\"image\":{\"@type\":\"ImageObject\",\"inLanguage\":\"pt-BR\",\"@id\":\"https:\/\/www.blogsoestado.com\/evandrojunior\/#\/schema\/person\/image\/\",\"url\":\"https:\/\/secure.gravatar.com\/avatar\/f80a03a2294a580cd2318bfb459bf354cfa8be661ef3d95b542cf9a04af8d129?s=96&d=mm&r=g\",\"contentUrl\":\"https:\/\/secure.gravatar.com\/avatar\/f80a03a2294a580cd2318bfb459bf354cfa8be661ef3d95b542cf9a04af8d129?s=96&d=mm&r=g\",\"caption\":\"Evandro Junior\"},\"url\":\"https:\/\/www.blogsoestado.com\/evandrojunior\/author\/evandrojunior\/\"}]}<\/script>\n<!-- \/ Yoast SEO plugin. -->","yoast_head_json":{"title":"S\u00e3o Lu\u00eds vive expectativa para o Festival BBQ - Evandro Junior","robots":{"index":"index","follow":"follow","max-snippet":"max-snippet:-1","max-image-preview":"max-image-preview:large","max-video-preview":"max-video-preview:-1"},"canonical":"https:\/\/www.blogsoestado.com\/evandrojunior\/2022\/11\/17\/sao-luis-vive-expectativa-para-o-festival-bbq\/","og_locale":"pt_BR","og_type":"article","og_title":"S\u00e3o Lu\u00eds vive expectativa para o Festival BBQ - Evandro Junior","og_description":"S\u00e3o Lu\u00eds &#8211; A cidade de S\u00e3o Lu\u00eds entrou em contagem regressiva para receber, no pr\u00f3ximo s\u00e1bado (19), o Festival [&hellip;]","og_url":"https:\/\/www.blogsoestado.com\/evandrojunior\/2022\/11\/17\/sao-luis-vive-expectativa-para-o-festival-bbq\/","og_site_name":"Evandro Junior","article_published_time":"2022-11-17T14:48:46+00:00","og_image":[{"url":"https:\/\/www.blogsoestado.com\/evandrojunior\/files\/2022\/11\/WhatsApp-Image-2022-09-29-at-15.35.18-1024x682.jpeg","type":"","width":"","height":""}],"author":"Evandro Junior","twitter_card":"summary_large_image","twitter_misc":{"Escrito por":"Evandro Junior","Est. tempo de leitura":"3 minutos"},"schema":{"@context":"https:\/\/schema.org","@graph":[{"@type":"WebPage","@id":"https:\/\/www.blogsoestado.com\/evandrojunior\/2022\/11\/17\/sao-luis-vive-expectativa-para-o-festival-bbq\/","url":"https:\/\/www.blogsoestado.com\/evandrojunior\/2022\/11\/17\/sao-luis-vive-expectativa-para-o-festival-bbq\/","name":"S\u00e3o Lu\u00eds vive expectativa para o Festival BBQ - Evandro Junior","isPartOf":{"@id":"https:\/\/www.blogsoestado.com\/evandrojunior\/#website"},"primaryImageOfPage":{"@id":"https:\/\/www.blogsoestado.com\/evandrojunior\/2022\/11\/17\/sao-luis-vive-expectativa-para-o-festival-bbq\/#primaryimage"},"image":{"@id":"https:\/\/www.blogsoestado.com\/evandrojunior\/2022\/11\/17\/sao-luis-vive-expectativa-para-o-festival-bbq\/#primaryimage"},"thumbnailUrl":"https:\/\/www.blogsoestado.com\/evandrojunior\/files\/2022\/11\/WhatsApp-Image-2022-09-29-at-15.35.18-1024x682.jpeg","datePublished":"2022-11-17T14:48:46+00:00","author":{"@id":"https:\/\/www.blogsoestado.com\/evandrojunior\/#\/schema\/person\/3e6c3d8dbb740d1c6878ebc935cfb3be"},"breadcrumb":{"@id":"https:\/\/www.blogsoestado.com\/evandrojunior\/2022\/11\/17\/sao-luis-vive-expectativa-para-o-festival-bbq\/#breadcrumb"},"inLanguage":"pt-BR","potentialAction":[{"@type":"ReadAction","target":["https:\/\/www.blogsoestado.com\/evandrojunior\/2022\/11\/17\/sao-luis-vive-expectativa-para-o-festival-bbq\/"]}]},{"@type":"ImageObject","inLanguage":"pt-BR","@id":"https:\/\/www.blogsoestado.com\/evandrojunior\/2022\/11\/17\/sao-luis-vive-expectativa-para-o-festival-bbq\/#primaryimage","url":"https:\/\/www.blogsoestado.com\/evandrojunior\/files\/2022\/11\/WhatsApp-Image-2022-09-29-at-15.35.18-1024x682.jpeg","contentUrl":"https:\/\/www.blogsoestado.com\/evandrojunior\/files\/2022\/11\/WhatsApp-Image-2022-09-29-at-15.35.18-1024x682.jpeg"},{"@type":"BreadcrumbList","@id":"https:\/\/www.blogsoestado.com\/evandrojunior\/2022\/11\/17\/sao-luis-vive-expectativa-para-o-festival-bbq\/#breadcrumb","itemListElement":[{"@type":"ListItem","position":1,"name":"In\u00edcio","item":"https:\/\/www.blogsoestado.com\/evandrojunior\/"},{"@type":"ListItem","position":2,"name":"S\u00e3o Lu\u00eds vive expectativa para o Festival BBQ"}]},{"@type":"WebSite","@id":"https:\/\/www.blogsoestado.com\/evandrojunior\/#website","url":"https:\/\/www.blogsoestado.com\/evandrojunior\/","name":"Evandro Junior","description":"","potentialAction":[{"@type":"SearchAction","target":{"@type":"EntryPoint","urlTemplate":"https:\/\/www.blogsoestado.com\/evandrojunior\/?s={search_term_string}"},"query-input":{"@type":"PropertyValueSpecification","valueRequired":true,"valueName":"search_term_string"}}],"inLanguage":"pt-BR"},{"@type":"Person","@id":"https:\/\/www.blogsoestado.com\/evandrojunior\/#\/schema\/person\/3e6c3d8dbb740d1c6878ebc935cfb3be","name":"Evandro Junior","image":{"@type":"ImageObject","inLanguage":"pt-BR","@id":"https:\/\/www.blogsoestado.com\/evandrojunior\/#\/schema\/person\/image\/","url":"https:\/\/secure.gravatar.com\/avatar\/f80a03a2294a580cd2318bfb459bf354cfa8be661ef3d95b542cf9a04af8d129?s=96&d=mm&r=g","contentUrl":"https:\/\/secure.gravatar.com\/avatar\/f80a03a2294a580cd2318bfb459bf354cfa8be661ef3d95b542cf9a04af8d129?s=96&d=mm&r=g","caption":"Evandro Junior"},"url":"https:\/\/www.blogsoestado.com\/evandrojunior\/author\/evandrojunior\/"}]}},"jetpack_featured_media_url":"","_links":{"self":[{"href":"https:\/\/www.blogsoestado.com\/evandrojunior\/wp-json\/wp\/v2\/posts\/7935","targetHints":{"allow":["GET"]}}],"collection":[{"href":"https:\/\/www.blogsoestado.com\/evandrojunior\/wp-json\/wp\/v2\/posts"}],"about":[{"href":"https:\/\/www.blogsoestado.com\/evandrojunior\/wp-json\/wp\/v2\/types\/post"}],"author":[{"embeddable":true,"href":"https:\/\/www.blogsoestado.com\/evandrojunior\/wp-json\/wp\/v2\/users\/4"}],"replies":[{"embeddable":true,"href":"https:\/\/www.blogsoestado.com\/evandrojunior\/wp-json\/wp\/v2\/comments?post=7935"}],"version-history":[{"count":0,"href":"https:\/\/www.blogsoestado.com\/evandrojunior\/wp-json\/wp\/v2\/posts\/7935\/revisions"}],"wp:attachment":[{"href":"https:\/\/www.blogsoestado.com\/evandrojunior\/wp-json\/wp\/v2\/media?parent=7935"}],"wp:term":[{"taxonomy":"category","embeddable":true,"href":"https:\/\/www.blogsoestado.com\/evandrojunior\/wp-json\/wp\/v2\/categories?post=7935"},{"taxonomy":"post_tag","embeddable":true,"href":"https:\/\/www.blogsoestado.com\/evandrojunior\/wp-json\/wp\/v2\/tags?post=7935"}],"curies":[{"name":"wp","href":"https:\/\/api.w.org\/{rel}","templated":true}]}}