{"id":8609,"date":"2023-02-14T09:55:05","date_gmt":"2023-02-14T12:55:05","guid":{"rendered":"https:\/\/www.blogsoestado.com\/evandrojunior\/?p=8609"},"modified":"2023-02-14T09:55:05","modified_gmt":"2023-02-14T12:55:05","slug":"marrom-o-musical-tem-vendas-iniciadas-para-apresentacoes-em-sao-luis","status":"publish","type":"post","link":"https:\/\/www.blogsoestado.com\/evandrojunior\/2023\/02\/14\/marrom-o-musical-tem-vendas-iniciadas-para-apresentacoes-em-sao-luis\/","title":{"rendered":"\u201cMarrom, O Musical\u201d tem vendas iniciadas para apresenta\u00e7\u00f5es em S\u00e3o Lu\u00eds"},"content":{"rendered":"\n<div class=\"wp-block-image\"><figure class=\"aligncenter size-large is-resized\"><img fetchpriority=\"high\" decoding=\"async\" src=\"https:\/\/www.blogsoestado.com\/evandrojunior\/files\/2023\/02\/Marrom-o-musical-celebra-50-anos-de-carreira-da-Alcione-1024x682.jpeg\" alt=\"\" class=\"wp-image-8610\" width=\"560\" height=\"373\"\/><figcaption><strong>Trecho do espet\u00e1culo &#8220;Marrom &#8211; o Musical&#8221;<\/strong><\/figcaption><\/figure><\/div>\n\n\n\n<p><strong>S\u00e3o Lu\u00eds <\/strong>&#8211; Depois do grande sucesso em S\u00e3o Paulo e Rio de Janeiro, onde foi visto por mais de 60 mil pessoas, \u201cMarrom, O Musical\u201d chega na terra de sua homenageada. Os ingressos est\u00e3o \u00e0 venda para os dias 2, 3 e 4 de mar\u00e7o, no Teatro Arthur Azevedo (Rua do Sol).<\/p>\n\n\n\n<p>Com o oferecimento do Minist\u00e9rio da Cultura, Governo do Estado do Maranh\u00e3o e Rede, o musical tem texto e dire\u00e7\u00e3o de\u00a0Miguel Falabella\u00a0e idealiza\u00e7\u00e3o\u00a0de J\u00f4 Santana, com patroc\u00ednio da Equatorial Energia e apoiado pela Boa Vista Servi\u00e7os. Para adquirir o ingresso \u00e9 necess\u00e1rio acessar o site da Ingresso Digital ou na bilheteria do teatro. Os valores variam de R$ 30 a R$ 120.<\/p>\n\n\n\n<p>Com quantas hist\u00f3rias se faz a vida de uma artista com 50 anos de carreira? Um simples ser humano pode cont\u00e1-las ou seria preciso convocar uma entidade ao mesmo tempo sagrada e profana \u2013 qui\u00e7\u00e1 um bando inteiro delas?<\/p>\n\n\n\n<div class=\"wp-block-image\"><figure class=\"aligncenter size-large is-resized\"><img decoding=\"async\" src=\"https:\/\/www.blogsoestado.com\/evandrojunior\/files\/2023\/02\/Alcione-entre-Miguel-Falabella-e-Jo-Santana-1024x681.jpg\" alt=\"\" class=\"wp-image-8611\" width=\"579\" height=\"384\"\/><figcaption><strong>Miguel Falabella, Alcione e J\u00f4 Santana<\/strong><\/figcaption><\/figure><\/div>\n\n\n\n<p><br>Como falar de Alcione sem falar do Maranh\u00e3o? Imposs\u00edvel! Por isso, o que o p\u00fablico ver\u00e1 no palco \u00e9 uma hist\u00f3ria triste que acaba em festa: a hist\u00f3ria do\u00a0boi revisitada, entremeada com a hist\u00f3ria dessa maranhense ilustre, que l\u00e1 atr\u00e1s foi apenas uma menina no meio de nove irm\u00e3os, filha de Filipa e Jo\u00e3o Carlos.<br><br>Alcione pode ser muitas: menina, mulher, uma loba, filha amorosa, musicista apaixonada, perseguidora de sonhos. De onde ela veio, qualquer crian\u00e7a sabe, desde sempre, a hist\u00f3ria do boi. Ali\u00e1s, ela e o boi s\u00e3o ambos filhos do Maranh\u00e3o \u2013 terra t\u00e3o amada e muito cantada pela Marrom. E de l\u00e1 vieram quatro quatro artistas para integrar o elenco e boa parte dos mais de 300 figurinos tamb\u00e9m foram bordadas em S\u00e3o Lu\u00eds, na Cooperativa Cux\u00e1, numa parceria sociocultural promovida pelo Instituto Humanitas360.<\/p>\n\n\n\n<p><strong>Gera\u00e7\u00e3o de emprego<\/strong><\/p>\n\n\n\n<p><br>&#8220;Marrom, o Musical&#8221; traz 20 atores e atrizes em cena, texto e dire\u00e7\u00e3o de Miguel Falabella e como uma grande produ\u00e7\u00e3o acaba movimentando n\u00e3o s\u00f3 a cena, mas tamb\u00e9m a economia da cidade. S\u00e3o mais de 250 empregos diretos e indiretos gerados neste per\u00edodo desde a concep\u00e7\u00e3o at\u00e9 o fim da turn\u00ea.<\/p>\n\n\n\n<p><strong>Miguel Falabella<\/strong><\/p>\n\n\n\n<p>Segundo\u00a0Miguel Falabella, Alcione \u00e9 uma mulher de atitudes. \u201cQuando J\u00f4 Santana me convidou para, a princ\u00edpio, dirigir o espet\u00e1culo que encerra sua trilogia do samba, sobre Alcione, uma das maiores int\u00e9rpretes da m\u00fasica brasileira, n\u00e3o s\u00f3 aceitei encantado, como percebi que, para encenar um espet\u00e1culo que me satisfizesse plenamente como realizador, eu precisaria tamb\u00e9m assumir a dramaturgia. As minhas expectativas s\u00e3o altas e tenho raz\u00f5es para que sejam: Alcione \u00e9 minha amiga, uma mulher de atitudes e coragem memor\u00e1veis e contar sua vida \u00e9 mergulhar nas ra\u00edzes de uma das mais ricas culturas populares do Brasil: a maranhense.<\/p>\n\n\n\n<p>O espet\u00e1culo pretende reafirmar o teatro como um ato de comunh\u00e3o. Que vai fazer rir, chorar, cantar junto, se espantar, se emocionar, ser crian\u00e7a de novo, encontrar o desconhecido. \u201cVive bem quem sempre espera um gracejo\u201d. Quem vier de olhos e bra\u00e7os abertos, vai certamente sair da plateia, depois das quase duas horas \u2013 pouco para contar e cantar tanto \u2013 como Alcione \u00e9 com rela\u00e7\u00e3o \u00e0 vida e \u00e0 arte: agradecida!<\/p>\n\n\n\n<p>O ator e produtor\u00a0J\u00f4 Santana, diretor da Fato Produ\u00e7\u00f5es, \u00e9 o idealizador da \u201cTrilogia do Samba\u201d, come\u00e7ando em 2016 com o musical \u201cCartola &#8211; O Mundo \u00e9 um Moinho\u201d, em 2018 com \u201cDona Ivone Lara-Um Sorriso Negro\u201d, e encerrando em 2022 com \u201cMarrom, o Musical.\u201d<\/p>\n","protected":false},"excerpt":{"rendered":"<p>S\u00e3o Lu\u00eds &#8211; Depois do grande sucesso em S\u00e3o Paulo e Rio de Janeiro, onde foi visto por mais de [&hellip;]<\/p>\n","protected":false},"author":4,"featured_media":0,"comment_status":"open","ping_status":"open","sticky":false,"template":"","format":"standard","meta":{"site-sidebar-layout":"default","site-content-layout":"","ast-site-content-layout":"default","site-content-style":"default","site-sidebar-style":"default","ast-global-header-display":"","ast-banner-title-visibility":"","ast-main-header-display":"","ast-hfb-above-header-display":"","ast-hfb-below-header-display":"","ast-hfb-mobile-header-display":"","site-post-title":"","ast-breadcrumbs-content":"","ast-featured-img":"","footer-sml-layout":"","ast-disable-related-posts":"","theme-transparent-header-meta":"","adv-header-id-meta":"","stick-header-meta":"","header-above-stick-meta":"","header-main-stick-meta":"","header-below-stick-meta":"","astra-migrate-meta-layouts":"default","ast-page-background-enabled":"default","ast-page-background-meta":{"desktop":{"background-color":"var(--ast-global-color-5)","background-image":"","background-repeat":"repeat","background-position":"center center","background-size":"auto","background-attachment":"scroll","background-type":"","background-media":"","overlay-type":"","overlay-color":"","overlay-opacity":"","overlay-gradient":""},"tablet":{"background-color":"","background-image":"","background-repeat":"repeat","background-position":"center center","background-size":"auto","background-attachment":"scroll","background-type":"","background-media":"","overlay-type":"","overlay-color":"","overlay-opacity":"","overlay-gradient":""},"mobile":{"background-color":"","background-image":"","background-repeat":"repeat","background-position":"center center","background-size":"auto","background-attachment":"scroll","background-type":"","background-media":"","overlay-type":"","overlay-color":"","overlay-opacity":"","overlay-gradient":""}},"ast-content-background-meta":{"desktop":{"background-color":"var(--ast-global-color-4)","background-image":"","background-repeat":"repeat","background-position":"center center","background-size":"auto","background-attachment":"scroll","background-type":"","background-media":"","overlay-type":"","overlay-color":"","overlay-opacity":"","overlay-gradient":""},"tablet":{"background-color":"var(--ast-global-color-4)","background-image":"","background-repeat":"repeat","background-position":"center center","background-size":"auto","background-attachment":"scroll","background-type":"","background-media":"","overlay-type":"","overlay-color":"","overlay-opacity":"","overlay-gradient":""},"mobile":{"background-color":"var(--ast-global-color-4)","background-image":"","background-repeat":"repeat","background-position":"center center","background-size":"auto","background-attachment":"scroll","background-type":"","background-media":"","overlay-type":"","overlay-color":"","overlay-opacity":"","overlay-gradient":""}},"footnotes":""},"categories":[1],"tags":[],"class_list":["post-8609","post","type-post","status-publish","format-standard","hentry","category-sem-categoria"],"yoast_head":"<!-- This site is optimized with the Yoast SEO plugin v26.6 - https:\/\/yoast.com\/wordpress\/plugins\/seo\/ -->\n<title>\u201cMarrom, O Musical\u201d tem vendas iniciadas para apresenta\u00e7\u00f5es em S\u00e3o Lu\u00eds - Evandro Junior<\/title>\n<meta name=\"robots\" content=\"index, follow, max-snippet:-1, max-image-preview:large, max-video-preview:-1\" \/>\n<link rel=\"canonical\" href=\"https:\/\/www.blogsoestado.com\/evandrojunior\/2023\/02\/14\/marrom-o-musical-tem-vendas-iniciadas-para-apresentacoes-em-sao-luis\/\" \/>\n<meta property=\"og:locale\" content=\"pt_BR\" \/>\n<meta property=\"og:type\" content=\"article\" \/>\n<meta property=\"og:title\" content=\"\u201cMarrom, O Musical\u201d tem vendas iniciadas para apresenta\u00e7\u00f5es em S\u00e3o Lu\u00eds - Evandro Junior\" \/>\n<meta property=\"og:description\" content=\"S\u00e3o Lu\u00eds &#8211; Depois do grande sucesso em S\u00e3o Paulo e Rio de Janeiro, onde foi visto por mais de [&hellip;]\" \/>\n<meta property=\"og:url\" content=\"https:\/\/www.blogsoestado.com\/evandrojunior\/2023\/02\/14\/marrom-o-musical-tem-vendas-iniciadas-para-apresentacoes-em-sao-luis\/\" \/>\n<meta property=\"og:site_name\" content=\"Evandro Junior\" \/>\n<meta property=\"article:published_time\" content=\"2023-02-14T12:55:05+00:00\" \/>\n<meta property=\"og:image\" content=\"https:\/\/www.blogsoestado.com\/evandrojunior\/files\/2023\/02\/Marrom-o-musical-celebra-50-anos-de-carreira-da-Alcione-1024x682.jpeg\" \/>\n<meta name=\"author\" content=\"Evandro Junior\" \/>\n<meta name=\"twitter:card\" content=\"summary_large_image\" \/>\n<meta name=\"twitter:label1\" content=\"Escrito por\" \/>\n\t<meta name=\"twitter:data1\" content=\"Evandro Junior\" \/>\n\t<meta name=\"twitter:label2\" content=\"Est. tempo de leitura\" \/>\n\t<meta name=\"twitter:data2\" content=\"3 minutos\" \/>\n<script type=\"application\/ld+json\" class=\"yoast-schema-graph\">{\"@context\":\"https:\/\/schema.org\",\"@graph\":[{\"@type\":\"WebPage\",\"@id\":\"https:\/\/www.blogsoestado.com\/evandrojunior\/2023\/02\/14\/marrom-o-musical-tem-vendas-iniciadas-para-apresentacoes-em-sao-luis\/\",\"url\":\"https:\/\/www.blogsoestado.com\/evandrojunior\/2023\/02\/14\/marrom-o-musical-tem-vendas-iniciadas-para-apresentacoes-em-sao-luis\/\",\"name\":\"\u201cMarrom, O Musical\u201d tem vendas iniciadas para apresenta\u00e7\u00f5es em S\u00e3o Lu\u00eds - Evandro Junior\",\"isPartOf\":{\"@id\":\"https:\/\/www.blogsoestado.com\/evandrojunior\/#website\"},\"primaryImageOfPage\":{\"@id\":\"https:\/\/www.blogsoestado.com\/evandrojunior\/2023\/02\/14\/marrom-o-musical-tem-vendas-iniciadas-para-apresentacoes-em-sao-luis\/#primaryimage\"},\"image\":{\"@id\":\"https:\/\/www.blogsoestado.com\/evandrojunior\/2023\/02\/14\/marrom-o-musical-tem-vendas-iniciadas-para-apresentacoes-em-sao-luis\/#primaryimage\"},\"thumbnailUrl\":\"https:\/\/www.blogsoestado.com\/evandrojunior\/files\/2023\/02\/Marrom-o-musical-celebra-50-anos-de-carreira-da-Alcione-1024x682.jpeg\",\"datePublished\":\"2023-02-14T12:55:05+00:00\",\"author\":{\"@id\":\"https:\/\/www.blogsoestado.com\/evandrojunior\/#\/schema\/person\/3e6c3d8dbb740d1c6878ebc935cfb3be\"},\"breadcrumb\":{\"@id\":\"https:\/\/www.blogsoestado.com\/evandrojunior\/2023\/02\/14\/marrom-o-musical-tem-vendas-iniciadas-para-apresentacoes-em-sao-luis\/#breadcrumb\"},\"inLanguage\":\"pt-BR\",\"potentialAction\":[{\"@type\":\"ReadAction\",\"target\":[\"https:\/\/www.blogsoestado.com\/evandrojunior\/2023\/02\/14\/marrom-o-musical-tem-vendas-iniciadas-para-apresentacoes-em-sao-luis\/\"]}]},{\"@type\":\"ImageObject\",\"inLanguage\":\"pt-BR\",\"@id\":\"https:\/\/www.blogsoestado.com\/evandrojunior\/2023\/02\/14\/marrom-o-musical-tem-vendas-iniciadas-para-apresentacoes-em-sao-luis\/#primaryimage\",\"url\":\"https:\/\/www.blogsoestado.com\/evandrojunior\/files\/2023\/02\/Marrom-o-musical-celebra-50-anos-de-carreira-da-Alcione-1024x682.jpeg\",\"contentUrl\":\"https:\/\/www.blogsoestado.com\/evandrojunior\/files\/2023\/02\/Marrom-o-musical-celebra-50-anos-de-carreira-da-Alcione-1024x682.jpeg\"},{\"@type\":\"BreadcrumbList\",\"@id\":\"https:\/\/www.blogsoestado.com\/evandrojunior\/2023\/02\/14\/marrom-o-musical-tem-vendas-iniciadas-para-apresentacoes-em-sao-luis\/#breadcrumb\",\"itemListElement\":[{\"@type\":\"ListItem\",\"position\":1,\"name\":\"In\u00edcio\",\"item\":\"https:\/\/www.blogsoestado.com\/evandrojunior\/\"},{\"@type\":\"ListItem\",\"position\":2,\"name\":\"\u201cMarrom, O Musical\u201d tem vendas iniciadas para apresenta\u00e7\u00f5es em S\u00e3o Lu\u00eds\"}]},{\"@type\":\"WebSite\",\"@id\":\"https:\/\/www.blogsoestado.com\/evandrojunior\/#website\",\"url\":\"https:\/\/www.blogsoestado.com\/evandrojunior\/\",\"name\":\"Evandro Junior\",\"description\":\"\",\"potentialAction\":[{\"@type\":\"SearchAction\",\"target\":{\"@type\":\"EntryPoint\",\"urlTemplate\":\"https:\/\/www.blogsoestado.com\/evandrojunior\/?s={search_term_string}\"},\"query-input\":{\"@type\":\"PropertyValueSpecification\",\"valueRequired\":true,\"valueName\":\"search_term_string\"}}],\"inLanguage\":\"pt-BR\"},{\"@type\":\"Person\",\"@id\":\"https:\/\/www.blogsoestado.com\/evandrojunior\/#\/schema\/person\/3e6c3d8dbb740d1c6878ebc935cfb3be\",\"name\":\"Evandro Junior\",\"image\":{\"@type\":\"ImageObject\",\"inLanguage\":\"pt-BR\",\"@id\":\"https:\/\/www.blogsoestado.com\/evandrojunior\/#\/schema\/person\/image\/\",\"url\":\"https:\/\/secure.gravatar.com\/avatar\/f80a03a2294a580cd2318bfb459bf354cfa8be661ef3d95b542cf9a04af8d129?s=96&d=mm&r=g\",\"contentUrl\":\"https:\/\/secure.gravatar.com\/avatar\/f80a03a2294a580cd2318bfb459bf354cfa8be661ef3d95b542cf9a04af8d129?s=96&d=mm&r=g\",\"caption\":\"Evandro Junior\"},\"url\":\"https:\/\/www.blogsoestado.com\/evandrojunior\/author\/evandrojunior\/\"}]}<\/script>\n<!-- \/ Yoast SEO plugin. -->","yoast_head_json":{"title":"\u201cMarrom, O Musical\u201d tem vendas iniciadas para apresenta\u00e7\u00f5es em S\u00e3o Lu\u00eds - Evandro Junior","robots":{"index":"index","follow":"follow","max-snippet":"max-snippet:-1","max-image-preview":"max-image-preview:large","max-video-preview":"max-video-preview:-1"},"canonical":"https:\/\/www.blogsoestado.com\/evandrojunior\/2023\/02\/14\/marrom-o-musical-tem-vendas-iniciadas-para-apresentacoes-em-sao-luis\/","og_locale":"pt_BR","og_type":"article","og_title":"\u201cMarrom, O Musical\u201d tem vendas iniciadas para apresenta\u00e7\u00f5es em S\u00e3o Lu\u00eds - Evandro Junior","og_description":"S\u00e3o Lu\u00eds &#8211; Depois do grande sucesso em S\u00e3o Paulo e Rio de Janeiro, onde foi visto por mais de [&hellip;]","og_url":"https:\/\/www.blogsoestado.com\/evandrojunior\/2023\/02\/14\/marrom-o-musical-tem-vendas-iniciadas-para-apresentacoes-em-sao-luis\/","og_site_name":"Evandro Junior","article_published_time":"2023-02-14T12:55:05+00:00","og_image":[{"url":"https:\/\/www.blogsoestado.com\/evandrojunior\/files\/2023\/02\/Marrom-o-musical-celebra-50-anos-de-carreira-da-Alcione-1024x682.jpeg","type":"","width":"","height":""}],"author":"Evandro Junior","twitter_card":"summary_large_image","twitter_misc":{"Escrito por":"Evandro Junior","Est. tempo de leitura":"3 minutos"},"schema":{"@context":"https:\/\/schema.org","@graph":[{"@type":"WebPage","@id":"https:\/\/www.blogsoestado.com\/evandrojunior\/2023\/02\/14\/marrom-o-musical-tem-vendas-iniciadas-para-apresentacoes-em-sao-luis\/","url":"https:\/\/www.blogsoestado.com\/evandrojunior\/2023\/02\/14\/marrom-o-musical-tem-vendas-iniciadas-para-apresentacoes-em-sao-luis\/","name":"\u201cMarrom, O Musical\u201d tem vendas iniciadas para apresenta\u00e7\u00f5es em S\u00e3o Lu\u00eds - Evandro Junior","isPartOf":{"@id":"https:\/\/www.blogsoestado.com\/evandrojunior\/#website"},"primaryImageOfPage":{"@id":"https:\/\/www.blogsoestado.com\/evandrojunior\/2023\/02\/14\/marrom-o-musical-tem-vendas-iniciadas-para-apresentacoes-em-sao-luis\/#primaryimage"},"image":{"@id":"https:\/\/www.blogsoestado.com\/evandrojunior\/2023\/02\/14\/marrom-o-musical-tem-vendas-iniciadas-para-apresentacoes-em-sao-luis\/#primaryimage"},"thumbnailUrl":"https:\/\/www.blogsoestado.com\/evandrojunior\/files\/2023\/02\/Marrom-o-musical-celebra-50-anos-de-carreira-da-Alcione-1024x682.jpeg","datePublished":"2023-02-14T12:55:05+00:00","author":{"@id":"https:\/\/www.blogsoestado.com\/evandrojunior\/#\/schema\/person\/3e6c3d8dbb740d1c6878ebc935cfb3be"},"breadcrumb":{"@id":"https:\/\/www.blogsoestado.com\/evandrojunior\/2023\/02\/14\/marrom-o-musical-tem-vendas-iniciadas-para-apresentacoes-em-sao-luis\/#breadcrumb"},"inLanguage":"pt-BR","potentialAction":[{"@type":"ReadAction","target":["https:\/\/www.blogsoestado.com\/evandrojunior\/2023\/02\/14\/marrom-o-musical-tem-vendas-iniciadas-para-apresentacoes-em-sao-luis\/"]}]},{"@type":"ImageObject","inLanguage":"pt-BR","@id":"https:\/\/www.blogsoestado.com\/evandrojunior\/2023\/02\/14\/marrom-o-musical-tem-vendas-iniciadas-para-apresentacoes-em-sao-luis\/#primaryimage","url":"https:\/\/www.blogsoestado.com\/evandrojunior\/files\/2023\/02\/Marrom-o-musical-celebra-50-anos-de-carreira-da-Alcione-1024x682.jpeg","contentUrl":"https:\/\/www.blogsoestado.com\/evandrojunior\/files\/2023\/02\/Marrom-o-musical-celebra-50-anos-de-carreira-da-Alcione-1024x682.jpeg"},{"@type":"BreadcrumbList","@id":"https:\/\/www.blogsoestado.com\/evandrojunior\/2023\/02\/14\/marrom-o-musical-tem-vendas-iniciadas-para-apresentacoes-em-sao-luis\/#breadcrumb","itemListElement":[{"@type":"ListItem","position":1,"name":"In\u00edcio","item":"https:\/\/www.blogsoestado.com\/evandrojunior\/"},{"@type":"ListItem","position":2,"name":"\u201cMarrom, O Musical\u201d tem vendas iniciadas para apresenta\u00e7\u00f5es em S\u00e3o Lu\u00eds"}]},{"@type":"WebSite","@id":"https:\/\/www.blogsoestado.com\/evandrojunior\/#website","url":"https:\/\/www.blogsoestado.com\/evandrojunior\/","name":"Evandro Junior","description":"","potentialAction":[{"@type":"SearchAction","target":{"@type":"EntryPoint","urlTemplate":"https:\/\/www.blogsoestado.com\/evandrojunior\/?s={search_term_string}"},"query-input":{"@type":"PropertyValueSpecification","valueRequired":true,"valueName":"search_term_string"}}],"inLanguage":"pt-BR"},{"@type":"Person","@id":"https:\/\/www.blogsoestado.com\/evandrojunior\/#\/schema\/person\/3e6c3d8dbb740d1c6878ebc935cfb3be","name":"Evandro Junior","image":{"@type":"ImageObject","inLanguage":"pt-BR","@id":"https:\/\/www.blogsoestado.com\/evandrojunior\/#\/schema\/person\/image\/","url":"https:\/\/secure.gravatar.com\/avatar\/f80a03a2294a580cd2318bfb459bf354cfa8be661ef3d95b542cf9a04af8d129?s=96&d=mm&r=g","contentUrl":"https:\/\/secure.gravatar.com\/avatar\/f80a03a2294a580cd2318bfb459bf354cfa8be661ef3d95b542cf9a04af8d129?s=96&d=mm&r=g","caption":"Evandro Junior"},"url":"https:\/\/www.blogsoestado.com\/evandrojunior\/author\/evandrojunior\/"}]}},"jetpack_featured_media_url":"","_links":{"self":[{"href":"https:\/\/www.blogsoestado.com\/evandrojunior\/wp-json\/wp\/v2\/posts\/8609","targetHints":{"allow":["GET"]}}],"collection":[{"href":"https:\/\/www.blogsoestado.com\/evandrojunior\/wp-json\/wp\/v2\/posts"}],"about":[{"href":"https:\/\/www.blogsoestado.com\/evandrojunior\/wp-json\/wp\/v2\/types\/post"}],"author":[{"embeddable":true,"href":"https:\/\/www.blogsoestado.com\/evandrojunior\/wp-json\/wp\/v2\/users\/4"}],"replies":[{"embeddable":true,"href":"https:\/\/www.blogsoestado.com\/evandrojunior\/wp-json\/wp\/v2\/comments?post=8609"}],"version-history":[{"count":0,"href":"https:\/\/www.blogsoestado.com\/evandrojunior\/wp-json\/wp\/v2\/posts\/8609\/revisions"}],"wp:attachment":[{"href":"https:\/\/www.blogsoestado.com\/evandrojunior\/wp-json\/wp\/v2\/media?parent=8609"}],"wp:term":[{"taxonomy":"category","embeddable":true,"href":"https:\/\/www.blogsoestado.com\/evandrojunior\/wp-json\/wp\/v2\/categories?post=8609"},{"taxonomy":"post_tag","embeddable":true,"href":"https:\/\/www.blogsoestado.com\/evandrojunior\/wp-json\/wp\/v2\/tags?post=8609"}],"curies":[{"name":"wp","href":"https:\/\/api.w.org\/{rel}","templated":true}]}}