{"id":8659,"date":"2023-02-17T07:33:16","date_gmt":"2023-02-17T10:33:16","guid":{"rendered":"https:\/\/www.blogsoestado.com\/evandrojunior\/?p=8659"},"modified":"2023-02-17T07:33:16","modified_gmt":"2023-02-17T10:33:16","slug":"carnaval-parlamentares-prestigiam-baile-da-inclusao-realizado-pelo-governo-do-estado","status":"publish","type":"post","link":"https:\/\/www.blogsoestado.com\/evandrojunior\/2023\/02\/17\/carnaval-parlamentares-prestigiam-baile-da-inclusao-realizado-pelo-governo-do-estado\/","title":{"rendered":"Carnaval &#8211; Parlamentares prestigiam \u2018Baile da Inclus\u00e3o\u2019 realizado pelo Governo do Estado"},"content":{"rendered":"\n<div class=\"wp-block-image\"><figure class=\"aligncenter size-large is-resized\"><img fetchpriority=\"high\" decoding=\"async\" src=\"https:\/\/www.blogsoestado.com\/evandrojunior\/files\/2023\/02\/WhatsApp-Image-2023-02-17-at-07.30.36.jpeg\" alt=\"\" class=\"wp-image-8660\" width=\"587\" height=\"391\"\/><figcaption><strong>Deputados participam do &#8216;Baile da Inclus\u00e3o&#8217; realizado pelo Governo do Estado<br><\/strong><\/figcaption><\/figure><\/div>\n\n\n\n<p>S\u00e3o Lu\u00eds &#8211; Os deputados Roberto Costa (MDB), Ana do G\u00e1s (PCdoB), Neto Evangelista (Uni\u00e3o Brasil) e Ant\u00f4nio Pereira (PSB), acompanhados da governadora em \u2018exerc\u00edcio Iracema Vale, prestigiaram o \u2018Baila da Inclus\u00e3o\u2019, festa de Carnaval \u00e0 fantasia, na noite de quinta-feira (16), no Centro Social dos Servidores do Estado, destinado a pessoas com defici\u00eancia.<\/p>\n\n\n\n<p>Os participantes entraram no clima carnavalesco e usaram adornos especiais para o momento e pintura facial com motivos da festa de momo. Houve, ainda, desfile de fantasias e apresenta\u00e7\u00e3o de atra\u00e7\u00f5es culturais. A novidade ficou por conta de um espa\u00e7o sensorial com musicoterapia, voltado para crian\u00e7as com autismo.<\/p>\n\n\n\n<p>\u00a0O deputado Neto Evangelista afirmou que a proposta do baile chega a emocionar por sua import\u00e2ncia quanto \u00e0 quest\u00e3o da inclus\u00e3o. \u201c\u00c9 uma a\u00e7\u00e3o importante e envolvente, que merece nosso aplauso\u201d, afirmou o parlamentar, que parabenizou o governador Carlos Brand\u00e3o pela iniciativa.<\/p>\n\n\n\n<div class=\"wp-block-image\"><figure class=\"aligncenter is-resized\"><img decoding=\"async\" src=\"https:\/\/www.al.ma.leg.br\/fotos\/274ac48a27d354f4e789ddf2fa9cd507.jpeg\" alt=\"Governadora em exerc\u00edcio Iracema Vale com participantes do \" width=\"638\" height=\"425\"\/><figcaption>Governadora em exerc\u00edcio Iracema Vale com participantes do &#8216;Baile da Inclus\u00e3o&#8217;<br><br><\/figcaption><\/figure><\/div>\n\n\n\n<p>Evangelista disse ainda que est\u00e1 disponibilizando emenda parlamentar para viabilizar a constru\u00e7\u00e3o da sede pr\u00f3pria da Associa\u00e7\u00e3o dos Amigos dos Autistas &#8211; AMA.<\/p>\n\n\n\n<p>Deputado Roberto Costa destacou que a realiza\u00e7\u00e3o dessa festa \u00e9 a confirma\u00e7\u00e3o da sensibilidade do governo Brand\u00e3o para com as pessoas com defici\u00eancia. \u201c\u00c9 uma gest\u00e3o que tem um olhar ampliado em todas as dire\u00e7\u00f5es e esse \u00e9 um gesto bonito porque oferece o lazer e a inclus\u00e3o\u201d, disse.<\/p>\n\n\n\n<p>Ant\u00f4nio Pereira ressaltou que o \u2018Baila da Inclus\u00e3o\u2019 significava um gesto de carinho do governo para com esse p\u00fablico. \u201cIsso mostra um governo preocupado com todas as camadas da nossa sociedade\u201d, afirmou.<\/p>\n\n\n\n<p><strong>Respeito<\/strong><\/p>\n\n\n\n<p>&nbsp;A governadora em exerc\u00edcio Iracema Vale destacou que inclus\u00e3o significa respeito e amor. \u201cRepresenta carinho, solidariedade, afei\u00e7\u00e3o. O governo Brand\u00e3o mostra que est\u00e1 no caminho certo quando desenvolve a\u00e7\u00f5es importantes como esta. Aproveito para informar que vamos criar na Assembleia Legislativa a Procuradoria da Pessoa com Defici\u00eancia, a exemplo da Procuradoria da Mulher, que j\u00e1 existe na Casa\u201d, afirmou.<\/p>\n","protected":false},"excerpt":{"rendered":"<p>S\u00e3o Lu\u00eds &#8211; Os deputados Roberto Costa (MDB), Ana do G\u00e1s (PCdoB), Neto Evangelista (Uni\u00e3o Brasil) e Ant\u00f4nio Pereira (PSB), [&hellip;]<\/p>\n","protected":false},"author":4,"featured_media":0,"comment_status":"open","ping_status":"open","sticky":false,"template":"","format":"standard","meta":{"site-sidebar-layout":"default","site-content-layout":"","ast-site-content-layout":"default","site-content-style":"default","site-sidebar-style":"default","ast-global-header-display":"","ast-banner-title-visibility":"","ast-main-header-display":"","ast-hfb-above-header-display":"","ast-hfb-below-header-display":"","ast-hfb-mobile-header-display":"","site-post-title":"","ast-breadcrumbs-content":"","ast-featured-img":"","footer-sml-layout":"","ast-disable-related-posts":"","theme-transparent-header-meta":"","adv-header-id-meta":"","stick-header-meta":"","header-above-stick-meta":"","header-main-stick-meta":"","header-below-stick-meta":"","astra-migrate-meta-layouts":"default","ast-page-background-enabled":"default","ast-page-background-meta":{"desktop":{"background-color":"var(--ast-global-color-5)","background-image":"","background-repeat":"repeat","background-position":"center center","background-size":"auto","background-attachment":"scroll","background-type":"","background-media":"","overlay-type":"","overlay-color":"","overlay-opacity":"","overlay-gradient":""},"tablet":{"background-color":"","background-image":"","background-repeat":"repeat","background-position":"center center","background-size":"auto","background-attachment":"scroll","background-type":"","background-media":"","overlay-type":"","overlay-color":"","overlay-opacity":"","overlay-gradient":""},"mobile":{"background-color":"","background-image":"","background-repeat":"repeat","background-position":"center center","background-size":"auto","background-attachment":"scroll","background-type":"","background-media":"","overlay-type":"","overlay-color":"","overlay-opacity":"","overlay-gradient":""}},"ast-content-background-meta":{"desktop":{"background-color":"var(--ast-global-color-4)","background-image":"","background-repeat":"repeat","background-position":"center center","background-size":"auto","background-attachment":"scroll","background-type":"","background-media":"","overlay-type":"","overlay-color":"","overlay-opacity":"","overlay-gradient":""},"tablet":{"background-color":"var(--ast-global-color-4)","background-image":"","background-repeat":"repeat","background-position":"center center","background-size":"auto","background-attachment":"scroll","background-type":"","background-media":"","overlay-type":"","overlay-color":"","overlay-opacity":"","overlay-gradient":""},"mobile":{"background-color":"var(--ast-global-color-4)","background-image":"","background-repeat":"repeat","background-position":"center center","background-size":"auto","background-attachment":"scroll","background-type":"","background-media":"","overlay-type":"","overlay-color":"","overlay-opacity":"","overlay-gradient":""}},"footnotes":""},"categories":[1],"tags":[],"class_list":["post-8659","post","type-post","status-publish","format-standard","hentry","category-sem-categoria"],"yoast_head":"<!-- This site is optimized with the Yoast SEO plugin v26.6 - https:\/\/yoast.com\/wordpress\/plugins\/seo\/ -->\n<title>Carnaval - Parlamentares prestigiam \u2018Baile da Inclus\u00e3o\u2019 realizado pelo Governo do Estado - Evandro Junior<\/title>\n<meta name=\"robots\" content=\"index, follow, max-snippet:-1, max-image-preview:large, max-video-preview:-1\" \/>\n<link rel=\"canonical\" href=\"https:\/\/www.blogsoestado.com\/evandrojunior\/2023\/02\/17\/carnaval-parlamentares-prestigiam-baile-da-inclusao-realizado-pelo-governo-do-estado\/\" \/>\n<meta property=\"og:locale\" content=\"pt_BR\" \/>\n<meta property=\"og:type\" content=\"article\" \/>\n<meta property=\"og:title\" content=\"Carnaval - Parlamentares prestigiam \u2018Baile da Inclus\u00e3o\u2019 realizado pelo Governo do Estado - Evandro Junior\" \/>\n<meta property=\"og:description\" content=\"S\u00e3o Lu\u00eds &#8211; Os deputados Roberto Costa (MDB), Ana do G\u00e1s (PCdoB), Neto Evangelista (Uni\u00e3o Brasil) e Ant\u00f4nio Pereira (PSB), [&hellip;]\" \/>\n<meta property=\"og:url\" content=\"https:\/\/www.blogsoestado.com\/evandrojunior\/2023\/02\/17\/carnaval-parlamentares-prestigiam-baile-da-inclusao-realizado-pelo-governo-do-estado\/\" \/>\n<meta property=\"og:site_name\" content=\"Evandro Junior\" \/>\n<meta property=\"article:published_time\" content=\"2023-02-17T10:33:16+00:00\" \/>\n<meta property=\"og:image\" content=\"https:\/\/www.blogsoestado.com\/evandrojunior\/files\/2023\/02\/WhatsApp-Image-2023-02-17-at-07.30.36.jpeg\" \/>\n<meta name=\"author\" content=\"Evandro Junior\" \/>\n<meta name=\"twitter:card\" content=\"summary_large_image\" \/>\n<meta name=\"twitter:label1\" content=\"Escrito por\" \/>\n\t<meta name=\"twitter:data1\" content=\"Evandro Junior\" \/>\n\t<meta name=\"twitter:label2\" content=\"Est. tempo de leitura\" \/>\n\t<meta name=\"twitter:data2\" content=\"2 minutos\" \/>\n<script type=\"application\/ld+json\" class=\"yoast-schema-graph\">{\"@context\":\"https:\/\/schema.org\",\"@graph\":[{\"@type\":\"WebPage\",\"@id\":\"https:\/\/www.blogsoestado.com\/evandrojunior\/2023\/02\/17\/carnaval-parlamentares-prestigiam-baile-da-inclusao-realizado-pelo-governo-do-estado\/\",\"url\":\"https:\/\/www.blogsoestado.com\/evandrojunior\/2023\/02\/17\/carnaval-parlamentares-prestigiam-baile-da-inclusao-realizado-pelo-governo-do-estado\/\",\"name\":\"Carnaval - Parlamentares prestigiam \u2018Baile da Inclus\u00e3o\u2019 realizado pelo Governo do Estado - Evandro Junior\",\"isPartOf\":{\"@id\":\"https:\/\/www.blogsoestado.com\/evandrojunior\/#website\"},\"primaryImageOfPage\":{\"@id\":\"https:\/\/www.blogsoestado.com\/evandrojunior\/2023\/02\/17\/carnaval-parlamentares-prestigiam-baile-da-inclusao-realizado-pelo-governo-do-estado\/#primaryimage\"},\"image\":{\"@id\":\"https:\/\/www.blogsoestado.com\/evandrojunior\/2023\/02\/17\/carnaval-parlamentares-prestigiam-baile-da-inclusao-realizado-pelo-governo-do-estado\/#primaryimage\"},\"thumbnailUrl\":\"https:\/\/www.blogsoestado.com\/evandrojunior\/files\/2023\/02\/WhatsApp-Image-2023-02-17-at-07.30.36.jpeg\",\"datePublished\":\"2023-02-17T10:33:16+00:00\",\"author\":{\"@id\":\"https:\/\/www.blogsoestado.com\/evandrojunior\/#\/schema\/person\/3e6c3d8dbb740d1c6878ebc935cfb3be\"},\"breadcrumb\":{\"@id\":\"https:\/\/www.blogsoestado.com\/evandrojunior\/2023\/02\/17\/carnaval-parlamentares-prestigiam-baile-da-inclusao-realizado-pelo-governo-do-estado\/#breadcrumb\"},\"inLanguage\":\"pt-BR\",\"potentialAction\":[{\"@type\":\"ReadAction\",\"target\":[\"https:\/\/www.blogsoestado.com\/evandrojunior\/2023\/02\/17\/carnaval-parlamentares-prestigiam-baile-da-inclusao-realizado-pelo-governo-do-estado\/\"]}]},{\"@type\":\"ImageObject\",\"inLanguage\":\"pt-BR\",\"@id\":\"https:\/\/www.blogsoestado.com\/evandrojunior\/2023\/02\/17\/carnaval-parlamentares-prestigiam-baile-da-inclusao-realizado-pelo-governo-do-estado\/#primaryimage\",\"url\":\"https:\/\/www.blogsoestado.com\/evandrojunior\/files\/2023\/02\/WhatsApp-Image-2023-02-17-at-07.30.36.jpeg\",\"contentUrl\":\"https:\/\/www.blogsoestado.com\/evandrojunior\/files\/2023\/02\/WhatsApp-Image-2023-02-17-at-07.30.36.jpeg\"},{\"@type\":\"BreadcrumbList\",\"@id\":\"https:\/\/www.blogsoestado.com\/evandrojunior\/2023\/02\/17\/carnaval-parlamentares-prestigiam-baile-da-inclusao-realizado-pelo-governo-do-estado\/#breadcrumb\",\"itemListElement\":[{\"@type\":\"ListItem\",\"position\":1,\"name\":\"In\u00edcio\",\"item\":\"https:\/\/www.blogsoestado.com\/evandrojunior\/\"},{\"@type\":\"ListItem\",\"position\":2,\"name\":\"Carnaval &#8211; Parlamentares prestigiam \u2018Baile da Inclus\u00e3o\u2019 realizado pelo Governo do Estado\"}]},{\"@type\":\"WebSite\",\"@id\":\"https:\/\/www.blogsoestado.com\/evandrojunior\/#website\",\"url\":\"https:\/\/www.blogsoestado.com\/evandrojunior\/\",\"name\":\"Evandro Junior\",\"description\":\"\",\"potentialAction\":[{\"@type\":\"SearchAction\",\"target\":{\"@type\":\"EntryPoint\",\"urlTemplate\":\"https:\/\/www.blogsoestado.com\/evandrojunior\/?s={search_term_string}\"},\"query-input\":{\"@type\":\"PropertyValueSpecification\",\"valueRequired\":true,\"valueName\":\"search_term_string\"}}],\"inLanguage\":\"pt-BR\"},{\"@type\":\"Person\",\"@id\":\"https:\/\/www.blogsoestado.com\/evandrojunior\/#\/schema\/person\/3e6c3d8dbb740d1c6878ebc935cfb3be\",\"name\":\"Evandro Junior\",\"image\":{\"@type\":\"ImageObject\",\"inLanguage\":\"pt-BR\",\"@id\":\"https:\/\/www.blogsoestado.com\/evandrojunior\/#\/schema\/person\/image\/\",\"url\":\"https:\/\/secure.gravatar.com\/avatar\/f80a03a2294a580cd2318bfb459bf354cfa8be661ef3d95b542cf9a04af8d129?s=96&d=mm&r=g\",\"contentUrl\":\"https:\/\/secure.gravatar.com\/avatar\/f80a03a2294a580cd2318bfb459bf354cfa8be661ef3d95b542cf9a04af8d129?s=96&d=mm&r=g\",\"caption\":\"Evandro Junior\"},\"url\":\"https:\/\/www.blogsoestado.com\/evandrojunior\/author\/evandrojunior\/\"}]}<\/script>\n<!-- \/ Yoast SEO plugin. -->","yoast_head_json":{"title":"Carnaval - Parlamentares prestigiam \u2018Baile da Inclus\u00e3o\u2019 realizado pelo Governo do Estado - Evandro Junior","robots":{"index":"index","follow":"follow","max-snippet":"max-snippet:-1","max-image-preview":"max-image-preview:large","max-video-preview":"max-video-preview:-1"},"canonical":"https:\/\/www.blogsoestado.com\/evandrojunior\/2023\/02\/17\/carnaval-parlamentares-prestigiam-baile-da-inclusao-realizado-pelo-governo-do-estado\/","og_locale":"pt_BR","og_type":"article","og_title":"Carnaval - Parlamentares prestigiam \u2018Baile da Inclus\u00e3o\u2019 realizado pelo Governo do Estado - Evandro Junior","og_description":"S\u00e3o Lu\u00eds &#8211; Os deputados Roberto Costa (MDB), Ana do G\u00e1s (PCdoB), Neto Evangelista (Uni\u00e3o Brasil) e Ant\u00f4nio Pereira (PSB), [&hellip;]","og_url":"https:\/\/www.blogsoestado.com\/evandrojunior\/2023\/02\/17\/carnaval-parlamentares-prestigiam-baile-da-inclusao-realizado-pelo-governo-do-estado\/","og_site_name":"Evandro Junior","article_published_time":"2023-02-17T10:33:16+00:00","og_image":[{"url":"https:\/\/www.blogsoestado.com\/evandrojunior\/files\/2023\/02\/WhatsApp-Image-2023-02-17-at-07.30.36.jpeg","type":"","width":"","height":""}],"author":"Evandro Junior","twitter_card":"summary_large_image","twitter_misc":{"Escrito por":"Evandro Junior","Est. tempo de leitura":"2 minutos"},"schema":{"@context":"https:\/\/schema.org","@graph":[{"@type":"WebPage","@id":"https:\/\/www.blogsoestado.com\/evandrojunior\/2023\/02\/17\/carnaval-parlamentares-prestigiam-baile-da-inclusao-realizado-pelo-governo-do-estado\/","url":"https:\/\/www.blogsoestado.com\/evandrojunior\/2023\/02\/17\/carnaval-parlamentares-prestigiam-baile-da-inclusao-realizado-pelo-governo-do-estado\/","name":"Carnaval - Parlamentares prestigiam \u2018Baile da Inclus\u00e3o\u2019 realizado pelo Governo do Estado - Evandro Junior","isPartOf":{"@id":"https:\/\/www.blogsoestado.com\/evandrojunior\/#website"},"primaryImageOfPage":{"@id":"https:\/\/www.blogsoestado.com\/evandrojunior\/2023\/02\/17\/carnaval-parlamentares-prestigiam-baile-da-inclusao-realizado-pelo-governo-do-estado\/#primaryimage"},"image":{"@id":"https:\/\/www.blogsoestado.com\/evandrojunior\/2023\/02\/17\/carnaval-parlamentares-prestigiam-baile-da-inclusao-realizado-pelo-governo-do-estado\/#primaryimage"},"thumbnailUrl":"https:\/\/www.blogsoestado.com\/evandrojunior\/files\/2023\/02\/WhatsApp-Image-2023-02-17-at-07.30.36.jpeg","datePublished":"2023-02-17T10:33:16+00:00","author":{"@id":"https:\/\/www.blogsoestado.com\/evandrojunior\/#\/schema\/person\/3e6c3d8dbb740d1c6878ebc935cfb3be"},"breadcrumb":{"@id":"https:\/\/www.blogsoestado.com\/evandrojunior\/2023\/02\/17\/carnaval-parlamentares-prestigiam-baile-da-inclusao-realizado-pelo-governo-do-estado\/#breadcrumb"},"inLanguage":"pt-BR","potentialAction":[{"@type":"ReadAction","target":["https:\/\/www.blogsoestado.com\/evandrojunior\/2023\/02\/17\/carnaval-parlamentares-prestigiam-baile-da-inclusao-realizado-pelo-governo-do-estado\/"]}]},{"@type":"ImageObject","inLanguage":"pt-BR","@id":"https:\/\/www.blogsoestado.com\/evandrojunior\/2023\/02\/17\/carnaval-parlamentares-prestigiam-baile-da-inclusao-realizado-pelo-governo-do-estado\/#primaryimage","url":"https:\/\/www.blogsoestado.com\/evandrojunior\/files\/2023\/02\/WhatsApp-Image-2023-02-17-at-07.30.36.jpeg","contentUrl":"https:\/\/www.blogsoestado.com\/evandrojunior\/files\/2023\/02\/WhatsApp-Image-2023-02-17-at-07.30.36.jpeg"},{"@type":"BreadcrumbList","@id":"https:\/\/www.blogsoestado.com\/evandrojunior\/2023\/02\/17\/carnaval-parlamentares-prestigiam-baile-da-inclusao-realizado-pelo-governo-do-estado\/#breadcrumb","itemListElement":[{"@type":"ListItem","position":1,"name":"In\u00edcio","item":"https:\/\/www.blogsoestado.com\/evandrojunior\/"},{"@type":"ListItem","position":2,"name":"Carnaval &#8211; Parlamentares prestigiam \u2018Baile da Inclus\u00e3o\u2019 realizado pelo Governo do Estado"}]},{"@type":"WebSite","@id":"https:\/\/www.blogsoestado.com\/evandrojunior\/#website","url":"https:\/\/www.blogsoestado.com\/evandrojunior\/","name":"Evandro Junior","description":"","potentialAction":[{"@type":"SearchAction","target":{"@type":"EntryPoint","urlTemplate":"https:\/\/www.blogsoestado.com\/evandrojunior\/?s={search_term_string}"},"query-input":{"@type":"PropertyValueSpecification","valueRequired":true,"valueName":"search_term_string"}}],"inLanguage":"pt-BR"},{"@type":"Person","@id":"https:\/\/www.blogsoestado.com\/evandrojunior\/#\/schema\/person\/3e6c3d8dbb740d1c6878ebc935cfb3be","name":"Evandro Junior","image":{"@type":"ImageObject","inLanguage":"pt-BR","@id":"https:\/\/www.blogsoestado.com\/evandrojunior\/#\/schema\/person\/image\/","url":"https:\/\/secure.gravatar.com\/avatar\/f80a03a2294a580cd2318bfb459bf354cfa8be661ef3d95b542cf9a04af8d129?s=96&d=mm&r=g","contentUrl":"https:\/\/secure.gravatar.com\/avatar\/f80a03a2294a580cd2318bfb459bf354cfa8be661ef3d95b542cf9a04af8d129?s=96&d=mm&r=g","caption":"Evandro Junior"},"url":"https:\/\/www.blogsoestado.com\/evandrojunior\/author\/evandrojunior\/"}]}},"jetpack_featured_media_url":"","_links":{"self":[{"href":"https:\/\/www.blogsoestado.com\/evandrojunior\/wp-json\/wp\/v2\/posts\/8659","targetHints":{"allow":["GET"]}}],"collection":[{"href":"https:\/\/www.blogsoestado.com\/evandrojunior\/wp-json\/wp\/v2\/posts"}],"about":[{"href":"https:\/\/www.blogsoestado.com\/evandrojunior\/wp-json\/wp\/v2\/types\/post"}],"author":[{"embeddable":true,"href":"https:\/\/www.blogsoestado.com\/evandrojunior\/wp-json\/wp\/v2\/users\/4"}],"replies":[{"embeddable":true,"href":"https:\/\/www.blogsoestado.com\/evandrojunior\/wp-json\/wp\/v2\/comments?post=8659"}],"version-history":[{"count":0,"href":"https:\/\/www.blogsoestado.com\/evandrojunior\/wp-json\/wp\/v2\/posts\/8659\/revisions"}],"wp:attachment":[{"href":"https:\/\/www.blogsoestado.com\/evandrojunior\/wp-json\/wp\/v2\/media?parent=8659"}],"wp:term":[{"taxonomy":"category","embeddable":true,"href":"https:\/\/www.blogsoestado.com\/evandrojunior\/wp-json\/wp\/v2\/categories?post=8659"},{"taxonomy":"post_tag","embeddable":true,"href":"https:\/\/www.blogsoestado.com\/evandrojunior\/wp-json\/wp\/v2\/tags?post=8659"}],"curies":[{"name":"wp","href":"https:\/\/api.w.org\/{rel}","templated":true}]}}