{"id":8663,"date":"2023-02-17T07:36:17","date_gmt":"2023-02-17T10:36:17","guid":{"rendered":"https:\/\/www.blogsoestado.com\/evandrojunior\/?p=8663"},"modified":"2023-02-17T07:36:17","modified_gmt":"2023-02-17T10:36:17","slug":"deputados-participam-da-entrega-de-quadra-poliesportiva-em-complexo-comunitario-do-tibiri","status":"publish","type":"post","link":"https:\/\/www.blogsoestado.com\/evandrojunior\/2023\/02\/17\/deputados-participam-da-entrega-de-quadra-poliesportiva-em-complexo-comunitario-do-tibiri\/","title":{"rendered":"Deputados participam da entrega de quadra poliesportiva em Complexo Comunit\u00e1rio do Tibiri"},"content":{"rendered":"\n<div class=\"wp-block-image\"><figure class=\"aligncenter is-resized\"><img fetchpriority=\"high\" decoding=\"async\" src=\"https:\/\/www.al.ma.leg.br\/fotos\/3886fdfee8c31d9fb47ba306e654dea5.jpeg\" alt=\"Deputados participam da entrega de quadra poliesportiva em Complexo Comunit\u00e1rio do Tibiri\" width=\"604\" height=\"403\"\/><figcaption><strong>Deputados com a governadora em exerc\u00edcio Iracema Vale, na inaugura\u00e7\u00e3o da quadra poliesportiva do Tibiri<br><\/strong><\/figcaption><\/figure><\/div>\n\n\n\n<p><strong>S\u00e3o Lu\u00eds <\/strong>&#8211; Acompanhados da governadora em exerc\u00edcio Iracema Vale, um grupo de deputados liderados pelo presidente interino da Assembleia Legislativa do Maranh\u00e3o, Rodrigo Lago (PCdoB), participaram, nesta quinta-feira (16), da inaugura\u00e7\u00e3o da quadra poliesportiva do Complexo Comunit\u00e1rio do Tibiri. A obra foi constru\u00edda pelo Governo do Estado.<\/p>\n\n\n\n<p>Estiveram presentes \u00e0 solenidade de entrega da quadra os deputados estaduais Neto Evangelista (Uni\u00e3o Brasil), Ant\u00f4nio Pereira (PSB), Jana\u00edna Ramos (Republicanos), Roberto Costa (MDB) e J\u00falio Mendon\u00e7a (PC do B).&nbsp; Participaram ainda a titular da Secretaria Estadual de Infraestrutura (Secid), Lene Rodrigues, e o deputado federal M\u00e1rcio Jerry (PCdoB).<\/p>\n\n\n\n<p>O presidente interino da Alema, Rodrigo Lago, enfatizou que a quadra significava muito para a comunidade, principalmente para a juventude, que agora tem um local adequado para a pr\u00e1tica do esporte. \u201cUma obra importante que, al\u00e9m de ofertar uma nova pra\u00e7a esportiva \u00e0 comunidade, proporcionou a revitaliza\u00e7\u00e3o de todo o complexo, que \u00e9 dotado de playground e equipamentos para atividades f\u00edsicas. \u00c9 mais uma das in\u00fameras interven\u00e7\u00f5es executadas pelo governo Carlos Brand\u00e3o\u201d, disse<\/p>\n\n\n\n<p>Neto Evangelista lembrou que a governadora Iracema Vale vem fazendo a diferen\u00e7a por ser a primeira mulher presidente da Assembleia Legislativa do Maranh\u00e3o. Ele enfatizou que, como substituta do governador Carlos Brand\u00e3o, vem agradando a classe pol\u00edtica e a sociedade. \u201cAgora, ela vivencia mais um importante momento ao entregar essa quadra poliesportiva que era um anseio da comunidade, concretizado pelo governador Brand\u00e3o\u201d, enfatizou o deputado.<\/p>\n\n\n\n<div class=\"wp-block-image\"><figure class=\"aligncenter is-resized\"><img decoding=\"async\" src=\"https:\/\/www.al.ma.leg.br\/fotos\/2f63b3bb71bc8c26ce13d802d305e9a0.jpeg\" alt=\"Descerramento da placa inaugural da quadra poliesportiva do Tibiri \" width=\"580\" height=\"386\"\/><figcaption><strong>Descerramento da placa inaugural da quadra poliesportiva do Tibiri<br><\/strong><br><\/figcaption><\/figure><\/div>\n\n\n\n<p>Tamb\u00e9m presentes \u00e0 entrega, os deputados Ant\u00f4nio Pereira e Roberto Costa destacaram que o esporte \u00e9 fundamental para a socializa\u00e7\u00e3o das crian\u00e7as e para auxiliar na sa\u00fade de adultos e idosos. Informaram que a quadra \u00e9 o resultado de um trabalho que envolveu a comunidade e a classe, solicitada pelo l\u00edder comunit\u00e1rio Fernando C\u00e9sar, atrav\u00e9s do suplente de vereador Romeo Amim, e executada pela Secid.<\/p>\n\n\n\n<p>A governadora em exerc\u00edcio Iracema Vale afirmou que a inaugura\u00e7\u00e3o da quadra faz parte do planejamento do governador Carlos Brand\u00e3o, de entregar 300 obras em 100 dias. \u201cAqui foram investidos cerca de R$ 1 milh\u00e3o. Foi realizada a reforma do pr\u00e9dio, constru\u00edda a quadra, instalado playground, propiciando um belo espa\u00e7o de lazer \u00e0 comunidade. Eu me sinto muito feliz em inaugurar essa obra que vai beneficiar uma grande comunidade como a do Tibiri\u201d, destacou.<\/p>\n","protected":false},"excerpt":{"rendered":"<p>S\u00e3o Lu\u00eds &#8211; Acompanhados da governadora em exerc\u00edcio Iracema Vale, um grupo de deputados liderados pelo presidente interino da Assembleia [&hellip;]<\/p>\n","protected":false},"author":4,"featured_media":0,"comment_status":"open","ping_status":"open","sticky":false,"template":"","format":"standard","meta":{"site-sidebar-layout":"default","site-content-layout":"","ast-site-content-layout":"default","site-content-style":"default","site-sidebar-style":"default","ast-global-header-display":"","ast-banner-title-visibility":"","ast-main-header-display":"","ast-hfb-above-header-display":"","ast-hfb-below-header-display":"","ast-hfb-mobile-header-display":"","site-post-title":"","ast-breadcrumbs-content":"","ast-featured-img":"","footer-sml-layout":"","ast-disable-related-posts":"","theme-transparent-header-meta":"","adv-header-id-meta":"","stick-header-meta":"","header-above-stick-meta":"","header-main-stick-meta":"","header-below-stick-meta":"","astra-migrate-meta-layouts":"default","ast-page-background-enabled":"default","ast-page-background-meta":{"desktop":{"background-color":"var(--ast-global-color-5)","background-image":"","background-repeat":"repeat","background-position":"center center","background-size":"auto","background-attachment":"scroll","background-type":"","background-media":"","overlay-type":"","overlay-color":"","overlay-opacity":"","overlay-gradient":""},"tablet":{"background-color":"","background-image":"","background-repeat":"repeat","background-position":"center center","background-size":"auto","background-attachment":"scroll","background-type":"","background-media":"","overlay-type":"","overlay-color":"","overlay-opacity":"","overlay-gradient":""},"mobile":{"background-color":"","background-image":"","background-repeat":"repeat","background-position":"center center","background-size":"auto","background-attachment":"scroll","background-type":"","background-media":"","overlay-type":"","overlay-color":"","overlay-opacity":"","overlay-gradient":""}},"ast-content-background-meta":{"desktop":{"background-color":"var(--ast-global-color-4)","background-image":"","background-repeat":"repeat","background-position":"center center","background-size":"auto","background-attachment":"scroll","background-type":"","background-media":"","overlay-type":"","overlay-color":"","overlay-opacity":"","overlay-gradient":""},"tablet":{"background-color":"var(--ast-global-color-4)","background-image":"","background-repeat":"repeat","background-position":"center center","background-size":"auto","background-attachment":"scroll","background-type":"","background-media":"","overlay-type":"","overlay-color":"","overlay-opacity":"","overlay-gradient":""},"mobile":{"background-color":"var(--ast-global-color-4)","background-image":"","background-repeat":"repeat","background-position":"center center","background-size":"auto","background-attachment":"scroll","background-type":"","background-media":"","overlay-type":"","overlay-color":"","overlay-opacity":"","overlay-gradient":""}},"footnotes":""},"categories":[1],"tags":[],"class_list":["post-8663","post","type-post","status-publish","format-standard","hentry","category-sem-categoria"],"yoast_head":"<!-- This site is optimized with the Yoast SEO plugin v26.6 - https:\/\/yoast.com\/wordpress\/plugins\/seo\/ -->\n<title>Deputados participam da entrega de quadra poliesportiva em Complexo Comunit\u00e1rio do Tibiri - Evandro Junior<\/title>\n<meta name=\"robots\" content=\"index, follow, max-snippet:-1, max-image-preview:large, max-video-preview:-1\" \/>\n<link rel=\"canonical\" href=\"https:\/\/www.blogsoestado.com\/evandrojunior\/2023\/02\/17\/deputados-participam-da-entrega-de-quadra-poliesportiva-em-complexo-comunitario-do-tibiri\/\" \/>\n<meta property=\"og:locale\" content=\"pt_BR\" \/>\n<meta property=\"og:type\" content=\"article\" \/>\n<meta property=\"og:title\" content=\"Deputados participam da entrega de quadra poliesportiva em Complexo Comunit\u00e1rio do Tibiri - Evandro Junior\" \/>\n<meta property=\"og:description\" content=\"S\u00e3o Lu\u00eds &#8211; Acompanhados da governadora em exerc\u00edcio Iracema Vale, um grupo de deputados liderados pelo presidente interino da Assembleia [&hellip;]\" \/>\n<meta property=\"og:url\" content=\"https:\/\/www.blogsoestado.com\/evandrojunior\/2023\/02\/17\/deputados-participam-da-entrega-de-quadra-poliesportiva-em-complexo-comunitario-do-tibiri\/\" \/>\n<meta property=\"og:site_name\" content=\"Evandro Junior\" \/>\n<meta property=\"article:published_time\" content=\"2023-02-17T10:36:17+00:00\" \/>\n<meta property=\"og:image\" content=\"https:\/\/www.al.ma.leg.br\/fotos\/3886fdfee8c31d9fb47ba306e654dea5.jpeg\" \/>\n<meta name=\"author\" content=\"Evandro Junior\" \/>\n<meta name=\"twitter:card\" content=\"summary_large_image\" \/>\n<meta name=\"twitter:label1\" content=\"Escrito por\" \/>\n\t<meta name=\"twitter:data1\" content=\"Evandro Junior\" \/>\n\t<meta name=\"twitter:label2\" content=\"Est. tempo de leitura\" \/>\n\t<meta name=\"twitter:data2\" content=\"3 minutos\" \/>\n<script type=\"application\/ld+json\" class=\"yoast-schema-graph\">{\"@context\":\"https:\/\/schema.org\",\"@graph\":[{\"@type\":\"WebPage\",\"@id\":\"https:\/\/www.blogsoestado.com\/evandrojunior\/2023\/02\/17\/deputados-participam-da-entrega-de-quadra-poliesportiva-em-complexo-comunitario-do-tibiri\/\",\"url\":\"https:\/\/www.blogsoestado.com\/evandrojunior\/2023\/02\/17\/deputados-participam-da-entrega-de-quadra-poliesportiva-em-complexo-comunitario-do-tibiri\/\",\"name\":\"Deputados participam da entrega de quadra poliesportiva em Complexo Comunit\u00e1rio do Tibiri - Evandro Junior\",\"isPartOf\":{\"@id\":\"https:\/\/www.blogsoestado.com\/evandrojunior\/#website\"},\"primaryImageOfPage\":{\"@id\":\"https:\/\/www.blogsoestado.com\/evandrojunior\/2023\/02\/17\/deputados-participam-da-entrega-de-quadra-poliesportiva-em-complexo-comunitario-do-tibiri\/#primaryimage\"},\"image\":{\"@id\":\"https:\/\/www.blogsoestado.com\/evandrojunior\/2023\/02\/17\/deputados-participam-da-entrega-de-quadra-poliesportiva-em-complexo-comunitario-do-tibiri\/#primaryimage\"},\"thumbnailUrl\":\"https:\/\/www.al.ma.leg.br\/fotos\/3886fdfee8c31d9fb47ba306e654dea5.jpeg\",\"datePublished\":\"2023-02-17T10:36:17+00:00\",\"author\":{\"@id\":\"https:\/\/www.blogsoestado.com\/evandrojunior\/#\/schema\/person\/3e6c3d8dbb740d1c6878ebc935cfb3be\"},\"breadcrumb\":{\"@id\":\"https:\/\/www.blogsoestado.com\/evandrojunior\/2023\/02\/17\/deputados-participam-da-entrega-de-quadra-poliesportiva-em-complexo-comunitario-do-tibiri\/#breadcrumb\"},\"inLanguage\":\"pt-BR\",\"potentialAction\":[{\"@type\":\"ReadAction\",\"target\":[\"https:\/\/www.blogsoestado.com\/evandrojunior\/2023\/02\/17\/deputados-participam-da-entrega-de-quadra-poliesportiva-em-complexo-comunitario-do-tibiri\/\"]}]},{\"@type\":\"ImageObject\",\"inLanguage\":\"pt-BR\",\"@id\":\"https:\/\/www.blogsoestado.com\/evandrojunior\/2023\/02\/17\/deputados-participam-da-entrega-de-quadra-poliesportiva-em-complexo-comunitario-do-tibiri\/#primaryimage\",\"url\":\"https:\/\/www.al.ma.leg.br\/fotos\/3886fdfee8c31d9fb47ba306e654dea5.jpeg\",\"contentUrl\":\"https:\/\/www.al.ma.leg.br\/fotos\/3886fdfee8c31d9fb47ba306e654dea5.jpeg\"},{\"@type\":\"BreadcrumbList\",\"@id\":\"https:\/\/www.blogsoestado.com\/evandrojunior\/2023\/02\/17\/deputados-participam-da-entrega-de-quadra-poliesportiva-em-complexo-comunitario-do-tibiri\/#breadcrumb\",\"itemListElement\":[{\"@type\":\"ListItem\",\"position\":1,\"name\":\"In\u00edcio\",\"item\":\"https:\/\/www.blogsoestado.com\/evandrojunior\/\"},{\"@type\":\"ListItem\",\"position\":2,\"name\":\"Deputados participam da entrega de quadra poliesportiva em Complexo Comunit\u00e1rio do Tibiri\"}]},{\"@type\":\"WebSite\",\"@id\":\"https:\/\/www.blogsoestado.com\/evandrojunior\/#website\",\"url\":\"https:\/\/www.blogsoestado.com\/evandrojunior\/\",\"name\":\"Evandro Junior\",\"description\":\"\",\"potentialAction\":[{\"@type\":\"SearchAction\",\"target\":{\"@type\":\"EntryPoint\",\"urlTemplate\":\"https:\/\/www.blogsoestado.com\/evandrojunior\/?s={search_term_string}\"},\"query-input\":{\"@type\":\"PropertyValueSpecification\",\"valueRequired\":true,\"valueName\":\"search_term_string\"}}],\"inLanguage\":\"pt-BR\"},{\"@type\":\"Person\",\"@id\":\"https:\/\/www.blogsoestado.com\/evandrojunior\/#\/schema\/person\/3e6c3d8dbb740d1c6878ebc935cfb3be\",\"name\":\"Evandro Junior\",\"image\":{\"@type\":\"ImageObject\",\"inLanguage\":\"pt-BR\",\"@id\":\"https:\/\/www.blogsoestado.com\/evandrojunior\/#\/schema\/person\/image\/\",\"url\":\"https:\/\/secure.gravatar.com\/avatar\/f80a03a2294a580cd2318bfb459bf354cfa8be661ef3d95b542cf9a04af8d129?s=96&d=mm&r=g\",\"contentUrl\":\"https:\/\/secure.gravatar.com\/avatar\/f80a03a2294a580cd2318bfb459bf354cfa8be661ef3d95b542cf9a04af8d129?s=96&d=mm&r=g\",\"caption\":\"Evandro Junior\"},\"url\":\"https:\/\/www.blogsoestado.com\/evandrojunior\/author\/evandrojunior\/\"}]}<\/script>\n<!-- \/ Yoast SEO plugin. -->","yoast_head_json":{"title":"Deputados participam da entrega de quadra poliesportiva em Complexo Comunit\u00e1rio do Tibiri - Evandro Junior","robots":{"index":"index","follow":"follow","max-snippet":"max-snippet:-1","max-image-preview":"max-image-preview:large","max-video-preview":"max-video-preview:-1"},"canonical":"https:\/\/www.blogsoestado.com\/evandrojunior\/2023\/02\/17\/deputados-participam-da-entrega-de-quadra-poliesportiva-em-complexo-comunitario-do-tibiri\/","og_locale":"pt_BR","og_type":"article","og_title":"Deputados participam da entrega de quadra poliesportiva em Complexo Comunit\u00e1rio do Tibiri - Evandro Junior","og_description":"S\u00e3o Lu\u00eds &#8211; Acompanhados da governadora em exerc\u00edcio Iracema Vale, um grupo de deputados liderados pelo presidente interino da Assembleia [&hellip;]","og_url":"https:\/\/www.blogsoestado.com\/evandrojunior\/2023\/02\/17\/deputados-participam-da-entrega-de-quadra-poliesportiva-em-complexo-comunitario-do-tibiri\/","og_site_name":"Evandro Junior","article_published_time":"2023-02-17T10:36:17+00:00","og_image":[{"url":"https:\/\/www.al.ma.leg.br\/fotos\/3886fdfee8c31d9fb47ba306e654dea5.jpeg","type":"","width":"","height":""}],"author":"Evandro Junior","twitter_card":"summary_large_image","twitter_misc":{"Escrito por":"Evandro Junior","Est. tempo de leitura":"3 minutos"},"schema":{"@context":"https:\/\/schema.org","@graph":[{"@type":"WebPage","@id":"https:\/\/www.blogsoestado.com\/evandrojunior\/2023\/02\/17\/deputados-participam-da-entrega-de-quadra-poliesportiva-em-complexo-comunitario-do-tibiri\/","url":"https:\/\/www.blogsoestado.com\/evandrojunior\/2023\/02\/17\/deputados-participam-da-entrega-de-quadra-poliesportiva-em-complexo-comunitario-do-tibiri\/","name":"Deputados participam da entrega de quadra poliesportiva em Complexo Comunit\u00e1rio do Tibiri - Evandro Junior","isPartOf":{"@id":"https:\/\/www.blogsoestado.com\/evandrojunior\/#website"},"primaryImageOfPage":{"@id":"https:\/\/www.blogsoestado.com\/evandrojunior\/2023\/02\/17\/deputados-participam-da-entrega-de-quadra-poliesportiva-em-complexo-comunitario-do-tibiri\/#primaryimage"},"image":{"@id":"https:\/\/www.blogsoestado.com\/evandrojunior\/2023\/02\/17\/deputados-participam-da-entrega-de-quadra-poliesportiva-em-complexo-comunitario-do-tibiri\/#primaryimage"},"thumbnailUrl":"https:\/\/www.al.ma.leg.br\/fotos\/3886fdfee8c31d9fb47ba306e654dea5.jpeg","datePublished":"2023-02-17T10:36:17+00:00","author":{"@id":"https:\/\/www.blogsoestado.com\/evandrojunior\/#\/schema\/person\/3e6c3d8dbb740d1c6878ebc935cfb3be"},"breadcrumb":{"@id":"https:\/\/www.blogsoestado.com\/evandrojunior\/2023\/02\/17\/deputados-participam-da-entrega-de-quadra-poliesportiva-em-complexo-comunitario-do-tibiri\/#breadcrumb"},"inLanguage":"pt-BR","potentialAction":[{"@type":"ReadAction","target":["https:\/\/www.blogsoestado.com\/evandrojunior\/2023\/02\/17\/deputados-participam-da-entrega-de-quadra-poliesportiva-em-complexo-comunitario-do-tibiri\/"]}]},{"@type":"ImageObject","inLanguage":"pt-BR","@id":"https:\/\/www.blogsoestado.com\/evandrojunior\/2023\/02\/17\/deputados-participam-da-entrega-de-quadra-poliesportiva-em-complexo-comunitario-do-tibiri\/#primaryimage","url":"https:\/\/www.al.ma.leg.br\/fotos\/3886fdfee8c31d9fb47ba306e654dea5.jpeg","contentUrl":"https:\/\/www.al.ma.leg.br\/fotos\/3886fdfee8c31d9fb47ba306e654dea5.jpeg"},{"@type":"BreadcrumbList","@id":"https:\/\/www.blogsoestado.com\/evandrojunior\/2023\/02\/17\/deputados-participam-da-entrega-de-quadra-poliesportiva-em-complexo-comunitario-do-tibiri\/#breadcrumb","itemListElement":[{"@type":"ListItem","position":1,"name":"In\u00edcio","item":"https:\/\/www.blogsoestado.com\/evandrojunior\/"},{"@type":"ListItem","position":2,"name":"Deputados participam da entrega de quadra poliesportiva em Complexo Comunit\u00e1rio do Tibiri"}]},{"@type":"WebSite","@id":"https:\/\/www.blogsoestado.com\/evandrojunior\/#website","url":"https:\/\/www.blogsoestado.com\/evandrojunior\/","name":"Evandro Junior","description":"","potentialAction":[{"@type":"SearchAction","target":{"@type":"EntryPoint","urlTemplate":"https:\/\/www.blogsoestado.com\/evandrojunior\/?s={search_term_string}"},"query-input":{"@type":"PropertyValueSpecification","valueRequired":true,"valueName":"search_term_string"}}],"inLanguage":"pt-BR"},{"@type":"Person","@id":"https:\/\/www.blogsoestado.com\/evandrojunior\/#\/schema\/person\/3e6c3d8dbb740d1c6878ebc935cfb3be","name":"Evandro Junior","image":{"@type":"ImageObject","inLanguage":"pt-BR","@id":"https:\/\/www.blogsoestado.com\/evandrojunior\/#\/schema\/person\/image\/","url":"https:\/\/secure.gravatar.com\/avatar\/f80a03a2294a580cd2318bfb459bf354cfa8be661ef3d95b542cf9a04af8d129?s=96&d=mm&r=g","contentUrl":"https:\/\/secure.gravatar.com\/avatar\/f80a03a2294a580cd2318bfb459bf354cfa8be661ef3d95b542cf9a04af8d129?s=96&d=mm&r=g","caption":"Evandro Junior"},"url":"https:\/\/www.blogsoestado.com\/evandrojunior\/author\/evandrojunior\/"}]}},"jetpack_featured_media_url":"","_links":{"self":[{"href":"https:\/\/www.blogsoestado.com\/evandrojunior\/wp-json\/wp\/v2\/posts\/8663","targetHints":{"allow":["GET"]}}],"collection":[{"href":"https:\/\/www.blogsoestado.com\/evandrojunior\/wp-json\/wp\/v2\/posts"}],"about":[{"href":"https:\/\/www.blogsoestado.com\/evandrojunior\/wp-json\/wp\/v2\/types\/post"}],"author":[{"embeddable":true,"href":"https:\/\/www.blogsoestado.com\/evandrojunior\/wp-json\/wp\/v2\/users\/4"}],"replies":[{"embeddable":true,"href":"https:\/\/www.blogsoestado.com\/evandrojunior\/wp-json\/wp\/v2\/comments?post=8663"}],"version-history":[{"count":0,"href":"https:\/\/www.blogsoestado.com\/evandrojunior\/wp-json\/wp\/v2\/posts\/8663\/revisions"}],"wp:attachment":[{"href":"https:\/\/www.blogsoestado.com\/evandrojunior\/wp-json\/wp\/v2\/media?parent=8663"}],"wp:term":[{"taxonomy":"category","embeddable":true,"href":"https:\/\/www.blogsoestado.com\/evandrojunior\/wp-json\/wp\/v2\/categories?post=8663"},{"taxonomy":"post_tag","embeddable":true,"href":"https:\/\/www.blogsoestado.com\/evandrojunior\/wp-json\/wp\/v2\/tags?post=8663"}],"curies":[{"name":"wp","href":"https:\/\/api.w.org\/{rel}","templated":true}]}}