{"id":8666,"date":"2023-02-17T07:46:04","date_gmt":"2023-02-17T10:46:04","guid":{"rendered":"https:\/\/www.blogsoestado.com\/evandrojunior\/?p=8666"},"modified":"2023-02-17T07:46:04","modified_gmt":"2023-02-17T10:46:04","slug":"equatorial-maranhao-mobiliza-estrutura-para-seu-plano-operacional-de-carnaval","status":"publish","type":"post","link":"https:\/\/www.blogsoestado.com\/evandrojunior\/2023\/02\/17\/equatorial-maranhao-mobiliza-estrutura-para-seu-plano-operacional-de-carnaval\/","title":{"rendered":"Equatorial Maranh\u00e3o mobiliza estrutura para seu &#8216;Plano Operacional de Carnaval&#8217;"},"content":{"rendered":"\n<div class=\"wp-block-image\"><figure class=\"aligncenter size-large is-resized\"><img fetchpriority=\"high\" decoding=\"async\" src=\"https:\/\/www.blogsoestado.com\/evandrojunior\/files\/2023\/02\/Equipes-de-plantao-estarao-posicionadas-em-pontos-estrategicos-para-atuar-o-mais-rapido-possivel-em-casos-de-ocorrencias-com-a-rede-eletrica-768x1024.jpeg\" alt=\"\" class=\"wp-image-8667\" width=\"456\" height=\"607\"\/><figcaption><strong>Equipes da Equatorial envolvidas no plant\u00e3o especial de carnaval estar\u00e3o posicionadas em pontos estrat\u00e9gicos nos circuitos oficiais da folia<\/strong><\/figcaption><\/figure><\/div>\n\n\n\n<p><strong>S\u00e3o Lu\u00eds<\/strong> &#8211; Depois de dois anos sem carnaval nas ruas\u00a0por causa da pandemia, a festa voltou com tudo e a popula\u00e7\u00e3o est\u00e1 ansiosa pelos dias de folia. Por isso, a Equatorial Maranh\u00e3o preparou seu\u00a0&#8216;Plano Operacional de Carnaval&#8217;\u00a0para o fornecimento de energia durante o per\u00edodo.<\/p>\n\n\n\n<p>Para manter a\u00a0continuidade e a atua\u00e7\u00e3o \u00e1gil em situa\u00e7\u00f5es contingenciais, o plano operacional, que ter\u00e1 in\u00edcio neste s\u00e1bado (18), e vai at\u00e9 a ter\u00e7a-feira (21), mobilizar\u00e1\u00a0mais de 1.000 profissionais\u00a0entre engenheiros, l\u00edderes, t\u00e9cnicos, analistas, operadores, eletricistas, equipes comerciais e equipes de campo com estruturas de grande porte e caminh\u00f5es de Linha Viva (que permitem a execu\u00e7\u00e3o de servi\u00e7os mais complexos sem precisar desligar a energia).\u00a0Todos estar\u00e3o em regime de plant\u00e3o, prontos para atender poss\u00edveis demandas durante o per\u00edodo da folia.<\/p>\n\n\n\n<p>As equipes envolvidas no plant\u00e3o especial de carnaval estar\u00e3o posicionadas em pontos estrat\u00e9gicos nos circuitos oficiais da folia, definidos pelas prefeituras e Governo do Estado, e estar\u00e3o munidas com tecnologia de comunica\u00e7\u00e3o para garantir efici\u00eancia na troca de informa\u00e7\u00f5es com o Centro de Opera\u00e7\u00f5es Integradas (COI) e, com isso, agilizar o atendimento \u00e0s eventuais ocorr\u00eancias relacionadas ao fornecimento da energia el\u00e9trica.<\/p>\n\n\n\n<div class=\"wp-block-image\"><figure class=\"aligncenter size-large is-resized\"><img decoding=\"async\" src=\"https:\/\/www.blogsoestado.com\/evandrojunior\/files\/2023\/02\/Centro-de-Operacoes-Integradas-COI-1024x498.jpeg\" alt=\"\" class=\"wp-image-8668\" width=\"683\" height=\"332\"\/><figcaption><strong>Mais de mil profissionais foram mobilizados pela Equatorial Maranh\u00e3o para o carnaval<\/strong><\/figcaption><\/figure><\/div>\n\n\n\n<p>O gerente de Opera\u00e7\u00f5es da Equatorial Maranh\u00e3o, Luis Filipe Leal, explica como o plano foi desenhado e qual a sua finalidade. \u201cN\u00f3s desenhamos um plano robusto, alinhamos nossas atividades e organizamos um fluxo de atua\u00e7\u00e3o para que em qualquer situa\u00e7\u00e3o emergencial saibamos como agir rapidamente, e dessa forma os clientes tenham m\u00e1xima continuidade no fornecimento de energia e possam curtir o carnaval com energia e seguran\u00e7a, seja nas festas ou retiros espirituais\u201d, pontuou o gerente de Opera\u00e7\u00f5es.\u00a0<\/p>\n\n\n\n<p><strong>A\u00e7\u00f5es de manuten\u00e7\u00e3o preventiva antes do carnaval &#8211;&nbsp;<\/strong>Uma das formas de assegurar o fornecimento e a qualidade da energia \u00e9 com a\u00e7\u00f5es preventivas que ocorrem constantemente, e foram intensificadas, objetivando a diminui\u00e7\u00e3o dos impactos do per\u00edodo chuvoso. E dentre as a\u00e7\u00f5es est\u00e3o: inspe\u00e7\u00e3o pr\u00e9via, lavagem dos componentes das subesta\u00e7\u00f5es e das redes de distribui\u00e7\u00e3o para minimizar os efeitos da polui\u00e7\u00e3o; substitui\u00e7\u00e3o de isoladores, implanta\u00e7\u00e3o de espa\u00e7adores e podas de galhos de \u00e1rvores.<\/p>\n\n\n\n<p>\u00a0<strong>Fique atento ao tr\u00e2nsito e evite transtornos<\/strong><\/p>\n\n\n\n<p>A distribuidora ressalta que em situa\u00e7\u00f5es de falta de energia ou poss\u00edveis acidentes em via p\u00fablica envolvendo postes da rede el\u00e9trica, a popula\u00e7\u00e3o deve entrar em contato com a Equatorial. \u201cInfelizmente \u00e9 comum relatos de acidentes de tr\u00e2nsito envolvendo a rede el\u00e9trica, que tendem a aumentar nesse per\u00edodo. Por isso, em situa\u00e7\u00f5es como essas \u00e9 fundamental que as pessoas informem o caso por meio da Central 116, jamais se aproximem da rede ou cabos ao solo, e acionem tamb\u00e9m o Corpo de Bombeiros no 193 ou SAMU no 192 para prestar socorro \u00e0 v\u00edtima\u201d, pontuou Filipe Leal.<\/p>\n\n\n\n<p>Vale destacar a necessidade de redobrar a aten\u00e7\u00e3o na dire\u00e7\u00e3o para n\u00e3o ocasionar colis\u00f5es contra postes e evitar o desconforto da falta de energia el\u00e9trica.<\/p>\n\n\n\n<p><strong>Atendimento 24 horas \u2013\u00a0\u00a0<\/strong>O atendimento da Equatorial Maranh\u00e3o funciona 24 horas todos os dias pela WhatsApp no n\u00famero (98) 2055-0116 com a assistente virtual Clara,\u00a0al\u00e9m da Central 116 (liga\u00e7\u00e3o gratuita) com 100% da opera\u00e7\u00e3o e site\u00a0<a href=\"https:\/\/nam10.safelinks.protection.outlook.com\/?url=http%3A%2F%2Fwww.equatorialenergia.com.br%2F&amp;data=05%7C01%7Cjacelena.dourado%40equatorialenergia.com.br%7C74c91924cce242e97a5e08db1053605f%7C104d45512d27483987b286264a5210a5%7C0%7C0%7C638121722513870309%7CUnknown%7CTWFpbGZsb3d8eyJWIjoiMC4wLjAwMDAiLCJQIjoiV2luMzIiLCJBTiI6Ik1haWwiLCJXVCI6Mn0%3D%7C3000%7C%7C%7C&amp;sdata=UfO6%2FYonBCMzh1nGdSwsKQFdHmO%2F558bkdO3tMkXe4Y%3D&amp;reserved=0\" target=\"_blank\" rel=\"noreferrer noopener\">www.equatorialenergia.com.br<\/a>. J\u00e1 os pontos presenciais de atendimento n\u00e3o funcionar\u00e3o na segunda e ter\u00e7a-feira de carnaval (20 e 21), mas retornam na Quarta-Feira de Cinzas, a partir das 13h.<\/p>\n\n\n\n<p>&#8212;&#8212;&#8212;&#8212;&#8212;&#8212;&#8212;&#8212;&#8212;&#8212;&#8212;&#8212;&#8212;&#8212;&#8212;&#8212;&#8212;&#8212;&#8212;&#8212;&#8212;&#8211;<\/p>\n\n\n\n<p><strong>\u00a0Fonte<\/strong>: Assessoria de Imprensa da Equatorial Maranh\u00e3o<\/p>\n","protected":false},"excerpt":{"rendered":"<p>S\u00e3o Lu\u00eds &#8211; Depois de dois anos sem carnaval nas ruas\u00a0por causa da pandemia, a festa voltou com tudo e [&hellip;]<\/p>\n","protected":false},"author":4,"featured_media":0,"comment_status":"open","ping_status":"open","sticky":false,"template":"","format":"standard","meta":{"site-sidebar-layout":"default","site-content-layout":"","ast-site-content-layout":"default","site-content-style":"default","site-sidebar-style":"default","ast-global-header-display":"","ast-banner-title-visibility":"","ast-main-header-display":"","ast-hfb-above-header-display":"","ast-hfb-below-header-display":"","ast-hfb-mobile-header-display":"","site-post-title":"","ast-breadcrumbs-content":"","ast-featured-img":"","footer-sml-layout":"","ast-disable-related-posts":"","theme-transparent-header-meta":"","adv-header-id-meta":"","stick-header-meta":"","header-above-stick-meta":"","header-main-stick-meta":"","header-below-stick-meta":"","astra-migrate-meta-layouts":"default","ast-page-background-enabled":"default","ast-page-background-meta":{"desktop":{"background-color":"var(--ast-global-color-5)","background-image":"","background-repeat":"repeat","background-position":"center center","background-size":"auto","background-attachment":"scroll","background-type":"","background-media":"","overlay-type":"","overlay-color":"","overlay-opacity":"","overlay-gradient":""},"tablet":{"background-color":"","background-image":"","background-repeat":"repeat","background-position":"center center","background-size":"auto","background-attachment":"scroll","background-type":"","background-media":"","overlay-type":"","overlay-color":"","overlay-opacity":"","overlay-gradient":""},"mobile":{"background-color":"","background-image":"","background-repeat":"repeat","background-position":"center center","background-size":"auto","background-attachment":"scroll","background-type":"","background-media":"","overlay-type":"","overlay-color":"","overlay-opacity":"","overlay-gradient":""}},"ast-content-background-meta":{"desktop":{"background-color":"var(--ast-global-color-4)","background-image":"","background-repeat":"repeat","background-position":"center center","background-size":"auto","background-attachment":"scroll","background-type":"","background-media":"","overlay-type":"","overlay-color":"","overlay-opacity":"","overlay-gradient":""},"tablet":{"background-color":"var(--ast-global-color-4)","background-image":"","background-repeat":"repeat","background-position":"center center","background-size":"auto","background-attachment":"scroll","background-type":"","background-media":"","overlay-type":"","overlay-color":"","overlay-opacity":"","overlay-gradient":""},"mobile":{"background-color":"var(--ast-global-color-4)","background-image":"","background-repeat":"repeat","background-position":"center center","background-size":"auto","background-attachment":"scroll","background-type":"","background-media":"","overlay-type":"","overlay-color":"","overlay-opacity":"","overlay-gradient":""}},"footnotes":""},"categories":[1],"tags":[],"class_list":["post-8666","post","type-post","status-publish","format-standard","hentry","category-sem-categoria"],"yoast_head":"<!-- This site is optimized with the Yoast SEO plugin v26.6 - https:\/\/yoast.com\/wordpress\/plugins\/seo\/ -->\n<title>Equatorial Maranh\u00e3o mobiliza estrutura para seu &#039;Plano Operacional de Carnaval&#039; - Evandro Junior<\/title>\n<meta name=\"robots\" content=\"index, follow, max-snippet:-1, max-image-preview:large, max-video-preview:-1\" \/>\n<link rel=\"canonical\" href=\"https:\/\/www.blogsoestado.com\/evandrojunior\/2023\/02\/17\/equatorial-maranhao-mobiliza-estrutura-para-seu-plano-operacional-de-carnaval\/\" \/>\n<meta property=\"og:locale\" content=\"pt_BR\" \/>\n<meta property=\"og:type\" content=\"article\" \/>\n<meta property=\"og:title\" content=\"Equatorial Maranh\u00e3o mobiliza estrutura para seu &#039;Plano Operacional de Carnaval&#039; - Evandro Junior\" \/>\n<meta property=\"og:description\" content=\"S\u00e3o Lu\u00eds &#8211; Depois de dois anos sem carnaval nas ruas\u00a0por causa da pandemia, a festa voltou com tudo e [&hellip;]\" \/>\n<meta property=\"og:url\" content=\"https:\/\/www.blogsoestado.com\/evandrojunior\/2023\/02\/17\/equatorial-maranhao-mobiliza-estrutura-para-seu-plano-operacional-de-carnaval\/\" \/>\n<meta property=\"og:site_name\" content=\"Evandro Junior\" \/>\n<meta property=\"article:published_time\" content=\"2023-02-17T10:46:04+00:00\" \/>\n<meta property=\"og:image\" content=\"https:\/\/www.blogsoestado.com\/evandrojunior\/files\/2023\/02\/Equipes-de-plantao-estarao-posicionadas-em-pontos-estrategicos-para-atuar-o-mais-rapido-possivel-em-casos-de-ocorrencias-com-a-rede-eletrica-768x1024.jpeg\" \/>\n<meta name=\"author\" content=\"Evandro Junior\" \/>\n<meta name=\"twitter:card\" content=\"summary_large_image\" \/>\n<meta name=\"twitter:label1\" content=\"Escrito por\" \/>\n\t<meta name=\"twitter:data1\" content=\"Evandro Junior\" \/>\n\t<meta name=\"twitter:label2\" content=\"Est. tempo de leitura\" \/>\n\t<meta name=\"twitter:data2\" content=\"3 minutos\" \/>\n<script type=\"application\/ld+json\" class=\"yoast-schema-graph\">{\"@context\":\"https:\/\/schema.org\",\"@graph\":[{\"@type\":\"WebPage\",\"@id\":\"https:\/\/www.blogsoestado.com\/evandrojunior\/2023\/02\/17\/equatorial-maranhao-mobiliza-estrutura-para-seu-plano-operacional-de-carnaval\/\",\"url\":\"https:\/\/www.blogsoestado.com\/evandrojunior\/2023\/02\/17\/equatorial-maranhao-mobiliza-estrutura-para-seu-plano-operacional-de-carnaval\/\",\"name\":\"Equatorial Maranh\u00e3o mobiliza estrutura para seu 'Plano Operacional de Carnaval' - Evandro Junior\",\"isPartOf\":{\"@id\":\"https:\/\/www.blogsoestado.com\/evandrojunior\/#website\"},\"primaryImageOfPage\":{\"@id\":\"https:\/\/www.blogsoestado.com\/evandrojunior\/2023\/02\/17\/equatorial-maranhao-mobiliza-estrutura-para-seu-plano-operacional-de-carnaval\/#primaryimage\"},\"image\":{\"@id\":\"https:\/\/www.blogsoestado.com\/evandrojunior\/2023\/02\/17\/equatorial-maranhao-mobiliza-estrutura-para-seu-plano-operacional-de-carnaval\/#primaryimage\"},\"thumbnailUrl\":\"https:\/\/www.blogsoestado.com\/evandrojunior\/files\/2023\/02\/Equipes-de-plantao-estarao-posicionadas-em-pontos-estrategicos-para-atuar-o-mais-rapido-possivel-em-casos-de-ocorrencias-com-a-rede-eletrica-768x1024.jpeg\",\"datePublished\":\"2023-02-17T10:46:04+00:00\",\"author\":{\"@id\":\"https:\/\/www.blogsoestado.com\/evandrojunior\/#\/schema\/person\/3e6c3d8dbb740d1c6878ebc935cfb3be\"},\"breadcrumb\":{\"@id\":\"https:\/\/www.blogsoestado.com\/evandrojunior\/2023\/02\/17\/equatorial-maranhao-mobiliza-estrutura-para-seu-plano-operacional-de-carnaval\/#breadcrumb\"},\"inLanguage\":\"pt-BR\",\"potentialAction\":[{\"@type\":\"ReadAction\",\"target\":[\"https:\/\/www.blogsoestado.com\/evandrojunior\/2023\/02\/17\/equatorial-maranhao-mobiliza-estrutura-para-seu-plano-operacional-de-carnaval\/\"]}]},{\"@type\":\"ImageObject\",\"inLanguage\":\"pt-BR\",\"@id\":\"https:\/\/www.blogsoestado.com\/evandrojunior\/2023\/02\/17\/equatorial-maranhao-mobiliza-estrutura-para-seu-plano-operacional-de-carnaval\/#primaryimage\",\"url\":\"https:\/\/www.blogsoestado.com\/evandrojunior\/files\/2023\/02\/Equipes-de-plantao-estarao-posicionadas-em-pontos-estrategicos-para-atuar-o-mais-rapido-possivel-em-casos-de-ocorrencias-com-a-rede-eletrica-768x1024.jpeg\",\"contentUrl\":\"https:\/\/www.blogsoestado.com\/evandrojunior\/files\/2023\/02\/Equipes-de-plantao-estarao-posicionadas-em-pontos-estrategicos-para-atuar-o-mais-rapido-possivel-em-casos-de-ocorrencias-com-a-rede-eletrica-768x1024.jpeg\"},{\"@type\":\"BreadcrumbList\",\"@id\":\"https:\/\/www.blogsoestado.com\/evandrojunior\/2023\/02\/17\/equatorial-maranhao-mobiliza-estrutura-para-seu-plano-operacional-de-carnaval\/#breadcrumb\",\"itemListElement\":[{\"@type\":\"ListItem\",\"position\":1,\"name\":\"In\u00edcio\",\"item\":\"https:\/\/www.blogsoestado.com\/evandrojunior\/\"},{\"@type\":\"ListItem\",\"position\":2,\"name\":\"Equatorial Maranh\u00e3o mobiliza estrutura para seu &#8216;Plano Operacional de Carnaval&#8217;\"}]},{\"@type\":\"WebSite\",\"@id\":\"https:\/\/www.blogsoestado.com\/evandrojunior\/#website\",\"url\":\"https:\/\/www.blogsoestado.com\/evandrojunior\/\",\"name\":\"Evandro Junior\",\"description\":\"\",\"potentialAction\":[{\"@type\":\"SearchAction\",\"target\":{\"@type\":\"EntryPoint\",\"urlTemplate\":\"https:\/\/www.blogsoestado.com\/evandrojunior\/?s={search_term_string}\"},\"query-input\":{\"@type\":\"PropertyValueSpecification\",\"valueRequired\":true,\"valueName\":\"search_term_string\"}}],\"inLanguage\":\"pt-BR\"},{\"@type\":\"Person\",\"@id\":\"https:\/\/www.blogsoestado.com\/evandrojunior\/#\/schema\/person\/3e6c3d8dbb740d1c6878ebc935cfb3be\",\"name\":\"Evandro Junior\",\"image\":{\"@type\":\"ImageObject\",\"inLanguage\":\"pt-BR\",\"@id\":\"https:\/\/www.blogsoestado.com\/evandrojunior\/#\/schema\/person\/image\/\",\"url\":\"https:\/\/secure.gravatar.com\/avatar\/f80a03a2294a580cd2318bfb459bf354cfa8be661ef3d95b542cf9a04af8d129?s=96&d=mm&r=g\",\"contentUrl\":\"https:\/\/secure.gravatar.com\/avatar\/f80a03a2294a580cd2318bfb459bf354cfa8be661ef3d95b542cf9a04af8d129?s=96&d=mm&r=g\",\"caption\":\"Evandro Junior\"},\"url\":\"https:\/\/www.blogsoestado.com\/evandrojunior\/author\/evandrojunior\/\"}]}<\/script>\n<!-- \/ Yoast SEO plugin. -->","yoast_head_json":{"title":"Equatorial Maranh\u00e3o mobiliza estrutura para seu 'Plano Operacional de Carnaval' - Evandro Junior","robots":{"index":"index","follow":"follow","max-snippet":"max-snippet:-1","max-image-preview":"max-image-preview:large","max-video-preview":"max-video-preview:-1"},"canonical":"https:\/\/www.blogsoestado.com\/evandrojunior\/2023\/02\/17\/equatorial-maranhao-mobiliza-estrutura-para-seu-plano-operacional-de-carnaval\/","og_locale":"pt_BR","og_type":"article","og_title":"Equatorial Maranh\u00e3o mobiliza estrutura para seu 'Plano Operacional de Carnaval' - Evandro Junior","og_description":"S\u00e3o Lu\u00eds &#8211; Depois de dois anos sem carnaval nas ruas\u00a0por causa da pandemia, a festa voltou com tudo e [&hellip;]","og_url":"https:\/\/www.blogsoestado.com\/evandrojunior\/2023\/02\/17\/equatorial-maranhao-mobiliza-estrutura-para-seu-plano-operacional-de-carnaval\/","og_site_name":"Evandro Junior","article_published_time":"2023-02-17T10:46:04+00:00","og_image":[{"url":"https:\/\/www.blogsoestado.com\/evandrojunior\/files\/2023\/02\/Equipes-de-plantao-estarao-posicionadas-em-pontos-estrategicos-para-atuar-o-mais-rapido-possivel-em-casos-de-ocorrencias-com-a-rede-eletrica-768x1024.jpeg","type":"","width":"","height":""}],"author":"Evandro Junior","twitter_card":"summary_large_image","twitter_misc":{"Escrito por":"Evandro Junior","Est. tempo de leitura":"3 minutos"},"schema":{"@context":"https:\/\/schema.org","@graph":[{"@type":"WebPage","@id":"https:\/\/www.blogsoestado.com\/evandrojunior\/2023\/02\/17\/equatorial-maranhao-mobiliza-estrutura-para-seu-plano-operacional-de-carnaval\/","url":"https:\/\/www.blogsoestado.com\/evandrojunior\/2023\/02\/17\/equatorial-maranhao-mobiliza-estrutura-para-seu-plano-operacional-de-carnaval\/","name":"Equatorial Maranh\u00e3o mobiliza estrutura para seu 'Plano Operacional de Carnaval' - Evandro Junior","isPartOf":{"@id":"https:\/\/www.blogsoestado.com\/evandrojunior\/#website"},"primaryImageOfPage":{"@id":"https:\/\/www.blogsoestado.com\/evandrojunior\/2023\/02\/17\/equatorial-maranhao-mobiliza-estrutura-para-seu-plano-operacional-de-carnaval\/#primaryimage"},"image":{"@id":"https:\/\/www.blogsoestado.com\/evandrojunior\/2023\/02\/17\/equatorial-maranhao-mobiliza-estrutura-para-seu-plano-operacional-de-carnaval\/#primaryimage"},"thumbnailUrl":"https:\/\/www.blogsoestado.com\/evandrojunior\/files\/2023\/02\/Equipes-de-plantao-estarao-posicionadas-em-pontos-estrategicos-para-atuar-o-mais-rapido-possivel-em-casos-de-ocorrencias-com-a-rede-eletrica-768x1024.jpeg","datePublished":"2023-02-17T10:46:04+00:00","author":{"@id":"https:\/\/www.blogsoestado.com\/evandrojunior\/#\/schema\/person\/3e6c3d8dbb740d1c6878ebc935cfb3be"},"breadcrumb":{"@id":"https:\/\/www.blogsoestado.com\/evandrojunior\/2023\/02\/17\/equatorial-maranhao-mobiliza-estrutura-para-seu-plano-operacional-de-carnaval\/#breadcrumb"},"inLanguage":"pt-BR","potentialAction":[{"@type":"ReadAction","target":["https:\/\/www.blogsoestado.com\/evandrojunior\/2023\/02\/17\/equatorial-maranhao-mobiliza-estrutura-para-seu-plano-operacional-de-carnaval\/"]}]},{"@type":"ImageObject","inLanguage":"pt-BR","@id":"https:\/\/www.blogsoestado.com\/evandrojunior\/2023\/02\/17\/equatorial-maranhao-mobiliza-estrutura-para-seu-plano-operacional-de-carnaval\/#primaryimage","url":"https:\/\/www.blogsoestado.com\/evandrojunior\/files\/2023\/02\/Equipes-de-plantao-estarao-posicionadas-em-pontos-estrategicos-para-atuar-o-mais-rapido-possivel-em-casos-de-ocorrencias-com-a-rede-eletrica-768x1024.jpeg","contentUrl":"https:\/\/www.blogsoestado.com\/evandrojunior\/files\/2023\/02\/Equipes-de-plantao-estarao-posicionadas-em-pontos-estrategicos-para-atuar-o-mais-rapido-possivel-em-casos-de-ocorrencias-com-a-rede-eletrica-768x1024.jpeg"},{"@type":"BreadcrumbList","@id":"https:\/\/www.blogsoestado.com\/evandrojunior\/2023\/02\/17\/equatorial-maranhao-mobiliza-estrutura-para-seu-plano-operacional-de-carnaval\/#breadcrumb","itemListElement":[{"@type":"ListItem","position":1,"name":"In\u00edcio","item":"https:\/\/www.blogsoestado.com\/evandrojunior\/"},{"@type":"ListItem","position":2,"name":"Equatorial Maranh\u00e3o mobiliza estrutura para seu &#8216;Plano Operacional de Carnaval&#8217;"}]},{"@type":"WebSite","@id":"https:\/\/www.blogsoestado.com\/evandrojunior\/#website","url":"https:\/\/www.blogsoestado.com\/evandrojunior\/","name":"Evandro Junior","description":"","potentialAction":[{"@type":"SearchAction","target":{"@type":"EntryPoint","urlTemplate":"https:\/\/www.blogsoestado.com\/evandrojunior\/?s={search_term_string}"},"query-input":{"@type":"PropertyValueSpecification","valueRequired":true,"valueName":"search_term_string"}}],"inLanguage":"pt-BR"},{"@type":"Person","@id":"https:\/\/www.blogsoestado.com\/evandrojunior\/#\/schema\/person\/3e6c3d8dbb740d1c6878ebc935cfb3be","name":"Evandro Junior","image":{"@type":"ImageObject","inLanguage":"pt-BR","@id":"https:\/\/www.blogsoestado.com\/evandrojunior\/#\/schema\/person\/image\/","url":"https:\/\/secure.gravatar.com\/avatar\/f80a03a2294a580cd2318bfb459bf354cfa8be661ef3d95b542cf9a04af8d129?s=96&d=mm&r=g","contentUrl":"https:\/\/secure.gravatar.com\/avatar\/f80a03a2294a580cd2318bfb459bf354cfa8be661ef3d95b542cf9a04af8d129?s=96&d=mm&r=g","caption":"Evandro Junior"},"url":"https:\/\/www.blogsoestado.com\/evandrojunior\/author\/evandrojunior\/"}]}},"jetpack_featured_media_url":"","_links":{"self":[{"href":"https:\/\/www.blogsoestado.com\/evandrojunior\/wp-json\/wp\/v2\/posts\/8666","targetHints":{"allow":["GET"]}}],"collection":[{"href":"https:\/\/www.blogsoestado.com\/evandrojunior\/wp-json\/wp\/v2\/posts"}],"about":[{"href":"https:\/\/www.blogsoestado.com\/evandrojunior\/wp-json\/wp\/v2\/types\/post"}],"author":[{"embeddable":true,"href":"https:\/\/www.blogsoestado.com\/evandrojunior\/wp-json\/wp\/v2\/users\/4"}],"replies":[{"embeddable":true,"href":"https:\/\/www.blogsoestado.com\/evandrojunior\/wp-json\/wp\/v2\/comments?post=8666"}],"version-history":[{"count":0,"href":"https:\/\/www.blogsoestado.com\/evandrojunior\/wp-json\/wp\/v2\/posts\/8666\/revisions"}],"wp:attachment":[{"href":"https:\/\/www.blogsoestado.com\/evandrojunior\/wp-json\/wp\/v2\/media?parent=8666"}],"wp:term":[{"taxonomy":"category","embeddable":true,"href":"https:\/\/www.blogsoestado.com\/evandrojunior\/wp-json\/wp\/v2\/categories?post=8666"},{"taxonomy":"post_tag","embeddable":true,"href":"https:\/\/www.blogsoestado.com\/evandrojunior\/wp-json\/wp\/v2\/tags?post=8666"}],"curies":[{"name":"wp","href":"https:\/\/api.w.org\/{rel}","templated":true}]}}