{"id":9032,"date":"2023-05-02T11:08:48","date_gmt":"2023-05-02T14:08:48","guid":{"rendered":"https:\/\/www.blogsoestado.com\/evandrojunior\/?p=9032"},"modified":"2023-05-02T11:08:48","modified_gmt":"2023-05-02T14:08:48","slug":"faene-tera-estande-na-feira-de-transporte-intermodal-e-logistica","status":"publish","type":"post","link":"https:\/\/www.blogsoestado.com\/evandrojunior\/2023\/05\/02\/faene-tera-estande-na-feira-de-transporte-intermodal-e-logistica\/","title":{"rendered":"Faene ter\u00e1 estande na Feira de Transporte Intermodal e Log\u00edstica"},"content":{"rendered":"\n<div class=\"wp-block-image\"><figure class=\"aligncenter size-large is-resized\"><img fetchpriority=\"high\" decoding=\"async\" src=\"https:\/\/www.blogsoestado.com\/evandrojunior\/files\/2023\/05\/WhatsApp-Image-2023-05-02-at-11.04.25-1024x768.jpeg\" alt=\"\" class=\"wp-image-9033\" width=\"541\" height=\"406\"\/><figcaption><strong>Ricardo Careira abordar\u00e1 o tema \u201cOpera\u00e7\u00f5es Log\u00edsticas: Transporte, Armazenamento e Distribui\u00e7\u00e3o\u201d no evento<\/strong><\/figcaption><\/figure><\/div>\n\n\n\n<p><strong>S\u00c3O LU\u00cdS<\/strong>\u00a0&#8211; \u00a0 A Faculdade de Neg\u00f3cios Faene est\u00e1 confirmada na segunda edi\u00e7\u00e3o da Feira de Transporte Intermodal e Log\u00edstica, a ser realizada de 16 a 19 de maio, no Centro de Conven\u00e7\u00f5es de Goi\u00e2nia (GO). O evento \u00e9 um dos mais completos do segmento de transporte e solu\u00e7\u00f5es em log\u00edstica da Am\u00e9rica Latina, oferecendo oportunidades de neg\u00f3cios e conhecimento sobre novas tecnologias por meio do contato presencial.<\/p>\n\n\n\n<p>A institui\u00e7\u00e3o participar\u00e1 por meio de um estande e oferecer\u00e1 o curso \u201cLog\u00edstica Essencial\u201d, para 150 vagas, ministrado pelos professores Ricardo Carreira, diretor da Faene, que abordar\u00e1 o tema \u201cOpera\u00e7\u00f5es Log\u00edsticas: Transporte, Armazenamento e Distribui\u00e7\u00e3o\u201d, e pelo professor Fernando Trigueiro, tamb\u00e9m docente da Faene, com o tema \u201cGerenciamento da cadeia de suprimentos\u201d. <\/p>\n\n\n\n<p>\u201cN\u00f3s, da Faene, estamos muito felizes e ansiosos para compartilhar conhecimento nesse evento de suma import\u00e2ncia para o desenvolvimento do nosso pa\u00eds\u201d, frisou Carreira.\u00a0<\/p>\n\n\n\n<p>O evento ser\u00e1 marcado por programa\u00e7\u00f5es simult\u00e2neas, a exemplo de semin\u00e1rios tem\u00e1ticos e o Congresso de Transporte e Log\u00edstica. A ideia \u00e9 repetir o sucesso de 2022, realizado de 11 a 14 de maio. <\/p>\n\n\n\n<p>A feira ser\u00e1 realizada em um espa\u00e7o de dois mil metros quadrados, que ser\u00e1 ocupado por expositores de Goi\u00e1s e de outras regi\u00f5es do Brasil, que\u00a0expor\u00e3o produtos, servi\u00e7os e tecnologias do setor do transporte e log\u00edstica. A estimativa \u00e9 que mais de 5 mil pessoas visitem a feira em quatro dias de programa\u00e7\u00e3o.<\/p>\n\n\n\n<p>Segundo Ricardo Carreira, a Faene tamb\u00e9m far\u00e1 em Goi\u00e2nia o lan\u00e7amento\u00a0do MBA Log\u00edstica e Supply Chain, na unidade avan\u00e7ada da institui\u00e7\u00e3o a ser inaugurada na cidade. A ideia \u00e9 atender a demanda de Goi\u00e2nia e arredores, at\u00e9 Bras\u00edlia.<\/p>\n","protected":false},"excerpt":{"rendered":"<p>S\u00c3O LU\u00cdS\u00a0&#8211; \u00a0 A Faculdade de Neg\u00f3cios Faene est\u00e1 confirmada na segunda edi\u00e7\u00e3o da Feira de Transporte Intermodal e Log\u00edstica, [&hellip;]<\/p>\n","protected":false},"author":4,"featured_media":0,"comment_status":"open","ping_status":"open","sticky":false,"template":"","format":"standard","meta":{"site-sidebar-layout":"default","site-content-layout":"","ast-site-content-layout":"default","site-content-style":"default","site-sidebar-style":"default","ast-global-header-display":"","ast-banner-title-visibility":"","ast-main-header-display":"","ast-hfb-above-header-display":"","ast-hfb-below-header-display":"","ast-hfb-mobile-header-display":"","site-post-title":"","ast-breadcrumbs-content":"","ast-featured-img":"","footer-sml-layout":"","ast-disable-related-posts":"","theme-transparent-header-meta":"","adv-header-id-meta":"","stick-header-meta":"","header-above-stick-meta":"","header-main-stick-meta":"","header-below-stick-meta":"","astra-migrate-meta-layouts":"default","ast-page-background-enabled":"default","ast-page-background-meta":{"desktop":{"background-color":"var(--ast-global-color-5)","background-image":"","background-repeat":"repeat","background-position":"center center","background-size":"auto","background-attachment":"scroll","background-type":"","background-media":"","overlay-type":"","overlay-color":"","overlay-opacity":"","overlay-gradient":""},"tablet":{"background-color":"","background-image":"","background-repeat":"repeat","background-position":"center center","background-size":"auto","background-attachment":"scroll","background-type":"","background-media":"","overlay-type":"","overlay-color":"","overlay-opacity":"","overlay-gradient":""},"mobile":{"background-color":"","background-image":"","background-repeat":"repeat","background-position":"center center","background-size":"auto","background-attachment":"scroll","background-type":"","background-media":"","overlay-type":"","overlay-color":"","overlay-opacity":"","overlay-gradient":""}},"ast-content-background-meta":{"desktop":{"background-color":"var(--ast-global-color-4)","background-image":"","background-repeat":"repeat","background-position":"center center","background-size":"auto","background-attachment":"scroll","background-type":"","background-media":"","overlay-type":"","overlay-color":"","overlay-opacity":"","overlay-gradient":""},"tablet":{"background-color":"var(--ast-global-color-4)","background-image":"","background-repeat":"repeat","background-position":"center center","background-size":"auto","background-attachment":"scroll","background-type":"","background-media":"","overlay-type":"","overlay-color":"","overlay-opacity":"","overlay-gradient":""},"mobile":{"background-color":"var(--ast-global-color-4)","background-image":"","background-repeat":"repeat","background-position":"center center","background-size":"auto","background-attachment":"scroll","background-type":"","background-media":"","overlay-type":"","overlay-color":"","overlay-opacity":"","overlay-gradient":""}},"footnotes":""},"categories":[1],"tags":[],"class_list":["post-9032","post","type-post","status-publish","format-standard","hentry","category-sem-categoria"],"yoast_head":"<!-- This site is optimized with the Yoast SEO plugin v26.6 - https:\/\/yoast.com\/wordpress\/plugins\/seo\/ -->\n<title>Faene ter\u00e1 estande na Feira de Transporte Intermodal e Log\u00edstica - Evandro Junior<\/title>\n<meta name=\"robots\" content=\"index, follow, max-snippet:-1, max-image-preview:large, max-video-preview:-1\" \/>\n<link rel=\"canonical\" href=\"https:\/\/www.blogsoestado.com\/evandrojunior\/2023\/05\/02\/faene-tera-estande-na-feira-de-transporte-intermodal-e-logistica\/\" \/>\n<meta property=\"og:locale\" content=\"pt_BR\" \/>\n<meta property=\"og:type\" content=\"article\" \/>\n<meta property=\"og:title\" content=\"Faene ter\u00e1 estande na Feira de Transporte Intermodal e Log\u00edstica - Evandro Junior\" \/>\n<meta property=\"og:description\" content=\"S\u00c3O LU\u00cdS\u00a0&#8211; \u00a0 A Faculdade de Neg\u00f3cios Faene est\u00e1 confirmada na segunda edi\u00e7\u00e3o da Feira de Transporte Intermodal e Log\u00edstica, [&hellip;]\" \/>\n<meta property=\"og:url\" content=\"https:\/\/www.blogsoestado.com\/evandrojunior\/2023\/05\/02\/faene-tera-estande-na-feira-de-transporte-intermodal-e-logistica\/\" \/>\n<meta property=\"og:site_name\" content=\"Evandro Junior\" \/>\n<meta property=\"article:published_time\" content=\"2023-05-02T14:08:48+00:00\" \/>\n<meta property=\"og:image\" content=\"https:\/\/www.blogsoestado.com\/evandrojunior\/files\/2023\/05\/WhatsApp-Image-2023-05-02-at-11.04.25-1024x768.jpeg\" \/>\n<meta name=\"author\" content=\"Evandro Junior\" \/>\n<meta name=\"twitter:card\" content=\"summary_large_image\" \/>\n<meta name=\"twitter:label1\" content=\"Escrito por\" \/>\n\t<meta name=\"twitter:data1\" content=\"Evandro Junior\" \/>\n\t<meta name=\"twitter:label2\" content=\"Est. tempo de leitura\" \/>\n\t<meta name=\"twitter:data2\" content=\"2 minutos\" \/>\n<script type=\"application\/ld+json\" class=\"yoast-schema-graph\">{\"@context\":\"https:\/\/schema.org\",\"@graph\":[{\"@type\":\"WebPage\",\"@id\":\"https:\/\/www.blogsoestado.com\/evandrojunior\/2023\/05\/02\/faene-tera-estande-na-feira-de-transporte-intermodal-e-logistica\/\",\"url\":\"https:\/\/www.blogsoestado.com\/evandrojunior\/2023\/05\/02\/faene-tera-estande-na-feira-de-transporte-intermodal-e-logistica\/\",\"name\":\"Faene ter\u00e1 estande na Feira de Transporte Intermodal e Log\u00edstica - Evandro Junior\",\"isPartOf\":{\"@id\":\"https:\/\/www.blogsoestado.com\/evandrojunior\/#website\"},\"primaryImageOfPage\":{\"@id\":\"https:\/\/www.blogsoestado.com\/evandrojunior\/2023\/05\/02\/faene-tera-estande-na-feira-de-transporte-intermodal-e-logistica\/#primaryimage\"},\"image\":{\"@id\":\"https:\/\/www.blogsoestado.com\/evandrojunior\/2023\/05\/02\/faene-tera-estande-na-feira-de-transporte-intermodal-e-logistica\/#primaryimage\"},\"thumbnailUrl\":\"https:\/\/www.blogsoestado.com\/evandrojunior\/files\/2023\/05\/WhatsApp-Image-2023-05-02-at-11.04.25-1024x768.jpeg\",\"datePublished\":\"2023-05-02T14:08:48+00:00\",\"author\":{\"@id\":\"https:\/\/www.blogsoestado.com\/evandrojunior\/#\/schema\/person\/3e6c3d8dbb740d1c6878ebc935cfb3be\"},\"breadcrumb\":{\"@id\":\"https:\/\/www.blogsoestado.com\/evandrojunior\/2023\/05\/02\/faene-tera-estande-na-feira-de-transporte-intermodal-e-logistica\/#breadcrumb\"},\"inLanguage\":\"pt-BR\",\"potentialAction\":[{\"@type\":\"ReadAction\",\"target\":[\"https:\/\/www.blogsoestado.com\/evandrojunior\/2023\/05\/02\/faene-tera-estande-na-feira-de-transporte-intermodal-e-logistica\/\"]}]},{\"@type\":\"ImageObject\",\"inLanguage\":\"pt-BR\",\"@id\":\"https:\/\/www.blogsoestado.com\/evandrojunior\/2023\/05\/02\/faene-tera-estande-na-feira-de-transporte-intermodal-e-logistica\/#primaryimage\",\"url\":\"https:\/\/www.blogsoestado.com\/evandrojunior\/files\/2023\/05\/WhatsApp-Image-2023-05-02-at-11.04.25-1024x768.jpeg\",\"contentUrl\":\"https:\/\/www.blogsoestado.com\/evandrojunior\/files\/2023\/05\/WhatsApp-Image-2023-05-02-at-11.04.25-1024x768.jpeg\"},{\"@type\":\"BreadcrumbList\",\"@id\":\"https:\/\/www.blogsoestado.com\/evandrojunior\/2023\/05\/02\/faene-tera-estande-na-feira-de-transporte-intermodal-e-logistica\/#breadcrumb\",\"itemListElement\":[{\"@type\":\"ListItem\",\"position\":1,\"name\":\"In\u00edcio\",\"item\":\"https:\/\/www.blogsoestado.com\/evandrojunior\/\"},{\"@type\":\"ListItem\",\"position\":2,\"name\":\"Faene ter\u00e1 estande na Feira de Transporte Intermodal e Log\u00edstica\"}]},{\"@type\":\"WebSite\",\"@id\":\"https:\/\/www.blogsoestado.com\/evandrojunior\/#website\",\"url\":\"https:\/\/www.blogsoestado.com\/evandrojunior\/\",\"name\":\"Evandro Junior\",\"description\":\"\",\"potentialAction\":[{\"@type\":\"SearchAction\",\"target\":{\"@type\":\"EntryPoint\",\"urlTemplate\":\"https:\/\/www.blogsoestado.com\/evandrojunior\/?s={search_term_string}\"},\"query-input\":{\"@type\":\"PropertyValueSpecification\",\"valueRequired\":true,\"valueName\":\"search_term_string\"}}],\"inLanguage\":\"pt-BR\"},{\"@type\":\"Person\",\"@id\":\"https:\/\/www.blogsoestado.com\/evandrojunior\/#\/schema\/person\/3e6c3d8dbb740d1c6878ebc935cfb3be\",\"name\":\"Evandro Junior\",\"image\":{\"@type\":\"ImageObject\",\"inLanguage\":\"pt-BR\",\"@id\":\"https:\/\/www.blogsoestado.com\/evandrojunior\/#\/schema\/person\/image\/\",\"url\":\"https:\/\/secure.gravatar.com\/avatar\/f80a03a2294a580cd2318bfb459bf354cfa8be661ef3d95b542cf9a04af8d129?s=96&d=mm&r=g\",\"contentUrl\":\"https:\/\/secure.gravatar.com\/avatar\/f80a03a2294a580cd2318bfb459bf354cfa8be661ef3d95b542cf9a04af8d129?s=96&d=mm&r=g\",\"caption\":\"Evandro Junior\"},\"url\":\"https:\/\/www.blogsoestado.com\/evandrojunior\/author\/evandrojunior\/\"}]}<\/script>\n<!-- \/ Yoast SEO plugin. -->","yoast_head_json":{"title":"Faene ter\u00e1 estande na Feira de Transporte Intermodal e Log\u00edstica - Evandro Junior","robots":{"index":"index","follow":"follow","max-snippet":"max-snippet:-1","max-image-preview":"max-image-preview:large","max-video-preview":"max-video-preview:-1"},"canonical":"https:\/\/www.blogsoestado.com\/evandrojunior\/2023\/05\/02\/faene-tera-estande-na-feira-de-transporte-intermodal-e-logistica\/","og_locale":"pt_BR","og_type":"article","og_title":"Faene ter\u00e1 estande na Feira de Transporte Intermodal e Log\u00edstica - Evandro Junior","og_description":"S\u00c3O LU\u00cdS\u00a0&#8211; \u00a0 A Faculdade de Neg\u00f3cios Faene est\u00e1 confirmada na segunda edi\u00e7\u00e3o da Feira de Transporte Intermodal e Log\u00edstica, [&hellip;]","og_url":"https:\/\/www.blogsoestado.com\/evandrojunior\/2023\/05\/02\/faene-tera-estande-na-feira-de-transporte-intermodal-e-logistica\/","og_site_name":"Evandro Junior","article_published_time":"2023-05-02T14:08:48+00:00","og_image":[{"url":"https:\/\/www.blogsoestado.com\/evandrojunior\/files\/2023\/05\/WhatsApp-Image-2023-05-02-at-11.04.25-1024x768.jpeg","type":"","width":"","height":""}],"author":"Evandro Junior","twitter_card":"summary_large_image","twitter_misc":{"Escrito por":"Evandro Junior","Est. tempo de leitura":"2 minutos"},"schema":{"@context":"https:\/\/schema.org","@graph":[{"@type":"WebPage","@id":"https:\/\/www.blogsoestado.com\/evandrojunior\/2023\/05\/02\/faene-tera-estande-na-feira-de-transporte-intermodal-e-logistica\/","url":"https:\/\/www.blogsoestado.com\/evandrojunior\/2023\/05\/02\/faene-tera-estande-na-feira-de-transporte-intermodal-e-logistica\/","name":"Faene ter\u00e1 estande na Feira de Transporte Intermodal e Log\u00edstica - Evandro Junior","isPartOf":{"@id":"https:\/\/www.blogsoestado.com\/evandrojunior\/#website"},"primaryImageOfPage":{"@id":"https:\/\/www.blogsoestado.com\/evandrojunior\/2023\/05\/02\/faene-tera-estande-na-feira-de-transporte-intermodal-e-logistica\/#primaryimage"},"image":{"@id":"https:\/\/www.blogsoestado.com\/evandrojunior\/2023\/05\/02\/faene-tera-estande-na-feira-de-transporte-intermodal-e-logistica\/#primaryimage"},"thumbnailUrl":"https:\/\/www.blogsoestado.com\/evandrojunior\/files\/2023\/05\/WhatsApp-Image-2023-05-02-at-11.04.25-1024x768.jpeg","datePublished":"2023-05-02T14:08:48+00:00","author":{"@id":"https:\/\/www.blogsoestado.com\/evandrojunior\/#\/schema\/person\/3e6c3d8dbb740d1c6878ebc935cfb3be"},"breadcrumb":{"@id":"https:\/\/www.blogsoestado.com\/evandrojunior\/2023\/05\/02\/faene-tera-estande-na-feira-de-transporte-intermodal-e-logistica\/#breadcrumb"},"inLanguage":"pt-BR","potentialAction":[{"@type":"ReadAction","target":["https:\/\/www.blogsoestado.com\/evandrojunior\/2023\/05\/02\/faene-tera-estande-na-feira-de-transporte-intermodal-e-logistica\/"]}]},{"@type":"ImageObject","inLanguage":"pt-BR","@id":"https:\/\/www.blogsoestado.com\/evandrojunior\/2023\/05\/02\/faene-tera-estande-na-feira-de-transporte-intermodal-e-logistica\/#primaryimage","url":"https:\/\/www.blogsoestado.com\/evandrojunior\/files\/2023\/05\/WhatsApp-Image-2023-05-02-at-11.04.25-1024x768.jpeg","contentUrl":"https:\/\/www.blogsoestado.com\/evandrojunior\/files\/2023\/05\/WhatsApp-Image-2023-05-02-at-11.04.25-1024x768.jpeg"},{"@type":"BreadcrumbList","@id":"https:\/\/www.blogsoestado.com\/evandrojunior\/2023\/05\/02\/faene-tera-estande-na-feira-de-transporte-intermodal-e-logistica\/#breadcrumb","itemListElement":[{"@type":"ListItem","position":1,"name":"In\u00edcio","item":"https:\/\/www.blogsoestado.com\/evandrojunior\/"},{"@type":"ListItem","position":2,"name":"Faene ter\u00e1 estande na Feira de Transporte Intermodal e Log\u00edstica"}]},{"@type":"WebSite","@id":"https:\/\/www.blogsoestado.com\/evandrojunior\/#website","url":"https:\/\/www.blogsoestado.com\/evandrojunior\/","name":"Evandro Junior","description":"","potentialAction":[{"@type":"SearchAction","target":{"@type":"EntryPoint","urlTemplate":"https:\/\/www.blogsoestado.com\/evandrojunior\/?s={search_term_string}"},"query-input":{"@type":"PropertyValueSpecification","valueRequired":true,"valueName":"search_term_string"}}],"inLanguage":"pt-BR"},{"@type":"Person","@id":"https:\/\/www.blogsoestado.com\/evandrojunior\/#\/schema\/person\/3e6c3d8dbb740d1c6878ebc935cfb3be","name":"Evandro Junior","image":{"@type":"ImageObject","inLanguage":"pt-BR","@id":"https:\/\/www.blogsoestado.com\/evandrojunior\/#\/schema\/person\/image\/","url":"https:\/\/secure.gravatar.com\/avatar\/f80a03a2294a580cd2318bfb459bf354cfa8be661ef3d95b542cf9a04af8d129?s=96&d=mm&r=g","contentUrl":"https:\/\/secure.gravatar.com\/avatar\/f80a03a2294a580cd2318bfb459bf354cfa8be661ef3d95b542cf9a04af8d129?s=96&d=mm&r=g","caption":"Evandro Junior"},"url":"https:\/\/www.blogsoestado.com\/evandrojunior\/author\/evandrojunior\/"}]}},"jetpack_featured_media_url":"","_links":{"self":[{"href":"https:\/\/www.blogsoestado.com\/evandrojunior\/wp-json\/wp\/v2\/posts\/9032","targetHints":{"allow":["GET"]}}],"collection":[{"href":"https:\/\/www.blogsoestado.com\/evandrojunior\/wp-json\/wp\/v2\/posts"}],"about":[{"href":"https:\/\/www.blogsoestado.com\/evandrojunior\/wp-json\/wp\/v2\/types\/post"}],"author":[{"embeddable":true,"href":"https:\/\/www.blogsoestado.com\/evandrojunior\/wp-json\/wp\/v2\/users\/4"}],"replies":[{"embeddable":true,"href":"https:\/\/www.blogsoestado.com\/evandrojunior\/wp-json\/wp\/v2\/comments?post=9032"}],"version-history":[{"count":0,"href":"https:\/\/www.blogsoestado.com\/evandrojunior\/wp-json\/wp\/v2\/posts\/9032\/revisions"}],"wp:attachment":[{"href":"https:\/\/www.blogsoestado.com\/evandrojunior\/wp-json\/wp\/v2\/media?parent=9032"}],"wp:term":[{"taxonomy":"category","embeddable":true,"href":"https:\/\/www.blogsoestado.com\/evandrojunior\/wp-json\/wp\/v2\/categories?post=9032"},{"taxonomy":"post_tag","embeddable":true,"href":"https:\/\/www.blogsoestado.com\/evandrojunior\/wp-json\/wp\/v2\/tags?post=9032"}],"curies":[{"name":"wp","href":"https:\/\/api.w.org\/{rel}","templated":true}]}}