{"id":9051,"date":"2023-05-04T07:55:59","date_gmt":"2023-05-04T10:55:59","guid":{"rendered":"https:\/\/www.blogsoestado.com\/evandrojunior\/?p=9051"},"modified":"2023-05-04T07:55:59","modified_gmt":"2023-05-04T10:55:59","slug":"maranhao-de-negocios-acontece-hoje-e-reunira-poder-publico-e-iniciativa-privada","status":"publish","type":"post","link":"https:\/\/www.blogsoestado.com\/evandrojunior\/2023\/05\/04\/maranhao-de-negocios-acontece-hoje-e-reunira-poder-publico-e-iniciativa-privada\/","title":{"rendered":"&#8216;Maranh\u00e3o de Neg\u00f3cios&#8217; acontece hoje e reunir\u00e1 poder p\u00fablico e iniciativa privada"},"content":{"rendered":"\n<div class=\"wp-block-image\"><figure class=\"aligncenter size-large is-resized\"><img fetchpriority=\"high\" decoding=\"async\" src=\"https:\/\/www.blogsoestado.com\/evandrojunior\/files\/2023\/05\/WhatsApp-Image-2023-05-04-at-07.54.03.jpeg\" alt=\"\" class=\"wp-image-9052\" width=\"614\" height=\"345\"\/><figcaption><strong>Diretores da ACM, o vice-presidente para Assuntos de Economia e Finan\u00e7as, Fernando Duailibe, e o presidente da entidade, Cristiano Barroso Fernandes, apresentam o Maranh\u00e3o de Neg\u00f3cios a J\u00fanior Marreca, titular da Secretaria Estadual de Ind\u00fastria e Com\u00e9rcio (Seinc)<\/strong><\/figcaption><\/figure><\/div>\n\n\n\n<p><strong>S\u00e3o Lu\u00eds<\/strong> &#8211; Pela primeira vez no Maranh\u00e3o, um evento vai reunir os principais players ligados ao desenvolvimento local para tratar de vantagens log\u00edsticas e de todas as potencialidades locais como base. O Maranh\u00e3o de Neg\u00f3cios, produzido pela Associa\u00e7\u00e3o Comercial do Maranh\u00e3o e realizado no Blue Tree S\u00e3o Lu\u00eds Hotel nesta quinta-feira (4), \u00e0s 8h, tem o objetivo de disseminar informa\u00e7\u00f5es sobre o estado e subsidiar os participantes na tomada de decis\u00f5es para investimentos de norte ao sul da regi\u00e3o.<\/p>\n\n\n\n<p>O presidente da ACM, Cristiano Barroso Fernandes, explica que o Maranh\u00e3o de Neg\u00f3cios foi idealizado para se trabalhar por um ecossistema prop\u00edcio para entrada de capital externo, logo a entidade pensou em convidar para o mesmo espa\u00e7o interessados, um p\u00fablico especifico que j\u00e1 trabalha para colocar o estado em um cen\u00e1rio promissor, a exemplo de secretarias estaduais, municipais, prefeituras de outros munic\u00edpios, empresas privadas de grande porte, institui\u00e7\u00f5es financeiras que trabalham com linhas de cr\u00e9dito e entidades empresariais.<\/p>\n\n\n\n<p>\u201cA gente v\u00ea que esfor\u00e7os est\u00e3o sendo empreendidos atualmente nas esferas federal, estadual e municipal, voltados para o desenvolvimento, an\u00fancios de a\u00e7\u00f5es para melhorar cr\u00e9ditos, baixar juros, inciativas ligadas \u00e0 infraestrutura e tecnologia e o que queremos neste evento \u00e9 mostrar que investir no Maranh\u00e3o \u00e9 um bom neg\u00f3cio. Ent\u00e3o, vamos intensificar as rela\u00e7\u00f5es entre os participantes disseminando muitas informa\u00e7\u00f5es sobre o nosso estado para, em breve, vermos an\u00fancios de mais investimentos chegando\u201d, comentou Cristiano Barroso Fernandes.<\/p>\n\n\n\n<p>O vice-presidente da ACM para Assuntos de Economia e Finan\u00e7as, Fernando Duailibe, explicou que o evento tem o formato de uma grande feira de neg\u00f3cios com um grande diferencial: ser\u00e3o realizadas pequenas apresenta\u00e7\u00f5es pelos participantes (conhecidas no segmento empresarial por pitch); logo em seguida, o p\u00fablico participante que quiser ter mais detalhes de uma linha de cr\u00e9dito, por exemplo, poder\u00e1 se dirigir para um outro sagu\u00e3o e ter um atendimento totalmente personalizado.<\/p>\n\n\n\n<p>Para o presidente da Maranh\u00e3o Parcerias (Mapa) &#8211; sociedade de economia mista do Governo do Maranh\u00e3o que tem o objetivo de promover o desenvolvimento econ\u00f4mico e social do estado por meio da gest\u00e3o e execu\u00e7\u00e3o de projetos e presta\u00e7\u00e3o de servi\u00e7os em parceria com a iniciativa privada -; Cassiano Pereira Junior, a ACM d\u00e1 um grande passo com a realiza\u00e7\u00e3o do evento.<\/p>\n\n\n\n<p>\u201cO Maranh\u00e3o de Neg\u00f3cios ser\u00e1 uma importante estrat\u00e9gia de inclus\u00e3o do nosso estado no caminho do desenvolvimento, com o compartilhamento de estrat\u00e9gias nacionais sobre log\u00edsticas e demais potencialidades e desafios. N\u00f3s do Governo do Estado parabenizamos a iniciativa da ACM e nos colocamos \u00e0 disposi\u00e7\u00e3o para caminharmos juntos e unidos\u201d, destacou Cassiano Pereira Junior.<\/p>\n\n\n\n<p>O secret\u00e1rio estadual de Ind\u00fastria e Com\u00e9rcio, J\u00fanior Marreca, avalia o\u00a0Maranh\u00e3o de Neg\u00f3cios como uma grande oportunidade para dialogar com os agentes envolvidos no mercado comercial e industrial do Maranh\u00e3o e tamb\u00e9m para negociar grandes investimentos, seguindo<strong>\u00a0<\/strong>a orienta\u00e7\u00e3o do governador Carlos Brand\u00e3o, de criar um ambiente favor\u00e1vel a instala\u00e7\u00e3o de novos neg\u00f3cios, que possam contribuir para o crescimento econ\u00f4mico do e stado e garantia de emprego e renda\u00a0para o povo maranhense.<\/p>\n\n\n\n<p>O Maranh\u00e3o de Neg\u00f3cios ser\u00e1 encerrado \u00e0s 20h com a palestra magna \u201cOportunidades para o Maranh\u00e3o, segundo as an\u00e1lises do Banco do Nordeste (BNB)\u201d, ministrada por Lu\u00eds Alberto Esteves, chefe do Escrit\u00f3rio T\u00e9cnico de Estudos Econ\u00f4micos do Nordeste, da institui\u00e7\u00e3o.<\/p>\n","protected":false},"excerpt":{"rendered":"<p>S\u00e3o Lu\u00eds &#8211; Pela primeira vez no Maranh\u00e3o, um evento vai reunir os principais players ligados ao desenvolvimento local para [&hellip;]<\/p>\n","protected":false},"author":4,"featured_media":0,"comment_status":"open","ping_status":"open","sticky":false,"template":"","format":"standard","meta":{"site-sidebar-layout":"default","site-content-layout":"","ast-site-content-layout":"default","site-content-style":"default","site-sidebar-style":"default","ast-global-header-display":"","ast-banner-title-visibility":"","ast-main-header-display":"","ast-hfb-above-header-display":"","ast-hfb-below-header-display":"","ast-hfb-mobile-header-display":"","site-post-title":"","ast-breadcrumbs-content":"","ast-featured-img":"","footer-sml-layout":"","ast-disable-related-posts":"","theme-transparent-header-meta":"","adv-header-id-meta":"","stick-header-meta":"","header-above-stick-meta":"","header-main-stick-meta":"","header-below-stick-meta":"","astra-migrate-meta-layouts":"default","ast-page-background-enabled":"default","ast-page-background-meta":{"desktop":{"background-color":"var(--ast-global-color-5)","background-image":"","background-repeat":"repeat","background-position":"center center","background-size":"auto","background-attachment":"scroll","background-type":"","background-media":"","overlay-type":"","overlay-color":"","overlay-opacity":"","overlay-gradient":""},"tablet":{"background-color":"","background-image":"","background-repeat":"repeat","background-position":"center center","background-size":"auto","background-attachment":"scroll","background-type":"","background-media":"","overlay-type":"","overlay-color":"","overlay-opacity":"","overlay-gradient":""},"mobile":{"background-color":"","background-image":"","background-repeat":"repeat","background-position":"center center","background-size":"auto","background-attachment":"scroll","background-type":"","background-media":"","overlay-type":"","overlay-color":"","overlay-opacity":"","overlay-gradient":""}},"ast-content-background-meta":{"desktop":{"background-color":"var(--ast-global-color-4)","background-image":"","background-repeat":"repeat","background-position":"center center","background-size":"auto","background-attachment":"scroll","background-type":"","background-media":"","overlay-type":"","overlay-color":"","overlay-opacity":"","overlay-gradient":""},"tablet":{"background-color":"var(--ast-global-color-4)","background-image":"","background-repeat":"repeat","background-position":"center center","background-size":"auto","background-attachment":"scroll","background-type":"","background-media":"","overlay-type":"","overlay-color":"","overlay-opacity":"","overlay-gradient":""},"mobile":{"background-color":"var(--ast-global-color-4)","background-image":"","background-repeat":"repeat","background-position":"center center","background-size":"auto","background-attachment":"scroll","background-type":"","background-media":"","overlay-type":"","overlay-color":"","overlay-opacity":"","overlay-gradient":""}},"footnotes":""},"categories":[1],"tags":[],"class_list":["post-9051","post","type-post","status-publish","format-standard","hentry","category-sem-categoria"],"yoast_head":"<!-- This site is optimized with the Yoast SEO plugin v26.6 - https:\/\/yoast.com\/wordpress\/plugins\/seo\/ -->\n<title>&#039;Maranh\u00e3o de Neg\u00f3cios&#039; acontece hoje e reunir\u00e1 poder p\u00fablico e iniciativa privada - Evandro Junior<\/title>\n<meta name=\"robots\" content=\"index, follow, max-snippet:-1, max-image-preview:large, max-video-preview:-1\" \/>\n<link rel=\"canonical\" href=\"https:\/\/www.blogsoestado.com\/evandrojunior\/2023\/05\/04\/maranhao-de-negocios-acontece-hoje-e-reunira-poder-publico-e-iniciativa-privada\/\" \/>\n<meta property=\"og:locale\" content=\"pt_BR\" \/>\n<meta property=\"og:type\" content=\"article\" \/>\n<meta property=\"og:title\" content=\"&#039;Maranh\u00e3o de Neg\u00f3cios&#039; acontece hoje e reunir\u00e1 poder p\u00fablico e iniciativa privada - Evandro Junior\" \/>\n<meta property=\"og:description\" content=\"S\u00e3o Lu\u00eds &#8211; Pela primeira vez no Maranh\u00e3o, um evento vai reunir os principais players ligados ao desenvolvimento local para [&hellip;]\" \/>\n<meta property=\"og:url\" content=\"https:\/\/www.blogsoestado.com\/evandrojunior\/2023\/05\/04\/maranhao-de-negocios-acontece-hoje-e-reunira-poder-publico-e-iniciativa-privada\/\" \/>\n<meta property=\"og:site_name\" content=\"Evandro Junior\" \/>\n<meta property=\"article:published_time\" content=\"2023-05-04T10:55:59+00:00\" \/>\n<meta property=\"og:image\" content=\"https:\/\/www.blogsoestado.com\/evandrojunior\/files\/2023\/05\/WhatsApp-Image-2023-05-04-at-07.54.03.jpeg\" \/>\n<meta name=\"author\" content=\"Evandro Junior\" \/>\n<meta name=\"twitter:card\" content=\"summary_large_image\" \/>\n<meta name=\"twitter:label1\" content=\"Escrito por\" \/>\n\t<meta name=\"twitter:data1\" content=\"Evandro Junior\" \/>\n\t<meta name=\"twitter:label2\" content=\"Est. tempo de leitura\" \/>\n\t<meta name=\"twitter:data2\" content=\"3 minutos\" \/>\n<script type=\"application\/ld+json\" class=\"yoast-schema-graph\">{\"@context\":\"https:\/\/schema.org\",\"@graph\":[{\"@type\":\"WebPage\",\"@id\":\"https:\/\/www.blogsoestado.com\/evandrojunior\/2023\/05\/04\/maranhao-de-negocios-acontece-hoje-e-reunira-poder-publico-e-iniciativa-privada\/\",\"url\":\"https:\/\/www.blogsoestado.com\/evandrojunior\/2023\/05\/04\/maranhao-de-negocios-acontece-hoje-e-reunira-poder-publico-e-iniciativa-privada\/\",\"name\":\"'Maranh\u00e3o de Neg\u00f3cios' acontece hoje e reunir\u00e1 poder p\u00fablico e iniciativa privada - Evandro Junior\",\"isPartOf\":{\"@id\":\"https:\/\/www.blogsoestado.com\/evandrojunior\/#website\"},\"primaryImageOfPage\":{\"@id\":\"https:\/\/www.blogsoestado.com\/evandrojunior\/2023\/05\/04\/maranhao-de-negocios-acontece-hoje-e-reunira-poder-publico-e-iniciativa-privada\/#primaryimage\"},\"image\":{\"@id\":\"https:\/\/www.blogsoestado.com\/evandrojunior\/2023\/05\/04\/maranhao-de-negocios-acontece-hoje-e-reunira-poder-publico-e-iniciativa-privada\/#primaryimage\"},\"thumbnailUrl\":\"https:\/\/www.blogsoestado.com\/evandrojunior\/files\/2023\/05\/WhatsApp-Image-2023-05-04-at-07.54.03.jpeg\",\"datePublished\":\"2023-05-04T10:55:59+00:00\",\"author\":{\"@id\":\"https:\/\/www.blogsoestado.com\/evandrojunior\/#\/schema\/person\/3e6c3d8dbb740d1c6878ebc935cfb3be\"},\"breadcrumb\":{\"@id\":\"https:\/\/www.blogsoestado.com\/evandrojunior\/2023\/05\/04\/maranhao-de-negocios-acontece-hoje-e-reunira-poder-publico-e-iniciativa-privada\/#breadcrumb\"},\"inLanguage\":\"pt-BR\",\"potentialAction\":[{\"@type\":\"ReadAction\",\"target\":[\"https:\/\/www.blogsoestado.com\/evandrojunior\/2023\/05\/04\/maranhao-de-negocios-acontece-hoje-e-reunira-poder-publico-e-iniciativa-privada\/\"]}]},{\"@type\":\"ImageObject\",\"inLanguage\":\"pt-BR\",\"@id\":\"https:\/\/www.blogsoestado.com\/evandrojunior\/2023\/05\/04\/maranhao-de-negocios-acontece-hoje-e-reunira-poder-publico-e-iniciativa-privada\/#primaryimage\",\"url\":\"https:\/\/www.blogsoestado.com\/evandrojunior\/files\/2023\/05\/WhatsApp-Image-2023-05-04-at-07.54.03.jpeg\",\"contentUrl\":\"https:\/\/www.blogsoestado.com\/evandrojunior\/files\/2023\/05\/WhatsApp-Image-2023-05-04-at-07.54.03.jpeg\"},{\"@type\":\"BreadcrumbList\",\"@id\":\"https:\/\/www.blogsoestado.com\/evandrojunior\/2023\/05\/04\/maranhao-de-negocios-acontece-hoje-e-reunira-poder-publico-e-iniciativa-privada\/#breadcrumb\",\"itemListElement\":[{\"@type\":\"ListItem\",\"position\":1,\"name\":\"In\u00edcio\",\"item\":\"https:\/\/www.blogsoestado.com\/evandrojunior\/\"},{\"@type\":\"ListItem\",\"position\":2,\"name\":\"&#8216;Maranh\u00e3o de Neg\u00f3cios&#8217; acontece hoje e reunir\u00e1 poder p\u00fablico e iniciativa privada\"}]},{\"@type\":\"WebSite\",\"@id\":\"https:\/\/www.blogsoestado.com\/evandrojunior\/#website\",\"url\":\"https:\/\/www.blogsoestado.com\/evandrojunior\/\",\"name\":\"Evandro Junior\",\"description\":\"\",\"potentialAction\":[{\"@type\":\"SearchAction\",\"target\":{\"@type\":\"EntryPoint\",\"urlTemplate\":\"https:\/\/www.blogsoestado.com\/evandrojunior\/?s={search_term_string}\"},\"query-input\":{\"@type\":\"PropertyValueSpecification\",\"valueRequired\":true,\"valueName\":\"search_term_string\"}}],\"inLanguage\":\"pt-BR\"},{\"@type\":\"Person\",\"@id\":\"https:\/\/www.blogsoestado.com\/evandrojunior\/#\/schema\/person\/3e6c3d8dbb740d1c6878ebc935cfb3be\",\"name\":\"Evandro Junior\",\"image\":{\"@type\":\"ImageObject\",\"inLanguage\":\"pt-BR\",\"@id\":\"https:\/\/www.blogsoestado.com\/evandrojunior\/#\/schema\/person\/image\/\",\"url\":\"https:\/\/secure.gravatar.com\/avatar\/f80a03a2294a580cd2318bfb459bf354cfa8be661ef3d95b542cf9a04af8d129?s=96&d=mm&r=g\",\"contentUrl\":\"https:\/\/secure.gravatar.com\/avatar\/f80a03a2294a580cd2318bfb459bf354cfa8be661ef3d95b542cf9a04af8d129?s=96&d=mm&r=g\",\"caption\":\"Evandro Junior\"},\"url\":\"https:\/\/www.blogsoestado.com\/evandrojunior\/author\/evandrojunior\/\"}]}<\/script>\n<!-- \/ Yoast SEO plugin. -->","yoast_head_json":{"title":"'Maranh\u00e3o de Neg\u00f3cios' acontece hoje e reunir\u00e1 poder p\u00fablico e iniciativa privada - Evandro Junior","robots":{"index":"index","follow":"follow","max-snippet":"max-snippet:-1","max-image-preview":"max-image-preview:large","max-video-preview":"max-video-preview:-1"},"canonical":"https:\/\/www.blogsoestado.com\/evandrojunior\/2023\/05\/04\/maranhao-de-negocios-acontece-hoje-e-reunira-poder-publico-e-iniciativa-privada\/","og_locale":"pt_BR","og_type":"article","og_title":"'Maranh\u00e3o de Neg\u00f3cios' acontece hoje e reunir\u00e1 poder p\u00fablico e iniciativa privada - Evandro Junior","og_description":"S\u00e3o Lu\u00eds &#8211; Pela primeira vez no Maranh\u00e3o, um evento vai reunir os principais players ligados ao desenvolvimento local para [&hellip;]","og_url":"https:\/\/www.blogsoestado.com\/evandrojunior\/2023\/05\/04\/maranhao-de-negocios-acontece-hoje-e-reunira-poder-publico-e-iniciativa-privada\/","og_site_name":"Evandro Junior","article_published_time":"2023-05-04T10:55:59+00:00","og_image":[{"url":"https:\/\/www.blogsoestado.com\/evandrojunior\/files\/2023\/05\/WhatsApp-Image-2023-05-04-at-07.54.03.jpeg","type":"","width":"","height":""}],"author":"Evandro Junior","twitter_card":"summary_large_image","twitter_misc":{"Escrito por":"Evandro Junior","Est. tempo de leitura":"3 minutos"},"schema":{"@context":"https:\/\/schema.org","@graph":[{"@type":"WebPage","@id":"https:\/\/www.blogsoestado.com\/evandrojunior\/2023\/05\/04\/maranhao-de-negocios-acontece-hoje-e-reunira-poder-publico-e-iniciativa-privada\/","url":"https:\/\/www.blogsoestado.com\/evandrojunior\/2023\/05\/04\/maranhao-de-negocios-acontece-hoje-e-reunira-poder-publico-e-iniciativa-privada\/","name":"'Maranh\u00e3o de Neg\u00f3cios' acontece hoje e reunir\u00e1 poder p\u00fablico e iniciativa privada - Evandro Junior","isPartOf":{"@id":"https:\/\/www.blogsoestado.com\/evandrojunior\/#website"},"primaryImageOfPage":{"@id":"https:\/\/www.blogsoestado.com\/evandrojunior\/2023\/05\/04\/maranhao-de-negocios-acontece-hoje-e-reunira-poder-publico-e-iniciativa-privada\/#primaryimage"},"image":{"@id":"https:\/\/www.blogsoestado.com\/evandrojunior\/2023\/05\/04\/maranhao-de-negocios-acontece-hoje-e-reunira-poder-publico-e-iniciativa-privada\/#primaryimage"},"thumbnailUrl":"https:\/\/www.blogsoestado.com\/evandrojunior\/files\/2023\/05\/WhatsApp-Image-2023-05-04-at-07.54.03.jpeg","datePublished":"2023-05-04T10:55:59+00:00","author":{"@id":"https:\/\/www.blogsoestado.com\/evandrojunior\/#\/schema\/person\/3e6c3d8dbb740d1c6878ebc935cfb3be"},"breadcrumb":{"@id":"https:\/\/www.blogsoestado.com\/evandrojunior\/2023\/05\/04\/maranhao-de-negocios-acontece-hoje-e-reunira-poder-publico-e-iniciativa-privada\/#breadcrumb"},"inLanguage":"pt-BR","potentialAction":[{"@type":"ReadAction","target":["https:\/\/www.blogsoestado.com\/evandrojunior\/2023\/05\/04\/maranhao-de-negocios-acontece-hoje-e-reunira-poder-publico-e-iniciativa-privada\/"]}]},{"@type":"ImageObject","inLanguage":"pt-BR","@id":"https:\/\/www.blogsoestado.com\/evandrojunior\/2023\/05\/04\/maranhao-de-negocios-acontece-hoje-e-reunira-poder-publico-e-iniciativa-privada\/#primaryimage","url":"https:\/\/www.blogsoestado.com\/evandrojunior\/files\/2023\/05\/WhatsApp-Image-2023-05-04-at-07.54.03.jpeg","contentUrl":"https:\/\/www.blogsoestado.com\/evandrojunior\/files\/2023\/05\/WhatsApp-Image-2023-05-04-at-07.54.03.jpeg"},{"@type":"BreadcrumbList","@id":"https:\/\/www.blogsoestado.com\/evandrojunior\/2023\/05\/04\/maranhao-de-negocios-acontece-hoje-e-reunira-poder-publico-e-iniciativa-privada\/#breadcrumb","itemListElement":[{"@type":"ListItem","position":1,"name":"In\u00edcio","item":"https:\/\/www.blogsoestado.com\/evandrojunior\/"},{"@type":"ListItem","position":2,"name":"&#8216;Maranh\u00e3o de Neg\u00f3cios&#8217; acontece hoje e reunir\u00e1 poder p\u00fablico e iniciativa privada"}]},{"@type":"WebSite","@id":"https:\/\/www.blogsoestado.com\/evandrojunior\/#website","url":"https:\/\/www.blogsoestado.com\/evandrojunior\/","name":"Evandro Junior","description":"","potentialAction":[{"@type":"SearchAction","target":{"@type":"EntryPoint","urlTemplate":"https:\/\/www.blogsoestado.com\/evandrojunior\/?s={search_term_string}"},"query-input":{"@type":"PropertyValueSpecification","valueRequired":true,"valueName":"search_term_string"}}],"inLanguage":"pt-BR"},{"@type":"Person","@id":"https:\/\/www.blogsoestado.com\/evandrojunior\/#\/schema\/person\/3e6c3d8dbb740d1c6878ebc935cfb3be","name":"Evandro Junior","image":{"@type":"ImageObject","inLanguage":"pt-BR","@id":"https:\/\/www.blogsoestado.com\/evandrojunior\/#\/schema\/person\/image\/","url":"https:\/\/secure.gravatar.com\/avatar\/f80a03a2294a580cd2318bfb459bf354cfa8be661ef3d95b542cf9a04af8d129?s=96&d=mm&r=g","contentUrl":"https:\/\/secure.gravatar.com\/avatar\/f80a03a2294a580cd2318bfb459bf354cfa8be661ef3d95b542cf9a04af8d129?s=96&d=mm&r=g","caption":"Evandro Junior"},"url":"https:\/\/www.blogsoestado.com\/evandrojunior\/author\/evandrojunior\/"}]}},"jetpack_featured_media_url":"","_links":{"self":[{"href":"https:\/\/www.blogsoestado.com\/evandrojunior\/wp-json\/wp\/v2\/posts\/9051","targetHints":{"allow":["GET"]}}],"collection":[{"href":"https:\/\/www.blogsoestado.com\/evandrojunior\/wp-json\/wp\/v2\/posts"}],"about":[{"href":"https:\/\/www.blogsoestado.com\/evandrojunior\/wp-json\/wp\/v2\/types\/post"}],"author":[{"embeddable":true,"href":"https:\/\/www.blogsoestado.com\/evandrojunior\/wp-json\/wp\/v2\/users\/4"}],"replies":[{"embeddable":true,"href":"https:\/\/www.blogsoestado.com\/evandrojunior\/wp-json\/wp\/v2\/comments?post=9051"}],"version-history":[{"count":0,"href":"https:\/\/www.blogsoestado.com\/evandrojunior\/wp-json\/wp\/v2\/posts\/9051\/revisions"}],"wp:attachment":[{"href":"https:\/\/www.blogsoestado.com\/evandrojunior\/wp-json\/wp\/v2\/media?parent=9051"}],"wp:term":[{"taxonomy":"category","embeddable":true,"href":"https:\/\/www.blogsoestado.com\/evandrojunior\/wp-json\/wp\/v2\/categories?post=9051"},{"taxonomy":"post_tag","embeddable":true,"href":"https:\/\/www.blogsoestado.com\/evandrojunior\/wp-json\/wp\/v2\/tags?post=9051"}],"curies":[{"name":"wp","href":"https:\/\/api.w.org\/{rel}","templated":true}]}}