{"id":909,"date":"2018-07-30T17:36:45","date_gmt":"2018-07-30T20:36:45","guid":{"rendered":"https:\/\/www.blogsoestado.com\/evandrojunior\/?p=909"},"modified":"2018-07-30T17:36:45","modified_gmt":"2018-07-30T20:36:45","slug":"ambientes-coletivos-de-trabalho-e-realidade-em-sao-luis","status":"publish","type":"post","link":"https:\/\/www.blogsoestado.com\/evandrojunior\/2018\/07\/30\/ambientes-coletivos-de-trabalho-e-realidade-em-sao-luis\/","title":{"rendered":"Ambientes coletivos de trabalho: realidade em S\u00e3o Lu\u00eds"},"content":{"rendered":"<div dir=\"auto\"><img fetchpriority=\"high\" decoding=\"async\" class=\"alignnone wp-image-910\" src=\"https:\/\/www.blogsoestado.com\/evandrojunior\/wp-content\/uploads\/sites\/3\/2018\/07\/IMG-20180723-WA0037-1-300x200.jpg\" alt=\"\" width=\"464\" height=\"309\" srcset=\"https:\/\/www.blogsoestado.com\/evandrojunior\/wp-content\/uploads\/sites\/3\/2018\/07\/IMG-20180723-WA0037-1-300x200.jpg 300w, https:\/\/www.blogsoestado.com\/evandrojunior\/wp-content\/uploads\/sites\/3\/2018\/07\/IMG-20180723-WA0037-1-768x512.jpg 768w, https:\/\/www.blogsoestado.com\/evandrojunior\/wp-content\/uploads\/sites\/3\/2018\/07\/IMG-20180723-WA0037-1.jpg 1024w\" sizes=\"(max-width: 464px) 100vw, 464px\" \/><\/div>\n<div dir=\"auto\"><\/div>\n<div dir=\"auto\"><\/div>\n<div dir=\"auto\">\n<p>&nbsp;<\/p>\n<p>Seguindo a tend\u00eancia mundial que incentiva o trabalho de profissionais independentes, S\u00e3o Lu\u00eds conta, h\u00e1 mais de um ano, com espa\u00e7os dispon\u00edveis para a pr\u00e1tica do coworking. A empresa Face to Face, instalada na Ponta d&#8217;Areia, \u00e9 a comprova\u00e7\u00e3o dessa nova realidade, com investimento\u00a0em ambientes coletivos de trabalho para as mais diversas \u00e1reas de atua\u00e7\u00e3o. Os escrit\u00f3rios compartilhados ganham cada vez mais adeptos, por sua capacidade de integrar economia, conforto e praticidade.<\/p>\n<p>&nbsp;<\/p>\n<p>Apesar de ser pouco conhecido pelos maranhenses, o coworking est\u00e1 presente no Brasil h\u00e1 alguns anos. Estima-se a exist\u00eancia de mais de 100 espa\u00e7os voltados para esta iniciativa entre os brasileiros. A atividade nasceu da necessidade dos profissionais em conseguir conciliar, em um universo democr\u00e1tico, o deslanchar de seus projetos, sem precisar se preocupar com o isolamento do home office, ou com os altos custos dos alugu\u00e9is de salas comerciais. Advogados, psic\u00f3logos, jornalistas, nutricionistas, empreendedores, consultores, palestrantes, startups, dentre muitos outros, j\u00e1 t\u00eam essa alternativa na capital maranhense.<\/p>\n<p>&nbsp;<\/p>\n<\/div>\n<div dir=\"auto\"><\/div>\n<div dir=\"auto\"><img decoding=\"async\" class=\"alignnone wp-image-911\" src=\"https:\/\/www.blogsoestado.com\/evandrojunior\/wp-content\/uploads\/sites\/3\/2018\/07\/IMG-20180713-WA0014-1-300x225.jpg\" alt=\"\" width=\"479\" height=\"359\" srcset=\"https:\/\/www.blogsoestado.com\/evandrojunior\/wp-content\/uploads\/sites\/3\/2018\/07\/IMG-20180713-WA0014-1-300x225.jpg 300w, https:\/\/www.blogsoestado.com\/evandrojunior\/wp-content\/uploads\/sites\/3\/2018\/07\/IMG-20180713-WA0014-1-768x576.jpg 768w, https:\/\/www.blogsoestado.com\/evandrojunior\/wp-content\/uploads\/sites\/3\/2018\/07\/IMG-20180713-WA0014-1.jpg 1024w\" sizes=\"(max-width: 479px) 100vw, 479px\" \/><\/div>\n<div dir=\"auto\"><\/div>\n<div dir=\"auto\"><\/div>\n<div dir=\"auto\">\n<p>&nbsp;<\/p>\n<p>Os escrit\u00f3rios oferecidos pela empresa contam com m\u00f3veis planejados, cortinas privativas, estacionamento e audit\u00f3rio, al\u00e9m da possibilidade de se ter um endere\u00e7o corporativo. Os contratos de aluguel podem ser assinados sem fideliza\u00e7\u00e3o. O m\u00e9dico Odivaldo Souza\u00a0\u00e9 o administrador da Face to Face,\u00a0destinada a profissionais independentes, empresas de pequeno e m\u00e9dio porte e organiza\u00e7\u00f5es de grande porte, as quais n\u00e3o tenham a necessidade de manter o funcionamento de um estoque.<\/p>\n<\/div>\n<div dir=\"auto\"><\/div>\n","protected":false},"excerpt":{"rendered":"<p>&nbsp; Seguindo a tend\u00eancia mundial que incentiva o trabalho de profissionais independentes, S\u00e3o Lu\u00eds conta, h\u00e1 mais de um ano, [&hellip;]<\/p>\n","protected":false},"author":4,"featured_media":0,"comment_status":"open","ping_status":"open","sticky":false,"template":"","format":"standard","meta":{"site-sidebar-layout":"default","site-content-layout":"","ast-site-content-layout":"default","site-content-style":"default","site-sidebar-style":"default","ast-global-header-display":"","ast-banner-title-visibility":"","ast-main-header-display":"","ast-hfb-above-header-display":"","ast-hfb-below-header-display":"","ast-hfb-mobile-header-display":"","site-post-title":"","ast-breadcrumbs-content":"","ast-featured-img":"","footer-sml-layout":"","ast-disable-related-posts":"","theme-transparent-header-meta":"","adv-header-id-meta":"","stick-header-meta":"","header-above-stick-meta":"","header-main-stick-meta":"","header-below-stick-meta":"","astra-migrate-meta-layouts":"default","ast-page-background-enabled":"default","ast-page-background-meta":{"desktop":{"background-color":"var(--ast-global-color-5)","background-image":"","background-repeat":"repeat","background-position":"center center","background-size":"auto","background-attachment":"scroll","background-type":"","background-media":"","overlay-type":"","overlay-color":"","overlay-opacity":"","overlay-gradient":""},"tablet":{"background-color":"","background-image":"","background-repeat":"repeat","background-position":"center center","background-size":"auto","background-attachment":"scroll","background-type":"","background-media":"","overlay-type":"","overlay-color":"","overlay-opacity":"","overlay-gradient":""},"mobile":{"background-color":"","background-image":"","background-repeat":"repeat","background-position":"center center","background-size":"auto","background-attachment":"scroll","background-type":"","background-media":"","overlay-type":"","overlay-color":"","overlay-opacity":"","overlay-gradient":""}},"ast-content-background-meta":{"desktop":{"background-color":"var(--ast-global-color-4)","background-image":"","background-repeat":"repeat","background-position":"center center","background-size":"auto","background-attachment":"scroll","background-type":"","background-media":"","overlay-type":"","overlay-color":"","overlay-opacity":"","overlay-gradient":""},"tablet":{"background-color":"var(--ast-global-color-4)","background-image":"","background-repeat":"repeat","background-position":"center center","background-size":"auto","background-attachment":"scroll","background-type":"","background-media":"","overlay-type":"","overlay-color":"","overlay-opacity":"","overlay-gradient":""},"mobile":{"background-color":"var(--ast-global-color-4)","background-image":"","background-repeat":"repeat","background-position":"center center","background-size":"auto","background-attachment":"scroll","background-type":"","background-media":"","overlay-type":"","overlay-color":"","overlay-opacity":"","overlay-gradient":""}},"footnotes":""},"categories":[1],"tags":[],"class_list":["post-909","post","type-post","status-publish","format-standard","hentry","category-sem-categoria"],"yoast_head":"<!-- This site is optimized with the Yoast SEO plugin v26.6 - https:\/\/yoast.com\/wordpress\/plugins\/seo\/ -->\n<title>Ambientes coletivos de trabalho: realidade em S\u00e3o Lu\u00eds - Evandro Junior<\/title>\n<meta name=\"robots\" content=\"index, follow, max-snippet:-1, max-image-preview:large, max-video-preview:-1\" \/>\n<link rel=\"canonical\" href=\"https:\/\/www.blogsoestado.com\/evandrojunior\/2018\/07\/30\/ambientes-coletivos-de-trabalho-e-realidade-em-sao-luis\/\" \/>\n<meta property=\"og:locale\" content=\"pt_BR\" \/>\n<meta property=\"og:type\" content=\"article\" \/>\n<meta property=\"og:title\" content=\"Ambientes coletivos de trabalho: realidade em S\u00e3o Lu\u00eds - Evandro Junior\" \/>\n<meta property=\"og:description\" content=\"&nbsp; Seguindo a tend\u00eancia mundial que incentiva o trabalho de profissionais independentes, S\u00e3o Lu\u00eds conta, h\u00e1 mais de um ano, [&hellip;]\" \/>\n<meta property=\"og:url\" content=\"https:\/\/www.blogsoestado.com\/evandrojunior\/2018\/07\/30\/ambientes-coletivos-de-trabalho-e-realidade-em-sao-luis\/\" \/>\n<meta property=\"og:site_name\" content=\"Evandro Junior\" \/>\n<meta property=\"article:published_time\" content=\"2018-07-30T20:36:45+00:00\" \/>\n<meta property=\"og:image\" content=\"https:\/\/www.blogsoestado.com\/evandrojunior\/wp-content\/uploads\/sites\/3\/2018\/07\/IMG-20180723-WA0037-1-300x200.jpg\" \/>\n<meta name=\"author\" content=\"Evandro Junior\" \/>\n<meta name=\"twitter:card\" content=\"summary_large_image\" \/>\n<meta name=\"twitter:label1\" content=\"Escrito por\" \/>\n\t<meta name=\"twitter:data1\" content=\"Evandro Junior\" \/>\n\t<meta name=\"twitter:label2\" content=\"Est. tempo de leitura\" \/>\n\t<meta name=\"twitter:data2\" content=\"1 minuto\" \/>\n<script type=\"application\/ld+json\" class=\"yoast-schema-graph\">{\"@context\":\"https:\/\/schema.org\",\"@graph\":[{\"@type\":\"WebPage\",\"@id\":\"https:\/\/www.blogsoestado.com\/evandrojunior\/2018\/07\/30\/ambientes-coletivos-de-trabalho-e-realidade-em-sao-luis\/\",\"url\":\"https:\/\/www.blogsoestado.com\/evandrojunior\/2018\/07\/30\/ambientes-coletivos-de-trabalho-e-realidade-em-sao-luis\/\",\"name\":\"Ambientes coletivos de trabalho: realidade em S\u00e3o Lu\u00eds - Evandro Junior\",\"isPartOf\":{\"@id\":\"https:\/\/www.blogsoestado.com\/evandrojunior\/#website\"},\"primaryImageOfPage\":{\"@id\":\"https:\/\/www.blogsoestado.com\/evandrojunior\/2018\/07\/30\/ambientes-coletivos-de-trabalho-e-realidade-em-sao-luis\/#primaryimage\"},\"image\":{\"@id\":\"https:\/\/www.blogsoestado.com\/evandrojunior\/2018\/07\/30\/ambientes-coletivos-de-trabalho-e-realidade-em-sao-luis\/#primaryimage\"},\"thumbnailUrl\":\"https:\/\/www.blogsoestado.com\/evandrojunior\/wp-content\/uploads\/sites\/3\/2018\/07\/IMG-20180723-WA0037-1-300x200.jpg\",\"datePublished\":\"2018-07-30T20:36:45+00:00\",\"author\":{\"@id\":\"https:\/\/www.blogsoestado.com\/evandrojunior\/#\/schema\/person\/3e6c3d8dbb740d1c6878ebc935cfb3be\"},\"breadcrumb\":{\"@id\":\"https:\/\/www.blogsoestado.com\/evandrojunior\/2018\/07\/30\/ambientes-coletivos-de-trabalho-e-realidade-em-sao-luis\/#breadcrumb\"},\"inLanguage\":\"pt-BR\",\"potentialAction\":[{\"@type\":\"ReadAction\",\"target\":[\"https:\/\/www.blogsoestado.com\/evandrojunior\/2018\/07\/30\/ambientes-coletivos-de-trabalho-e-realidade-em-sao-luis\/\"]}]},{\"@type\":\"ImageObject\",\"inLanguage\":\"pt-BR\",\"@id\":\"https:\/\/www.blogsoestado.com\/evandrojunior\/2018\/07\/30\/ambientes-coletivos-de-trabalho-e-realidade-em-sao-luis\/#primaryimage\",\"url\":\"https:\/\/www.blogsoestado.com\/evandrojunior\/wp-content\/uploads\/sites\/3\/2018\/07\/IMG-20180723-WA0037-1.jpg\",\"contentUrl\":\"https:\/\/www.blogsoestado.com\/evandrojunior\/wp-content\/uploads\/sites\/3\/2018\/07\/IMG-20180723-WA0037-1.jpg\",\"width\":1024,\"height\":682},{\"@type\":\"BreadcrumbList\",\"@id\":\"https:\/\/www.blogsoestado.com\/evandrojunior\/2018\/07\/30\/ambientes-coletivos-de-trabalho-e-realidade-em-sao-luis\/#breadcrumb\",\"itemListElement\":[{\"@type\":\"ListItem\",\"position\":1,\"name\":\"In\u00edcio\",\"item\":\"https:\/\/www.blogsoestado.com\/evandrojunior\/\"},{\"@type\":\"ListItem\",\"position\":2,\"name\":\"Ambientes coletivos de trabalho: realidade em S\u00e3o Lu\u00eds\"}]},{\"@type\":\"WebSite\",\"@id\":\"https:\/\/www.blogsoestado.com\/evandrojunior\/#website\",\"url\":\"https:\/\/www.blogsoestado.com\/evandrojunior\/\",\"name\":\"Evandro Junior\",\"description\":\"\",\"potentialAction\":[{\"@type\":\"SearchAction\",\"target\":{\"@type\":\"EntryPoint\",\"urlTemplate\":\"https:\/\/www.blogsoestado.com\/evandrojunior\/?s={search_term_string}\"},\"query-input\":{\"@type\":\"PropertyValueSpecification\",\"valueRequired\":true,\"valueName\":\"search_term_string\"}}],\"inLanguage\":\"pt-BR\"},{\"@type\":\"Person\",\"@id\":\"https:\/\/www.blogsoestado.com\/evandrojunior\/#\/schema\/person\/3e6c3d8dbb740d1c6878ebc935cfb3be\",\"name\":\"Evandro Junior\",\"image\":{\"@type\":\"ImageObject\",\"inLanguage\":\"pt-BR\",\"@id\":\"https:\/\/www.blogsoestado.com\/evandrojunior\/#\/schema\/person\/image\/\",\"url\":\"https:\/\/secure.gravatar.com\/avatar\/f80a03a2294a580cd2318bfb459bf354cfa8be661ef3d95b542cf9a04af8d129?s=96&d=mm&r=g\",\"contentUrl\":\"https:\/\/secure.gravatar.com\/avatar\/f80a03a2294a580cd2318bfb459bf354cfa8be661ef3d95b542cf9a04af8d129?s=96&d=mm&r=g\",\"caption\":\"Evandro Junior\"},\"url\":\"https:\/\/www.blogsoestado.com\/evandrojunior\/author\/evandrojunior\/\"}]}<\/script>\n<!-- \/ Yoast SEO plugin. -->","yoast_head_json":{"title":"Ambientes coletivos de trabalho: realidade em S\u00e3o Lu\u00eds - Evandro Junior","robots":{"index":"index","follow":"follow","max-snippet":"max-snippet:-1","max-image-preview":"max-image-preview:large","max-video-preview":"max-video-preview:-1"},"canonical":"https:\/\/www.blogsoestado.com\/evandrojunior\/2018\/07\/30\/ambientes-coletivos-de-trabalho-e-realidade-em-sao-luis\/","og_locale":"pt_BR","og_type":"article","og_title":"Ambientes coletivos de trabalho: realidade em S\u00e3o Lu\u00eds - Evandro Junior","og_description":"&nbsp; Seguindo a tend\u00eancia mundial que incentiva o trabalho de profissionais independentes, S\u00e3o Lu\u00eds conta, h\u00e1 mais de um ano, [&hellip;]","og_url":"https:\/\/www.blogsoestado.com\/evandrojunior\/2018\/07\/30\/ambientes-coletivos-de-trabalho-e-realidade-em-sao-luis\/","og_site_name":"Evandro Junior","article_published_time":"2018-07-30T20:36:45+00:00","og_image":[{"url":"https:\/\/www.blogsoestado.com\/evandrojunior\/wp-content\/uploads\/sites\/3\/2018\/07\/IMG-20180723-WA0037-1-300x200.jpg","type":"","width":"","height":""}],"author":"Evandro Junior","twitter_card":"summary_large_image","twitter_misc":{"Escrito por":"Evandro Junior","Est. tempo de leitura":"1 minuto"},"schema":{"@context":"https:\/\/schema.org","@graph":[{"@type":"WebPage","@id":"https:\/\/www.blogsoestado.com\/evandrojunior\/2018\/07\/30\/ambientes-coletivos-de-trabalho-e-realidade-em-sao-luis\/","url":"https:\/\/www.blogsoestado.com\/evandrojunior\/2018\/07\/30\/ambientes-coletivos-de-trabalho-e-realidade-em-sao-luis\/","name":"Ambientes coletivos de trabalho: realidade em S\u00e3o Lu\u00eds - Evandro Junior","isPartOf":{"@id":"https:\/\/www.blogsoestado.com\/evandrojunior\/#website"},"primaryImageOfPage":{"@id":"https:\/\/www.blogsoestado.com\/evandrojunior\/2018\/07\/30\/ambientes-coletivos-de-trabalho-e-realidade-em-sao-luis\/#primaryimage"},"image":{"@id":"https:\/\/www.blogsoestado.com\/evandrojunior\/2018\/07\/30\/ambientes-coletivos-de-trabalho-e-realidade-em-sao-luis\/#primaryimage"},"thumbnailUrl":"https:\/\/www.blogsoestado.com\/evandrojunior\/wp-content\/uploads\/sites\/3\/2018\/07\/IMG-20180723-WA0037-1-300x200.jpg","datePublished":"2018-07-30T20:36:45+00:00","author":{"@id":"https:\/\/www.blogsoestado.com\/evandrojunior\/#\/schema\/person\/3e6c3d8dbb740d1c6878ebc935cfb3be"},"breadcrumb":{"@id":"https:\/\/www.blogsoestado.com\/evandrojunior\/2018\/07\/30\/ambientes-coletivos-de-trabalho-e-realidade-em-sao-luis\/#breadcrumb"},"inLanguage":"pt-BR","potentialAction":[{"@type":"ReadAction","target":["https:\/\/www.blogsoestado.com\/evandrojunior\/2018\/07\/30\/ambientes-coletivos-de-trabalho-e-realidade-em-sao-luis\/"]}]},{"@type":"ImageObject","inLanguage":"pt-BR","@id":"https:\/\/www.blogsoestado.com\/evandrojunior\/2018\/07\/30\/ambientes-coletivos-de-trabalho-e-realidade-em-sao-luis\/#primaryimage","url":"https:\/\/www.blogsoestado.com\/evandrojunior\/wp-content\/uploads\/sites\/3\/2018\/07\/IMG-20180723-WA0037-1.jpg","contentUrl":"https:\/\/www.blogsoestado.com\/evandrojunior\/wp-content\/uploads\/sites\/3\/2018\/07\/IMG-20180723-WA0037-1.jpg","width":1024,"height":682},{"@type":"BreadcrumbList","@id":"https:\/\/www.blogsoestado.com\/evandrojunior\/2018\/07\/30\/ambientes-coletivos-de-trabalho-e-realidade-em-sao-luis\/#breadcrumb","itemListElement":[{"@type":"ListItem","position":1,"name":"In\u00edcio","item":"https:\/\/www.blogsoestado.com\/evandrojunior\/"},{"@type":"ListItem","position":2,"name":"Ambientes coletivos de trabalho: realidade em S\u00e3o Lu\u00eds"}]},{"@type":"WebSite","@id":"https:\/\/www.blogsoestado.com\/evandrojunior\/#website","url":"https:\/\/www.blogsoestado.com\/evandrojunior\/","name":"Evandro Junior","description":"","potentialAction":[{"@type":"SearchAction","target":{"@type":"EntryPoint","urlTemplate":"https:\/\/www.blogsoestado.com\/evandrojunior\/?s={search_term_string}"},"query-input":{"@type":"PropertyValueSpecification","valueRequired":true,"valueName":"search_term_string"}}],"inLanguage":"pt-BR"},{"@type":"Person","@id":"https:\/\/www.blogsoestado.com\/evandrojunior\/#\/schema\/person\/3e6c3d8dbb740d1c6878ebc935cfb3be","name":"Evandro Junior","image":{"@type":"ImageObject","inLanguage":"pt-BR","@id":"https:\/\/www.blogsoestado.com\/evandrojunior\/#\/schema\/person\/image\/","url":"https:\/\/secure.gravatar.com\/avatar\/f80a03a2294a580cd2318bfb459bf354cfa8be661ef3d95b542cf9a04af8d129?s=96&d=mm&r=g","contentUrl":"https:\/\/secure.gravatar.com\/avatar\/f80a03a2294a580cd2318bfb459bf354cfa8be661ef3d95b542cf9a04af8d129?s=96&d=mm&r=g","caption":"Evandro Junior"},"url":"https:\/\/www.blogsoestado.com\/evandrojunior\/author\/evandrojunior\/"}]}},"jetpack_featured_media_url":"","_links":{"self":[{"href":"https:\/\/www.blogsoestado.com\/evandrojunior\/wp-json\/wp\/v2\/posts\/909","targetHints":{"allow":["GET"]}}],"collection":[{"href":"https:\/\/www.blogsoestado.com\/evandrojunior\/wp-json\/wp\/v2\/posts"}],"about":[{"href":"https:\/\/www.blogsoestado.com\/evandrojunior\/wp-json\/wp\/v2\/types\/post"}],"author":[{"embeddable":true,"href":"https:\/\/www.blogsoestado.com\/evandrojunior\/wp-json\/wp\/v2\/users\/4"}],"replies":[{"embeddable":true,"href":"https:\/\/www.blogsoestado.com\/evandrojunior\/wp-json\/wp\/v2\/comments?post=909"}],"version-history":[{"count":0,"href":"https:\/\/www.blogsoestado.com\/evandrojunior\/wp-json\/wp\/v2\/posts\/909\/revisions"}],"wp:attachment":[{"href":"https:\/\/www.blogsoestado.com\/evandrojunior\/wp-json\/wp\/v2\/media?parent=909"}],"wp:term":[{"taxonomy":"category","embeddable":true,"href":"https:\/\/www.blogsoestado.com\/evandrojunior\/wp-json\/wp\/v2\/categories?post=909"},{"taxonomy":"post_tag","embeddable":true,"href":"https:\/\/www.blogsoestado.com\/evandrojunior\/wp-json\/wp\/v2\/tags?post=909"}],"curies":[{"name":"wp","href":"https:\/\/api.w.org\/{rel}","templated":true}]}}