{"id":9116,"date":"2023-05-15T16:55:34","date_gmt":"2023-05-15T19:55:34","guid":{"rendered":"https:\/\/www.blogsoestado.com\/evandrojunior\/?p=9116"},"modified":"2023-05-15T16:55:34","modified_gmt":"2023-05-15T19:55:34","slug":"maranhao-tem-a-brita-mais-barata-do-brasil","status":"publish","type":"post","link":"https:\/\/www.blogsoestado.com\/evandrojunior\/2023\/05\/15\/maranhao-tem-a-brita-mais-barata-do-brasil\/","title":{"rendered":"Maranh\u00e3o tem a brita mais barata do Brasil"},"content":{"rendered":"\n<div class=\"wp-block-image\"><figure class=\"aligncenter size-large is-resized\"><img fetchpriority=\"high\" decoding=\"async\" src=\"https:\/\/www.blogsoestado.com\/evandrojunior\/files\/2023\/05\/WhatsApp-Image-2023-05-15-at-16.52.27-1024x460.jpeg\" alt=\"\" class=\"wp-image-9117\" width=\"631\" height=\"283\"\/><figcaption><strong>Crescentes aumentos no custo da produ\u00e7\u00e3o s\u00e3o fatores que justificariam a necessidade de atualiza\u00e7\u00e3o do pre\u00e7o do produto<\/strong><\/figcaption><\/figure><\/div>\n\n\n\n<p><strong>S\u00c3O LU\u00cdS<\/strong> &#8211; O pre\u00e7o da brita no Maranh\u00e3o \u00e9 o menor do Brasil e os reajustes s\u00e3o m\u00ednimos e n\u00e3o acompanham a infla\u00e7\u00e3o, sendo menores do que os reajustes do insumos utilizadas na ind\u00fastria da minera\u00e7\u00e3o. <\/p>\n\n\n\n<p>O valor chega a ser 40% aqu\u00e9m se comparado, por exemplo, a outros estados da regi\u00e3o Nordeste. O produto \u00e9 usado em v\u00e1rios tipos de obras, desde a pavimenta\u00e7\u00e3o de rodovias at\u00e9 a aplica\u00e7\u00e3o em ferrovias, barragens, pr\u00e9dios, pontes e estradas, entre diversos outros.<\/p>\n\n\n\n<p>Segundo o empres\u00e1rio M\u00e1rcio Galv\u00e3o, que comanda empresa do ramo com 15 unidades no Brasil, inclusive no Maranh\u00e3o, os investimentos em equipamentos s\u00e3o alt\u00edssimos e os crescentes aumentos no custo da produ\u00e7\u00e3o s\u00e3o fatores que justificariam a necessidade de atualiza\u00e7\u00e3o do pre\u00e7o do produto, o qual continua estagnado no estado.<\/p>\n\n\n\n<p>\u201cDo ponto de vista de pre\u00e7os, o cen\u00e1rio atual \u00e9 cr\u00edtico e muito preocupante. Atualmente, o pre\u00e7o do produto final da ind\u00fastria n\u00e3o justifica o alt\u00edssimo investimento em equipamentos e os crescentes aumentos no custo de produ\u00e7\u00e3o, ou seja, n\u00e3o viabiliza a opera\u00e7\u00e3o\u201d, afirma M\u00e1rcio Galv\u00e3o.<\/p>\n\n\n\n<p>Ele diz que o segmento da ind\u00fastria de agregados n\u00e3o est\u00e1 dando a devida import\u00e2ncia \u00e0 constante alta dos custos de produ\u00e7\u00e3o. Somente ano passado, segundo ele, o setor sofreu um acr\u00e9scimo na ordem de 40% em 12 meses. Conforme o empres\u00e1rio, a situa\u00e7\u00e3o \u00e9 preocupante n\u00e3o somente para o setor da ind\u00fastria de agregados, mas, tamb\u00e9m, preocupa o setor da constru\u00e7\u00e3o como um todo.<\/p>\n\n\n\n<p>\u201cAgora, de um modo geral, ou seja, em um panorama a n\u00edvel nacional, o cen\u00e1rio \u00e9 positivo. Em algumas pra\u00e7as, por exemplo, n\u00f3s tivemos reajustes de pre\u00e7os da ordem de 50% em dois anos, justificando, assim, os elevados investimentos do setor em equipamentos e no custo de produ\u00e7\u00e3o. No entanto, se as ind\u00fastrias de agregados n\u00e3o conseguirem atender a demanda de forma sadia e com reinvestimentos, provavelmente teremos s\u00e9rios problemas no setor da constru\u00e7\u00e3o\u201d, explica M\u00e1rcio Galv\u00e3o.<\/p>\n\n\n\n<p><strong>Insumos<\/strong><\/p>\n\n\n\n<p>Outros insumos utilizados na constru\u00e7\u00e3o, como a\u00e7o, cimento e concreto, tiveram elevados reajustes de pre\u00e7os nos \u00faltimos anos. O a\u00e7o, por exemplo, destaca-se com reajustes de mais de 200% em tr\u00eas anos e o cimento com reajustes de 40% em pouco menos de dois anos. Na compara\u00e7\u00e3o com esses produtos, a ind\u00fastria de agregados no Maranh\u00e3o estaria congelada.<\/p>\n\n\n\n<p>Conforme o empres\u00e1rio, as perspectivas em termos de venda para este ano s\u00e3o as melhores. \u201cPrincipalmente no segundo semestre, onde tradicionalmente o volume de mercado aumenta\u201d, afirmou ele, explicando que as pedras britadas mais procuradas s\u00e3o as dos tipos 0 e 1.<\/p>\n\n\n\n<p>Ressalta-se a diferen\u00e7a de pre\u00e7os entre a brita 0 e a brita 1. Esses materiais t\u00eam uma composi\u00e7\u00e3o de custo de produ\u00e7\u00e3o muito parecido e hoje, em S\u00e3o Lu\u00eds, o pre\u00e7o da brita 1 \u00e9 bem menor que o pre\u00e7o da brita 0. Em todo Brasil essa diferen\u00e7a \u00e9 muito pequena, em torno de 10%, e em v\u00e1rias pra\u00e7as os pre\u00e7os desses dois produtos s\u00e3o iguais.<\/p>\n\n\n\n<p>O empres\u00e1rio diz que \u00e9 at\u00e9 incompreens\u00edvel a situa\u00e7\u00e3o, pois s\u00e3o dois produtos com custos de produ\u00e7\u00e3o iguais e pre\u00e7os de venda bem diferentes, tendo a brita 0 com um pre\u00e7o bem mais coerente. Al\u00e9m disso, o setor da ind\u00fastria de agregados possui uma tabela de refer\u00eancia de pre\u00e7os para fins de cobran\u00e7a de ICMS (pauta fiscal), ou seja, o Estado estabelece e cobra ICMS pelos valores determinados na tabela de refer\u00eancia, que est\u00e3o acima dos valores<br>praticados.<\/p>\n\n\n\n<p>Para o varejo, por exemplo, h\u00e1 no mercado pre\u00e7os de produtos que podem ser at\u00e9 40% menores que o valor de pauta. Com isso, as empresas do setor s\u00e3o tributadas por um pre\u00e7o acima do valor que realmente o produto \u00e9 comercializado.<\/p>\n","protected":false},"excerpt":{"rendered":"<p>S\u00c3O LU\u00cdS &#8211; O pre\u00e7o da brita no Maranh\u00e3o \u00e9 o menor do Brasil e os reajustes s\u00e3o m\u00ednimos e [&hellip;]<\/p>\n","protected":false},"author":4,"featured_media":0,"comment_status":"open","ping_status":"open","sticky":false,"template":"","format":"standard","meta":{"site-sidebar-layout":"default","site-content-layout":"","ast-site-content-layout":"default","site-content-style":"default","site-sidebar-style":"default","ast-global-header-display":"","ast-banner-title-visibility":"","ast-main-header-display":"","ast-hfb-above-header-display":"","ast-hfb-below-header-display":"","ast-hfb-mobile-header-display":"","site-post-title":"","ast-breadcrumbs-content":"","ast-featured-img":"","footer-sml-layout":"","ast-disable-related-posts":"","theme-transparent-header-meta":"","adv-header-id-meta":"","stick-header-meta":"","header-above-stick-meta":"","header-main-stick-meta":"","header-below-stick-meta":"","astra-migrate-meta-layouts":"default","ast-page-background-enabled":"default","ast-page-background-meta":{"desktop":{"background-color":"var(--ast-global-color-5)","background-image":"","background-repeat":"repeat","background-position":"center center","background-size":"auto","background-attachment":"scroll","background-type":"","background-media":"","overlay-type":"","overlay-color":"","overlay-opacity":"","overlay-gradient":""},"tablet":{"background-color":"","background-image":"","background-repeat":"repeat","background-position":"center center","background-size":"auto","background-attachment":"scroll","background-type":"","background-media":"","overlay-type":"","overlay-color":"","overlay-opacity":"","overlay-gradient":""},"mobile":{"background-color":"","background-image":"","background-repeat":"repeat","background-position":"center center","background-size":"auto","background-attachment":"scroll","background-type":"","background-media":"","overlay-type":"","overlay-color":"","overlay-opacity":"","overlay-gradient":""}},"ast-content-background-meta":{"desktop":{"background-color":"var(--ast-global-color-4)","background-image":"","background-repeat":"repeat","background-position":"center center","background-size":"auto","background-attachment":"scroll","background-type":"","background-media":"","overlay-type":"","overlay-color":"","overlay-opacity":"","overlay-gradient":""},"tablet":{"background-color":"var(--ast-global-color-4)","background-image":"","background-repeat":"repeat","background-position":"center center","background-size":"auto","background-attachment":"scroll","background-type":"","background-media":"","overlay-type":"","overlay-color":"","overlay-opacity":"","overlay-gradient":""},"mobile":{"background-color":"var(--ast-global-color-4)","background-image":"","background-repeat":"repeat","background-position":"center center","background-size":"auto","background-attachment":"scroll","background-type":"","background-media":"","overlay-type":"","overlay-color":"","overlay-opacity":"","overlay-gradient":""}},"footnotes":""},"categories":[1],"tags":[],"class_list":["post-9116","post","type-post","status-publish","format-standard","hentry","category-sem-categoria"],"yoast_head":"<!-- This site is optimized with the Yoast SEO plugin v26.6 - https:\/\/yoast.com\/wordpress\/plugins\/seo\/ -->\n<title>Maranh\u00e3o tem a brita mais barata do Brasil - Evandro Junior<\/title>\n<meta name=\"robots\" content=\"index, follow, max-snippet:-1, max-image-preview:large, max-video-preview:-1\" \/>\n<link rel=\"canonical\" href=\"https:\/\/www.blogsoestado.com\/evandrojunior\/2023\/05\/15\/maranhao-tem-a-brita-mais-barata-do-brasil\/\" \/>\n<meta property=\"og:locale\" content=\"pt_BR\" \/>\n<meta property=\"og:type\" content=\"article\" \/>\n<meta property=\"og:title\" content=\"Maranh\u00e3o tem a brita mais barata do Brasil - Evandro Junior\" \/>\n<meta property=\"og:description\" content=\"S\u00c3O LU\u00cdS &#8211; O pre\u00e7o da brita no Maranh\u00e3o \u00e9 o menor do Brasil e os reajustes s\u00e3o m\u00ednimos e [&hellip;]\" \/>\n<meta property=\"og:url\" content=\"https:\/\/www.blogsoestado.com\/evandrojunior\/2023\/05\/15\/maranhao-tem-a-brita-mais-barata-do-brasil\/\" \/>\n<meta property=\"og:site_name\" content=\"Evandro Junior\" \/>\n<meta property=\"article:published_time\" content=\"2023-05-15T19:55:34+00:00\" \/>\n<meta property=\"og:image\" content=\"https:\/\/www.blogsoestado.com\/evandrojunior\/files\/2023\/05\/WhatsApp-Image-2023-05-15-at-16.52.27-1024x460.jpeg\" \/>\n<meta name=\"author\" content=\"Evandro Junior\" \/>\n<meta name=\"twitter:card\" content=\"summary_large_image\" \/>\n<meta name=\"twitter:label1\" content=\"Escrito por\" \/>\n\t<meta name=\"twitter:data1\" content=\"Evandro Junior\" \/>\n\t<meta name=\"twitter:label2\" content=\"Est. tempo de leitura\" \/>\n\t<meta name=\"twitter:data2\" content=\"3 minutos\" \/>\n<script type=\"application\/ld+json\" class=\"yoast-schema-graph\">{\"@context\":\"https:\/\/schema.org\",\"@graph\":[{\"@type\":\"WebPage\",\"@id\":\"https:\/\/www.blogsoestado.com\/evandrojunior\/2023\/05\/15\/maranhao-tem-a-brita-mais-barata-do-brasil\/\",\"url\":\"https:\/\/www.blogsoestado.com\/evandrojunior\/2023\/05\/15\/maranhao-tem-a-brita-mais-barata-do-brasil\/\",\"name\":\"Maranh\u00e3o tem a brita mais barata do Brasil - Evandro Junior\",\"isPartOf\":{\"@id\":\"https:\/\/www.blogsoestado.com\/evandrojunior\/#website\"},\"primaryImageOfPage\":{\"@id\":\"https:\/\/www.blogsoestado.com\/evandrojunior\/2023\/05\/15\/maranhao-tem-a-brita-mais-barata-do-brasil\/#primaryimage\"},\"image\":{\"@id\":\"https:\/\/www.blogsoestado.com\/evandrojunior\/2023\/05\/15\/maranhao-tem-a-brita-mais-barata-do-brasil\/#primaryimage\"},\"thumbnailUrl\":\"https:\/\/www.blogsoestado.com\/evandrojunior\/files\/2023\/05\/WhatsApp-Image-2023-05-15-at-16.52.27-1024x460.jpeg\",\"datePublished\":\"2023-05-15T19:55:34+00:00\",\"author\":{\"@id\":\"https:\/\/www.blogsoestado.com\/evandrojunior\/#\/schema\/person\/3e6c3d8dbb740d1c6878ebc935cfb3be\"},\"breadcrumb\":{\"@id\":\"https:\/\/www.blogsoestado.com\/evandrojunior\/2023\/05\/15\/maranhao-tem-a-brita-mais-barata-do-brasil\/#breadcrumb\"},\"inLanguage\":\"pt-BR\",\"potentialAction\":[{\"@type\":\"ReadAction\",\"target\":[\"https:\/\/www.blogsoestado.com\/evandrojunior\/2023\/05\/15\/maranhao-tem-a-brita-mais-barata-do-brasil\/\"]}]},{\"@type\":\"ImageObject\",\"inLanguage\":\"pt-BR\",\"@id\":\"https:\/\/www.blogsoestado.com\/evandrojunior\/2023\/05\/15\/maranhao-tem-a-brita-mais-barata-do-brasil\/#primaryimage\",\"url\":\"https:\/\/www.blogsoestado.com\/evandrojunior\/files\/2023\/05\/WhatsApp-Image-2023-05-15-at-16.52.27-1024x460.jpeg\",\"contentUrl\":\"https:\/\/www.blogsoestado.com\/evandrojunior\/files\/2023\/05\/WhatsApp-Image-2023-05-15-at-16.52.27-1024x460.jpeg\"},{\"@type\":\"BreadcrumbList\",\"@id\":\"https:\/\/www.blogsoestado.com\/evandrojunior\/2023\/05\/15\/maranhao-tem-a-brita-mais-barata-do-brasil\/#breadcrumb\",\"itemListElement\":[{\"@type\":\"ListItem\",\"position\":1,\"name\":\"In\u00edcio\",\"item\":\"https:\/\/www.blogsoestado.com\/evandrojunior\/\"},{\"@type\":\"ListItem\",\"position\":2,\"name\":\"Maranh\u00e3o tem a brita mais barata do Brasil\"}]},{\"@type\":\"WebSite\",\"@id\":\"https:\/\/www.blogsoestado.com\/evandrojunior\/#website\",\"url\":\"https:\/\/www.blogsoestado.com\/evandrojunior\/\",\"name\":\"Evandro Junior\",\"description\":\"\",\"potentialAction\":[{\"@type\":\"SearchAction\",\"target\":{\"@type\":\"EntryPoint\",\"urlTemplate\":\"https:\/\/www.blogsoestado.com\/evandrojunior\/?s={search_term_string}\"},\"query-input\":{\"@type\":\"PropertyValueSpecification\",\"valueRequired\":true,\"valueName\":\"search_term_string\"}}],\"inLanguage\":\"pt-BR\"},{\"@type\":\"Person\",\"@id\":\"https:\/\/www.blogsoestado.com\/evandrojunior\/#\/schema\/person\/3e6c3d8dbb740d1c6878ebc935cfb3be\",\"name\":\"Evandro Junior\",\"image\":{\"@type\":\"ImageObject\",\"inLanguage\":\"pt-BR\",\"@id\":\"https:\/\/www.blogsoestado.com\/evandrojunior\/#\/schema\/person\/image\/\",\"url\":\"https:\/\/secure.gravatar.com\/avatar\/f80a03a2294a580cd2318bfb459bf354cfa8be661ef3d95b542cf9a04af8d129?s=96&d=mm&r=g\",\"contentUrl\":\"https:\/\/secure.gravatar.com\/avatar\/f80a03a2294a580cd2318bfb459bf354cfa8be661ef3d95b542cf9a04af8d129?s=96&d=mm&r=g\",\"caption\":\"Evandro Junior\"},\"url\":\"https:\/\/www.blogsoestado.com\/evandrojunior\/author\/evandrojunior\/\"}]}<\/script>\n<!-- \/ Yoast SEO plugin. -->","yoast_head_json":{"title":"Maranh\u00e3o tem a brita mais barata do Brasil - Evandro Junior","robots":{"index":"index","follow":"follow","max-snippet":"max-snippet:-1","max-image-preview":"max-image-preview:large","max-video-preview":"max-video-preview:-1"},"canonical":"https:\/\/www.blogsoestado.com\/evandrojunior\/2023\/05\/15\/maranhao-tem-a-brita-mais-barata-do-brasil\/","og_locale":"pt_BR","og_type":"article","og_title":"Maranh\u00e3o tem a brita mais barata do Brasil - Evandro Junior","og_description":"S\u00c3O LU\u00cdS &#8211; O pre\u00e7o da brita no Maranh\u00e3o \u00e9 o menor do Brasil e os reajustes s\u00e3o m\u00ednimos e [&hellip;]","og_url":"https:\/\/www.blogsoestado.com\/evandrojunior\/2023\/05\/15\/maranhao-tem-a-brita-mais-barata-do-brasil\/","og_site_name":"Evandro Junior","article_published_time":"2023-05-15T19:55:34+00:00","og_image":[{"url":"https:\/\/www.blogsoestado.com\/evandrojunior\/files\/2023\/05\/WhatsApp-Image-2023-05-15-at-16.52.27-1024x460.jpeg","type":"","width":"","height":""}],"author":"Evandro Junior","twitter_card":"summary_large_image","twitter_misc":{"Escrito por":"Evandro Junior","Est. tempo de leitura":"3 minutos"},"schema":{"@context":"https:\/\/schema.org","@graph":[{"@type":"WebPage","@id":"https:\/\/www.blogsoestado.com\/evandrojunior\/2023\/05\/15\/maranhao-tem-a-brita-mais-barata-do-brasil\/","url":"https:\/\/www.blogsoestado.com\/evandrojunior\/2023\/05\/15\/maranhao-tem-a-brita-mais-barata-do-brasil\/","name":"Maranh\u00e3o tem a brita mais barata do Brasil - Evandro Junior","isPartOf":{"@id":"https:\/\/www.blogsoestado.com\/evandrojunior\/#website"},"primaryImageOfPage":{"@id":"https:\/\/www.blogsoestado.com\/evandrojunior\/2023\/05\/15\/maranhao-tem-a-brita-mais-barata-do-brasil\/#primaryimage"},"image":{"@id":"https:\/\/www.blogsoestado.com\/evandrojunior\/2023\/05\/15\/maranhao-tem-a-brita-mais-barata-do-brasil\/#primaryimage"},"thumbnailUrl":"https:\/\/www.blogsoestado.com\/evandrojunior\/files\/2023\/05\/WhatsApp-Image-2023-05-15-at-16.52.27-1024x460.jpeg","datePublished":"2023-05-15T19:55:34+00:00","author":{"@id":"https:\/\/www.blogsoestado.com\/evandrojunior\/#\/schema\/person\/3e6c3d8dbb740d1c6878ebc935cfb3be"},"breadcrumb":{"@id":"https:\/\/www.blogsoestado.com\/evandrojunior\/2023\/05\/15\/maranhao-tem-a-brita-mais-barata-do-brasil\/#breadcrumb"},"inLanguage":"pt-BR","potentialAction":[{"@type":"ReadAction","target":["https:\/\/www.blogsoestado.com\/evandrojunior\/2023\/05\/15\/maranhao-tem-a-brita-mais-barata-do-brasil\/"]}]},{"@type":"ImageObject","inLanguage":"pt-BR","@id":"https:\/\/www.blogsoestado.com\/evandrojunior\/2023\/05\/15\/maranhao-tem-a-brita-mais-barata-do-brasil\/#primaryimage","url":"https:\/\/www.blogsoestado.com\/evandrojunior\/files\/2023\/05\/WhatsApp-Image-2023-05-15-at-16.52.27-1024x460.jpeg","contentUrl":"https:\/\/www.blogsoestado.com\/evandrojunior\/files\/2023\/05\/WhatsApp-Image-2023-05-15-at-16.52.27-1024x460.jpeg"},{"@type":"BreadcrumbList","@id":"https:\/\/www.blogsoestado.com\/evandrojunior\/2023\/05\/15\/maranhao-tem-a-brita-mais-barata-do-brasil\/#breadcrumb","itemListElement":[{"@type":"ListItem","position":1,"name":"In\u00edcio","item":"https:\/\/www.blogsoestado.com\/evandrojunior\/"},{"@type":"ListItem","position":2,"name":"Maranh\u00e3o tem a brita mais barata do Brasil"}]},{"@type":"WebSite","@id":"https:\/\/www.blogsoestado.com\/evandrojunior\/#website","url":"https:\/\/www.blogsoestado.com\/evandrojunior\/","name":"Evandro Junior","description":"","potentialAction":[{"@type":"SearchAction","target":{"@type":"EntryPoint","urlTemplate":"https:\/\/www.blogsoestado.com\/evandrojunior\/?s={search_term_string}"},"query-input":{"@type":"PropertyValueSpecification","valueRequired":true,"valueName":"search_term_string"}}],"inLanguage":"pt-BR"},{"@type":"Person","@id":"https:\/\/www.blogsoestado.com\/evandrojunior\/#\/schema\/person\/3e6c3d8dbb740d1c6878ebc935cfb3be","name":"Evandro Junior","image":{"@type":"ImageObject","inLanguage":"pt-BR","@id":"https:\/\/www.blogsoestado.com\/evandrojunior\/#\/schema\/person\/image\/","url":"https:\/\/secure.gravatar.com\/avatar\/f80a03a2294a580cd2318bfb459bf354cfa8be661ef3d95b542cf9a04af8d129?s=96&d=mm&r=g","contentUrl":"https:\/\/secure.gravatar.com\/avatar\/f80a03a2294a580cd2318bfb459bf354cfa8be661ef3d95b542cf9a04af8d129?s=96&d=mm&r=g","caption":"Evandro Junior"},"url":"https:\/\/www.blogsoestado.com\/evandrojunior\/author\/evandrojunior\/"}]}},"jetpack_featured_media_url":"","_links":{"self":[{"href":"https:\/\/www.blogsoestado.com\/evandrojunior\/wp-json\/wp\/v2\/posts\/9116","targetHints":{"allow":["GET"]}}],"collection":[{"href":"https:\/\/www.blogsoestado.com\/evandrojunior\/wp-json\/wp\/v2\/posts"}],"about":[{"href":"https:\/\/www.blogsoestado.com\/evandrojunior\/wp-json\/wp\/v2\/types\/post"}],"author":[{"embeddable":true,"href":"https:\/\/www.blogsoestado.com\/evandrojunior\/wp-json\/wp\/v2\/users\/4"}],"replies":[{"embeddable":true,"href":"https:\/\/www.blogsoestado.com\/evandrojunior\/wp-json\/wp\/v2\/comments?post=9116"}],"version-history":[{"count":0,"href":"https:\/\/www.blogsoestado.com\/evandrojunior\/wp-json\/wp\/v2\/posts\/9116\/revisions"}],"wp:attachment":[{"href":"https:\/\/www.blogsoestado.com\/evandrojunior\/wp-json\/wp\/v2\/media?parent=9116"}],"wp:term":[{"taxonomy":"category","embeddable":true,"href":"https:\/\/www.blogsoestado.com\/evandrojunior\/wp-json\/wp\/v2\/categories?post=9116"},{"taxonomy":"post_tag","embeddable":true,"href":"https:\/\/www.blogsoestado.com\/evandrojunior\/wp-json\/wp\/v2\/tags?post=9116"}],"curies":[{"name":"wp","href":"https:\/\/api.w.org\/{rel}","templated":true}]}}