{"id":9136,"date":"2023-05-18T14:15:52","date_gmt":"2023-05-18T17:15:52","guid":{"rendered":"https:\/\/www.blogsoestado.com\/evandrojunior\/?p=9136"},"modified":"2023-05-18T14:15:52","modified_gmt":"2023-05-18T17:15:52","slug":"jorge-vercillo-antecipa-vinda-ao-maranhao-para-curtir-lencois","status":"publish","type":"post","link":"https:\/\/www.blogsoestado.com\/evandrojunior\/2023\/05\/18\/jorge-vercillo-antecipa-vinda-ao-maranhao-para-curtir-lencois\/","title":{"rendered":"Jorge Vercillo antecipa vinda ao Maranh\u00e3o para curtir Len\u00e7\u00f3is"},"content":{"rendered":"\n<div class=\"wp-block-image\"><figure class=\"aligncenter size-large is-resized\"><img fetchpriority=\"high\" decoding=\"async\" src=\"https:\/\/www.blogsoestado.com\/evandrojunior\/files\/2023\/05\/PHOTO-2023-05-18-14-00-14-1024x576.jpg\" alt=\"\" class=\"wp-image-9137\" width=\"510\" height=\"286\"\/><figcaption><strong>Jorge Vercillo na bela paisagem dos Len\u00e7\u00f3is Maranhenses tocando viol\u00e3o<\/strong><\/figcaption><\/figure><\/div>\n\n\n\n<p><strong>S\u00e3o Lu\u00eds <\/strong>&#8211; O cantor Jorge Vercillo, que tem show marcado para este s\u00e1bado (20) em S\u00e3o Lu\u00eds, no Centro de Conven\u00e7\u00f5es, foi visto curtindo a paisagem paradis\u00edaca dos Len\u00e7\u00f3is Maranhenses. Ele antecipou a vinda \u00e0 capital exatamente para conhecer um dos cen\u00e1rios naturais mais deslumbrantes do mundo.<\/p>\n\n\n\n<p>O passeio foi um presente da Dux Produ\u00e7\u00f5es (que est\u00e1 trazendo o show) em parceria com a Prefeitura de Santo Amaro. Ali\u00e1s, a Dux tem se destacado no segmento de MPB e, sempre que poss\u00edvel, leva artistas para conhecer as belezas tur\u00edsticas do Maranh\u00e3o.<\/p>\n\n\n\n<div class=\"wp-block-image\"><figure class=\"aligncenter size-large is-resized\"><img decoding=\"async\" src=\"https:\/\/www.blogsoestado.com\/evandrojunior\/files\/2023\/05\/PHOTO-2023-05-18-14-00-14-1-1024x870.jpg\" alt=\"\" class=\"wp-image-9138\" width=\"438\" height=\"372\"\/><figcaption><strong>Cantor veio acompanhado da esposa, Martha Suarez<\/strong><\/figcaption><\/figure><\/div>\n\n\n\n<p>Vercillo \u00e9 um dos mais destacados nomes da MPB, premiado com Disco de Platina, tr\u00eas Discos de Ouro e um de Diamante. Ele tem, ainda, quatro indica\u00e7\u00f5es e duas vit\u00f3rias no Grammy Latino. \u00c9, tamb\u00e9m, recordista de temas de novela da TV Globo.<\/p>\n\n\n\n<p>Seu show traz o embalo de sucesso dos seus v\u00e1rios cl\u00e1ssicos, como \u201cMonalisa\u201d, \u201cEla une todas as coisas\u201d, \u201cSens\u00edvel Demais\u201d, \u201cQue nem Mar\u00e9\u201d e, ainda, o hit \u201cFinal Feliz\u201d, que est\u00e1 de volta \u00e0 nova novela da Globo.<br><\/p>\n\n\n\n<figure class=\"wp-block-table\"><table><tbody><tr><td><img decoding=\"async\" src=\"https:\/\/lh3.googleusercontent.com\/a\/AGNmyxa3iY6jnF3ja_mxkFoWhsSdgpXXw0vnnb6eMz0sYkg=s40-p\"><\/td><td>ResponderEncaminhar<\/td><\/tr><\/tbody><\/table><\/figure>\n","protected":false},"excerpt":{"rendered":"<p>S\u00e3o Lu\u00eds &#8211; O cantor Jorge Vercillo, que tem show marcado para este s\u00e1bado (20) em S\u00e3o Lu\u00eds, no Centro [&hellip;]<\/p>\n","protected":false},"author":4,"featured_media":0,"comment_status":"open","ping_status":"open","sticky":false,"template":"","format":"standard","meta":{"site-sidebar-layout":"default","site-content-layout":"","ast-site-content-layout":"default","site-content-style":"default","site-sidebar-style":"default","ast-global-header-display":"","ast-banner-title-visibility":"","ast-main-header-display":"","ast-hfb-above-header-display":"","ast-hfb-below-header-display":"","ast-hfb-mobile-header-display":"","site-post-title":"","ast-breadcrumbs-content":"","ast-featured-img":"","footer-sml-layout":"","ast-disable-related-posts":"","theme-transparent-header-meta":"","adv-header-id-meta":"","stick-header-meta":"","header-above-stick-meta":"","header-main-stick-meta":"","header-below-stick-meta":"","astra-migrate-meta-layouts":"default","ast-page-background-enabled":"default","ast-page-background-meta":{"desktop":{"background-color":"var(--ast-global-color-5)","background-image":"","background-repeat":"repeat","background-position":"center center","background-size":"auto","background-attachment":"scroll","background-type":"","background-media":"","overlay-type":"","overlay-color":"","overlay-opacity":"","overlay-gradient":""},"tablet":{"background-color":"","background-image":"","background-repeat":"repeat","background-position":"center center","background-size":"auto","background-attachment":"scroll","background-type":"","background-media":"","overlay-type":"","overlay-color":"","overlay-opacity":"","overlay-gradient":""},"mobile":{"background-color":"","background-image":"","background-repeat":"repeat","background-position":"center center","background-size":"auto","background-attachment":"scroll","background-type":"","background-media":"","overlay-type":"","overlay-color":"","overlay-opacity":"","overlay-gradient":""}},"ast-content-background-meta":{"desktop":{"background-color":"var(--ast-global-color-4)","background-image":"","background-repeat":"repeat","background-position":"center center","background-size":"auto","background-attachment":"scroll","background-type":"","background-media":"","overlay-type":"","overlay-color":"","overlay-opacity":"","overlay-gradient":""},"tablet":{"background-color":"var(--ast-global-color-4)","background-image":"","background-repeat":"repeat","background-position":"center center","background-size":"auto","background-attachment":"scroll","background-type":"","background-media":"","overlay-type":"","overlay-color":"","overlay-opacity":"","overlay-gradient":""},"mobile":{"background-color":"var(--ast-global-color-4)","background-image":"","background-repeat":"repeat","background-position":"center center","background-size":"auto","background-attachment":"scroll","background-type":"","background-media":"","overlay-type":"","overlay-color":"","overlay-opacity":"","overlay-gradient":""}},"footnotes":""},"categories":[1],"tags":[],"class_list":["post-9136","post","type-post","status-publish","format-standard","hentry","category-sem-categoria"],"yoast_head":"<!-- This site is optimized with the Yoast SEO plugin v26.6 - https:\/\/yoast.com\/wordpress\/plugins\/seo\/ -->\n<title>Jorge Vercillo antecipa vinda ao Maranh\u00e3o para curtir Len\u00e7\u00f3is - Evandro Junior<\/title>\n<meta name=\"robots\" content=\"index, follow, max-snippet:-1, max-image-preview:large, max-video-preview:-1\" \/>\n<link rel=\"canonical\" href=\"https:\/\/www.blogsoestado.com\/evandrojunior\/2023\/05\/18\/jorge-vercillo-antecipa-vinda-ao-maranhao-para-curtir-lencois\/\" \/>\n<meta property=\"og:locale\" content=\"pt_BR\" \/>\n<meta property=\"og:type\" content=\"article\" \/>\n<meta property=\"og:title\" content=\"Jorge Vercillo antecipa vinda ao Maranh\u00e3o para curtir Len\u00e7\u00f3is - Evandro Junior\" \/>\n<meta property=\"og:description\" content=\"S\u00e3o Lu\u00eds &#8211; O cantor Jorge Vercillo, que tem show marcado para este s\u00e1bado (20) em S\u00e3o Lu\u00eds, no Centro [&hellip;]\" \/>\n<meta property=\"og:url\" content=\"https:\/\/www.blogsoestado.com\/evandrojunior\/2023\/05\/18\/jorge-vercillo-antecipa-vinda-ao-maranhao-para-curtir-lencois\/\" \/>\n<meta property=\"og:site_name\" content=\"Evandro Junior\" \/>\n<meta property=\"article:published_time\" content=\"2023-05-18T17:15:52+00:00\" \/>\n<meta property=\"og:image\" content=\"https:\/\/www.blogsoestado.com\/evandrojunior\/files\/2023\/05\/PHOTO-2023-05-18-14-00-14-1024x576.jpg\" \/>\n<meta name=\"author\" content=\"Evandro Junior\" \/>\n<meta name=\"twitter:card\" content=\"summary_large_image\" \/>\n<meta name=\"twitter:label1\" content=\"Escrito por\" \/>\n\t<meta name=\"twitter:data1\" content=\"Evandro Junior\" \/>\n\t<meta name=\"twitter:label2\" content=\"Est. tempo de leitura\" \/>\n\t<meta name=\"twitter:data2\" content=\"2 minutos\" \/>\n<script type=\"application\/ld+json\" class=\"yoast-schema-graph\">{\"@context\":\"https:\/\/schema.org\",\"@graph\":[{\"@type\":\"WebPage\",\"@id\":\"https:\/\/www.blogsoestado.com\/evandrojunior\/2023\/05\/18\/jorge-vercillo-antecipa-vinda-ao-maranhao-para-curtir-lencois\/\",\"url\":\"https:\/\/www.blogsoestado.com\/evandrojunior\/2023\/05\/18\/jorge-vercillo-antecipa-vinda-ao-maranhao-para-curtir-lencois\/\",\"name\":\"Jorge Vercillo antecipa vinda ao Maranh\u00e3o para curtir Len\u00e7\u00f3is - Evandro Junior\",\"isPartOf\":{\"@id\":\"https:\/\/www.blogsoestado.com\/evandrojunior\/#website\"},\"primaryImageOfPage\":{\"@id\":\"https:\/\/www.blogsoestado.com\/evandrojunior\/2023\/05\/18\/jorge-vercillo-antecipa-vinda-ao-maranhao-para-curtir-lencois\/#primaryimage\"},\"image\":{\"@id\":\"https:\/\/www.blogsoestado.com\/evandrojunior\/2023\/05\/18\/jorge-vercillo-antecipa-vinda-ao-maranhao-para-curtir-lencois\/#primaryimage\"},\"thumbnailUrl\":\"https:\/\/www.blogsoestado.com\/evandrojunior\/files\/2023\/05\/PHOTO-2023-05-18-14-00-14-1024x576.jpg\",\"datePublished\":\"2023-05-18T17:15:52+00:00\",\"author\":{\"@id\":\"https:\/\/www.blogsoestado.com\/evandrojunior\/#\/schema\/person\/3e6c3d8dbb740d1c6878ebc935cfb3be\"},\"breadcrumb\":{\"@id\":\"https:\/\/www.blogsoestado.com\/evandrojunior\/2023\/05\/18\/jorge-vercillo-antecipa-vinda-ao-maranhao-para-curtir-lencois\/#breadcrumb\"},\"inLanguage\":\"pt-BR\",\"potentialAction\":[{\"@type\":\"ReadAction\",\"target\":[\"https:\/\/www.blogsoestado.com\/evandrojunior\/2023\/05\/18\/jorge-vercillo-antecipa-vinda-ao-maranhao-para-curtir-lencois\/\"]}]},{\"@type\":\"ImageObject\",\"inLanguage\":\"pt-BR\",\"@id\":\"https:\/\/www.blogsoestado.com\/evandrojunior\/2023\/05\/18\/jorge-vercillo-antecipa-vinda-ao-maranhao-para-curtir-lencois\/#primaryimage\",\"url\":\"https:\/\/www.blogsoestado.com\/evandrojunior\/files\/2023\/05\/PHOTO-2023-05-18-14-00-14-1024x576.jpg\",\"contentUrl\":\"https:\/\/www.blogsoestado.com\/evandrojunior\/files\/2023\/05\/PHOTO-2023-05-18-14-00-14-1024x576.jpg\"},{\"@type\":\"BreadcrumbList\",\"@id\":\"https:\/\/www.blogsoestado.com\/evandrojunior\/2023\/05\/18\/jorge-vercillo-antecipa-vinda-ao-maranhao-para-curtir-lencois\/#breadcrumb\",\"itemListElement\":[{\"@type\":\"ListItem\",\"position\":1,\"name\":\"In\u00edcio\",\"item\":\"https:\/\/www.blogsoestado.com\/evandrojunior\/\"},{\"@type\":\"ListItem\",\"position\":2,\"name\":\"Jorge Vercillo antecipa vinda ao Maranh\u00e3o para curtir Len\u00e7\u00f3is\"}]},{\"@type\":\"WebSite\",\"@id\":\"https:\/\/www.blogsoestado.com\/evandrojunior\/#website\",\"url\":\"https:\/\/www.blogsoestado.com\/evandrojunior\/\",\"name\":\"Evandro Junior\",\"description\":\"\",\"potentialAction\":[{\"@type\":\"SearchAction\",\"target\":{\"@type\":\"EntryPoint\",\"urlTemplate\":\"https:\/\/www.blogsoestado.com\/evandrojunior\/?s={search_term_string}\"},\"query-input\":{\"@type\":\"PropertyValueSpecification\",\"valueRequired\":true,\"valueName\":\"search_term_string\"}}],\"inLanguage\":\"pt-BR\"},{\"@type\":\"Person\",\"@id\":\"https:\/\/www.blogsoestado.com\/evandrojunior\/#\/schema\/person\/3e6c3d8dbb740d1c6878ebc935cfb3be\",\"name\":\"Evandro Junior\",\"image\":{\"@type\":\"ImageObject\",\"inLanguage\":\"pt-BR\",\"@id\":\"https:\/\/www.blogsoestado.com\/evandrojunior\/#\/schema\/person\/image\/\",\"url\":\"https:\/\/secure.gravatar.com\/avatar\/f80a03a2294a580cd2318bfb459bf354cfa8be661ef3d95b542cf9a04af8d129?s=96&d=mm&r=g\",\"contentUrl\":\"https:\/\/secure.gravatar.com\/avatar\/f80a03a2294a580cd2318bfb459bf354cfa8be661ef3d95b542cf9a04af8d129?s=96&d=mm&r=g\",\"caption\":\"Evandro Junior\"},\"url\":\"https:\/\/www.blogsoestado.com\/evandrojunior\/author\/evandrojunior\/\"}]}<\/script>\n<!-- \/ Yoast SEO plugin. -->","yoast_head_json":{"title":"Jorge Vercillo antecipa vinda ao Maranh\u00e3o para curtir Len\u00e7\u00f3is - Evandro Junior","robots":{"index":"index","follow":"follow","max-snippet":"max-snippet:-1","max-image-preview":"max-image-preview:large","max-video-preview":"max-video-preview:-1"},"canonical":"https:\/\/www.blogsoestado.com\/evandrojunior\/2023\/05\/18\/jorge-vercillo-antecipa-vinda-ao-maranhao-para-curtir-lencois\/","og_locale":"pt_BR","og_type":"article","og_title":"Jorge Vercillo antecipa vinda ao Maranh\u00e3o para curtir Len\u00e7\u00f3is - Evandro Junior","og_description":"S\u00e3o Lu\u00eds &#8211; O cantor Jorge Vercillo, que tem show marcado para este s\u00e1bado (20) em S\u00e3o Lu\u00eds, no Centro [&hellip;]","og_url":"https:\/\/www.blogsoestado.com\/evandrojunior\/2023\/05\/18\/jorge-vercillo-antecipa-vinda-ao-maranhao-para-curtir-lencois\/","og_site_name":"Evandro Junior","article_published_time":"2023-05-18T17:15:52+00:00","og_image":[{"url":"https:\/\/www.blogsoestado.com\/evandrojunior\/files\/2023\/05\/PHOTO-2023-05-18-14-00-14-1024x576.jpg","type":"","width":"","height":""}],"author":"Evandro Junior","twitter_card":"summary_large_image","twitter_misc":{"Escrito por":"Evandro Junior","Est. tempo de leitura":"2 minutos"},"schema":{"@context":"https:\/\/schema.org","@graph":[{"@type":"WebPage","@id":"https:\/\/www.blogsoestado.com\/evandrojunior\/2023\/05\/18\/jorge-vercillo-antecipa-vinda-ao-maranhao-para-curtir-lencois\/","url":"https:\/\/www.blogsoestado.com\/evandrojunior\/2023\/05\/18\/jorge-vercillo-antecipa-vinda-ao-maranhao-para-curtir-lencois\/","name":"Jorge Vercillo antecipa vinda ao Maranh\u00e3o para curtir Len\u00e7\u00f3is - Evandro Junior","isPartOf":{"@id":"https:\/\/www.blogsoestado.com\/evandrojunior\/#website"},"primaryImageOfPage":{"@id":"https:\/\/www.blogsoestado.com\/evandrojunior\/2023\/05\/18\/jorge-vercillo-antecipa-vinda-ao-maranhao-para-curtir-lencois\/#primaryimage"},"image":{"@id":"https:\/\/www.blogsoestado.com\/evandrojunior\/2023\/05\/18\/jorge-vercillo-antecipa-vinda-ao-maranhao-para-curtir-lencois\/#primaryimage"},"thumbnailUrl":"https:\/\/www.blogsoestado.com\/evandrojunior\/files\/2023\/05\/PHOTO-2023-05-18-14-00-14-1024x576.jpg","datePublished":"2023-05-18T17:15:52+00:00","author":{"@id":"https:\/\/www.blogsoestado.com\/evandrojunior\/#\/schema\/person\/3e6c3d8dbb740d1c6878ebc935cfb3be"},"breadcrumb":{"@id":"https:\/\/www.blogsoestado.com\/evandrojunior\/2023\/05\/18\/jorge-vercillo-antecipa-vinda-ao-maranhao-para-curtir-lencois\/#breadcrumb"},"inLanguage":"pt-BR","potentialAction":[{"@type":"ReadAction","target":["https:\/\/www.blogsoestado.com\/evandrojunior\/2023\/05\/18\/jorge-vercillo-antecipa-vinda-ao-maranhao-para-curtir-lencois\/"]}]},{"@type":"ImageObject","inLanguage":"pt-BR","@id":"https:\/\/www.blogsoestado.com\/evandrojunior\/2023\/05\/18\/jorge-vercillo-antecipa-vinda-ao-maranhao-para-curtir-lencois\/#primaryimage","url":"https:\/\/www.blogsoestado.com\/evandrojunior\/files\/2023\/05\/PHOTO-2023-05-18-14-00-14-1024x576.jpg","contentUrl":"https:\/\/www.blogsoestado.com\/evandrojunior\/files\/2023\/05\/PHOTO-2023-05-18-14-00-14-1024x576.jpg"},{"@type":"BreadcrumbList","@id":"https:\/\/www.blogsoestado.com\/evandrojunior\/2023\/05\/18\/jorge-vercillo-antecipa-vinda-ao-maranhao-para-curtir-lencois\/#breadcrumb","itemListElement":[{"@type":"ListItem","position":1,"name":"In\u00edcio","item":"https:\/\/www.blogsoestado.com\/evandrojunior\/"},{"@type":"ListItem","position":2,"name":"Jorge Vercillo antecipa vinda ao Maranh\u00e3o para curtir Len\u00e7\u00f3is"}]},{"@type":"WebSite","@id":"https:\/\/www.blogsoestado.com\/evandrojunior\/#website","url":"https:\/\/www.blogsoestado.com\/evandrojunior\/","name":"Evandro Junior","description":"","potentialAction":[{"@type":"SearchAction","target":{"@type":"EntryPoint","urlTemplate":"https:\/\/www.blogsoestado.com\/evandrojunior\/?s={search_term_string}"},"query-input":{"@type":"PropertyValueSpecification","valueRequired":true,"valueName":"search_term_string"}}],"inLanguage":"pt-BR"},{"@type":"Person","@id":"https:\/\/www.blogsoestado.com\/evandrojunior\/#\/schema\/person\/3e6c3d8dbb740d1c6878ebc935cfb3be","name":"Evandro Junior","image":{"@type":"ImageObject","inLanguage":"pt-BR","@id":"https:\/\/www.blogsoestado.com\/evandrojunior\/#\/schema\/person\/image\/","url":"https:\/\/secure.gravatar.com\/avatar\/f80a03a2294a580cd2318bfb459bf354cfa8be661ef3d95b542cf9a04af8d129?s=96&d=mm&r=g","contentUrl":"https:\/\/secure.gravatar.com\/avatar\/f80a03a2294a580cd2318bfb459bf354cfa8be661ef3d95b542cf9a04af8d129?s=96&d=mm&r=g","caption":"Evandro Junior"},"url":"https:\/\/www.blogsoestado.com\/evandrojunior\/author\/evandrojunior\/"}]}},"jetpack_featured_media_url":"","_links":{"self":[{"href":"https:\/\/www.blogsoestado.com\/evandrojunior\/wp-json\/wp\/v2\/posts\/9136","targetHints":{"allow":["GET"]}}],"collection":[{"href":"https:\/\/www.blogsoestado.com\/evandrojunior\/wp-json\/wp\/v2\/posts"}],"about":[{"href":"https:\/\/www.blogsoestado.com\/evandrojunior\/wp-json\/wp\/v2\/types\/post"}],"author":[{"embeddable":true,"href":"https:\/\/www.blogsoestado.com\/evandrojunior\/wp-json\/wp\/v2\/users\/4"}],"replies":[{"embeddable":true,"href":"https:\/\/www.blogsoestado.com\/evandrojunior\/wp-json\/wp\/v2\/comments?post=9136"}],"version-history":[{"count":0,"href":"https:\/\/www.blogsoestado.com\/evandrojunior\/wp-json\/wp\/v2\/posts\/9136\/revisions"}],"wp:attachment":[{"href":"https:\/\/www.blogsoestado.com\/evandrojunior\/wp-json\/wp\/v2\/media?parent=9136"}],"wp:term":[{"taxonomy":"category","embeddable":true,"href":"https:\/\/www.blogsoestado.com\/evandrojunior\/wp-json\/wp\/v2\/categories?post=9136"},{"taxonomy":"post_tag","embeddable":true,"href":"https:\/\/www.blogsoestado.com\/evandrojunior\/wp-json\/wp\/v2\/tags?post=9136"}],"curies":[{"name":"wp","href":"https:\/\/api.w.org\/{rel}","templated":true}]}}