{"id":9147,"date":"2023-05-18T16:27:07","date_gmt":"2023-05-18T19:27:07","guid":{"rendered":"https:\/\/www.blogsoestado.com\/evandrojunior\/?p=9147"},"modified":"2023-05-18T16:27:07","modified_gmt":"2023-05-18T19:27:07","slug":"casarao-colonial-vai-transbordar-de-gente-bonita-no-samba-do-pinto-deste-domingo","status":"publish","type":"post","link":"https:\/\/www.blogsoestado.com\/evandrojunior\/2023\/05\/18\/casarao-colonial-vai-transbordar-de-gente-bonita-no-samba-do-pinto-deste-domingo\/","title":{"rendered":"Casar\u00e3o Colonial vai transbordar de gente bonita no Samba do Pinto deste domingo"},"content":{"rendered":"\n<div class=\"wp-block-image\"><figure class=\"aligncenter size-large is-resized\"><img fetchpriority=\"high\" decoding=\"async\" src=\"https:\/\/www.blogsoestado.com\/evandrojunior\/files\/2023\/05\/WhatsApp-Image-2023-05-18-at-16.06.41-2.jpeg\" alt=\"\" class=\"wp-image-9153\" width=\"588\" height=\"391\"\/><figcaption><strong>Casar\u00e3o Colonial vai receber ala jovem e bonita em mais uma edi\u00e7\u00e3o do Samba do Pinto<\/strong><\/figcaption><\/figure><\/div>\n\n\n\n<p><strong>S\u00e3o Lu\u00eds &#8211;<\/strong> Uma das caracter\u00edsticas mais marcantes da label Samba do Pinto, que neste domingo (20), \u00e0s 17h, aterrissa no Casar\u00e3o Colonial (Rua Afonso Pena), \u00e9 reunir grande n\u00famero de gente bonita por metro quadrado. <\/p>\n\n\n\n<div class=\"wp-block-image\"><figure class=\"aligncenter size-large is-resized\"><img decoding=\"async\" src=\"https:\/\/www.blogsoestado.com\/evandrojunior\/files\/2023\/05\/WhatsApp-Image-2023-05-18-at-16.06.41-3.jpeg\" alt=\"\" class=\"wp-image-9154\" width=\"497\" height=\"746\"\/><figcaption><strong>Gente bonita e animada \u00e9 f\u00e1cil de encontrar no Casar\u00e3o Colonial<\/strong><\/figcaption><\/figure><\/div>\n\n\n\n<div class=\"wp-block-image\"><figure class=\"aligncenter size-large is-resized\"><img decoding=\"async\" src=\"https:\/\/www.blogsoestado.com\/evandrojunior\/files\/2023\/05\/WhatsApp-Image-2023-05-18-at-16.06.41-1.jpeg\" alt=\"\" class=\"wp-image-9158\" width=\"593\" height=\"395\"\/><figcaption><strong>Na mais recente edi\u00e7\u00e3o do Samba do Pinto no Casar\u00e3o, a alegria de quem n\u00e3o se arrependeu de ter ido<\/strong><\/figcaption><\/figure><\/div>\n\n\n\n<p>A balada, que tem como anfitri\u00e3o-mor o bon-vivant M\u00e1rio J\u00fanior (ex-jogador de futebol), \u00e9 um dos projetos mais bem sucedidos e prestigiados do segmento do samba na capital maranhense. N\u00e3o \u00e9 por acaso que a proposta tamb\u00e9m foi abra\u00e7ada pelos produtores Ricardo Fernandes (uma das mentes brilhantes do entretenimento no Maranh\u00e3o) e Mirella Castelo Branco. <\/p>\n\n\n\n<div class=\"wp-block-image\"><figure class=\"aligncenter size-large is-resized\"><img loading=\"lazy\" decoding=\"async\" src=\"https:\/\/www.blogsoestado.com\/evandrojunior\/files\/2023\/05\/WhatsApp-Image-2023-05-18-at-16.06.41-6.jpeg\" alt=\"\" class=\"wp-image-9155\" width=\"548\" height=\"365\"\/><figcaption><strong>Atmosfera de amizade e descontra\u00e7\u00e3o reina o tempo inteiro nas domingueiras do Casar\u00e3o <\/strong><\/figcaption><\/figure><\/div>\n\n\n\n<div class=\"wp-block-image\"><figure class=\"aligncenter size-large is-resized\"><img loading=\"lazy\" decoding=\"async\" src=\"https:\/\/www.blogsoestado.com\/evandrojunior\/files\/2023\/05\/WhatsApp-Image-2023-05-18-at-15.42.26-1-1024x672.jpeg\" alt=\"\" class=\"wp-image-9151\" width=\"550\" height=\"361\"\/><figcaption><strong>M\u00e1rio J\u00fanior (de branco) com uma turma animada que marca presen\u00e7a nas edi\u00e7\u00f5es do Samba do Pinto<\/strong><\/figcaption><\/figure><\/div>\n\n\n\n<div class=\"wp-block-image\"><figure class=\"aligncenter size-large is-resized\"><img loading=\"lazy\" decoding=\"async\" src=\"https:\/\/www.blogsoestado.com\/evandrojunior\/files\/2023\/05\/WhatsApp-Image-2023-05-18-at-15.42.27-1-1024x680.jpeg\" alt=\"\" class=\"wp-image-9150\" width=\"557\" height=\"369\"\/><figcaption><strong>Fi\u00e9is frequentadores do Samba do Pinto est\u00e3o na concentra\u00e7\u00e3o para o evento de domingo no Casar\u00e3o Colonial<\/strong><\/figcaption><\/figure><\/div>\n\n\n\n<p>&#8220;Esta ser\u00e1 a segunda edi\u00e7\u00e3o do evento nos nossos dom\u00ednios, exatamente devido ao sucesso da primeira empreitada, que batizamos de Black and White&#8221;, disse Ricardo Fernandes, que dorme e acorda pensando em novos projetos. <\/p>\n\n\n\n<p>M\u00e1rio, Ricardo e Mirella convocaram, al\u00e9m de cantores solos, grupos da \u00e1rea do samba e do pagode que est\u00e3o na crista da onda: Argumento, Samba de Reis e Os Par\u00e7as. O vozeir\u00e3o sertanejo Lucas Seabra, a cantora revela\u00e7\u00e3o D\u00e2maris Tuanny e o DJ Ars\u00eanio Filho tamb\u00e9m est\u00e3o na programa\u00e7\u00e3o. <\/p>\n\n\n\n<div class=\"wp-block-image\"><figure class=\"aligncenter size-large is-resized\"><img loading=\"lazy\" decoding=\"async\" src=\"https:\/\/www.blogsoestado.com\/evandrojunior\/files\/2023\/05\/WhatsApp-Image-2023-05-18-at-16.06.41-7.jpeg\" alt=\"\" class=\"wp-image-9156\" width=\"560\" height=\"372\"\/><figcaption><strong>A simpatia da anfitri\u00e3 Mirella Castelo Brando (\u00e0 esquerda) recebendo um grupo de frequentadores do Casar\u00e3o Colonial<\/strong><\/figcaption><\/figure><\/div>\n\n\n\n<div class=\"wp-block-image\"><figure class=\"aligncenter size-large is-resized\"><img loading=\"lazy\" decoding=\"async\" src=\"https:\/\/www.blogsoestado.com\/evandrojunior\/files\/2023\/05\/WhatsApp-Image-2023-05-18-at-16.11.29-822x1024.jpeg\" alt=\"\" class=\"wp-image-9157\" width=\"482\" height=\"601\"\/><figcaption><strong>M\u00e1rio J\u00fanior conquistou uma legi\u00e3o de seguidores do Samba do Pinto gra\u00e7as a sua simpatia e jeito leve de ser, tornando-se uma unanimidade<\/strong><\/figcaption><\/figure><\/div>\n\n\n\n<p>&#8220;N\u00f3s amamos o Centro Hist\u00f3rico e suas belezas. Por isso, estamos super felizes em promover mais um grande projeto cultural em parceria com o Casar\u00e3o Colonial. Ser\u00e1 um lindo evento e o p\u00fablico ter\u00e1 uma experi\u00eancia incr\u00edvel. Vem com a gente viver essa emo\u00e7\u00e3o\u201d, disse M\u00e1rio J\u00fanior.<\/p>\n\n\n\n<p><br><\/p>\n\n\n\n<p><\/p>\n","protected":false},"excerpt":{"rendered":"<p>S\u00e3o Lu\u00eds &#8211; Uma das caracter\u00edsticas mais marcantes da label Samba do Pinto, que neste domingo (20), \u00e0s 17h, aterrissa [&hellip;]<\/p>\n","protected":false},"author":4,"featured_media":0,"comment_status":"open","ping_status":"open","sticky":false,"template":"","format":"standard","meta":{"site-sidebar-layout":"default","site-content-layout":"","ast-site-content-layout":"default","site-content-style":"default","site-sidebar-style":"default","ast-global-header-display":"","ast-banner-title-visibility":"","ast-main-header-display":"","ast-hfb-above-header-display":"","ast-hfb-below-header-display":"","ast-hfb-mobile-header-display":"","site-post-title":"","ast-breadcrumbs-content":"","ast-featured-img":"","footer-sml-layout":"","ast-disable-related-posts":"","theme-transparent-header-meta":"","adv-header-id-meta":"","stick-header-meta":"","header-above-stick-meta":"","header-main-stick-meta":"","header-below-stick-meta":"","astra-migrate-meta-layouts":"default","ast-page-background-enabled":"default","ast-page-background-meta":{"desktop":{"background-color":"var(--ast-global-color-5)","background-image":"","background-repeat":"repeat","background-position":"center center","background-size":"auto","background-attachment":"scroll","background-type":"","background-media":"","overlay-type":"","overlay-color":"","overlay-opacity":"","overlay-gradient":""},"tablet":{"background-color":"","background-image":"","background-repeat":"repeat","background-position":"center center","background-size":"auto","background-attachment":"scroll","background-type":"","background-media":"","overlay-type":"","overlay-color":"","overlay-opacity":"","overlay-gradient":""},"mobile":{"background-color":"","background-image":"","background-repeat":"repeat","background-position":"center center","background-size":"auto","background-attachment":"scroll","background-type":"","background-media":"","overlay-type":"","overlay-color":"","overlay-opacity":"","overlay-gradient":""}},"ast-content-background-meta":{"desktop":{"background-color":"var(--ast-global-color-4)","background-image":"","background-repeat":"repeat","background-position":"center center","background-size":"auto","background-attachment":"scroll","background-type":"","background-media":"","overlay-type":"","overlay-color":"","overlay-opacity":"","overlay-gradient":""},"tablet":{"background-color":"var(--ast-global-color-4)","background-image":"","background-repeat":"repeat","background-position":"center center","background-size":"auto","background-attachment":"scroll","background-type":"","background-media":"","overlay-type":"","overlay-color":"","overlay-opacity":"","overlay-gradient":""},"mobile":{"background-color":"var(--ast-global-color-4)","background-image":"","background-repeat":"repeat","background-position":"center center","background-size":"auto","background-attachment":"scroll","background-type":"","background-media":"","overlay-type":"","overlay-color":"","overlay-opacity":"","overlay-gradient":""}},"footnotes":""},"categories":[1],"tags":[],"class_list":["post-9147","post","type-post","status-publish","format-standard","hentry","category-sem-categoria"],"yoast_head":"<!-- This site is optimized with the Yoast SEO plugin v26.6 - https:\/\/yoast.com\/wordpress\/plugins\/seo\/ -->\n<title>Casar\u00e3o Colonial vai transbordar de gente bonita no Samba do Pinto deste domingo - Evandro Junior<\/title>\n<meta name=\"robots\" content=\"index, follow, max-snippet:-1, max-image-preview:large, max-video-preview:-1\" \/>\n<link rel=\"canonical\" href=\"https:\/\/www.blogsoestado.com\/evandrojunior\/2023\/05\/18\/casarao-colonial-vai-transbordar-de-gente-bonita-no-samba-do-pinto-deste-domingo\/\" \/>\n<meta property=\"og:locale\" content=\"pt_BR\" \/>\n<meta property=\"og:type\" content=\"article\" \/>\n<meta property=\"og:title\" content=\"Casar\u00e3o Colonial vai transbordar de gente bonita no Samba do Pinto deste domingo - Evandro Junior\" \/>\n<meta property=\"og:description\" content=\"S\u00e3o Lu\u00eds &#8211; Uma das caracter\u00edsticas mais marcantes da label Samba do Pinto, que neste domingo (20), \u00e0s 17h, aterrissa [&hellip;]\" \/>\n<meta property=\"og:url\" content=\"https:\/\/www.blogsoestado.com\/evandrojunior\/2023\/05\/18\/casarao-colonial-vai-transbordar-de-gente-bonita-no-samba-do-pinto-deste-domingo\/\" \/>\n<meta property=\"og:site_name\" content=\"Evandro Junior\" \/>\n<meta property=\"article:published_time\" content=\"2023-05-18T19:27:07+00:00\" \/>\n<meta property=\"og:image\" content=\"https:\/\/www.blogsoestado.com\/evandrojunior\/files\/2023\/05\/WhatsApp-Image-2023-05-18-at-16.06.41-2.jpeg\" \/>\n<meta name=\"author\" content=\"Evandro Junior\" \/>\n<meta name=\"twitter:card\" content=\"summary_large_image\" \/>\n<meta name=\"twitter:label1\" content=\"Escrito por\" \/>\n\t<meta name=\"twitter:data1\" content=\"Evandro Junior\" \/>\n\t<meta name=\"twitter:label2\" content=\"Est. tempo de leitura\" \/>\n\t<meta name=\"twitter:data2\" content=\"4 minutos\" \/>\n<script type=\"application\/ld+json\" class=\"yoast-schema-graph\">{\"@context\":\"https:\/\/schema.org\",\"@graph\":[{\"@type\":\"WebPage\",\"@id\":\"https:\/\/www.blogsoestado.com\/evandrojunior\/2023\/05\/18\/casarao-colonial-vai-transbordar-de-gente-bonita-no-samba-do-pinto-deste-domingo\/\",\"url\":\"https:\/\/www.blogsoestado.com\/evandrojunior\/2023\/05\/18\/casarao-colonial-vai-transbordar-de-gente-bonita-no-samba-do-pinto-deste-domingo\/\",\"name\":\"Casar\u00e3o Colonial vai transbordar de gente bonita no Samba do Pinto deste domingo - Evandro Junior\",\"isPartOf\":{\"@id\":\"https:\/\/www.blogsoestado.com\/evandrojunior\/#website\"},\"primaryImageOfPage\":{\"@id\":\"https:\/\/www.blogsoestado.com\/evandrojunior\/2023\/05\/18\/casarao-colonial-vai-transbordar-de-gente-bonita-no-samba-do-pinto-deste-domingo\/#primaryimage\"},\"image\":{\"@id\":\"https:\/\/www.blogsoestado.com\/evandrojunior\/2023\/05\/18\/casarao-colonial-vai-transbordar-de-gente-bonita-no-samba-do-pinto-deste-domingo\/#primaryimage\"},\"thumbnailUrl\":\"https:\/\/www.blogsoestado.com\/evandrojunior\/files\/2023\/05\/WhatsApp-Image-2023-05-18-at-16.06.41-2.jpeg\",\"datePublished\":\"2023-05-18T19:27:07+00:00\",\"author\":{\"@id\":\"https:\/\/www.blogsoestado.com\/evandrojunior\/#\/schema\/person\/3e6c3d8dbb740d1c6878ebc935cfb3be\"},\"breadcrumb\":{\"@id\":\"https:\/\/www.blogsoestado.com\/evandrojunior\/2023\/05\/18\/casarao-colonial-vai-transbordar-de-gente-bonita-no-samba-do-pinto-deste-domingo\/#breadcrumb\"},\"inLanguage\":\"pt-BR\",\"potentialAction\":[{\"@type\":\"ReadAction\",\"target\":[\"https:\/\/www.blogsoestado.com\/evandrojunior\/2023\/05\/18\/casarao-colonial-vai-transbordar-de-gente-bonita-no-samba-do-pinto-deste-domingo\/\"]}]},{\"@type\":\"ImageObject\",\"inLanguage\":\"pt-BR\",\"@id\":\"https:\/\/www.blogsoestado.com\/evandrojunior\/2023\/05\/18\/casarao-colonial-vai-transbordar-de-gente-bonita-no-samba-do-pinto-deste-domingo\/#primaryimage\",\"url\":\"https:\/\/www.blogsoestado.com\/evandrojunior\/files\/2023\/05\/WhatsApp-Image-2023-05-18-at-16.06.41-2.jpeg\",\"contentUrl\":\"https:\/\/www.blogsoestado.com\/evandrojunior\/files\/2023\/05\/WhatsApp-Image-2023-05-18-at-16.06.41-2.jpeg\"},{\"@type\":\"BreadcrumbList\",\"@id\":\"https:\/\/www.blogsoestado.com\/evandrojunior\/2023\/05\/18\/casarao-colonial-vai-transbordar-de-gente-bonita-no-samba-do-pinto-deste-domingo\/#breadcrumb\",\"itemListElement\":[{\"@type\":\"ListItem\",\"position\":1,\"name\":\"In\u00edcio\",\"item\":\"https:\/\/www.blogsoestado.com\/evandrojunior\/\"},{\"@type\":\"ListItem\",\"position\":2,\"name\":\"Casar\u00e3o Colonial vai transbordar de gente bonita no Samba do Pinto deste domingo\"}]},{\"@type\":\"WebSite\",\"@id\":\"https:\/\/www.blogsoestado.com\/evandrojunior\/#website\",\"url\":\"https:\/\/www.blogsoestado.com\/evandrojunior\/\",\"name\":\"Evandro Junior\",\"description\":\"\",\"potentialAction\":[{\"@type\":\"SearchAction\",\"target\":{\"@type\":\"EntryPoint\",\"urlTemplate\":\"https:\/\/www.blogsoestado.com\/evandrojunior\/?s={search_term_string}\"},\"query-input\":{\"@type\":\"PropertyValueSpecification\",\"valueRequired\":true,\"valueName\":\"search_term_string\"}}],\"inLanguage\":\"pt-BR\"},{\"@type\":\"Person\",\"@id\":\"https:\/\/www.blogsoestado.com\/evandrojunior\/#\/schema\/person\/3e6c3d8dbb740d1c6878ebc935cfb3be\",\"name\":\"Evandro Junior\",\"image\":{\"@type\":\"ImageObject\",\"inLanguage\":\"pt-BR\",\"@id\":\"https:\/\/www.blogsoestado.com\/evandrojunior\/#\/schema\/person\/image\/\",\"url\":\"https:\/\/secure.gravatar.com\/avatar\/f80a03a2294a580cd2318bfb459bf354cfa8be661ef3d95b542cf9a04af8d129?s=96&d=mm&r=g\",\"contentUrl\":\"https:\/\/secure.gravatar.com\/avatar\/f80a03a2294a580cd2318bfb459bf354cfa8be661ef3d95b542cf9a04af8d129?s=96&d=mm&r=g\",\"caption\":\"Evandro Junior\"},\"url\":\"https:\/\/www.blogsoestado.com\/evandrojunior\/author\/evandrojunior\/\"}]}<\/script>\n<!-- \/ Yoast SEO plugin. -->","yoast_head_json":{"title":"Casar\u00e3o Colonial vai transbordar de gente bonita no Samba do Pinto deste domingo - Evandro Junior","robots":{"index":"index","follow":"follow","max-snippet":"max-snippet:-1","max-image-preview":"max-image-preview:large","max-video-preview":"max-video-preview:-1"},"canonical":"https:\/\/www.blogsoestado.com\/evandrojunior\/2023\/05\/18\/casarao-colonial-vai-transbordar-de-gente-bonita-no-samba-do-pinto-deste-domingo\/","og_locale":"pt_BR","og_type":"article","og_title":"Casar\u00e3o Colonial vai transbordar de gente bonita no Samba do Pinto deste domingo - Evandro Junior","og_description":"S\u00e3o Lu\u00eds &#8211; Uma das caracter\u00edsticas mais marcantes da label Samba do Pinto, que neste domingo (20), \u00e0s 17h, aterrissa [&hellip;]","og_url":"https:\/\/www.blogsoestado.com\/evandrojunior\/2023\/05\/18\/casarao-colonial-vai-transbordar-de-gente-bonita-no-samba-do-pinto-deste-domingo\/","og_site_name":"Evandro Junior","article_published_time":"2023-05-18T19:27:07+00:00","og_image":[{"url":"https:\/\/www.blogsoestado.com\/evandrojunior\/files\/2023\/05\/WhatsApp-Image-2023-05-18-at-16.06.41-2.jpeg","type":"","width":"","height":""}],"author":"Evandro Junior","twitter_card":"summary_large_image","twitter_misc":{"Escrito por":"Evandro Junior","Est. tempo de leitura":"4 minutos"},"schema":{"@context":"https:\/\/schema.org","@graph":[{"@type":"WebPage","@id":"https:\/\/www.blogsoestado.com\/evandrojunior\/2023\/05\/18\/casarao-colonial-vai-transbordar-de-gente-bonita-no-samba-do-pinto-deste-domingo\/","url":"https:\/\/www.blogsoestado.com\/evandrojunior\/2023\/05\/18\/casarao-colonial-vai-transbordar-de-gente-bonita-no-samba-do-pinto-deste-domingo\/","name":"Casar\u00e3o Colonial vai transbordar de gente bonita no Samba do Pinto deste domingo - Evandro Junior","isPartOf":{"@id":"https:\/\/www.blogsoestado.com\/evandrojunior\/#website"},"primaryImageOfPage":{"@id":"https:\/\/www.blogsoestado.com\/evandrojunior\/2023\/05\/18\/casarao-colonial-vai-transbordar-de-gente-bonita-no-samba-do-pinto-deste-domingo\/#primaryimage"},"image":{"@id":"https:\/\/www.blogsoestado.com\/evandrojunior\/2023\/05\/18\/casarao-colonial-vai-transbordar-de-gente-bonita-no-samba-do-pinto-deste-domingo\/#primaryimage"},"thumbnailUrl":"https:\/\/www.blogsoestado.com\/evandrojunior\/files\/2023\/05\/WhatsApp-Image-2023-05-18-at-16.06.41-2.jpeg","datePublished":"2023-05-18T19:27:07+00:00","author":{"@id":"https:\/\/www.blogsoestado.com\/evandrojunior\/#\/schema\/person\/3e6c3d8dbb740d1c6878ebc935cfb3be"},"breadcrumb":{"@id":"https:\/\/www.blogsoestado.com\/evandrojunior\/2023\/05\/18\/casarao-colonial-vai-transbordar-de-gente-bonita-no-samba-do-pinto-deste-domingo\/#breadcrumb"},"inLanguage":"pt-BR","potentialAction":[{"@type":"ReadAction","target":["https:\/\/www.blogsoestado.com\/evandrojunior\/2023\/05\/18\/casarao-colonial-vai-transbordar-de-gente-bonita-no-samba-do-pinto-deste-domingo\/"]}]},{"@type":"ImageObject","inLanguage":"pt-BR","@id":"https:\/\/www.blogsoestado.com\/evandrojunior\/2023\/05\/18\/casarao-colonial-vai-transbordar-de-gente-bonita-no-samba-do-pinto-deste-domingo\/#primaryimage","url":"https:\/\/www.blogsoestado.com\/evandrojunior\/files\/2023\/05\/WhatsApp-Image-2023-05-18-at-16.06.41-2.jpeg","contentUrl":"https:\/\/www.blogsoestado.com\/evandrojunior\/files\/2023\/05\/WhatsApp-Image-2023-05-18-at-16.06.41-2.jpeg"},{"@type":"BreadcrumbList","@id":"https:\/\/www.blogsoestado.com\/evandrojunior\/2023\/05\/18\/casarao-colonial-vai-transbordar-de-gente-bonita-no-samba-do-pinto-deste-domingo\/#breadcrumb","itemListElement":[{"@type":"ListItem","position":1,"name":"In\u00edcio","item":"https:\/\/www.blogsoestado.com\/evandrojunior\/"},{"@type":"ListItem","position":2,"name":"Casar\u00e3o Colonial vai transbordar de gente bonita no Samba do Pinto deste domingo"}]},{"@type":"WebSite","@id":"https:\/\/www.blogsoestado.com\/evandrojunior\/#website","url":"https:\/\/www.blogsoestado.com\/evandrojunior\/","name":"Evandro Junior","description":"","potentialAction":[{"@type":"SearchAction","target":{"@type":"EntryPoint","urlTemplate":"https:\/\/www.blogsoestado.com\/evandrojunior\/?s={search_term_string}"},"query-input":{"@type":"PropertyValueSpecification","valueRequired":true,"valueName":"search_term_string"}}],"inLanguage":"pt-BR"},{"@type":"Person","@id":"https:\/\/www.blogsoestado.com\/evandrojunior\/#\/schema\/person\/3e6c3d8dbb740d1c6878ebc935cfb3be","name":"Evandro Junior","image":{"@type":"ImageObject","inLanguage":"pt-BR","@id":"https:\/\/www.blogsoestado.com\/evandrojunior\/#\/schema\/person\/image\/","url":"https:\/\/secure.gravatar.com\/avatar\/f80a03a2294a580cd2318bfb459bf354cfa8be661ef3d95b542cf9a04af8d129?s=96&d=mm&r=g","contentUrl":"https:\/\/secure.gravatar.com\/avatar\/f80a03a2294a580cd2318bfb459bf354cfa8be661ef3d95b542cf9a04af8d129?s=96&d=mm&r=g","caption":"Evandro Junior"},"url":"https:\/\/www.blogsoestado.com\/evandrojunior\/author\/evandrojunior\/"}]}},"jetpack_featured_media_url":"","_links":{"self":[{"href":"https:\/\/www.blogsoestado.com\/evandrojunior\/wp-json\/wp\/v2\/posts\/9147","targetHints":{"allow":["GET"]}}],"collection":[{"href":"https:\/\/www.blogsoestado.com\/evandrojunior\/wp-json\/wp\/v2\/posts"}],"about":[{"href":"https:\/\/www.blogsoestado.com\/evandrojunior\/wp-json\/wp\/v2\/types\/post"}],"author":[{"embeddable":true,"href":"https:\/\/www.blogsoestado.com\/evandrojunior\/wp-json\/wp\/v2\/users\/4"}],"replies":[{"embeddable":true,"href":"https:\/\/www.blogsoestado.com\/evandrojunior\/wp-json\/wp\/v2\/comments?post=9147"}],"version-history":[{"count":0,"href":"https:\/\/www.blogsoestado.com\/evandrojunior\/wp-json\/wp\/v2\/posts\/9147\/revisions"}],"wp:attachment":[{"href":"https:\/\/www.blogsoestado.com\/evandrojunior\/wp-json\/wp\/v2\/media?parent=9147"}],"wp:term":[{"taxonomy":"category","embeddable":true,"href":"https:\/\/www.blogsoestado.com\/evandrojunior\/wp-json\/wp\/v2\/categories?post=9147"},{"taxonomy":"post_tag","embeddable":true,"href":"https:\/\/www.blogsoestado.com\/evandrojunior\/wp-json\/wp\/v2\/tags?post=9147"}],"curies":[{"name":"wp","href":"https:\/\/api.w.org\/{rel}","templated":true}]}}