{"id":9174,"date":"2023-05-24T08:41:03","date_gmt":"2023-05-24T11:41:03","guid":{"rendered":"https:\/\/www.blogsoestado.com\/evandrojunior\/?p=9174"},"modified":"2023-05-24T08:41:03","modified_gmt":"2023-05-24T11:41:03","slug":"rio-poty-sedia-encontro-de-coroneis-do-cbmma","status":"publish","type":"post","link":"https:\/\/www.blogsoestado.com\/evandrojunior\/2023\/05\/24\/rio-poty-sedia-encontro-de-coroneis-do-cbmma\/","title":{"rendered":"Rio Poty sedia encontro de coron\u00e9is do Corpo de Bombeiros do Maranh\u00e3o"},"content":{"rendered":"\n<div class=\"wp-block-image\"><figure class=\"aligncenter size-large is-resized\"><img fetchpriority=\"high\" decoding=\"async\" src=\"https:\/\/www.blogsoestado.com\/evandrojunior\/files\/2023\/05\/WhatsApp-Image-2023-05-22-at-14.14.00-1024x768.jpeg\" alt=\"\" class=\"wp-image-9175\" width=\"554\" height=\"416\"\/><figcaption><strong>Armando Ferreira com as autoridades que participaram do encontro<\/strong><\/figcaption><\/figure><\/div>\n\n\n\n<p><strong>S\u00e3o Lu\u00eds<\/strong> &#8211; O Rio Poty Hotel &amp; Resort, na Ponta d\u2019Areia, sediou, na \u00faltima segunda-feira (22), reuni\u00e3o de coron\u00e9is do Corpo de Bombeiros Militar do Maranh\u00e3o (CBMMA), evento que contou com a presen\u00e7a de v\u00e1rias autoridades da \u00e1rea da seguran\u00e7a p\u00fablica local. Todos foram recebidos pelo gerente do empreendimento e presidente da Associa\u00e7\u00e3o Brasileira da Ind\u00fastria de Hot\u00e9is (ABIH\/MA), Armando Ferreira.<\/p>\n\n\n\n<p>Na ocasi\u00e3o, foram homenageados os coron\u00e9is que est\u00e3o de passagem para a reserva remunerada, ap\u00f3s 32 anos de servi\u00e7os prestados \u00e0 sociedade. Participaram o comandante geral do CBMMA, coronel C\u00e9lio Roberto; o subcomandante da corpora\u00e7\u00e3o, coronel M\u00e1rcio Robert; o coordenador estadual de Prote\u00e7\u00e3o e Defesa Civil, coronel Amorim; o secret\u00e1rio de Seguran\u00e7a P\u00fablica do Maranh\u00e3o, Maur\u00edcio Ribeiro, e do gerente da Banave Ferryboat, M\u00e1rcio Herculano.<\/p>\n\n\n\n<p>Segundo Amando Ferreira, a reuni\u00e3o tamb\u00e9m foi importante para que as autoridades fizerem um planejamento de trabalho conjunto em torno do S\u00e3o Jo\u00e3o 2023, que este ano ser\u00e1 um dos mais duradouros de todos os tempos.<\/p>\n\n\n\n<p>O encontro de coron\u00e9is contou com o apoio da Associa\u00e7\u00e3o Brasileira da Ind\u00fastria de Hot\u00e9is e foi importante para a discuss\u00e3o, tamb\u00e9m, das estrat\u00e9gias de seguran\u00e7a dos empreendimentos maranhenses, em especial \u00e0queles ligados ao setor do turismo, no que tange \u00e0 quest\u00e3o da preven\u00e7\u00e3o de inc\u00eandios.<\/p>\n","protected":false},"excerpt":{"rendered":"<p>S\u00e3o Lu\u00eds &#8211; O Rio Poty Hotel &amp; Resort, na Ponta d\u2019Areia, sediou, na \u00faltima segunda-feira (22), reuni\u00e3o de coron\u00e9is [&hellip;]<\/p>\n","protected":false},"author":4,"featured_media":0,"comment_status":"open","ping_status":"open","sticky":false,"template":"","format":"standard","meta":{"site-sidebar-layout":"default","site-content-layout":"","ast-site-content-layout":"default","site-content-style":"default","site-sidebar-style":"default","ast-global-header-display":"","ast-banner-title-visibility":"","ast-main-header-display":"","ast-hfb-above-header-display":"","ast-hfb-below-header-display":"","ast-hfb-mobile-header-display":"","site-post-title":"","ast-breadcrumbs-content":"","ast-featured-img":"","footer-sml-layout":"","ast-disable-related-posts":"","theme-transparent-header-meta":"","adv-header-id-meta":"","stick-header-meta":"","header-above-stick-meta":"","header-main-stick-meta":"","header-below-stick-meta":"","astra-migrate-meta-layouts":"default","ast-page-background-enabled":"default","ast-page-background-meta":{"desktop":{"background-color":"var(--ast-global-color-5)","background-image":"","background-repeat":"repeat","background-position":"center center","background-size":"auto","background-attachment":"scroll","background-type":"","background-media":"","overlay-type":"","overlay-color":"","overlay-opacity":"","overlay-gradient":""},"tablet":{"background-color":"","background-image":"","background-repeat":"repeat","background-position":"center center","background-size":"auto","background-attachment":"scroll","background-type":"","background-media":"","overlay-type":"","overlay-color":"","overlay-opacity":"","overlay-gradient":""},"mobile":{"background-color":"","background-image":"","background-repeat":"repeat","background-position":"center center","background-size":"auto","background-attachment":"scroll","background-type":"","background-media":"","overlay-type":"","overlay-color":"","overlay-opacity":"","overlay-gradient":""}},"ast-content-background-meta":{"desktop":{"background-color":"var(--ast-global-color-4)","background-image":"","background-repeat":"repeat","background-position":"center center","background-size":"auto","background-attachment":"scroll","background-type":"","background-media":"","overlay-type":"","overlay-color":"","overlay-opacity":"","overlay-gradient":""},"tablet":{"background-color":"var(--ast-global-color-4)","background-image":"","background-repeat":"repeat","background-position":"center center","background-size":"auto","background-attachment":"scroll","background-type":"","background-media":"","overlay-type":"","overlay-color":"","overlay-opacity":"","overlay-gradient":""},"mobile":{"background-color":"var(--ast-global-color-4)","background-image":"","background-repeat":"repeat","background-position":"center center","background-size":"auto","background-attachment":"scroll","background-type":"","background-media":"","overlay-type":"","overlay-color":"","overlay-opacity":"","overlay-gradient":""}},"footnotes":""},"categories":[1],"tags":[],"class_list":["post-9174","post","type-post","status-publish","format-standard","hentry","category-sem-categoria"],"yoast_head":"<!-- This site is optimized with the Yoast SEO plugin v26.6 - https:\/\/yoast.com\/wordpress\/plugins\/seo\/ -->\n<title>Rio Poty sedia encontro de coron\u00e9is do Corpo de Bombeiros do Maranh\u00e3o - Evandro Junior<\/title>\n<meta name=\"robots\" content=\"index, follow, max-snippet:-1, max-image-preview:large, max-video-preview:-1\" \/>\n<link rel=\"canonical\" href=\"https:\/\/www.blogsoestado.com\/evandrojunior\/2023\/05\/24\/rio-poty-sedia-encontro-de-coroneis-do-cbmma\/\" \/>\n<meta property=\"og:locale\" content=\"pt_BR\" \/>\n<meta property=\"og:type\" content=\"article\" \/>\n<meta property=\"og:title\" content=\"Rio Poty sedia encontro de coron\u00e9is do Corpo de Bombeiros do Maranh\u00e3o - Evandro Junior\" \/>\n<meta property=\"og:description\" content=\"S\u00e3o Lu\u00eds &#8211; O Rio Poty Hotel &amp; Resort, na Ponta d\u2019Areia, sediou, na \u00faltima segunda-feira (22), reuni\u00e3o de coron\u00e9is [&hellip;]\" \/>\n<meta property=\"og:url\" content=\"https:\/\/www.blogsoestado.com\/evandrojunior\/2023\/05\/24\/rio-poty-sedia-encontro-de-coroneis-do-cbmma\/\" \/>\n<meta property=\"og:site_name\" content=\"Evandro Junior\" \/>\n<meta property=\"article:published_time\" content=\"2023-05-24T11:41:03+00:00\" \/>\n<meta property=\"og:image\" content=\"https:\/\/www.blogsoestado.com\/evandrojunior\/files\/2023\/05\/WhatsApp-Image-2023-05-22-at-14.14.00-1024x768.jpeg\" \/>\n<meta name=\"author\" content=\"Evandro Junior\" \/>\n<meta name=\"twitter:card\" content=\"summary_large_image\" \/>\n<meta name=\"twitter:label1\" content=\"Escrito por\" \/>\n\t<meta name=\"twitter:data1\" content=\"Evandro Junior\" \/>\n\t<meta name=\"twitter:label2\" content=\"Est. tempo de leitura\" \/>\n\t<meta name=\"twitter:data2\" content=\"2 minutos\" \/>\n<script type=\"application\/ld+json\" class=\"yoast-schema-graph\">{\"@context\":\"https:\/\/schema.org\",\"@graph\":[{\"@type\":\"WebPage\",\"@id\":\"https:\/\/www.blogsoestado.com\/evandrojunior\/2023\/05\/24\/rio-poty-sedia-encontro-de-coroneis-do-cbmma\/\",\"url\":\"https:\/\/www.blogsoestado.com\/evandrojunior\/2023\/05\/24\/rio-poty-sedia-encontro-de-coroneis-do-cbmma\/\",\"name\":\"Rio Poty sedia encontro de coron\u00e9is do Corpo de Bombeiros do Maranh\u00e3o - Evandro Junior\",\"isPartOf\":{\"@id\":\"https:\/\/www.blogsoestado.com\/evandrojunior\/#website\"},\"primaryImageOfPage\":{\"@id\":\"https:\/\/www.blogsoestado.com\/evandrojunior\/2023\/05\/24\/rio-poty-sedia-encontro-de-coroneis-do-cbmma\/#primaryimage\"},\"image\":{\"@id\":\"https:\/\/www.blogsoestado.com\/evandrojunior\/2023\/05\/24\/rio-poty-sedia-encontro-de-coroneis-do-cbmma\/#primaryimage\"},\"thumbnailUrl\":\"https:\/\/www.blogsoestado.com\/evandrojunior\/files\/2023\/05\/WhatsApp-Image-2023-05-22-at-14.14.00-1024x768.jpeg\",\"datePublished\":\"2023-05-24T11:41:03+00:00\",\"author\":{\"@id\":\"https:\/\/www.blogsoestado.com\/evandrojunior\/#\/schema\/person\/3e6c3d8dbb740d1c6878ebc935cfb3be\"},\"breadcrumb\":{\"@id\":\"https:\/\/www.blogsoestado.com\/evandrojunior\/2023\/05\/24\/rio-poty-sedia-encontro-de-coroneis-do-cbmma\/#breadcrumb\"},\"inLanguage\":\"pt-BR\",\"potentialAction\":[{\"@type\":\"ReadAction\",\"target\":[\"https:\/\/www.blogsoestado.com\/evandrojunior\/2023\/05\/24\/rio-poty-sedia-encontro-de-coroneis-do-cbmma\/\"]}]},{\"@type\":\"ImageObject\",\"inLanguage\":\"pt-BR\",\"@id\":\"https:\/\/www.blogsoestado.com\/evandrojunior\/2023\/05\/24\/rio-poty-sedia-encontro-de-coroneis-do-cbmma\/#primaryimage\",\"url\":\"https:\/\/www.blogsoestado.com\/evandrojunior\/files\/2023\/05\/WhatsApp-Image-2023-05-22-at-14.14.00-1024x768.jpeg\",\"contentUrl\":\"https:\/\/www.blogsoestado.com\/evandrojunior\/files\/2023\/05\/WhatsApp-Image-2023-05-22-at-14.14.00-1024x768.jpeg\"},{\"@type\":\"BreadcrumbList\",\"@id\":\"https:\/\/www.blogsoestado.com\/evandrojunior\/2023\/05\/24\/rio-poty-sedia-encontro-de-coroneis-do-cbmma\/#breadcrumb\",\"itemListElement\":[{\"@type\":\"ListItem\",\"position\":1,\"name\":\"In\u00edcio\",\"item\":\"https:\/\/www.blogsoestado.com\/evandrojunior\/\"},{\"@type\":\"ListItem\",\"position\":2,\"name\":\"Rio Poty sedia encontro de coron\u00e9is do Corpo de Bombeiros do Maranh\u00e3o\"}]},{\"@type\":\"WebSite\",\"@id\":\"https:\/\/www.blogsoestado.com\/evandrojunior\/#website\",\"url\":\"https:\/\/www.blogsoestado.com\/evandrojunior\/\",\"name\":\"Evandro Junior\",\"description\":\"\",\"potentialAction\":[{\"@type\":\"SearchAction\",\"target\":{\"@type\":\"EntryPoint\",\"urlTemplate\":\"https:\/\/www.blogsoestado.com\/evandrojunior\/?s={search_term_string}\"},\"query-input\":{\"@type\":\"PropertyValueSpecification\",\"valueRequired\":true,\"valueName\":\"search_term_string\"}}],\"inLanguage\":\"pt-BR\"},{\"@type\":\"Person\",\"@id\":\"https:\/\/www.blogsoestado.com\/evandrojunior\/#\/schema\/person\/3e6c3d8dbb740d1c6878ebc935cfb3be\",\"name\":\"Evandro Junior\",\"image\":{\"@type\":\"ImageObject\",\"inLanguage\":\"pt-BR\",\"@id\":\"https:\/\/www.blogsoestado.com\/evandrojunior\/#\/schema\/person\/image\/\",\"url\":\"https:\/\/secure.gravatar.com\/avatar\/f80a03a2294a580cd2318bfb459bf354cfa8be661ef3d95b542cf9a04af8d129?s=96&d=mm&r=g\",\"contentUrl\":\"https:\/\/secure.gravatar.com\/avatar\/f80a03a2294a580cd2318bfb459bf354cfa8be661ef3d95b542cf9a04af8d129?s=96&d=mm&r=g\",\"caption\":\"Evandro Junior\"},\"url\":\"https:\/\/www.blogsoestado.com\/evandrojunior\/author\/evandrojunior\/\"}]}<\/script>\n<!-- \/ Yoast SEO plugin. -->","yoast_head_json":{"title":"Rio Poty sedia encontro de coron\u00e9is do Corpo de Bombeiros do Maranh\u00e3o - Evandro Junior","robots":{"index":"index","follow":"follow","max-snippet":"max-snippet:-1","max-image-preview":"max-image-preview:large","max-video-preview":"max-video-preview:-1"},"canonical":"https:\/\/www.blogsoestado.com\/evandrojunior\/2023\/05\/24\/rio-poty-sedia-encontro-de-coroneis-do-cbmma\/","og_locale":"pt_BR","og_type":"article","og_title":"Rio Poty sedia encontro de coron\u00e9is do Corpo de Bombeiros do Maranh\u00e3o - Evandro Junior","og_description":"S\u00e3o Lu\u00eds &#8211; O Rio Poty Hotel &amp; Resort, na Ponta d\u2019Areia, sediou, na \u00faltima segunda-feira (22), reuni\u00e3o de coron\u00e9is [&hellip;]","og_url":"https:\/\/www.blogsoestado.com\/evandrojunior\/2023\/05\/24\/rio-poty-sedia-encontro-de-coroneis-do-cbmma\/","og_site_name":"Evandro Junior","article_published_time":"2023-05-24T11:41:03+00:00","og_image":[{"url":"https:\/\/www.blogsoestado.com\/evandrojunior\/files\/2023\/05\/WhatsApp-Image-2023-05-22-at-14.14.00-1024x768.jpeg","type":"","width":"","height":""}],"author":"Evandro Junior","twitter_card":"summary_large_image","twitter_misc":{"Escrito por":"Evandro Junior","Est. tempo de leitura":"2 minutos"},"schema":{"@context":"https:\/\/schema.org","@graph":[{"@type":"WebPage","@id":"https:\/\/www.blogsoestado.com\/evandrojunior\/2023\/05\/24\/rio-poty-sedia-encontro-de-coroneis-do-cbmma\/","url":"https:\/\/www.blogsoestado.com\/evandrojunior\/2023\/05\/24\/rio-poty-sedia-encontro-de-coroneis-do-cbmma\/","name":"Rio Poty sedia encontro de coron\u00e9is do Corpo de Bombeiros do Maranh\u00e3o - Evandro Junior","isPartOf":{"@id":"https:\/\/www.blogsoestado.com\/evandrojunior\/#website"},"primaryImageOfPage":{"@id":"https:\/\/www.blogsoestado.com\/evandrojunior\/2023\/05\/24\/rio-poty-sedia-encontro-de-coroneis-do-cbmma\/#primaryimage"},"image":{"@id":"https:\/\/www.blogsoestado.com\/evandrojunior\/2023\/05\/24\/rio-poty-sedia-encontro-de-coroneis-do-cbmma\/#primaryimage"},"thumbnailUrl":"https:\/\/www.blogsoestado.com\/evandrojunior\/files\/2023\/05\/WhatsApp-Image-2023-05-22-at-14.14.00-1024x768.jpeg","datePublished":"2023-05-24T11:41:03+00:00","author":{"@id":"https:\/\/www.blogsoestado.com\/evandrojunior\/#\/schema\/person\/3e6c3d8dbb740d1c6878ebc935cfb3be"},"breadcrumb":{"@id":"https:\/\/www.blogsoestado.com\/evandrojunior\/2023\/05\/24\/rio-poty-sedia-encontro-de-coroneis-do-cbmma\/#breadcrumb"},"inLanguage":"pt-BR","potentialAction":[{"@type":"ReadAction","target":["https:\/\/www.blogsoestado.com\/evandrojunior\/2023\/05\/24\/rio-poty-sedia-encontro-de-coroneis-do-cbmma\/"]}]},{"@type":"ImageObject","inLanguage":"pt-BR","@id":"https:\/\/www.blogsoestado.com\/evandrojunior\/2023\/05\/24\/rio-poty-sedia-encontro-de-coroneis-do-cbmma\/#primaryimage","url":"https:\/\/www.blogsoestado.com\/evandrojunior\/files\/2023\/05\/WhatsApp-Image-2023-05-22-at-14.14.00-1024x768.jpeg","contentUrl":"https:\/\/www.blogsoestado.com\/evandrojunior\/files\/2023\/05\/WhatsApp-Image-2023-05-22-at-14.14.00-1024x768.jpeg"},{"@type":"BreadcrumbList","@id":"https:\/\/www.blogsoestado.com\/evandrojunior\/2023\/05\/24\/rio-poty-sedia-encontro-de-coroneis-do-cbmma\/#breadcrumb","itemListElement":[{"@type":"ListItem","position":1,"name":"In\u00edcio","item":"https:\/\/www.blogsoestado.com\/evandrojunior\/"},{"@type":"ListItem","position":2,"name":"Rio Poty sedia encontro de coron\u00e9is do Corpo de Bombeiros do Maranh\u00e3o"}]},{"@type":"WebSite","@id":"https:\/\/www.blogsoestado.com\/evandrojunior\/#website","url":"https:\/\/www.blogsoestado.com\/evandrojunior\/","name":"Evandro Junior","description":"","potentialAction":[{"@type":"SearchAction","target":{"@type":"EntryPoint","urlTemplate":"https:\/\/www.blogsoestado.com\/evandrojunior\/?s={search_term_string}"},"query-input":{"@type":"PropertyValueSpecification","valueRequired":true,"valueName":"search_term_string"}}],"inLanguage":"pt-BR"},{"@type":"Person","@id":"https:\/\/www.blogsoestado.com\/evandrojunior\/#\/schema\/person\/3e6c3d8dbb740d1c6878ebc935cfb3be","name":"Evandro Junior","image":{"@type":"ImageObject","inLanguage":"pt-BR","@id":"https:\/\/www.blogsoestado.com\/evandrojunior\/#\/schema\/person\/image\/","url":"https:\/\/secure.gravatar.com\/avatar\/f80a03a2294a580cd2318bfb459bf354cfa8be661ef3d95b542cf9a04af8d129?s=96&d=mm&r=g","contentUrl":"https:\/\/secure.gravatar.com\/avatar\/f80a03a2294a580cd2318bfb459bf354cfa8be661ef3d95b542cf9a04af8d129?s=96&d=mm&r=g","caption":"Evandro Junior"},"url":"https:\/\/www.blogsoestado.com\/evandrojunior\/author\/evandrojunior\/"}]}},"jetpack_featured_media_url":"","_links":{"self":[{"href":"https:\/\/www.blogsoestado.com\/evandrojunior\/wp-json\/wp\/v2\/posts\/9174","targetHints":{"allow":["GET"]}}],"collection":[{"href":"https:\/\/www.blogsoestado.com\/evandrojunior\/wp-json\/wp\/v2\/posts"}],"about":[{"href":"https:\/\/www.blogsoestado.com\/evandrojunior\/wp-json\/wp\/v2\/types\/post"}],"author":[{"embeddable":true,"href":"https:\/\/www.blogsoestado.com\/evandrojunior\/wp-json\/wp\/v2\/users\/4"}],"replies":[{"embeddable":true,"href":"https:\/\/www.blogsoestado.com\/evandrojunior\/wp-json\/wp\/v2\/comments?post=9174"}],"version-history":[{"count":0,"href":"https:\/\/www.blogsoestado.com\/evandrojunior\/wp-json\/wp\/v2\/posts\/9174\/revisions"}],"wp:attachment":[{"href":"https:\/\/www.blogsoestado.com\/evandrojunior\/wp-json\/wp\/v2\/media?parent=9174"}],"wp:term":[{"taxonomy":"category","embeddable":true,"href":"https:\/\/www.blogsoestado.com\/evandrojunior\/wp-json\/wp\/v2\/categories?post=9174"},{"taxonomy":"post_tag","embeddable":true,"href":"https:\/\/www.blogsoestado.com\/evandrojunior\/wp-json\/wp\/v2\/tags?post=9174"}],"curies":[{"name":"wp","href":"https:\/\/api.w.org\/{rel}","templated":true}]}}