{"id":9184,"date":"2023-05-26T11:07:57","date_gmt":"2023-05-26T14:07:57","guid":{"rendered":"https:\/\/www.blogsoestado.com\/evandrojunior\/?p=9184"},"modified":"2023-05-26T11:07:57","modified_gmt":"2023-05-26T14:07:57","slug":"hoje-tem-lancamento-na-casa-barrica","status":"publish","type":"post","link":"https:\/\/www.blogsoestado.com\/evandrojunior\/2023\/05\/26\/hoje-tem-lancamento-na-casa-barrica\/","title":{"rendered":"Hoje tem lan\u00e7amento na Casa Barrica"},"content":{"rendered":"\n<div class=\"wp-block-image\"><figure class=\"aligncenter size-large is-resized\"><img fetchpriority=\"high\" decoding=\"async\" src=\"https:\/\/www.blogsoestado.com\/evandrojunior\/files\/2023\/05\/WhatsApp-Image-2023-05-26-at-11.06.36.jpeg\" alt=\"\" class=\"wp-image-9185\" width=\"522\" height=\"320\"\/><figcaption><strong>Programa\u00e7\u00e3o na Casa Barrica come\u00e7a \u00e0s 15h30<\/strong><\/figcaption><\/figure><\/div>\n\n\n\n<p><strong>S\u00e3o Lu\u00eds<\/strong> &#8211; A\u00a0Companhia Barrica do Maranh\u00e3o faz, nesta sexta-feira (26), \u00e0s 15h30, em sua sede, na Casa Barrica (Madre Deus), o lan\u00e7amento do material com o registro audiovisual do projeto \u201c38 Anos-Luz de Estradas, Estrelas e Encantarias\u201d, com uma amostra das atividades art\u00edsticas realizadas desde o ano passado com patroc\u00ednio do Instituto Cultural Vale via Lei Federal de Incentivo \u00e0 Cultura.<\/p>\n\n\n\n<p>O lan\u00e7amento ocorrer\u00e1 durante a programa\u00e7\u00e3o da \u201cSexta de Festejos\u201d, com a presen\u00e7a de alunos das escolas Sous\u00e2ndrade (Lira), Jos\u00e9 Giorcelli Costa (Madre Deus), Sotero dos Reis (Centro), Centro de Ensino Manuel Beckman (Bequim\u00e3o) e do Instituto Estadual de Educa\u00e7\u00e3o, Ci\u00eancia e Tecnologia do Maranh\u00e3o (Iema), no Cruzeiro do Anil. Os estudantes far\u00e3o uma visita \u00e0 exposi\u00e7\u00e3o \u201cPonto de Luz\u201d,&nbsp;retratando a trajet\u00f3ria da C<strong>ompanhia Barrica&nbsp;<\/strong>desde 1985, e participar\u00e3o de uma recrea\u00e7\u00e3o art\u00edstica com os bailarinos do espet\u00e1culo \u201cMaranh\u00e3o de Festejos\u201d.<\/p>\n\n\n\n<p>O projeto comemorativo&nbsp;\u201c38 Anos-Luz de Estradas, Estrelas e Encantarias\u201d&nbsp;foi marcado por vasta programa\u00e7\u00e3o e somou dez meses de atividades, realizadas em S\u00e3o Lu\u00eds, nos munic\u00edpios de&nbsp;Itapecuru-Mirim e Pindar\u00e9-Mirim, e, tamb\u00e9m, na Espanha, uma vez que a companhia maranhense mostrou sua arte nas&nbsp;Jornadas Internacionais Folcl\u00f3ricas da Catalunha&nbsp;em setembro do ano passado.<\/p>\n\n\n\n<p>Segundo Jos\u00e9 Pereira God\u00e3o, diretor art\u00edstico da Companhia Barrica, o projeto foi de suma import\u00e2ncia para que o grupo expandisse ainda mais os seus horizontes e alcan\u00e7asse novos \u2018pontos de luz\u2019.<\/p>\n\n\n\n<p>\u201cAfinal, estivemos em dois munic\u00edpios maranhenses e fomos muito bem recebidos at\u00e9 na Espanha, onde a nossa arte ganhou ecos por meio das palmas do povo europeu. Os nossos bailados, a nossa m\u00fasica e a for\u00e7a da nossa tradi\u00e7\u00e3o, com certeza, deram um brilho a mais \u00e0quele evento, do qual participamos com muito orgulho de exibir as bandeiras brasileira e maranhense\u201d, diz God\u00e3o.<\/p>\n\n\n\n<p><strong>Coroamento<\/strong>&nbsp;&#8211; A \u2018Sexta de Festejos\u2019, atividade realizada em seis edi\u00e7\u00f5es e dois eventos especiais, \u00e9 o coroamento do projeto, uma vez que, na oportunidade, ser\u00e1 apresentado o resumo de tudo o que foi realizado. Conforme Jos\u00e9 Pereira God\u00e3o, esse material audiovisual ser\u00e1 disponibilizado no canal da Companhia Barrica no Youtube e, tamb\u00e9m, em suas redes sociais oficiais.<\/p>\n\n\n\n<p>\u201cPara que o p\u00fablico possa ter a no\u00e7\u00e3o da import\u00e2ncia de todas essas atividades para a hist\u00f3ria da Companhia Barrica do Maranh\u00e3o. Um projeto como esse envolve dezenas de artistas populares de v\u00e1rios segmentos da arte, entre m\u00fasicos, dan\u00e7arinos, cantores e produtores, todos imbu\u00eddos de um trabalho pensado nos espectadores, sejam eles brasileiros ou estrangeiros, pois o nosso prop\u00f3sito principal \u00e9 envolver o p\u00fablico com a nossa poesia\u201d, final\u00ad\u00adiza Jos\u00e9 Pereira God\u00e3o.<\/p>\n\n\n\n<p><strong>Servi\u00e7o<\/strong><\/p>\n\n\n\n<p><strong>O qu\u00ea<\/strong><\/p>\n\n\n\n<p>\u201cSexta de Festejos\u201d, com lan\u00e7amento do registro audiovisual do projeto \u201c38 Anos-Luz de Estradas, Estrelas e Encantarias\u201d<\/p>\n\n\n\n<p><strong>Quando<\/strong><\/p>\n\n\n\n<p>Nesta sexta-feira (26), \u00e0s 15h<\/p>\n\n\n\n<p><strong>Onde<\/strong><\/p>\n\n\n\n<p>Casa Barrica (Madre Deus)<\/p>\n","protected":false},"excerpt":{"rendered":"<p>S\u00e3o Lu\u00eds &#8211; A\u00a0Companhia Barrica do Maranh\u00e3o faz, nesta sexta-feira (26), \u00e0s 15h30, em sua sede, na Casa Barrica (Madre [&hellip;]<\/p>\n","protected":false},"author":4,"featured_media":0,"comment_status":"open","ping_status":"open","sticky":false,"template":"","format":"standard","meta":{"site-sidebar-layout":"default","site-content-layout":"","ast-site-content-layout":"default","site-content-style":"default","site-sidebar-style":"default","ast-global-header-display":"","ast-banner-title-visibility":"","ast-main-header-display":"","ast-hfb-above-header-display":"","ast-hfb-below-header-display":"","ast-hfb-mobile-header-display":"","site-post-title":"","ast-breadcrumbs-content":"","ast-featured-img":"","footer-sml-layout":"","ast-disable-related-posts":"","theme-transparent-header-meta":"","adv-header-id-meta":"","stick-header-meta":"","header-above-stick-meta":"","header-main-stick-meta":"","header-below-stick-meta":"","astra-migrate-meta-layouts":"default","ast-page-background-enabled":"default","ast-page-background-meta":{"desktop":{"background-color":"var(--ast-global-color-5)","background-image":"","background-repeat":"repeat","background-position":"center center","background-size":"auto","background-attachment":"scroll","background-type":"","background-media":"","overlay-type":"","overlay-color":"","overlay-opacity":"","overlay-gradient":""},"tablet":{"background-color":"","background-image":"","background-repeat":"repeat","background-position":"center center","background-size":"auto","background-attachment":"scroll","background-type":"","background-media":"","overlay-type":"","overlay-color":"","overlay-opacity":"","overlay-gradient":""},"mobile":{"background-color":"","background-image":"","background-repeat":"repeat","background-position":"center center","background-size":"auto","background-attachment":"scroll","background-type":"","background-media":"","overlay-type":"","overlay-color":"","overlay-opacity":"","overlay-gradient":""}},"ast-content-background-meta":{"desktop":{"background-color":"var(--ast-global-color-4)","background-image":"","background-repeat":"repeat","background-position":"center center","background-size":"auto","background-attachment":"scroll","background-type":"","background-media":"","overlay-type":"","overlay-color":"","overlay-opacity":"","overlay-gradient":""},"tablet":{"background-color":"var(--ast-global-color-4)","background-image":"","background-repeat":"repeat","background-position":"center center","background-size":"auto","background-attachment":"scroll","background-type":"","background-media":"","overlay-type":"","overlay-color":"","overlay-opacity":"","overlay-gradient":""},"mobile":{"background-color":"var(--ast-global-color-4)","background-image":"","background-repeat":"repeat","background-position":"center center","background-size":"auto","background-attachment":"scroll","background-type":"","background-media":"","overlay-type":"","overlay-color":"","overlay-opacity":"","overlay-gradient":""}},"footnotes":""},"categories":[1],"tags":[],"class_list":["post-9184","post","type-post","status-publish","format-standard","hentry","category-sem-categoria"],"yoast_head":"<!-- This site is optimized with the Yoast SEO plugin v26.6 - https:\/\/yoast.com\/wordpress\/plugins\/seo\/ -->\n<title>Hoje tem lan\u00e7amento na Casa Barrica - Evandro Junior<\/title>\n<meta name=\"robots\" content=\"index, follow, max-snippet:-1, max-image-preview:large, max-video-preview:-1\" \/>\n<link rel=\"canonical\" href=\"https:\/\/www.blogsoestado.com\/evandrojunior\/2023\/05\/26\/hoje-tem-lancamento-na-casa-barrica\/\" \/>\n<meta property=\"og:locale\" content=\"pt_BR\" \/>\n<meta property=\"og:type\" content=\"article\" \/>\n<meta property=\"og:title\" content=\"Hoje tem lan\u00e7amento na Casa Barrica - Evandro Junior\" \/>\n<meta property=\"og:description\" content=\"S\u00e3o Lu\u00eds &#8211; A\u00a0Companhia Barrica do Maranh\u00e3o faz, nesta sexta-feira (26), \u00e0s 15h30, em sua sede, na Casa Barrica (Madre [&hellip;]\" \/>\n<meta property=\"og:url\" content=\"https:\/\/www.blogsoestado.com\/evandrojunior\/2023\/05\/26\/hoje-tem-lancamento-na-casa-barrica\/\" \/>\n<meta property=\"og:site_name\" content=\"Evandro Junior\" \/>\n<meta property=\"article:published_time\" content=\"2023-05-26T14:07:57+00:00\" \/>\n<meta property=\"og:image\" content=\"https:\/\/www.blogsoestado.com\/evandrojunior\/files\/2023\/05\/WhatsApp-Image-2023-05-26-at-11.06.36.jpeg\" \/>\n<meta name=\"author\" content=\"Evandro Junior\" \/>\n<meta name=\"twitter:card\" content=\"summary_large_image\" \/>\n<meta name=\"twitter:label1\" content=\"Escrito por\" \/>\n\t<meta name=\"twitter:data1\" content=\"Evandro Junior\" \/>\n\t<meta name=\"twitter:label2\" content=\"Est. tempo de leitura\" \/>\n\t<meta name=\"twitter:data2\" content=\"3 minutos\" \/>\n<script type=\"application\/ld+json\" class=\"yoast-schema-graph\">{\"@context\":\"https:\/\/schema.org\",\"@graph\":[{\"@type\":\"WebPage\",\"@id\":\"https:\/\/www.blogsoestado.com\/evandrojunior\/2023\/05\/26\/hoje-tem-lancamento-na-casa-barrica\/\",\"url\":\"https:\/\/www.blogsoestado.com\/evandrojunior\/2023\/05\/26\/hoje-tem-lancamento-na-casa-barrica\/\",\"name\":\"Hoje tem lan\u00e7amento na Casa Barrica - Evandro Junior\",\"isPartOf\":{\"@id\":\"https:\/\/www.blogsoestado.com\/evandrojunior\/#website\"},\"primaryImageOfPage\":{\"@id\":\"https:\/\/www.blogsoestado.com\/evandrojunior\/2023\/05\/26\/hoje-tem-lancamento-na-casa-barrica\/#primaryimage\"},\"image\":{\"@id\":\"https:\/\/www.blogsoestado.com\/evandrojunior\/2023\/05\/26\/hoje-tem-lancamento-na-casa-barrica\/#primaryimage\"},\"thumbnailUrl\":\"https:\/\/www.blogsoestado.com\/evandrojunior\/files\/2023\/05\/WhatsApp-Image-2023-05-26-at-11.06.36.jpeg\",\"datePublished\":\"2023-05-26T14:07:57+00:00\",\"author\":{\"@id\":\"https:\/\/www.blogsoestado.com\/evandrojunior\/#\/schema\/person\/3e6c3d8dbb740d1c6878ebc935cfb3be\"},\"breadcrumb\":{\"@id\":\"https:\/\/www.blogsoestado.com\/evandrojunior\/2023\/05\/26\/hoje-tem-lancamento-na-casa-barrica\/#breadcrumb\"},\"inLanguage\":\"pt-BR\",\"potentialAction\":[{\"@type\":\"ReadAction\",\"target\":[\"https:\/\/www.blogsoestado.com\/evandrojunior\/2023\/05\/26\/hoje-tem-lancamento-na-casa-barrica\/\"]}]},{\"@type\":\"ImageObject\",\"inLanguage\":\"pt-BR\",\"@id\":\"https:\/\/www.blogsoestado.com\/evandrojunior\/2023\/05\/26\/hoje-tem-lancamento-na-casa-barrica\/#primaryimage\",\"url\":\"https:\/\/www.blogsoestado.com\/evandrojunior\/files\/2023\/05\/WhatsApp-Image-2023-05-26-at-11.06.36.jpeg\",\"contentUrl\":\"https:\/\/www.blogsoestado.com\/evandrojunior\/files\/2023\/05\/WhatsApp-Image-2023-05-26-at-11.06.36.jpeg\"},{\"@type\":\"BreadcrumbList\",\"@id\":\"https:\/\/www.blogsoestado.com\/evandrojunior\/2023\/05\/26\/hoje-tem-lancamento-na-casa-barrica\/#breadcrumb\",\"itemListElement\":[{\"@type\":\"ListItem\",\"position\":1,\"name\":\"In\u00edcio\",\"item\":\"https:\/\/www.blogsoestado.com\/evandrojunior\/\"},{\"@type\":\"ListItem\",\"position\":2,\"name\":\"Hoje tem lan\u00e7amento na Casa Barrica\"}]},{\"@type\":\"WebSite\",\"@id\":\"https:\/\/www.blogsoestado.com\/evandrojunior\/#website\",\"url\":\"https:\/\/www.blogsoestado.com\/evandrojunior\/\",\"name\":\"Evandro Junior\",\"description\":\"\",\"potentialAction\":[{\"@type\":\"SearchAction\",\"target\":{\"@type\":\"EntryPoint\",\"urlTemplate\":\"https:\/\/www.blogsoestado.com\/evandrojunior\/?s={search_term_string}\"},\"query-input\":{\"@type\":\"PropertyValueSpecification\",\"valueRequired\":true,\"valueName\":\"search_term_string\"}}],\"inLanguage\":\"pt-BR\"},{\"@type\":\"Person\",\"@id\":\"https:\/\/www.blogsoestado.com\/evandrojunior\/#\/schema\/person\/3e6c3d8dbb740d1c6878ebc935cfb3be\",\"name\":\"Evandro Junior\",\"image\":{\"@type\":\"ImageObject\",\"inLanguage\":\"pt-BR\",\"@id\":\"https:\/\/www.blogsoestado.com\/evandrojunior\/#\/schema\/person\/image\/\",\"url\":\"https:\/\/secure.gravatar.com\/avatar\/f80a03a2294a580cd2318bfb459bf354cfa8be661ef3d95b542cf9a04af8d129?s=96&d=mm&r=g\",\"contentUrl\":\"https:\/\/secure.gravatar.com\/avatar\/f80a03a2294a580cd2318bfb459bf354cfa8be661ef3d95b542cf9a04af8d129?s=96&d=mm&r=g\",\"caption\":\"Evandro Junior\"},\"url\":\"https:\/\/www.blogsoestado.com\/evandrojunior\/author\/evandrojunior\/\"}]}<\/script>\n<!-- \/ Yoast SEO plugin. -->","yoast_head_json":{"title":"Hoje tem lan\u00e7amento na Casa Barrica - Evandro Junior","robots":{"index":"index","follow":"follow","max-snippet":"max-snippet:-1","max-image-preview":"max-image-preview:large","max-video-preview":"max-video-preview:-1"},"canonical":"https:\/\/www.blogsoestado.com\/evandrojunior\/2023\/05\/26\/hoje-tem-lancamento-na-casa-barrica\/","og_locale":"pt_BR","og_type":"article","og_title":"Hoje tem lan\u00e7amento na Casa Barrica - Evandro Junior","og_description":"S\u00e3o Lu\u00eds &#8211; A\u00a0Companhia Barrica do Maranh\u00e3o faz, nesta sexta-feira (26), \u00e0s 15h30, em sua sede, na Casa Barrica (Madre [&hellip;]","og_url":"https:\/\/www.blogsoestado.com\/evandrojunior\/2023\/05\/26\/hoje-tem-lancamento-na-casa-barrica\/","og_site_name":"Evandro Junior","article_published_time":"2023-05-26T14:07:57+00:00","og_image":[{"url":"https:\/\/www.blogsoestado.com\/evandrojunior\/files\/2023\/05\/WhatsApp-Image-2023-05-26-at-11.06.36.jpeg","type":"","width":"","height":""}],"author":"Evandro Junior","twitter_card":"summary_large_image","twitter_misc":{"Escrito por":"Evandro Junior","Est. tempo de leitura":"3 minutos"},"schema":{"@context":"https:\/\/schema.org","@graph":[{"@type":"WebPage","@id":"https:\/\/www.blogsoestado.com\/evandrojunior\/2023\/05\/26\/hoje-tem-lancamento-na-casa-barrica\/","url":"https:\/\/www.blogsoestado.com\/evandrojunior\/2023\/05\/26\/hoje-tem-lancamento-na-casa-barrica\/","name":"Hoje tem lan\u00e7amento na Casa Barrica - Evandro Junior","isPartOf":{"@id":"https:\/\/www.blogsoestado.com\/evandrojunior\/#website"},"primaryImageOfPage":{"@id":"https:\/\/www.blogsoestado.com\/evandrojunior\/2023\/05\/26\/hoje-tem-lancamento-na-casa-barrica\/#primaryimage"},"image":{"@id":"https:\/\/www.blogsoestado.com\/evandrojunior\/2023\/05\/26\/hoje-tem-lancamento-na-casa-barrica\/#primaryimage"},"thumbnailUrl":"https:\/\/www.blogsoestado.com\/evandrojunior\/files\/2023\/05\/WhatsApp-Image-2023-05-26-at-11.06.36.jpeg","datePublished":"2023-05-26T14:07:57+00:00","author":{"@id":"https:\/\/www.blogsoestado.com\/evandrojunior\/#\/schema\/person\/3e6c3d8dbb740d1c6878ebc935cfb3be"},"breadcrumb":{"@id":"https:\/\/www.blogsoestado.com\/evandrojunior\/2023\/05\/26\/hoje-tem-lancamento-na-casa-barrica\/#breadcrumb"},"inLanguage":"pt-BR","potentialAction":[{"@type":"ReadAction","target":["https:\/\/www.blogsoestado.com\/evandrojunior\/2023\/05\/26\/hoje-tem-lancamento-na-casa-barrica\/"]}]},{"@type":"ImageObject","inLanguage":"pt-BR","@id":"https:\/\/www.blogsoestado.com\/evandrojunior\/2023\/05\/26\/hoje-tem-lancamento-na-casa-barrica\/#primaryimage","url":"https:\/\/www.blogsoestado.com\/evandrojunior\/files\/2023\/05\/WhatsApp-Image-2023-05-26-at-11.06.36.jpeg","contentUrl":"https:\/\/www.blogsoestado.com\/evandrojunior\/files\/2023\/05\/WhatsApp-Image-2023-05-26-at-11.06.36.jpeg"},{"@type":"BreadcrumbList","@id":"https:\/\/www.blogsoestado.com\/evandrojunior\/2023\/05\/26\/hoje-tem-lancamento-na-casa-barrica\/#breadcrumb","itemListElement":[{"@type":"ListItem","position":1,"name":"In\u00edcio","item":"https:\/\/www.blogsoestado.com\/evandrojunior\/"},{"@type":"ListItem","position":2,"name":"Hoje tem lan\u00e7amento na Casa Barrica"}]},{"@type":"WebSite","@id":"https:\/\/www.blogsoestado.com\/evandrojunior\/#website","url":"https:\/\/www.blogsoestado.com\/evandrojunior\/","name":"Evandro Junior","description":"","potentialAction":[{"@type":"SearchAction","target":{"@type":"EntryPoint","urlTemplate":"https:\/\/www.blogsoestado.com\/evandrojunior\/?s={search_term_string}"},"query-input":{"@type":"PropertyValueSpecification","valueRequired":true,"valueName":"search_term_string"}}],"inLanguage":"pt-BR"},{"@type":"Person","@id":"https:\/\/www.blogsoestado.com\/evandrojunior\/#\/schema\/person\/3e6c3d8dbb740d1c6878ebc935cfb3be","name":"Evandro Junior","image":{"@type":"ImageObject","inLanguage":"pt-BR","@id":"https:\/\/www.blogsoestado.com\/evandrojunior\/#\/schema\/person\/image\/","url":"https:\/\/secure.gravatar.com\/avatar\/f80a03a2294a580cd2318bfb459bf354cfa8be661ef3d95b542cf9a04af8d129?s=96&d=mm&r=g","contentUrl":"https:\/\/secure.gravatar.com\/avatar\/f80a03a2294a580cd2318bfb459bf354cfa8be661ef3d95b542cf9a04af8d129?s=96&d=mm&r=g","caption":"Evandro Junior"},"url":"https:\/\/www.blogsoestado.com\/evandrojunior\/author\/evandrojunior\/"}]}},"jetpack_featured_media_url":"","_links":{"self":[{"href":"https:\/\/www.blogsoestado.com\/evandrojunior\/wp-json\/wp\/v2\/posts\/9184","targetHints":{"allow":["GET"]}}],"collection":[{"href":"https:\/\/www.blogsoestado.com\/evandrojunior\/wp-json\/wp\/v2\/posts"}],"about":[{"href":"https:\/\/www.blogsoestado.com\/evandrojunior\/wp-json\/wp\/v2\/types\/post"}],"author":[{"embeddable":true,"href":"https:\/\/www.blogsoestado.com\/evandrojunior\/wp-json\/wp\/v2\/users\/4"}],"replies":[{"embeddable":true,"href":"https:\/\/www.blogsoestado.com\/evandrojunior\/wp-json\/wp\/v2\/comments?post=9184"}],"version-history":[{"count":0,"href":"https:\/\/www.blogsoestado.com\/evandrojunior\/wp-json\/wp\/v2\/posts\/9184\/revisions"}],"wp:attachment":[{"href":"https:\/\/www.blogsoestado.com\/evandrojunior\/wp-json\/wp\/v2\/media?parent=9184"}],"wp:term":[{"taxonomy":"category","embeddable":true,"href":"https:\/\/www.blogsoestado.com\/evandrojunior\/wp-json\/wp\/v2\/categories?post=9184"},{"taxonomy":"post_tag","embeddable":true,"href":"https:\/\/www.blogsoestado.com\/evandrojunior\/wp-json\/wp\/v2\/tags?post=9184"}],"curies":[{"name":"wp","href":"https:\/\/api.w.org\/{rel}","templated":true}]}}