{"id":9190,"date":"2023-05-31T09:07:18","date_gmt":"2023-05-31T12:07:18","guid":{"rendered":"https:\/\/www.blogsoestado.com\/evandrojunior\/?p=9190"},"modified":"2023-05-31T09:07:18","modified_gmt":"2023-05-31T12:07:18","slug":"arraial-das-estrelas-e-um-dos-eventos-mais-esperados-da-temporada-junina-em-sl","status":"publish","type":"post","link":"https:\/\/www.blogsoestado.com\/evandrojunior\/2023\/05\/31\/arraial-das-estrelas-e-um-dos-eventos-mais-esperados-da-temporada-junina-em-sl\/","title":{"rendered":"Arraial das Estrelas \u00e9 um dos eventos mais esperados da temporada junina em SL"},"content":{"rendered":"\n<div class=\"wp-block-image\"><figure class=\"aligncenter size-large is-resized\"><img fetchpriority=\"high\" decoding=\"async\" src=\"https:\/\/www.blogsoestado.com\/evandrojunior\/files\/2023\/05\/WhatsApp-Image-2023-05-31-at-08.57.04.jpeg\" alt=\"\" class=\"wp-image-9192\" width=\"521\" height=\"367\"\/><figcaption><strong>Grupo DDP Diretoria est\u00e1 na programa\u00e7\u00e3o do Arraial das Estrelas<\/strong><\/figcaption><\/figure><\/div>\n\n\n\n<p><strong>S\u00c3O LU\u00cdS <\/strong>\u2013 S\u00e3o Lu\u00eds est\u00e1 na contagem regressiva para um dos eventos mais joviais e descolados da temporada junina na capital maranhense. O Arraial das Estrelas, produ\u00e7\u00e3o caprichada e diferenciada do Armaz\u00e9m, um dos espa\u00e7os mais prestigiados do Centro Hist\u00f3rico de S\u00e3o Lu\u00eds, envolver\u00e1 a juventude que gosta de festejar em uma atmosfera jovial e dan\u00e7ante do in\u00edcio ao t\u00e9rmino. O evento acontece no pr\u00f3ximo dia 10 de junho, \u00e0s 16h, no Blue Tree Hotel (Calhau).<\/p>\n\n\n\n<p>Foram convidados os animados grupos Di Prop\u00f3sito e DDP Diretoria, al\u00e9m do projeto Rooftime, o DJ Blemes, o el\u00e9trico cantor Bruno Shinoda e, claro, expressivos grupos folcl\u00f3ricos maranhenses, como Companhia Barrica e de forr\u00f3 p\u00e9 de serra. A festa promete cerca de dez horas ininterruptas de muita m\u00fasica.<\/p>\n\n\n\n<div class=\"wp-block-image\"><figure class=\"aligncenter size-large is-resized\"><img decoding=\"async\" src=\"https:\/\/www.blogsoestado.com\/evandrojunior\/files\/2023\/05\/WhatsApp-Image-2023-05-31-at-08.45.18-1024x577.jpeg\" alt=\"\" class=\"wp-image-9193\" width=\"496\" height=\"280\"\/><figcaption><strong>Grupo Di Prop\u00f3sito vai agitar a festa no Blue Tree Hotel<\/strong><\/figcaption><\/figure><\/div>\n\n\n\n<p>Di Prop\u00f3sito, dono do sucesso \u201cManda \u00e1udio\u201d, com mais de 130 milh\u00f5es de visualiza\u00e7\u00f5es no Spotify, \u00e9 uma das atra\u00e7\u00f5es mais esperadas. Afinal, o grupo \u00e9 reconhecido por misturar estilos musicais dentro dos g\u00eaneros samba e pagode. Seu \u00faltimo projeto, \u201cEncontrin\u201d, contou com participa\u00e7\u00f5es de artistas renomados e acumula mais de 400 milh\u00f5es de streams nas plataformas digitais.<\/p>\n\n\n\n<p>Al\u00e9m dele, o Arraial das Estrelas contar\u00e1 com a jovialidade do grupo DDP Diretoria, em ascens\u00e3o nas regi\u00f5es Sul e Sudeste e que apresenta uma proposta de m\u00fasica pop baseada no samba e pagode. Com can\u00e7\u00f5es como \u201cArrasta pra cima\u201d, em parceria com Mumuzinho, \u201cAl\u00f4 gatinha\u201d e \u201cL\u00e1 vem voc\u00ea\u201d, \u00e9 uma das atra\u00e7\u00f5es mais festejadas da programa\u00e7\u00e3o do arraial.<\/p>\n\n\n\n<div class=\"wp-block-image\"><figure class=\"aligncenter size-large is-resized\"><img decoding=\"async\" src=\"https:\/\/www.blogsoestado.com\/evandrojunior\/files\/2023\/05\/WhatsApp-Image-2023-05-31-at-08.46.05.jpeg\" alt=\"\" class=\"wp-image-9194\" width=\"505\" height=\"380\"\/><figcaption><strong>Trio do projeto Rooftime, de m\u00fasica eletr\u00f4nica, tamb\u00e9m estar\u00e1 no evento <\/strong><\/figcaption><\/figure><\/div>\n\n\n\n<p><strong>M\u00fasica eletr\u00f4nica na programa\u00e7\u00e3o<\/strong><\/p>\n\n\n\n<p>Rooftime, por sua vez, \u00e9 para quem gosta de m\u00fasica eletr\u00f4nica de qualidade. O projeto ocupa posi\u00e7\u00e3o de destaque entre os dez maiores do segmento. Agenciado pelo renomado Alok, conquistou milh\u00f5es de f\u00e3s com seu hit \u201cI Will Find\u201d, em colabora\u00e7\u00e3o com Vintage Culture.<\/p>\n\n\n\n<p>Com uma paleta sonora inconfund\u00edvel, o trio encanta com melodias suaves e vibes ac\u00fasticas. Com mais de 29 milh\u00f5es de visualiza\u00e7\u00f5es no YouTube e 80 milh\u00f5es de reprodu\u00e7\u00f5es no Spotify, Rooftime j\u00e1 se apresentou em festivais renomados como Lollapalooza e Laroc.<\/p>\n\n\n\n<p>Tem ainda o DJ Blemes e o cantor Bruno Shinoda, duas atra\u00e7\u00f5es locais escolhidas por serem projetos de sucesso na agenda cultural maranhense. Shinoda \u00e9 conhecido pelo seu ecletismo e por ter conquistado o ep\u00edteto de &#8220;Imperador das Bilheterias&#8221; no Maranh\u00e3o. Blemes, por sua vez, \u00e9 um DJ antenado com os sons da modernidade e que apresenta um show em sintonia com os grandes festivais de m\u00fasica eletr\u00f4nica. <\/p>\n\n\n\n<div class=\"wp-block-image\"><figure class=\"aligncenter size-large is-resized\"><img loading=\"lazy\" decoding=\"async\" src=\"https:\/\/www.blogsoestado.com\/evandrojunior\/files\/2023\/05\/WhatsApp-Image-2023-05-31-at-08.47.41-1024x684.jpeg\" alt=\"\" class=\"wp-image-9195\" width=\"530\" height=\"354\"\/><figcaption><strong>DJ Blemes prepara repert\u00f3rio especial para o Arraial das Estrelas<\/strong><\/figcaption><\/figure><\/div>\n\n\n\n<p>O Arraial das Estrelas est\u00e1 extrapolando as fronteiras locais. J\u00e1 se sabe que o p\u00fablico ser\u00e1 diversificado e contar\u00e1 com presen\u00e7a de p\u00fablico provindo de cidades como Teresina (PI), Fortaleza (CE), Bras\u00edlia (DF) e S\u00e3o Paulo (SP).<\/p>\n\n\n\n<p>A estrutura, com cenografia tem\u00e1tica e espa\u00e7os instagram\u00e1veis, incluir\u00e1 uma Villa Food, a ser montada com diversas op\u00e7\u00f5es de comidas t\u00edpicas e lanches, incluindo hamb\u00fargueres, pizzas e doces.<\/p>\n\n\n\n<div class=\"wp-block-image\"><figure class=\"aligncenter size-large is-resized\"><img loading=\"lazy\" decoding=\"async\" src=\"https:\/\/www.blogsoestado.com\/evandrojunior\/files\/2023\/05\/Bruno-Shinoda.jpeg\" alt=\"\" class=\"wp-image-9196\" width=\"389\" height=\"486\"\/><figcaption><strong>Bruno Shinoda, o &#8220;Imperador das Bilheterias&#8221; no Maranh\u00e3o, far\u00e1 show no evento<\/strong><\/figcaption><\/figure><\/div>\n\n\n\n<p><strong>Arraial com solidariedade<\/strong><\/p>\n\n\n\n<p>O evento ser\u00e1 realizado em parceria com o Instituto M\u00e3os do Bem, promovendo a\u00e7\u00f5es para arrecadar alimentos a fam\u00edlias e comunidades da regi\u00e3o metropolitana de S\u00e3o Lu\u00eds. Para participar da causa nobre, basta adquirir o ingresso social, com valor mais acess\u00edvel, e levar 1kg de alimento n\u00e3o perec\u00edvel no dia do evento. A iniciativa visa promover a solidariedade e contribuir para o bem-estar da comunidade.<\/p>\n\n\n\n<p><strong>Ingressos<\/strong><\/p>\n\n\n\n<p>Os ingressos s\u00e3o limitados e podem ser adquiridos no site ou aplicativo da Bilheteria Digital, sem taxa, pelo n\u00famero de WhatsApp 98 9169-2225 e nas lojas Combate Suplementos (Lagoa, Pen\u00ednsula e Shopping da Ilha)<\/p>\n","protected":false},"excerpt":{"rendered":"<p>S\u00c3O LU\u00cdS \u2013 S\u00e3o Lu\u00eds est\u00e1 na contagem regressiva para um dos eventos mais joviais e descolados da temporada junina [&hellip;]<\/p>\n","protected":false},"author":4,"featured_media":0,"comment_status":"open","ping_status":"open","sticky":false,"template":"","format":"standard","meta":{"site-sidebar-layout":"default","site-content-layout":"","ast-site-content-layout":"default","site-content-style":"default","site-sidebar-style":"default","ast-global-header-display":"","ast-banner-title-visibility":"","ast-main-header-display":"","ast-hfb-above-header-display":"","ast-hfb-below-header-display":"","ast-hfb-mobile-header-display":"","site-post-title":"","ast-breadcrumbs-content":"","ast-featured-img":"","footer-sml-layout":"","ast-disable-related-posts":"","theme-transparent-header-meta":"","adv-header-id-meta":"","stick-header-meta":"","header-above-stick-meta":"","header-main-stick-meta":"","header-below-stick-meta":"","astra-migrate-meta-layouts":"default","ast-page-background-enabled":"default","ast-page-background-meta":{"desktop":{"background-color":"var(--ast-global-color-5)","background-image":"","background-repeat":"repeat","background-position":"center center","background-size":"auto","background-attachment":"scroll","background-type":"","background-media":"","overlay-type":"","overlay-color":"","overlay-opacity":"","overlay-gradient":""},"tablet":{"background-color":"","background-image":"","background-repeat":"repeat","background-position":"center center","background-size":"auto","background-attachment":"scroll","background-type":"","background-media":"","overlay-type":"","overlay-color":"","overlay-opacity":"","overlay-gradient":""},"mobile":{"background-color":"","background-image":"","background-repeat":"repeat","background-position":"center center","background-size":"auto","background-attachment":"scroll","background-type":"","background-media":"","overlay-type":"","overlay-color":"","overlay-opacity":"","overlay-gradient":""}},"ast-content-background-meta":{"desktop":{"background-color":"var(--ast-global-color-4)","background-image":"","background-repeat":"repeat","background-position":"center center","background-size":"auto","background-attachment":"scroll","background-type":"","background-media":"","overlay-type":"","overlay-color":"","overlay-opacity":"","overlay-gradient":""},"tablet":{"background-color":"var(--ast-global-color-4)","background-image":"","background-repeat":"repeat","background-position":"center center","background-size":"auto","background-attachment":"scroll","background-type":"","background-media":"","overlay-type":"","overlay-color":"","overlay-opacity":"","overlay-gradient":""},"mobile":{"background-color":"var(--ast-global-color-4)","background-image":"","background-repeat":"repeat","background-position":"center center","background-size":"auto","background-attachment":"scroll","background-type":"","background-media":"","overlay-type":"","overlay-color":"","overlay-opacity":"","overlay-gradient":""}},"footnotes":""},"categories":[1],"tags":[],"class_list":["post-9190","post","type-post","status-publish","format-standard","hentry","category-sem-categoria"],"yoast_head":"<!-- This site is optimized with the Yoast SEO plugin v26.6 - https:\/\/yoast.com\/wordpress\/plugins\/seo\/ -->\n<title>Arraial das Estrelas \u00e9 um dos eventos mais esperados da temporada junina em SL - Evandro Junior<\/title>\n<meta name=\"robots\" content=\"index, follow, max-snippet:-1, max-image-preview:large, max-video-preview:-1\" \/>\n<link rel=\"canonical\" href=\"https:\/\/www.blogsoestado.com\/evandrojunior\/2023\/05\/31\/arraial-das-estrelas-e-um-dos-eventos-mais-esperados-da-temporada-junina-em-sl\/\" \/>\n<meta property=\"og:locale\" content=\"pt_BR\" \/>\n<meta property=\"og:type\" content=\"article\" \/>\n<meta property=\"og:title\" content=\"Arraial das Estrelas \u00e9 um dos eventos mais esperados da temporada junina em SL - Evandro Junior\" \/>\n<meta property=\"og:description\" content=\"S\u00c3O LU\u00cdS \u2013 S\u00e3o Lu\u00eds est\u00e1 na contagem regressiva para um dos eventos mais joviais e descolados da temporada junina [&hellip;]\" \/>\n<meta property=\"og:url\" content=\"https:\/\/www.blogsoestado.com\/evandrojunior\/2023\/05\/31\/arraial-das-estrelas-e-um-dos-eventos-mais-esperados-da-temporada-junina-em-sl\/\" \/>\n<meta property=\"og:site_name\" content=\"Evandro Junior\" \/>\n<meta property=\"article:published_time\" content=\"2023-05-31T12:07:18+00:00\" \/>\n<meta property=\"og:image\" content=\"https:\/\/www.blogsoestado.com\/evandrojunior\/files\/2023\/05\/WhatsApp-Image-2023-05-31-at-08.57.04.jpeg\" \/>\n<meta name=\"author\" content=\"Evandro Junior\" \/>\n<meta name=\"twitter:card\" content=\"summary_large_image\" \/>\n<meta name=\"twitter:label1\" content=\"Escrito por\" \/>\n\t<meta name=\"twitter:data1\" content=\"Evandro Junior\" \/>\n\t<meta name=\"twitter:label2\" content=\"Est. tempo de leitura\" \/>\n\t<meta name=\"twitter:data2\" content=\"4 minutos\" \/>\n<script type=\"application\/ld+json\" class=\"yoast-schema-graph\">{\"@context\":\"https:\/\/schema.org\",\"@graph\":[{\"@type\":\"WebPage\",\"@id\":\"https:\/\/www.blogsoestado.com\/evandrojunior\/2023\/05\/31\/arraial-das-estrelas-e-um-dos-eventos-mais-esperados-da-temporada-junina-em-sl\/\",\"url\":\"https:\/\/www.blogsoestado.com\/evandrojunior\/2023\/05\/31\/arraial-das-estrelas-e-um-dos-eventos-mais-esperados-da-temporada-junina-em-sl\/\",\"name\":\"Arraial das Estrelas \u00e9 um dos eventos mais esperados da temporada junina em SL - Evandro Junior\",\"isPartOf\":{\"@id\":\"https:\/\/www.blogsoestado.com\/evandrojunior\/#website\"},\"primaryImageOfPage\":{\"@id\":\"https:\/\/www.blogsoestado.com\/evandrojunior\/2023\/05\/31\/arraial-das-estrelas-e-um-dos-eventos-mais-esperados-da-temporada-junina-em-sl\/#primaryimage\"},\"image\":{\"@id\":\"https:\/\/www.blogsoestado.com\/evandrojunior\/2023\/05\/31\/arraial-das-estrelas-e-um-dos-eventos-mais-esperados-da-temporada-junina-em-sl\/#primaryimage\"},\"thumbnailUrl\":\"https:\/\/www.blogsoestado.com\/evandrojunior\/files\/2023\/05\/WhatsApp-Image-2023-05-31-at-08.57.04.jpeg\",\"datePublished\":\"2023-05-31T12:07:18+00:00\",\"author\":{\"@id\":\"https:\/\/www.blogsoestado.com\/evandrojunior\/#\/schema\/person\/3e6c3d8dbb740d1c6878ebc935cfb3be\"},\"breadcrumb\":{\"@id\":\"https:\/\/www.blogsoestado.com\/evandrojunior\/2023\/05\/31\/arraial-das-estrelas-e-um-dos-eventos-mais-esperados-da-temporada-junina-em-sl\/#breadcrumb\"},\"inLanguage\":\"pt-BR\",\"potentialAction\":[{\"@type\":\"ReadAction\",\"target\":[\"https:\/\/www.blogsoestado.com\/evandrojunior\/2023\/05\/31\/arraial-das-estrelas-e-um-dos-eventos-mais-esperados-da-temporada-junina-em-sl\/\"]}]},{\"@type\":\"ImageObject\",\"inLanguage\":\"pt-BR\",\"@id\":\"https:\/\/www.blogsoestado.com\/evandrojunior\/2023\/05\/31\/arraial-das-estrelas-e-um-dos-eventos-mais-esperados-da-temporada-junina-em-sl\/#primaryimage\",\"url\":\"https:\/\/www.blogsoestado.com\/evandrojunior\/files\/2023\/05\/WhatsApp-Image-2023-05-31-at-08.57.04.jpeg\",\"contentUrl\":\"https:\/\/www.blogsoestado.com\/evandrojunior\/files\/2023\/05\/WhatsApp-Image-2023-05-31-at-08.57.04.jpeg\"},{\"@type\":\"BreadcrumbList\",\"@id\":\"https:\/\/www.blogsoestado.com\/evandrojunior\/2023\/05\/31\/arraial-das-estrelas-e-um-dos-eventos-mais-esperados-da-temporada-junina-em-sl\/#breadcrumb\",\"itemListElement\":[{\"@type\":\"ListItem\",\"position\":1,\"name\":\"In\u00edcio\",\"item\":\"https:\/\/www.blogsoestado.com\/evandrojunior\/\"},{\"@type\":\"ListItem\",\"position\":2,\"name\":\"Arraial das Estrelas \u00e9 um dos eventos mais esperados da temporada junina em SL\"}]},{\"@type\":\"WebSite\",\"@id\":\"https:\/\/www.blogsoestado.com\/evandrojunior\/#website\",\"url\":\"https:\/\/www.blogsoestado.com\/evandrojunior\/\",\"name\":\"Evandro Junior\",\"description\":\"\",\"potentialAction\":[{\"@type\":\"SearchAction\",\"target\":{\"@type\":\"EntryPoint\",\"urlTemplate\":\"https:\/\/www.blogsoestado.com\/evandrojunior\/?s={search_term_string}\"},\"query-input\":{\"@type\":\"PropertyValueSpecification\",\"valueRequired\":true,\"valueName\":\"search_term_string\"}}],\"inLanguage\":\"pt-BR\"},{\"@type\":\"Person\",\"@id\":\"https:\/\/www.blogsoestado.com\/evandrojunior\/#\/schema\/person\/3e6c3d8dbb740d1c6878ebc935cfb3be\",\"name\":\"Evandro Junior\",\"image\":{\"@type\":\"ImageObject\",\"inLanguage\":\"pt-BR\",\"@id\":\"https:\/\/www.blogsoestado.com\/evandrojunior\/#\/schema\/person\/image\/\",\"url\":\"https:\/\/secure.gravatar.com\/avatar\/f80a03a2294a580cd2318bfb459bf354cfa8be661ef3d95b542cf9a04af8d129?s=96&d=mm&r=g\",\"contentUrl\":\"https:\/\/secure.gravatar.com\/avatar\/f80a03a2294a580cd2318bfb459bf354cfa8be661ef3d95b542cf9a04af8d129?s=96&d=mm&r=g\",\"caption\":\"Evandro Junior\"},\"url\":\"https:\/\/www.blogsoestado.com\/evandrojunior\/author\/evandrojunior\/\"}]}<\/script>\n<!-- \/ Yoast SEO plugin. -->","yoast_head_json":{"title":"Arraial das Estrelas \u00e9 um dos eventos mais esperados da temporada junina em SL - Evandro Junior","robots":{"index":"index","follow":"follow","max-snippet":"max-snippet:-1","max-image-preview":"max-image-preview:large","max-video-preview":"max-video-preview:-1"},"canonical":"https:\/\/www.blogsoestado.com\/evandrojunior\/2023\/05\/31\/arraial-das-estrelas-e-um-dos-eventos-mais-esperados-da-temporada-junina-em-sl\/","og_locale":"pt_BR","og_type":"article","og_title":"Arraial das Estrelas \u00e9 um dos eventos mais esperados da temporada junina em SL - Evandro Junior","og_description":"S\u00c3O LU\u00cdS \u2013 S\u00e3o Lu\u00eds est\u00e1 na contagem regressiva para um dos eventos mais joviais e descolados da temporada junina [&hellip;]","og_url":"https:\/\/www.blogsoestado.com\/evandrojunior\/2023\/05\/31\/arraial-das-estrelas-e-um-dos-eventos-mais-esperados-da-temporada-junina-em-sl\/","og_site_name":"Evandro Junior","article_published_time":"2023-05-31T12:07:18+00:00","og_image":[{"url":"https:\/\/www.blogsoestado.com\/evandrojunior\/files\/2023\/05\/WhatsApp-Image-2023-05-31-at-08.57.04.jpeg","type":"","width":"","height":""}],"author":"Evandro Junior","twitter_card":"summary_large_image","twitter_misc":{"Escrito por":"Evandro Junior","Est. tempo de leitura":"4 minutos"},"schema":{"@context":"https:\/\/schema.org","@graph":[{"@type":"WebPage","@id":"https:\/\/www.blogsoestado.com\/evandrojunior\/2023\/05\/31\/arraial-das-estrelas-e-um-dos-eventos-mais-esperados-da-temporada-junina-em-sl\/","url":"https:\/\/www.blogsoestado.com\/evandrojunior\/2023\/05\/31\/arraial-das-estrelas-e-um-dos-eventos-mais-esperados-da-temporada-junina-em-sl\/","name":"Arraial das Estrelas \u00e9 um dos eventos mais esperados da temporada junina em SL - Evandro Junior","isPartOf":{"@id":"https:\/\/www.blogsoestado.com\/evandrojunior\/#website"},"primaryImageOfPage":{"@id":"https:\/\/www.blogsoestado.com\/evandrojunior\/2023\/05\/31\/arraial-das-estrelas-e-um-dos-eventos-mais-esperados-da-temporada-junina-em-sl\/#primaryimage"},"image":{"@id":"https:\/\/www.blogsoestado.com\/evandrojunior\/2023\/05\/31\/arraial-das-estrelas-e-um-dos-eventos-mais-esperados-da-temporada-junina-em-sl\/#primaryimage"},"thumbnailUrl":"https:\/\/www.blogsoestado.com\/evandrojunior\/files\/2023\/05\/WhatsApp-Image-2023-05-31-at-08.57.04.jpeg","datePublished":"2023-05-31T12:07:18+00:00","author":{"@id":"https:\/\/www.blogsoestado.com\/evandrojunior\/#\/schema\/person\/3e6c3d8dbb740d1c6878ebc935cfb3be"},"breadcrumb":{"@id":"https:\/\/www.blogsoestado.com\/evandrojunior\/2023\/05\/31\/arraial-das-estrelas-e-um-dos-eventos-mais-esperados-da-temporada-junina-em-sl\/#breadcrumb"},"inLanguage":"pt-BR","potentialAction":[{"@type":"ReadAction","target":["https:\/\/www.blogsoestado.com\/evandrojunior\/2023\/05\/31\/arraial-das-estrelas-e-um-dos-eventos-mais-esperados-da-temporada-junina-em-sl\/"]}]},{"@type":"ImageObject","inLanguage":"pt-BR","@id":"https:\/\/www.blogsoestado.com\/evandrojunior\/2023\/05\/31\/arraial-das-estrelas-e-um-dos-eventos-mais-esperados-da-temporada-junina-em-sl\/#primaryimage","url":"https:\/\/www.blogsoestado.com\/evandrojunior\/files\/2023\/05\/WhatsApp-Image-2023-05-31-at-08.57.04.jpeg","contentUrl":"https:\/\/www.blogsoestado.com\/evandrojunior\/files\/2023\/05\/WhatsApp-Image-2023-05-31-at-08.57.04.jpeg"},{"@type":"BreadcrumbList","@id":"https:\/\/www.blogsoestado.com\/evandrojunior\/2023\/05\/31\/arraial-das-estrelas-e-um-dos-eventos-mais-esperados-da-temporada-junina-em-sl\/#breadcrumb","itemListElement":[{"@type":"ListItem","position":1,"name":"In\u00edcio","item":"https:\/\/www.blogsoestado.com\/evandrojunior\/"},{"@type":"ListItem","position":2,"name":"Arraial das Estrelas \u00e9 um dos eventos mais esperados da temporada junina em SL"}]},{"@type":"WebSite","@id":"https:\/\/www.blogsoestado.com\/evandrojunior\/#website","url":"https:\/\/www.blogsoestado.com\/evandrojunior\/","name":"Evandro Junior","description":"","potentialAction":[{"@type":"SearchAction","target":{"@type":"EntryPoint","urlTemplate":"https:\/\/www.blogsoestado.com\/evandrojunior\/?s={search_term_string}"},"query-input":{"@type":"PropertyValueSpecification","valueRequired":true,"valueName":"search_term_string"}}],"inLanguage":"pt-BR"},{"@type":"Person","@id":"https:\/\/www.blogsoestado.com\/evandrojunior\/#\/schema\/person\/3e6c3d8dbb740d1c6878ebc935cfb3be","name":"Evandro Junior","image":{"@type":"ImageObject","inLanguage":"pt-BR","@id":"https:\/\/www.blogsoestado.com\/evandrojunior\/#\/schema\/person\/image\/","url":"https:\/\/secure.gravatar.com\/avatar\/f80a03a2294a580cd2318bfb459bf354cfa8be661ef3d95b542cf9a04af8d129?s=96&d=mm&r=g","contentUrl":"https:\/\/secure.gravatar.com\/avatar\/f80a03a2294a580cd2318bfb459bf354cfa8be661ef3d95b542cf9a04af8d129?s=96&d=mm&r=g","caption":"Evandro Junior"},"url":"https:\/\/www.blogsoestado.com\/evandrojunior\/author\/evandrojunior\/"}]}},"jetpack_featured_media_url":"","_links":{"self":[{"href":"https:\/\/www.blogsoestado.com\/evandrojunior\/wp-json\/wp\/v2\/posts\/9190","targetHints":{"allow":["GET"]}}],"collection":[{"href":"https:\/\/www.blogsoestado.com\/evandrojunior\/wp-json\/wp\/v2\/posts"}],"about":[{"href":"https:\/\/www.blogsoestado.com\/evandrojunior\/wp-json\/wp\/v2\/types\/post"}],"author":[{"embeddable":true,"href":"https:\/\/www.blogsoestado.com\/evandrojunior\/wp-json\/wp\/v2\/users\/4"}],"replies":[{"embeddable":true,"href":"https:\/\/www.blogsoestado.com\/evandrojunior\/wp-json\/wp\/v2\/comments?post=9190"}],"version-history":[{"count":0,"href":"https:\/\/www.blogsoestado.com\/evandrojunior\/wp-json\/wp\/v2\/posts\/9190\/revisions"}],"wp:attachment":[{"href":"https:\/\/www.blogsoestado.com\/evandrojunior\/wp-json\/wp\/v2\/media?parent=9190"}],"wp:term":[{"taxonomy":"category","embeddable":true,"href":"https:\/\/www.blogsoestado.com\/evandrojunior\/wp-json\/wp\/v2\/categories?post=9190"},{"taxonomy":"post_tag","embeddable":true,"href":"https:\/\/www.blogsoestado.com\/evandrojunior\/wp-json\/wp\/v2\/tags?post=9190"}],"curies":[{"name":"wp","href":"https:\/\/api.w.org\/{rel}","templated":true}]}}